{"id":315126,"date":"2023-10-21T06:58:58","date_gmt":"2023-10-21T09:58:58","guid":{"rendered":"https:\/\/www.notibras.com\/site\/?p=315126"},"modified":"2025-07-19T22:28:20","modified_gmt":"2025-07-20T01:28:20","slug":"jornada-sonora-do-violao-de-um-rapaz-de-costeletas","status":"publish","type":"post","link":"https:\/\/www.notibras.com\/site\/jornada-sonora-do-violao-de-um-rapaz-de-costeletas\/","title":{"rendered":"Jornada sonora do viol\u00e3o de um rapaz de costeletas"},"content":{"rendered":"<p>H\u00e1 uma lenda de que, logo ap\u00f3s se apresentar no Grand Ole Opry, de Nashville, no dia 2 de outubro de 1954, um certo rapaz de costeletas tenha sido aconselhado pelo empres\u00e1rio Jim Denny a desistir da carreira e voltar a ser motorista de caminh\u00e3o. Em seguida, ainda de acordo com a narrativa, o cantor, j\u00e1 sozinho no camarim, teria, em um estado de f\u00faria, estra\u00e7alhado o seu viol\u00e3o nas paredes.<\/p>\n<p>Pois \u00e9, os restos mortais daquele instrumento teriam parado no lixo, caso n\u00e3o fosse por um detalhe. O faxineiro, de nome Arthur Johnson, ao contr\u00e1rio de Denny, teria ficado t\u00e3o impressionado com a atua\u00e7\u00e3o do rapazola de costeletas e, por essas situa\u00e7\u00f5es que acontecem somente a cada cem anos, resolveu catar aquelas lascas de madeira e lev\u00e1-las para a sua casa.<\/p>\n<p>O ent\u00e3o jovem Arthur, apaixonado por quebra-cabe\u00e7as, conseguiu, milagrosamente, juntar aqueles cacos. No entanto, ele, que n\u00e3o sabia fazer um d\u00f3, muito menos um l\u00e1 e um mi, resolveu pendurar aquela preciosidade na parede do seu quarto. E ali ficou por um bom tempo.<\/p>\n<p>Arthur, alguns anos ap\u00f3s, conheceu a bela Aretha James. Enamorados que estavam, casaram-se antes que a barriga da mo\u00e7a despontasse. Diante daquela correria, parece que todos acreditaram que Anna Mae havia nascido prematura, apesar dos 50 cent\u00edmetros e quase quatro quilos.<\/p>\n<p>O jovem casal, precisando de mais espa\u00e7o, acabou por retirar v\u00e1rios objetos da casa, que n\u00e3o era das maiores. Tudo foi parar no por\u00e3o, inclusive aquele instrumento de cordas. Os anos seguintes voaram, at\u00e9 que Arthur, j\u00e1 perto de completar 80, cerrou os olhos pela \u00faltima vez.<\/p>\n<p>Aretha at\u00e9 pensou em se desfazer da casa, mas a manteve por alguns ver\u00f5es. Acabou se mudando para a resid\u00eancia de sua filha, que morava ali no mesmo bairro. Quanto \u00e0 sua casa, resolveu transform\u00e1-la em pouso para os viajantes. Dessa forma, conseguiu angariar alguns d\u00f3lares para pagar as contas.<\/p>\n<p>Pois bem, um desses peregrinos que passou por Nashville foi justamente um dos meus grandes amigos, o Marcio Petracco, que estava perambulando pelos Estados Unidos em busca de novos sons. Ao lado de outros m\u00fasicos, o Marcio passou uma noite na tal hospedaria. Como estava com menos grana que os demais, acabou instalado no por\u00e3o.<\/p>\n<p>J\u00e1 que lenda pouca \u00e9 bobagem, aqui vai outra. L\u00e1 estava o meu amigo sonhando o sonho dos forasteiros. Tudo parecia tranquilo, at\u00e9 que ele come\u00e7ou a ouvir uma voz rouca e aveludada, que lhe soprou nos ouvidos: &#8220;Take the guitar! Take the guitar!&#8221;<\/p>\n<p>Assim que amanheceu, o Marcio despertou como se nada tivesse acontecido. No entanto, logo em seguida, ele se recordou daquelas palavras. Ele olhou ao redor e notou um amontoado de coisas num dos cantos do por\u00e3o. Ergueu seu corpo e, para seu espanto, l\u00e1 estava um viol\u00e3o debaixo daquilo tudo. N\u00e3o teve d\u00favida, tratou logo de peg\u00e1-lo e, por impulso, o dedilhou. Ficou maravilhado com aquele som cheio de ecos, provavelmente por conta do ambiente quase hermeticamente fechado em que se encontrava.<\/p>\n<p>Quando j\u00e1 estava de sa\u00edda, o Marcio trocou algumas palavras com a velha Aretha, que pareceu ficar feliz por se livrar daquele viol\u00e3o. Ela at\u00e9 insitiu para que o meu amigo o levasse de gra\u00e7a. No entanto, ele retirou sete d\u00f3lares do bolso e pagou pelo instrumento. Aretha sorriu, como se tivesse ganho na loteria, enquanto o Marcio, apesar de ter entregue todo o dinheiro que possu\u00eda, se sentiu o maior sortudo do mundo. Duro, \u00e9 verdade, mas, mesmo assim, um sortudo!<\/p>\n<p>De volta a Porto Alegre, o meu amigo n\u00e3o desgrudava daquele instrumento. Ele passou a conhecer todo o corpo daquele viol\u00e3o, inclusive percebeu que havia as iniciais EP incrustadas logo abaixo do bra\u00e7o. \u00c9 verdade que ele n\u00e3o se deu conta do significado daquilo por alguns meses, at\u00e9 que, finalmente, o Marcio, no meio de um dos seus shows, soltou um &#8220;Como sou burro! Aquela voz! \u00c9 \u00f3bvio que o viol\u00e3o era dele!&#8221;<\/p>\n<p>Mas n\u00e3o pense voc\u00ea que essa hist\u00f3ria acaba por aqui. Afinal, nem tudo s\u00e3o flores, ainda mais quando o personagem \u00e9 o Marcio Petracco. Eis que, num desses dias em que a tal Lei de Murphy est\u00e1 espreitando \u00e0 espera de qualquer deslize, o meu amigo, inocente, puro e besta, resolveu levar seu viol\u00e3o para uma festa. O problema, diga-se de passagem, n\u00e3o era a festa, muito menos o viol\u00e3o, mas o meu amigo, que, naquele momento, t\u00e3o raro em sua vida, se encontrava pra l\u00e1 de Bagd\u00e1, com o n\u00edvel et\u00edlico capaz de saturar o mais tarimbado dos etil\u00f4metros.<\/p>\n<p>Para ir direto ao ponto, durante a festa, eis que o Marcio resolveu amarrar o viol\u00e3o em uma corda presa a uma \u00e1rvore. Como n\u00e3o havia feito n\u00f3 de marinheiro, n\u00e3o tardou, o instrumento despencou de uma altura de mais de dois metros e, pasmem, se estatelou todo no solo duro. Abriu-se uma cratera enorme no fundilho do viol\u00e3o.<\/p>\n<p>N\u00e3o se pode dizer que o meu amigo tenha ficado triste por isso, j\u00e1 que nem se deu conta do ocorrido. Somente depois de alguns dias \u00e9 que, ao se lembrar de procurar seu viol\u00e3o, \u00e9 que se lembrou de que o havia levado para a tal festa. Foi atr\u00e1s do dito cujo, quando, ent\u00e3o, foi informado por um quase desconhecido, que lhe disse que o viol\u00e3o havia se quebrado todo e algu\u00e9m o teria jogado na lata de lixo.<\/p>\n<p>O Marcio, completamente desolado, sofreu pelos pr\u00f3ximos oito anos. Ele se sentia culpado e, ao mesmo tempo, um completo desmerecedor de possuir tamanha rel\u00edquia. Todavia, como j\u00e1 dito anteriormente, lenda pouca \u00e9 bobagem, eis que, nesses dias, aconteceu algo inesperado.<\/p>\n<p>Pois \u00e9, l\u00e1 estava o folcl\u00f3rico m\u00fasico ga\u00facho em mais uma de suas apresenta\u00e7\u00f5es, quando, ent\u00e3o, precisou se hospedar em um motel de beira de estrada. De t\u00e3o extenuado que estava, tratou logo de se deitar naquela cama fria e desconhecida. N\u00e3o tinha motivos para sonhar, mas sonhou um sonho h\u00e1 muito sonhado. Isso mesmo, aquela voz rouca e aveludada lhe soprou novamente nos ouvidos as seguintes palavras: &#8220;Take the guitar! Take the guitar!&#8221;<\/p>\n<p>Na manh\u00e3 seguinte, o Marcio acordou e, antes que chegasse a se levantar, se lembrou do sonho. Ele olhou ao redor, olhou debaixo da cama, mas nada de viol\u00e3o. Cad\u00ea? Ele se questionou. Tratou logo de arrumar as coisas para pegar a estrada quando, j\u00e1 na recep\u00e7\u00e3o, percebeu algo h\u00e1 muito desaparecido. Acredite ou n\u00e3o, l\u00e1 estava o viol\u00e3o, aquele mesmo viol\u00e3o, todo empoeirado, pendurado em uma parede.<\/p>\n<p>O meu amigo, com os olhos pregados naquele antigo companheiro, perguntou para a atendente quanto devia pela hospedagem. A mo\u00e7a respondeu e, em seguida, ela e o Marcio tiveram o seguinte interl\u00fadio.<\/p>\n<p>&#8211; E quanto devo pelo viol\u00e3o?<\/p>\n<p>&#8211; Que viol\u00e3o?<\/p>\n<p>&#8211; Aquele ali pendurado.<\/p>\n<p>&#8211; Ah, voc\u00ea vai me fazer um grande favor se sumir daqui com ele.<\/p>\n<p>Se isso aconteceu exatamente desse modo, n\u00e3o posso lhe afirmar. No entanto, \u00e9 assim que o meu amigo, o grande Marcio Petracco, me contou ontem aqui no cachorr\u00f3dromo do Tesourinha, na linda Porto Alegre. E, para completar, ele ainda me solta essa.<\/p>\n<p>&#8211; Dudu, fiquei t\u00e3o euf\u00f3rico, que liguei na mesma hora para a minha m\u00e3e e lhe disse: That&#8217;s all right, Mama!<\/p>\n","protected":false},"excerpt":{"rendered":"<p>H\u00e1 uma lenda de que, logo ap\u00f3s se apresentar no Grand Ole Opry, de Nashville, no dia 2 de outubro de 1954, um certo rapaz de costeletas tenha sido aconselhado pelo empres\u00e1rio Jim Denny a desistir da carreira e voltar a ser motorista de caminh\u00e3o. Em seguida, ainda de acordo com a narrativa, o cantor, [&hellip;]<\/p>\n","protected":false},"author":2,"featured_media":315127,"comment_status":"closed","ping_status":"closed","sticky":false,"template":"","format":"standard","meta":{"_acf_changed":false,"footnotes":""},"categories":[161],"tags":[],"class_list":["post-315126","post","type-post","status-publish","format-standard","has-post-thumbnail","hentry","category-quadradinho-em-foco"],"acf":[],"yoast_head":"<!-- This site is optimized with the Yoast SEO plugin v27.2 - https:\/\/yoast.com\/product\/yoast-seo-wordpress\/ -->\n<title>Jornada sonora do viol\u00e3o de um rapaz de costeletas - Notibras<\/title>\n<meta name=\"robots\" content=\"index, follow, max-snippet:-1, max-image-preview:large, max-video-preview:-1\" \/>\n<link rel=\"canonical\" href=\"https:\/\/www.notibras.com\/site\/jornada-sonora-do-violao-de-um-rapaz-de-costeletas\/\" \/>\n<meta property=\"og:locale\" content=\"pt_BR\" \/>\n<meta property=\"og:type\" content=\"article\" \/>\n<meta property=\"og:title\" content=\"Jornada sonora do viol\u00e3o de um rapaz de costeletas - Notibras\" \/>\n<meta property=\"og:description\" content=\"H\u00e1 uma lenda de que, logo ap\u00f3s se apresentar no Grand Ole Opry, de Nashville, no dia 2 de outubro de 1954, um certo rapaz de costeletas tenha sido aconselhado pelo empres\u00e1rio Jim Denny a desistir da carreira e voltar a ser motorista de caminh\u00e3o. Em seguida, ainda de acordo com a narrativa, o cantor, [&hellip;]\" \/>\n<meta property=\"og:url\" content=\"https:\/\/www.notibras.com\/site\/jornada-sonora-do-violao-de-um-rapaz-de-costeletas\/\" \/>\n<meta property=\"og:site_name\" content=\"Notibras\" \/>\n<meta property=\"article:publisher\" content=\"https:\/\/www.facebook.com\/notibras\/\" \/>\n<meta property=\"article:published_time\" content=\"2023-10-21T09:58:58+00:00\" \/>\n<meta property=\"article:modified_time\" content=\"2025-07-20T01:28:20+00:00\" \/>\n<meta property=\"og:image\" content=\"https:\/\/www.notibras.com\/site\/wp-content\/uploads\/2023\/10\/9a800aee-8c58-408d-871d-6302fa882c43.jpeg\" \/>\n\t<meta property=\"og:image:width\" content=\"960\" \/>\n\t<meta property=\"og:image:height\" content=\"540\" \/>\n\t<meta property=\"og:image:type\" content=\"image\/jpeg\" \/>\n<meta name=\"author\" content=\"Reda\u00e7\u00e3o\" \/>\n<meta name=\"twitter:card\" content=\"summary_large_image\" \/>\n<meta name=\"twitter:creator\" content=\"@Notibras\" \/>\n<meta name=\"twitter:site\" content=\"@Notibras\" \/>\n<meta name=\"twitter:label1\" content=\"Escrito por\" \/>\n\t<meta name=\"twitter:data1\" content=\"Reda\u00e7\u00e3o\" \/>\n\t<meta name=\"twitter:label2\" content=\"Est. tempo de leitura\" \/>\n\t<meta name=\"twitter:data2\" content=\"7 minutos\" \/>\n<script type=\"application\/ld+json\" class=\"yoast-schema-graph\">{\"@context\":\"https:\/\/schema.org\",\"@graph\":[{\"@type\":\"Article\",\"@id\":\"https:\/\/www.notibras.com\/site\/jornada-sonora-do-violao-de-um-rapaz-de-costeletas\/#article\",\"isPartOf\":{\"@id\":\"https:\/\/www.notibras.com\/site\/jornada-sonora-do-violao-de-um-rapaz-de-costeletas\/\"},\"author\":{\"name\":\"Reda\u00e7\u00e3o\",\"@id\":\"https:\/\/www.notibras.com\/site\/#\/schema\/person\/36ab0979449956132d3e5b517ea76ac8\"},\"headline\":\"Jornada sonora do viol\u00e3o de um rapaz de costeletas\",\"datePublished\":\"2023-10-21T09:58:58+00:00\",\"dateModified\":\"2025-07-20T01:28:20+00:00\",\"mainEntityOfPage\":{\"@id\":\"https:\/\/www.notibras.com\/site\/jornada-sonora-do-violao-de-um-rapaz-de-costeletas\/\"},\"wordCount\":1273,\"publisher\":{\"@id\":\"https:\/\/www.notibras.com\/site\/#organization\"},\"image\":{\"@id\":\"https:\/\/www.notibras.com\/site\/jornada-sonora-do-violao-de-um-rapaz-de-costeletas\/#primaryimage\"},\"thumbnailUrl\":\"https:\/\/www.notibras.com\/site\/wp-content\/uploads\/2023\/10\/9a800aee-8c58-408d-871d-6302fa882c43.jpeg\",\"articleSection\":[\"Quadradinho em Foco\"],\"inLanguage\":\"pt-BR\"},{\"@type\":\"WebPage\",\"@id\":\"https:\/\/www.notibras.com\/site\/jornada-sonora-do-violao-de-um-rapaz-de-costeletas\/\",\"url\":\"https:\/\/www.notibras.com\/site\/jornada-sonora-do-violao-de-um-rapaz-de-costeletas\/\",\"name\":\"Jornada sonora do viol\u00e3o de um rapaz de costeletas - Notibras\",\"isPartOf\":{\"@id\":\"https:\/\/www.notibras.com\/site\/#website\"},\"primaryImageOfPage\":{\"@id\":\"https:\/\/www.notibras.com\/site\/jornada-sonora-do-violao-de-um-rapaz-de-costeletas\/#primaryimage\"},\"image\":{\"@id\":\"https:\/\/www.notibras.com\/site\/jornada-sonora-do-violao-de-um-rapaz-de-costeletas\/#primaryimage\"},\"thumbnailUrl\":\"https:\/\/www.notibras.com\/site\/wp-content\/uploads\/2023\/10\/9a800aee-8c58-408d-871d-6302fa882c43.jpeg\",\"datePublished\":\"2023-10-21T09:58:58+00:00\",\"dateModified\":\"2025-07-20T01:28:20+00:00\",\"breadcrumb\":{\"@id\":\"https:\/\/www.notibras.com\/site\/jornada-sonora-do-violao-de-um-rapaz-de-costeletas\/#breadcrumb\"},\"inLanguage\":\"pt-BR\",\"potentialAction\":[{\"@type\":\"ReadAction\",\"target\":[\"https:\/\/www.notibras.com\/site\/jornada-sonora-do-violao-de-um-rapaz-de-costeletas\/\"]}]},{\"@type\":\"ImageObject\",\"inLanguage\":\"pt-BR\",\"@id\":\"https:\/\/www.notibras.com\/site\/jornada-sonora-do-violao-de-um-rapaz-de-costeletas\/#primaryimage\",\"url\":\"https:\/\/www.notibras.com\/site\/wp-content\/uploads\/2023\/10\/9a800aee-8c58-408d-871d-6302fa882c43.jpeg\",\"contentUrl\":\"https:\/\/www.notibras.com\/site\/wp-content\/uploads\/2023\/10\/9a800aee-8c58-408d-871d-6302fa882c43.jpeg\",\"width\":960,\"height\":540},{\"@type\":\"BreadcrumbList\",\"@id\":\"https:\/\/www.notibras.com\/site\/jornada-sonora-do-violao-de-um-rapaz-de-costeletas\/#breadcrumb\",\"itemListElement\":[{\"@type\":\"ListItem\",\"position\":1,\"name\":\"In\u00edcio\",\"item\":\"https:\/\/www.notibras.com\/site\/\"},{\"@type\":\"ListItem\",\"position\":2,\"name\":\"Jornada sonora do viol\u00e3o de um rapaz de costeletas\"}]},{\"@type\":\"WebSite\",\"@id\":\"https:\/\/www.notibras.com\/site\/#website\",\"url\":\"https:\/\/www.notibras.com\/site\/\",\"name\":\"Notibras\",\"description\":\"Not\u00edcias de Bras\u00edlia, do Brasil e do Mundo\",\"publisher\":{\"@id\":\"https:\/\/www.notibras.com\/site\/#organization\"},\"potentialAction\":[{\"@type\":\"SearchAction\",\"target\":{\"@type\":\"EntryPoint\",\"urlTemplate\":\"https:\/\/www.notibras.com\/site\/?s={search_term_string}\"},\"query-input\":{\"@type\":\"PropertyValueSpecification\",\"valueRequired\":true,\"valueName\":\"search_term_string\"}}],\"inLanguage\":\"pt-BR\"},{\"@type\":\"Organization\",\"@id\":\"https:\/\/www.notibras.com\/site\/#organization\",\"name\":\"Grupo Notibras de Comunica\u00e7\u00e3o\",\"url\":\"https:\/\/www.notibras.com\/site\/\",\"logo\":{\"@type\":\"ImageObject\",\"inLanguage\":\"pt-BR\",\"@id\":\"https:\/\/www.notibras.com\/site\/#\/schema\/logo\/image\/\",\"url\":\"https:\/\/www.notibras.com\/site\/wp-content\/uploads\/2023\/01\/notibras23.png\",\"contentUrl\":\"https:\/\/www.notibras.com\/site\/wp-content\/uploads\/2023\/01\/notibras23.png\",\"width\":350,\"height\":87,\"caption\":\"Grupo Notibras de Comunica\u00e7\u00e3o\"},\"image\":{\"@id\":\"https:\/\/www.notibras.com\/site\/#\/schema\/logo\/image\/\"},\"sameAs\":[\"https:\/\/www.facebook.com\/notibras\/\",\"https:\/\/x.com\/Notibras\",\"https:\/\/www.instagram.com\/notibras\/\"]},{\"@type\":\"Person\",\"@id\":\"https:\/\/www.notibras.com\/site\/#\/schema\/person\/36ab0979449956132d3e5b517ea76ac8\",\"name\":\"Reda\u00e7\u00e3o\",\"image\":{\"@type\":\"ImageObject\",\"inLanguage\":\"pt-BR\",\"@id\":\"https:\/\/secure.gravatar.com\/avatar\/e0a867bdedb85fd243eadf09663511f96fc81e0720a4a42581f334ad4303aa6b?s=96&d=mm&r=g\",\"url\":\"https:\/\/secure.gravatar.com\/avatar\/e0a867bdedb85fd243eadf09663511f96fc81e0720a4a42581f334ad4303aa6b?s=96&d=mm&r=g\",\"contentUrl\":\"https:\/\/secure.gravatar.com\/avatar\/e0a867bdedb85fd243eadf09663511f96fc81e0720a4a42581f334ad4303aa6b?s=96&d=mm&r=g\",\"caption\":\"Reda\u00e7\u00e3o\"}}]}<\/script>\n<!-- \/ Yoast SEO plugin. -->","yoast_head_json":{"title":"Jornada sonora do viol\u00e3o de um rapaz de costeletas - Notibras","robots":{"index":"index","follow":"follow","max-snippet":"max-snippet:-1","max-image-preview":"max-image-preview:large","max-video-preview":"max-video-preview:-1"},"canonical":"https:\/\/www.notibras.com\/site\/jornada-sonora-do-violao-de-um-rapaz-de-costeletas\/","og_locale":"pt_BR","og_type":"article","og_title":"Jornada sonora do viol\u00e3o de um rapaz de costeletas - Notibras","og_description":"H\u00e1 uma lenda de que, logo ap\u00f3s se apresentar no Grand Ole Opry, de Nashville, no dia 2 de outubro de 1954, um certo rapaz de costeletas tenha sido aconselhado pelo empres\u00e1rio Jim Denny a desistir da carreira e voltar a ser motorista de caminh\u00e3o. Em seguida, ainda de acordo com a narrativa, o cantor, [&hellip;]","og_url":"https:\/\/www.notibras.com\/site\/jornada-sonora-do-violao-de-um-rapaz-de-costeletas\/","og_site_name":"Notibras","article_publisher":"https:\/\/www.facebook.com\/notibras\/","article_published_time":"2023-10-21T09:58:58+00:00","article_modified_time":"2025-07-20T01:28:20+00:00","og_image":[{"width":960,"height":540,"url":"https:\/\/www.notibras.com\/site\/wp-content\/uploads\/2023\/10\/9a800aee-8c58-408d-871d-6302fa882c43.jpeg","type":"image\/jpeg"}],"author":"Reda\u00e7\u00e3o","twitter_card":"summary_large_image","twitter_creator":"@Notibras","twitter_site":"@Notibras","twitter_misc":{"Escrito por":"Reda\u00e7\u00e3o","Est. tempo de leitura":"7 minutos"},"schema":{"@context":"https:\/\/schema.org","@graph":[{"@type":"Article","@id":"https:\/\/www.notibras.com\/site\/jornada-sonora-do-violao-de-um-rapaz-de-costeletas\/#article","isPartOf":{"@id":"https:\/\/www.notibras.com\/site\/jornada-sonora-do-violao-de-um-rapaz-de-costeletas\/"},"author":{"name":"Reda\u00e7\u00e3o","@id":"https:\/\/www.notibras.com\/site\/#\/schema\/person\/36ab0979449956132d3e5b517ea76ac8"},"headline":"Jornada sonora do viol\u00e3o de um rapaz de costeletas","datePublished":"2023-10-21T09:58:58+00:00","dateModified":"2025-07-20T01:28:20+00:00","mainEntityOfPage":{"@id":"https:\/\/www.notibras.com\/site\/jornada-sonora-do-violao-de-um-rapaz-de-costeletas\/"},"wordCount":1273,"publisher":{"@id":"https:\/\/www.notibras.com\/site\/#organization"},"image":{"@id":"https:\/\/www.notibras.com\/site\/jornada-sonora-do-violao-de-um-rapaz-de-costeletas\/#primaryimage"},"thumbnailUrl":"https:\/\/www.notibras.com\/site\/wp-content\/uploads\/2023\/10\/9a800aee-8c58-408d-871d-6302fa882c43.jpeg","articleSection":["Quadradinho em Foco"],"inLanguage":"pt-BR"},{"@type":"WebPage","@id":"https:\/\/www.notibras.com\/site\/jornada-sonora-do-violao-de-um-rapaz-de-costeletas\/","url":"https:\/\/www.notibras.com\/site\/jornada-sonora-do-violao-de-um-rapaz-de-costeletas\/","name":"Jornada sonora do viol\u00e3o de um rapaz de costeletas - Notibras","isPartOf":{"@id":"https:\/\/www.notibras.com\/site\/#website"},"primaryImageOfPage":{"@id":"https:\/\/www.notibras.com\/site\/jornada-sonora-do-violao-de-um-rapaz-de-costeletas\/#primaryimage"},"image":{"@id":"https:\/\/www.notibras.com\/site\/jornada-sonora-do-violao-de-um-rapaz-de-costeletas\/#primaryimage"},"thumbnailUrl":"https:\/\/www.notibras.com\/site\/wp-content\/uploads\/2023\/10\/9a800aee-8c58-408d-871d-6302fa882c43.jpeg","datePublished":"2023-10-21T09:58:58+00:00","dateModified":"2025-07-20T01:28:20+00:00","breadcrumb":{"@id":"https:\/\/www.notibras.com\/site\/jornada-sonora-do-violao-de-um-rapaz-de-costeletas\/#breadcrumb"},"inLanguage":"pt-BR","potentialAction":[{"@type":"ReadAction","target":["https:\/\/www.notibras.com\/site\/jornada-sonora-do-violao-de-um-rapaz-de-costeletas\/"]}]},{"@type":"ImageObject","inLanguage":"pt-BR","@id":"https:\/\/www.notibras.com\/site\/jornada-sonora-do-violao-de-um-rapaz-de-costeletas\/#primaryimage","url":"https:\/\/www.notibras.com\/site\/wp-content\/uploads\/2023\/10\/9a800aee-8c58-408d-871d-6302fa882c43.jpeg","contentUrl":"https:\/\/www.notibras.com\/site\/wp-content\/uploads\/2023\/10\/9a800aee-8c58-408d-871d-6302fa882c43.jpeg","width":960,"height":540},{"@type":"BreadcrumbList","@id":"https:\/\/www.notibras.com\/site\/jornada-sonora-do-violao-de-um-rapaz-de-costeletas\/#breadcrumb","itemListElement":[{"@type":"ListItem","position":1,"name":"In\u00edcio","item":"https:\/\/www.notibras.com\/site\/"},{"@type":"ListItem","position":2,"name":"Jornada sonora do viol\u00e3o de um rapaz de costeletas"}]},{"@type":"WebSite","@id":"https:\/\/www.notibras.com\/site\/#website","url":"https:\/\/www.notibras.com\/site\/","name":"Notibras","description":"Not\u00edcias de Bras\u00edlia, do Brasil e do Mundo","publisher":{"@id":"https:\/\/www.notibras.com\/site\/#organization"},"potentialAction":[{"@type":"SearchAction","target":{"@type":"EntryPoint","urlTemplate":"https:\/\/www.notibras.com\/site\/?s={search_term_string}"},"query-input":{"@type":"PropertyValueSpecification","valueRequired":true,"valueName":"search_term_string"}}],"inLanguage":"pt-BR"},{"@type":"Organization","@id":"https:\/\/www.notibras.com\/site\/#organization","name":"Grupo Notibras de Comunica\u00e7\u00e3o","url":"https:\/\/www.notibras.com\/site\/","logo":{"@type":"ImageObject","inLanguage":"pt-BR","@id":"https:\/\/www.notibras.com\/site\/#\/schema\/logo\/image\/","url":"https:\/\/www.notibras.com\/site\/wp-content\/uploads\/2023\/01\/notibras23.png","contentUrl":"https:\/\/www.notibras.com\/site\/wp-content\/uploads\/2023\/01\/notibras23.png","width":350,"height":87,"caption":"Grupo Notibras de Comunica\u00e7\u00e3o"},"image":{"@id":"https:\/\/www.notibras.com\/site\/#\/schema\/logo\/image\/"},"sameAs":["https:\/\/www.facebook.com\/notibras\/","https:\/\/x.com\/Notibras","https:\/\/www.instagram.com\/notibras\/"]},{"@type":"Person","@id":"https:\/\/www.notibras.com\/site\/#\/schema\/person\/36ab0979449956132d3e5b517ea76ac8","name":"Reda\u00e7\u00e3o","image":{"@type":"ImageObject","inLanguage":"pt-BR","@id":"https:\/\/secure.gravatar.com\/avatar\/e0a867bdedb85fd243eadf09663511f96fc81e0720a4a42581f334ad4303aa6b?s=96&d=mm&r=g","url":"https:\/\/secure.gravatar.com\/avatar\/e0a867bdedb85fd243eadf09663511f96fc81e0720a4a42581f334ad4303aa6b?s=96&d=mm&r=g","contentUrl":"https:\/\/secure.gravatar.com\/avatar\/e0a867bdedb85fd243eadf09663511f96fc81e0720a4a42581f334ad4303aa6b?s=96&d=mm&r=g","caption":"Reda\u00e7\u00e3o"}}]}},"amp_enabled":true,"_links":{"self":[{"href":"https:\/\/www.notibras.com\/site\/wp-json\/wp\/v2\/posts\/315126","targetHints":{"allow":["GET"]}}],"collection":[{"href":"https:\/\/www.notibras.com\/site\/wp-json\/wp\/v2\/posts"}],"about":[{"href":"https:\/\/www.notibras.com\/site\/wp-json\/wp\/v2\/types\/post"}],"author":[{"embeddable":true,"href":"https:\/\/www.notibras.com\/site\/wp-json\/wp\/v2\/users\/2"}],"replies":[{"embeddable":true,"href":"https:\/\/www.notibras.com\/site\/wp-json\/wp\/v2\/comments?post=315126"}],"version-history":[{"count":2,"href":"https:\/\/www.notibras.com\/site\/wp-json\/wp\/v2\/posts\/315126\/revisions"}],"predecessor-version":[{"id":358820,"href":"https:\/\/www.notibras.com\/site\/wp-json\/wp\/v2\/posts\/315126\/revisions\/358820"}],"wp:featuredmedia":[{"embeddable":true,"href":"https:\/\/www.notibras.com\/site\/wp-json\/wp\/v2\/media\/315127"}],"wp:attachment":[{"href":"https:\/\/www.notibras.com\/site\/wp-json\/wp\/v2\/media?parent=315126"}],"wp:term":[{"taxonomy":"category","embeddable":true,"href":"https:\/\/www.notibras.com\/site\/wp-json\/wp\/v2\/categories?post=315126"},{"taxonomy":"post_tag","embeddable":true,"href":"https:\/\/www.notibras.com\/site\/wp-json\/wp\/v2\/tags?post=315126"}],"curies":[{"name":"wp","href":"https:\/\/api.w.org\/{rel}","templated":true}]}}