{"id":315129,"date":"2023-10-21T05:24:41","date_gmt":"2023-10-21T08:24:41","guid":{"rendered":"https:\/\/www.notibras.com\/site\/?p=315129"},"modified":"2023-10-23T21:05:08","modified_gmt":"2023-10-24T00:05:08","slug":"conheca-o-caminho-das-pedras-para-combater-estresse","status":"publish","type":"post","link":"https:\/\/www.notibras.com\/site\/conheca-o-caminho-das-pedras-para-combater-estresse\/","title":{"rendered":"Conhe\u00e7a o caminho das pedras para combater estresse"},"content":{"rendered":"<p>O caminho das pedras que leva ao para\u00edso teatral,. circense, musical e de dan\u00e7a, existe. E fica em \u00c1guas Claras, mais precisamente na Rua 19 Norte, num amplo espa\u00e7o do Duo Mall. Atende pelo nome de Teatro dos Ventos.<\/p>\n<p>E n\u00e3o \u00e9 para menos. Teatro, por exemplo, dizem os dirigentes da institui\u00e7\u00e3o, \u00e9 uma arte ancestral e universal. &#8220;Todas as civiliza\u00e7\u00f5es que conhecemos apresentam a arte teatral de alguma maneira, em suas diferentes formas de express\u00e3o&#8221;. E \u00e9 justamente essa maneira art\u00edstica que se v\u00ea e se ensina no Teatro dos Ventos, com curso livre de inicia\u00e7\u00e3o e forma\u00e7\u00e3o profissional de atores a partir de 16 anos.<\/p>\n<p>Nesse para\u00edso, passando do teatro, entramos no picadeiro do circo. As aulas exploram as diversas possibilidades do corpo e da mente, tornando seus praticantes pessoas mais felizes e saud\u00e1veis. As aulas s\u00e3o din\u00e2micas e divertidas, voltadas para o p\u00fablico infantil, adolescente e adulto. As crian\u00e7as que t\u00eam acesso a essas t\u00e9cnicas crescem com mais foco, concentra\u00e7\u00e3o e coordena\u00e7\u00e3o motora, al\u00e9m de mais criatividade.<\/p>\n<p>Agora \u00e9 a hora da m\u00fasica. Canto, viol\u00e3o e ukulel\u00ea. O curso tem raz\u00e3o de ser. Mesmo porque, cantar pode promover v\u00e1rios efeitos terap\u00eauticos em nossas vidas, como al\u00edvio imediato do estresse, desenvolvimento de coordena\u00e7\u00e3o fonorespirat\u00f3ria, aumento do controle sobre a articula\u00e7\u00e3o da fala, fortalecimento do sistema imunol\u00f3gico, e, ainda, redu\u00e7\u00e3o dos sintomas de depress\u00e3o e ansiedade, al\u00e9m do autocontrole.<\/p>\n<p>Por fim, o melhor &#8211; e de novo para todos os p\u00fablicos. \u00c9 a dan\u00e7a que trabalha ritmo, movimento e expressividade de maneira integral para desenvolver a consci\u00eancia corporal, intelig\u00eancia espacial e musical, al\u00e9m de aumentar o t\u00f4nus muscular e promover o bem-estar. As aulas s\u00e3o de bal\u00e9, jazz dance, dan\u00e7a contempor\u00e2nea, dan\u00e7a urbana, k-pop, ritmos latinos e dan\u00e7a de sal\u00e3o.<\/p>\n<p>Essas s\u00e3o as dicas para quem quer viver bem nesses dias que nos atormentam num simples piscar de olhos. O para\u00edso para corpo e mente em ordem, existe. \u00c9 o Teatro dos Ventos. Como dissemos acima, fica na paradis\u00edaca \u00c1guas Claras.<\/p>\n","protected":false},"excerpt":{"rendered":"<p>O caminho das pedras que leva ao para\u00edso teatral,. circense, musical e de dan\u00e7a, existe. E fica em \u00c1guas Claras, mais precisamente na Rua 19 Norte, num amplo espa\u00e7o do Duo Mall. Atende pelo nome de Teatro dos Ventos. E n\u00e3o \u00e9 para menos. Teatro, por exemplo, dizem os dirigentes da institui\u00e7\u00e3o, \u00e9 uma arte [&hellip;]<\/p>\n","protected":false},"author":2,"featured_media":315130,"comment_status":"closed","ping_status":"closed","sticky":false,"template":"","format":"standard","meta":{"_acf_changed":false,"footnotes":""},"categories":[161],"tags":[],"class_list":["post-315129","post","type-post","status-publish","format-standard","has-post-thumbnail","hentry","category-quadradinho-em-foco"],"acf":[],"yoast_head":"<!-- This site is optimized with the Yoast SEO plugin v27.2 - https:\/\/yoast.com\/product\/yoast-seo-wordpress\/ -->\n<title>Conhe\u00e7a o caminho das pedras para combater estresse - Notibras<\/title>\n<meta name=\"robots\" content=\"index, follow, max-snippet:-1, max-image-preview:large, max-video-preview:-1\" \/>\n<link rel=\"canonical\" href=\"https:\/\/www.notibras.com\/site\/conheca-o-caminho-das-pedras-para-combater-estresse\/\" \/>\n<meta property=\"og:locale\" content=\"pt_BR\" \/>\n<meta property=\"og:type\" content=\"article\" \/>\n<meta property=\"og:title\" content=\"Conhe\u00e7a o caminho das pedras para combater estresse - Notibras\" \/>\n<meta property=\"og:description\" content=\"O caminho das pedras que leva ao para\u00edso teatral,. circense, musical e de dan\u00e7a, existe. E fica em \u00c1guas Claras, mais precisamente na Rua 19 Norte, num amplo espa\u00e7o do Duo Mall. Atende pelo nome de Teatro dos Ventos. E n\u00e3o \u00e9 para menos. Teatro, por exemplo, dizem os dirigentes da institui\u00e7\u00e3o, \u00e9 uma arte [&hellip;]\" \/>\n<meta property=\"og:url\" content=\"https:\/\/www.notibras.com\/site\/conheca-o-caminho-das-pedras-para-combater-estresse\/\" \/>\n<meta property=\"og:site_name\" content=\"Notibras\" \/>\n<meta property=\"article:publisher\" content=\"https:\/\/www.facebook.com\/notibras\/\" \/>\n<meta property=\"article:published_time\" content=\"2023-10-21T08:24:41+00:00\" \/>\n<meta property=\"article:modified_time\" content=\"2023-10-24T00:05:08+00:00\" \/>\n<meta property=\"og:image\" content=\"https:\/\/www.notibras.com\/site\/wp-content\/uploads\/2023\/10\/aff42d2f-74eb-4da2-996b-fc77683b2930.jpeg\" \/>\n\t<meta property=\"og:image:width\" content=\"1600\" \/>\n\t<meta property=\"og:image:height\" content=\"1066\" \/>\n\t<meta property=\"og:image:type\" content=\"image\/jpeg\" \/>\n<meta name=\"author\" content=\"Reda\u00e7\u00e3o\" \/>\n<meta name=\"twitter:card\" content=\"summary_large_image\" \/>\n<meta name=\"twitter:creator\" content=\"@Notibras\" \/>\n<meta name=\"twitter:site\" content=\"@Notibras\" \/>\n<meta name=\"twitter:label1\" content=\"Escrito por\" \/>\n\t<meta name=\"twitter:data1\" content=\"Reda\u00e7\u00e3o\" \/>\n\t<meta name=\"twitter:label2\" content=\"Est. tempo de leitura\" \/>\n\t<meta name=\"twitter:data2\" content=\"2 minutos\" \/>\n<script type=\"application\/ld+json\" class=\"yoast-schema-graph\">{\"@context\":\"https:\/\/schema.org\",\"@graph\":[{\"@type\":\"Article\",\"@id\":\"https:\/\/www.notibras.com\/site\/conheca-o-caminho-das-pedras-para-combater-estresse\/#article\",\"isPartOf\":{\"@id\":\"https:\/\/www.notibras.com\/site\/conheca-o-caminho-das-pedras-para-combater-estresse\/\"},\"author\":{\"name\":\"Reda\u00e7\u00e3o\",\"@id\":\"https:\/\/www.notibras.com\/site\/#\/schema\/person\/36ab0979449956132d3e5b517ea76ac8\"},\"headline\":\"Conhe\u00e7a o caminho das pedras para combater estresse\",\"datePublished\":\"2023-10-21T08:24:41+00:00\",\"dateModified\":\"2023-10-24T00:05:08+00:00\",\"mainEntityOfPage\":{\"@id\":\"https:\/\/www.notibras.com\/site\/conheca-o-caminho-das-pedras-para-combater-estresse\/\"},\"wordCount\":382,\"publisher\":{\"@id\":\"https:\/\/www.notibras.com\/site\/#organization\"},\"image\":{\"@id\":\"https:\/\/www.notibras.com\/site\/conheca-o-caminho-das-pedras-para-combater-estresse\/#primaryimage\"},\"thumbnailUrl\":\"https:\/\/www.notibras.com\/site\/wp-content\/uploads\/2023\/10\/aff42d2f-74eb-4da2-996b-fc77683b2930.jpeg\",\"articleSection\":[\"Quadradinho em Foco\"],\"inLanguage\":\"pt-BR\"},{\"@type\":\"WebPage\",\"@id\":\"https:\/\/www.notibras.com\/site\/conheca-o-caminho-das-pedras-para-combater-estresse\/\",\"url\":\"https:\/\/www.notibras.com\/site\/conheca-o-caminho-das-pedras-para-combater-estresse\/\",\"name\":\"Conhe\u00e7a o caminho das pedras para combater estresse - Notibras\",\"isPartOf\":{\"@id\":\"https:\/\/www.notibras.com\/site\/#website\"},\"primaryImageOfPage\":{\"@id\":\"https:\/\/www.notibras.com\/site\/conheca-o-caminho-das-pedras-para-combater-estresse\/#primaryimage\"},\"image\":{\"@id\":\"https:\/\/www.notibras.com\/site\/conheca-o-caminho-das-pedras-para-combater-estresse\/#primaryimage\"},\"thumbnailUrl\":\"https:\/\/www.notibras.com\/site\/wp-content\/uploads\/2023\/10\/aff42d2f-74eb-4da2-996b-fc77683b2930.jpeg\",\"datePublished\":\"2023-10-21T08:24:41+00:00\",\"dateModified\":\"2023-10-24T00:05:08+00:00\",\"breadcrumb\":{\"@id\":\"https:\/\/www.notibras.com\/site\/conheca-o-caminho-das-pedras-para-combater-estresse\/#breadcrumb\"},\"inLanguage\":\"pt-BR\",\"potentialAction\":[{\"@type\":\"ReadAction\",\"target\":[\"https:\/\/www.notibras.com\/site\/conheca-o-caminho-das-pedras-para-combater-estresse\/\"]}]},{\"@type\":\"ImageObject\",\"inLanguage\":\"pt-BR\",\"@id\":\"https:\/\/www.notibras.com\/site\/conheca-o-caminho-das-pedras-para-combater-estresse\/#primaryimage\",\"url\":\"https:\/\/www.notibras.com\/site\/wp-content\/uploads\/2023\/10\/aff42d2f-74eb-4da2-996b-fc77683b2930.jpeg\",\"contentUrl\":\"https:\/\/www.notibras.com\/site\/wp-content\/uploads\/2023\/10\/aff42d2f-74eb-4da2-996b-fc77683b2930.jpeg\",\"width\":1600,\"height\":1066},{\"@type\":\"BreadcrumbList\",\"@id\":\"https:\/\/www.notibras.com\/site\/conheca-o-caminho-das-pedras-para-combater-estresse\/#breadcrumb\",\"itemListElement\":[{\"@type\":\"ListItem\",\"position\":1,\"name\":\"In\u00edcio\",\"item\":\"https:\/\/www.notibras.com\/site\/\"},{\"@type\":\"ListItem\",\"position\":2,\"name\":\"Conhe\u00e7a o caminho das pedras para combater estresse\"}]},{\"@type\":\"WebSite\",\"@id\":\"https:\/\/www.notibras.com\/site\/#website\",\"url\":\"https:\/\/www.notibras.com\/site\/\",\"name\":\"Notibras\",\"description\":\"Not\u00edcias de Bras\u00edlia, do Brasil e do Mundo\",\"publisher\":{\"@id\":\"https:\/\/www.notibras.com\/site\/#organization\"},\"potentialAction\":[{\"@type\":\"SearchAction\",\"target\":{\"@type\":\"EntryPoint\",\"urlTemplate\":\"https:\/\/www.notibras.com\/site\/?s={search_term_string}\"},\"query-input\":{\"@type\":\"PropertyValueSpecification\",\"valueRequired\":true,\"valueName\":\"search_term_string\"}}],\"inLanguage\":\"pt-BR\"},{\"@type\":\"Organization\",\"@id\":\"https:\/\/www.notibras.com\/site\/#organization\",\"name\":\"Grupo Notibras de Comunica\u00e7\u00e3o\",\"url\":\"https:\/\/www.notibras.com\/site\/\",\"logo\":{\"@type\":\"ImageObject\",\"inLanguage\":\"pt-BR\",\"@id\":\"https:\/\/www.notibras.com\/site\/#\/schema\/logo\/image\/\",\"url\":\"https:\/\/www.notibras.com\/site\/wp-content\/uploads\/2023\/01\/notibras23.png\",\"contentUrl\":\"https:\/\/www.notibras.com\/site\/wp-content\/uploads\/2023\/01\/notibras23.png\",\"width\":350,\"height\":87,\"caption\":\"Grupo Notibras de Comunica\u00e7\u00e3o\"},\"image\":{\"@id\":\"https:\/\/www.notibras.com\/site\/#\/schema\/logo\/image\/\"},\"sameAs\":[\"https:\/\/www.facebook.com\/notibras\/\",\"https:\/\/x.com\/Notibras\",\"https:\/\/www.instagram.com\/notibras\/\"]},{\"@type\":\"Person\",\"@id\":\"https:\/\/www.notibras.com\/site\/#\/schema\/person\/36ab0979449956132d3e5b517ea76ac8\",\"name\":\"Reda\u00e7\u00e3o\",\"image\":{\"@type\":\"ImageObject\",\"inLanguage\":\"pt-BR\",\"@id\":\"https:\/\/secure.gravatar.com\/avatar\/e0a867bdedb85fd243eadf09663511f96fc81e0720a4a42581f334ad4303aa6b?s=96&d=mm&r=g\",\"url\":\"https:\/\/secure.gravatar.com\/avatar\/e0a867bdedb85fd243eadf09663511f96fc81e0720a4a42581f334ad4303aa6b?s=96&d=mm&r=g\",\"contentUrl\":\"https:\/\/secure.gravatar.com\/avatar\/e0a867bdedb85fd243eadf09663511f96fc81e0720a4a42581f334ad4303aa6b?s=96&d=mm&r=g\",\"caption\":\"Reda\u00e7\u00e3o\"}}]}<\/script>\n<!-- \/ Yoast SEO plugin. -->","yoast_head_json":{"title":"Conhe\u00e7a o caminho das pedras para combater estresse - Notibras","robots":{"index":"index","follow":"follow","max-snippet":"max-snippet:-1","max-image-preview":"max-image-preview:large","max-video-preview":"max-video-preview:-1"},"canonical":"https:\/\/www.notibras.com\/site\/conheca-o-caminho-das-pedras-para-combater-estresse\/","og_locale":"pt_BR","og_type":"article","og_title":"Conhe\u00e7a o caminho das pedras para combater estresse - Notibras","og_description":"O caminho das pedras que leva ao para\u00edso teatral,. circense, musical e de dan\u00e7a, existe. E fica em \u00c1guas Claras, mais precisamente na Rua 19 Norte, num amplo espa\u00e7o do Duo Mall. Atende pelo nome de Teatro dos Ventos. E n\u00e3o \u00e9 para menos. Teatro, por exemplo, dizem os dirigentes da institui\u00e7\u00e3o, \u00e9 uma arte [&hellip;]","og_url":"https:\/\/www.notibras.com\/site\/conheca-o-caminho-das-pedras-para-combater-estresse\/","og_site_name":"Notibras","article_publisher":"https:\/\/www.facebook.com\/notibras\/","article_published_time":"2023-10-21T08:24:41+00:00","article_modified_time":"2023-10-24T00:05:08+00:00","og_image":[{"width":1600,"height":1066,"url":"https:\/\/www.notibras.com\/site\/wp-content\/uploads\/2023\/10\/aff42d2f-74eb-4da2-996b-fc77683b2930.jpeg","type":"image\/jpeg"}],"author":"Reda\u00e7\u00e3o","twitter_card":"summary_large_image","twitter_creator":"@Notibras","twitter_site":"@Notibras","twitter_misc":{"Escrito por":"Reda\u00e7\u00e3o","Est. tempo de leitura":"2 minutos"},"schema":{"@context":"https:\/\/schema.org","@graph":[{"@type":"Article","@id":"https:\/\/www.notibras.com\/site\/conheca-o-caminho-das-pedras-para-combater-estresse\/#article","isPartOf":{"@id":"https:\/\/www.notibras.com\/site\/conheca-o-caminho-das-pedras-para-combater-estresse\/"},"author":{"name":"Reda\u00e7\u00e3o","@id":"https:\/\/www.notibras.com\/site\/#\/schema\/person\/36ab0979449956132d3e5b517ea76ac8"},"headline":"Conhe\u00e7a o caminho das pedras para combater estresse","datePublished":"2023-10-21T08:24:41+00:00","dateModified":"2023-10-24T00:05:08+00:00","mainEntityOfPage":{"@id":"https:\/\/www.notibras.com\/site\/conheca-o-caminho-das-pedras-para-combater-estresse\/"},"wordCount":382,"publisher":{"@id":"https:\/\/www.notibras.com\/site\/#organization"},"image":{"@id":"https:\/\/www.notibras.com\/site\/conheca-o-caminho-das-pedras-para-combater-estresse\/#primaryimage"},"thumbnailUrl":"https:\/\/www.notibras.com\/site\/wp-content\/uploads\/2023\/10\/aff42d2f-74eb-4da2-996b-fc77683b2930.jpeg","articleSection":["Quadradinho em Foco"],"inLanguage":"pt-BR"},{"@type":"WebPage","@id":"https:\/\/www.notibras.com\/site\/conheca-o-caminho-das-pedras-para-combater-estresse\/","url":"https:\/\/www.notibras.com\/site\/conheca-o-caminho-das-pedras-para-combater-estresse\/","name":"Conhe\u00e7a o caminho das pedras para combater estresse - Notibras","isPartOf":{"@id":"https:\/\/www.notibras.com\/site\/#website"},"primaryImageOfPage":{"@id":"https:\/\/www.notibras.com\/site\/conheca-o-caminho-das-pedras-para-combater-estresse\/#primaryimage"},"image":{"@id":"https:\/\/www.notibras.com\/site\/conheca-o-caminho-das-pedras-para-combater-estresse\/#primaryimage"},"thumbnailUrl":"https:\/\/www.notibras.com\/site\/wp-content\/uploads\/2023\/10\/aff42d2f-74eb-4da2-996b-fc77683b2930.jpeg","datePublished":"2023-10-21T08:24:41+00:00","dateModified":"2023-10-24T00:05:08+00:00","breadcrumb":{"@id":"https:\/\/www.notibras.com\/site\/conheca-o-caminho-das-pedras-para-combater-estresse\/#breadcrumb"},"inLanguage":"pt-BR","potentialAction":[{"@type":"ReadAction","target":["https:\/\/www.notibras.com\/site\/conheca-o-caminho-das-pedras-para-combater-estresse\/"]}]},{"@type":"ImageObject","inLanguage":"pt-BR","@id":"https:\/\/www.notibras.com\/site\/conheca-o-caminho-das-pedras-para-combater-estresse\/#primaryimage","url":"https:\/\/www.notibras.com\/site\/wp-content\/uploads\/2023\/10\/aff42d2f-74eb-4da2-996b-fc77683b2930.jpeg","contentUrl":"https:\/\/www.notibras.com\/site\/wp-content\/uploads\/2023\/10\/aff42d2f-74eb-4da2-996b-fc77683b2930.jpeg","width":1600,"height":1066},{"@type":"BreadcrumbList","@id":"https:\/\/www.notibras.com\/site\/conheca-o-caminho-das-pedras-para-combater-estresse\/#breadcrumb","itemListElement":[{"@type":"ListItem","position":1,"name":"In\u00edcio","item":"https:\/\/www.notibras.com\/site\/"},{"@type":"ListItem","position":2,"name":"Conhe\u00e7a o caminho das pedras para combater estresse"}]},{"@type":"WebSite","@id":"https:\/\/www.notibras.com\/site\/#website","url":"https:\/\/www.notibras.com\/site\/","name":"Notibras","description":"Not\u00edcias de Bras\u00edlia, do Brasil e do Mundo","publisher":{"@id":"https:\/\/www.notibras.com\/site\/#organization"},"potentialAction":[{"@type":"SearchAction","target":{"@type":"EntryPoint","urlTemplate":"https:\/\/www.notibras.com\/site\/?s={search_term_string}"},"query-input":{"@type":"PropertyValueSpecification","valueRequired":true,"valueName":"search_term_string"}}],"inLanguage":"pt-BR"},{"@type":"Organization","@id":"https:\/\/www.notibras.com\/site\/#organization","name":"Grupo Notibras de Comunica\u00e7\u00e3o","url":"https:\/\/www.notibras.com\/site\/","logo":{"@type":"ImageObject","inLanguage":"pt-BR","@id":"https:\/\/www.notibras.com\/site\/#\/schema\/logo\/image\/","url":"https:\/\/www.notibras.com\/site\/wp-content\/uploads\/2023\/01\/notibras23.png","contentUrl":"https:\/\/www.notibras.com\/site\/wp-content\/uploads\/2023\/01\/notibras23.png","width":350,"height":87,"caption":"Grupo Notibras de Comunica\u00e7\u00e3o"},"image":{"@id":"https:\/\/www.notibras.com\/site\/#\/schema\/logo\/image\/"},"sameAs":["https:\/\/www.facebook.com\/notibras\/","https:\/\/x.com\/Notibras","https:\/\/www.instagram.com\/notibras\/"]},{"@type":"Person","@id":"https:\/\/www.notibras.com\/site\/#\/schema\/person\/36ab0979449956132d3e5b517ea76ac8","name":"Reda\u00e7\u00e3o","image":{"@type":"ImageObject","inLanguage":"pt-BR","@id":"https:\/\/secure.gravatar.com\/avatar\/e0a867bdedb85fd243eadf09663511f96fc81e0720a4a42581f334ad4303aa6b?s=96&d=mm&r=g","url":"https:\/\/secure.gravatar.com\/avatar\/e0a867bdedb85fd243eadf09663511f96fc81e0720a4a42581f334ad4303aa6b?s=96&d=mm&r=g","contentUrl":"https:\/\/secure.gravatar.com\/avatar\/e0a867bdedb85fd243eadf09663511f96fc81e0720a4a42581f334ad4303aa6b?s=96&d=mm&r=g","caption":"Reda\u00e7\u00e3o"}}]}},"amp_enabled":true,"_links":{"self":[{"href":"https:\/\/www.notibras.com\/site\/wp-json\/wp\/v2\/posts\/315129","targetHints":{"allow":["GET"]}}],"collection":[{"href":"https:\/\/www.notibras.com\/site\/wp-json\/wp\/v2\/posts"}],"about":[{"href":"https:\/\/www.notibras.com\/site\/wp-json\/wp\/v2\/types\/post"}],"author":[{"embeddable":true,"href":"https:\/\/www.notibras.com\/site\/wp-json\/wp\/v2\/users\/2"}],"replies":[{"embeddable":true,"href":"https:\/\/www.notibras.com\/site\/wp-json\/wp\/v2\/comments?post=315129"}],"version-history":[{"count":2,"href":"https:\/\/www.notibras.com\/site\/wp-json\/wp\/v2\/posts\/315129\/revisions"}],"predecessor-version":[{"id":315297,"href":"https:\/\/www.notibras.com\/site\/wp-json\/wp\/v2\/posts\/315129\/revisions\/315297"}],"wp:featuredmedia":[{"embeddable":true,"href":"https:\/\/www.notibras.com\/site\/wp-json\/wp\/v2\/media\/315130"}],"wp:attachment":[{"href":"https:\/\/www.notibras.com\/site\/wp-json\/wp\/v2\/media?parent=315129"}],"wp:term":[{"taxonomy":"category","embeddable":true,"href":"https:\/\/www.notibras.com\/site\/wp-json\/wp\/v2\/categories?post=315129"},{"taxonomy":"post_tag","embeddable":true,"href":"https:\/\/www.notibras.com\/site\/wp-json\/wp\/v2\/tags?post=315129"}],"curies":[{"name":"wp","href":"https:\/\/api.w.org\/{rel}","templated":true}]}}