{"id":315135,"date":"2023-10-21T00:57:25","date_gmt":"2023-10-21T03:57:25","guid":{"rendered":"https:\/\/www.notibras.com\/site\/?p=315135"},"modified":"2023-10-21T07:59:32","modified_gmt":"2023-10-21T10:59:32","slug":"produtoras-rurais-integram-plano-de-aquisicao-de-alimentos","status":"publish","type":"post","link":"https:\/\/www.notibras.com\/site\/produtoras-rurais-integram-plano-de-aquisicao-de-alimentos\/","title":{"rendered":"Produtoras rurais integram Plano de Aquisi\u00e7\u00e3o de Alimentos"},"content":{"rendered":"<p>Produtoras rurais de S\u00e3o Sebasti\u00e3o est\u00e3o caminhando para a autonomia financeira ap\u00f3s conseguirem acessar, de forma individual, o Programa de Aquisi\u00e7\u00e3o de Alimentos (PAA).<\/p>\n<p>Josiane Costa Sobrinho, Maria Aldenice da Silva Ara\u00fajo, Mariazinha Porto dos Santos, Cleudiane Porto dos Santos, Maria Gorete dos Santos, Madalena Antonio Fonseca, Anarlete de Miranda Gouveia e Maria Vanuza Lemos dos Santos s\u00e3o atendidas pelos extensionistas rurais do escrit\u00f3rio local da Emater-DF, que reconheceram nelas a capacidade agr\u00edcola para fazer entregas regularmente ao programa.<\/p>\n<p>Esse aux\u00edlio vai al\u00e9m do cadastro no PAA, orienta\u00e7\u00e3o sobre cultivo, os produtos a serem entregues e a qualidade deles. Para al\u00e9m disso, as oito mulheres de S\u00e3o Sebasti\u00e3o foram orientadas a acreditar nelas mesmas, a confiar em sua capacidade de trabalho, na possibilidade de viver da terra e fazer projetos de uma vida melhor.<\/p>\n<p>Josiane, Maria Aldenice, Mariazinha, Cleudiane, Maria Gorete e Maria Vanuza s\u00e3o moradoras do Assentamento 15 de Agosto. Madalena e Anarlete moram no Assentamento Nova Camapu\u00e3. Todas elas come\u00e7aram a trabalhar com entregas no PAA Termo de Ades\u00e3o, modalidade individual, em setembro, e j\u00e1 est\u00e3o recebendo valores referentes \u00e0s primeiras notas emitidas, que totalizar\u00e3o R$ 12 mil at\u00e9 o final do contrato.<\/p>\n<p>Maria Aldenice \u00e9 casada e tem cinco filhos, dois dos quais moram sozinhos. Com ajuda do marido, ela cultiva hortali\u00e7as e frut\u00edferas, como abacaxi, banana e maracuj\u00e1, al\u00e9m de ab\u00f3bora e mandioca. At\u00e9 entrar no PAA, a fam\u00edlia vendia a produ\u00e7\u00e3o na feira local e para clientes fixos. No entanto, sobrava muita coisa, que acabava se perdendo.<\/p>\n<p>\u201cFoi a minha primeira entrega, fiquei muito feliz. Eu perdia muito produto, agora a gente vende tudinho, e o pre\u00e7o \u00e9 maravilhoso. Meu projeto \u00e9 investir esse dinheiro para fazer minha irriga\u00e7\u00e3o, que n\u00e3o tenho, e aumentar minha produ\u00e7\u00e3o\u201d, disse emocionada.<\/p>\n<p>Aos 60 anos, Madalena deu uma guinada na vida familiar ao aceitar o desafio de acessar o PAA. Antes, plantava apenas para consumo familiar, mas, com o apoio e trabalho da Emater-DF, passou a entregar alface, couve, cenoura, br\u00f3colis, lim\u00e3o e abacate para o PAA.<\/p>\n<p>\u201cAs entregas mudaram muito a minha vida e a da minha fam\u00edlia. Ainda n\u00e3o sou aposentada, ent\u00e3o esse dinheiro est\u00e1 ajudando a pagar as contas, j\u00e1 que at\u00e9 ent\u00e3o s\u00f3 tinha a aposentadoria do meu esposo. J\u00e1 recebi R$ 1 mil em duas entregas, e agora vou guardar para investir na produ\u00e7\u00e3o\u201d, contou Madalena.<\/p>\n<p>A extensionista rural do escrit\u00f3rio de S\u00e3o Sebasti\u00e3o, Roseli Oliveira, explica que o PAA oferece ao agricultor familiar uma oportunidade de ganho imediato, por isso a Emater-DF trabalha auxiliando no cadastro, habilita\u00e7\u00e3o e produ\u00e7\u00e3o, explicando o funcionamento do programa e emiss\u00e3o da nota fiscal.<\/p>\n<p>\u201cA gente enxerga uma oportunidade de elas viverem da terra que elas acessaram, de poder cuidar da fam\u00edlia e da quest\u00e3o alimentar. Sempre falo que \u00e9 importante que elas cuidem primeiro delas e dos seus; e, com isso, v\u00e3o crescendo aos poucos e acessando outras pol\u00edticas. \u00c9 importante fortalecer o interior delas mesmas e de agarrarem essa oportunidade, que muitas vezes elas n\u00e3o percebem, n\u00e3o entendem como funciona, n\u00e3o acreditam muito. A\u00ed a gente incentiva nesse aspecto\u201d, disse Roseli.<\/p>\n<p>Ainda gr\u00e1vida, Mariazinha foi tocada pelo incentivo de Roseli e decidiu trocar o servi\u00e7o de diarista pela lida na terra. N\u00e3o foi f\u00e1cil vencer o des\u00e2nimo e a descren\u00e7a, apesar de ter que deixar os filhos com cuidadoras, pagar transporte e trabalhar duro. No entanto, foi a persist\u00eancia da extensionista que encheu a produtora de entusiasmo.<\/p>\n<p>Roseli literalmente pegou na enxada e ajudou a produtora a formar os canteiros, plantar, adubar e irrigar. Hoje, a filha ca\u00e7ula, Ma\u00edsa, tem nove meses, e a produ\u00e7\u00e3o segue farta: tem cenoura, alface, br\u00f3colis, cebolinha, salsa e vagem. No intervalo da amamenta\u00e7\u00e3o e troca de fraldas, Mariazinha corre at\u00e9 a horta, aduba, irriga e colhe a produ\u00e7\u00e3o org\u00e2nica, que entrega no PAA e coloca na mesa da fam\u00edlia.<\/p>\n<p>\u201cCom o incentivo da Emater-DF, decidi que n\u00e3o ia mais trabalhar para os outros, mas ia trabalhar para a fam\u00edlia. Hoje ensino para os meus filhos o que aprendi com meus pais agricultores: que a gente pode viver da terra. Meu sonho \u00e9 ver toda a fam\u00edlia trabalhando e cuidando do que \u00e9 nosso\u201d, declarou Mariazinha.<\/p>\n<p>O escrit\u00f3rio local da Emater-DF em S\u00e3o Sebasti\u00e3o se empenha para incluir as mulheres agricultoras no PAA por representar n\u00e3o s\u00f3 a inclus\u00e3o socioecon\u00f4mica delas, que gera autonomia, melhora da autoestima e da qualidade de vida familiar, al\u00e9m da seguran\u00e7a alimentar.<\/p>\n<p>\u201cS\u00e3o Sebasti\u00e3o est\u00e1 se consolidando como um polo regional de produ\u00e7\u00e3o org\u00e2nica. Essas mulheres produzem alimentos saud\u00e1veis e com uma variedade incr\u00edvel, e auxiliamos tanto na escolha dos produtos como no plantio. Assim elas entregam e consomem alimentos saud\u00e1veis, aumentando a possibilidade de consumo\u201d, finalizou Roseli Oliveira.<\/p>\n","protected":false},"excerpt":{"rendered":"<p>Produtoras rurais de S\u00e3o Sebasti\u00e3o est\u00e3o caminhando para a autonomia financeira ap\u00f3s conseguirem acessar, de forma individual, o Programa de Aquisi\u00e7\u00e3o de Alimentos (PAA). Josiane Costa Sobrinho, Maria Aldenice da Silva Ara\u00fajo, Mariazinha Porto dos Santos, Cleudiane Porto dos Santos, Maria Gorete dos Santos, Madalena Antonio Fonseca, Anarlete de Miranda Gouveia e Maria Vanuza Lemos [&hellip;]<\/p>\n","protected":false},"author":2,"featured_media":315136,"comment_status":"closed","ping_status":"closed","sticky":false,"template":"","format":"standard","meta":{"_acf_changed":false,"footnotes":""},"categories":[161],"tags":[],"class_list":["post-315135","post","type-post","status-publish","format-standard","has-post-thumbnail","hentry","category-quadradinho-em-foco"],"acf":[],"yoast_head":"<!-- This site is optimized with the Yoast SEO plugin v27.2 - https:\/\/yoast.com\/product\/yoast-seo-wordpress\/ -->\n<title>Produtoras rurais integram Plano de Aquisi\u00e7\u00e3o de Alimentos - Notibras<\/title>\n<meta name=\"robots\" content=\"index, follow, max-snippet:-1, max-image-preview:large, max-video-preview:-1\" \/>\n<link rel=\"canonical\" href=\"https:\/\/www.notibras.com\/site\/produtoras-rurais-integram-plano-de-aquisicao-de-alimentos\/\" \/>\n<meta property=\"og:locale\" content=\"pt_BR\" \/>\n<meta property=\"og:type\" content=\"article\" \/>\n<meta property=\"og:title\" content=\"Produtoras rurais integram Plano de Aquisi\u00e7\u00e3o de Alimentos - Notibras\" \/>\n<meta property=\"og:description\" content=\"Produtoras rurais de S\u00e3o Sebasti\u00e3o est\u00e3o caminhando para a autonomia financeira ap\u00f3s conseguirem acessar, de forma individual, o Programa de Aquisi\u00e7\u00e3o de Alimentos (PAA). Josiane Costa Sobrinho, Maria Aldenice da Silva Ara\u00fajo, Mariazinha Porto dos Santos, Cleudiane Porto dos Santos, Maria Gorete dos Santos, Madalena Antonio Fonseca, Anarlete de Miranda Gouveia e Maria Vanuza Lemos [&hellip;]\" \/>\n<meta property=\"og:url\" content=\"https:\/\/www.notibras.com\/site\/produtoras-rurais-integram-plano-de-aquisicao-de-alimentos\/\" \/>\n<meta property=\"og:site_name\" content=\"Notibras\" \/>\n<meta property=\"article:publisher\" content=\"https:\/\/www.facebook.com\/notibras\/\" \/>\n<meta property=\"article:published_time\" content=\"2023-10-21T03:57:25+00:00\" \/>\n<meta property=\"article:modified_time\" content=\"2023-10-21T10:59:32+00:00\" \/>\n<meta property=\"og:image\" content=\"https:\/\/www.notibras.com\/site\/wp-content\/uploads\/2023\/10\/IMG_8311.jpg\" \/>\n\t<meta property=\"og:image:width\" content=\"750\" \/>\n\t<meta property=\"og:image:height\" content=\"420\" \/>\n\t<meta property=\"og:image:type\" content=\"image\/jpeg\" \/>\n<meta name=\"author\" content=\"Reda\u00e7\u00e3o\" \/>\n<meta name=\"twitter:card\" content=\"summary_large_image\" \/>\n<meta name=\"twitter:creator\" content=\"@Notibras\" \/>\n<meta name=\"twitter:site\" content=\"@Notibras\" \/>\n<meta name=\"twitter:label1\" content=\"Escrito por\" \/>\n\t<meta name=\"twitter:data1\" content=\"Reda\u00e7\u00e3o\" \/>\n\t<meta name=\"twitter:label2\" content=\"Est. tempo de leitura\" \/>\n\t<meta name=\"twitter:data2\" content=\"5 minutos\" \/>\n<script type=\"application\/ld+json\" class=\"yoast-schema-graph\">{\"@context\":\"https:\/\/schema.org\",\"@graph\":[{\"@type\":\"Article\",\"@id\":\"https:\/\/www.notibras.com\/site\/produtoras-rurais-integram-plano-de-aquisicao-de-alimentos\/#article\",\"isPartOf\":{\"@id\":\"https:\/\/www.notibras.com\/site\/produtoras-rurais-integram-plano-de-aquisicao-de-alimentos\/\"},\"author\":{\"name\":\"Reda\u00e7\u00e3o\",\"@id\":\"https:\/\/www.notibras.com\/site\/#\/schema\/person\/36ab0979449956132d3e5b517ea76ac8\"},\"headline\":\"Produtoras rurais integram Plano de Aquisi\u00e7\u00e3o de Alimentos\",\"datePublished\":\"2023-10-21T03:57:25+00:00\",\"dateModified\":\"2023-10-21T10:59:32+00:00\",\"mainEntityOfPage\":{\"@id\":\"https:\/\/www.notibras.com\/site\/produtoras-rurais-integram-plano-de-aquisicao-de-alimentos\/\"},\"wordCount\":864,\"publisher\":{\"@id\":\"https:\/\/www.notibras.com\/site\/#organization\"},\"image\":{\"@id\":\"https:\/\/www.notibras.com\/site\/produtoras-rurais-integram-plano-de-aquisicao-de-alimentos\/#primaryimage\"},\"thumbnailUrl\":\"https:\/\/www.notibras.com\/site\/wp-content\/uploads\/2023\/10\/IMG_8311.jpg\",\"articleSection\":[\"Quadradinho em Foco\"],\"inLanguage\":\"pt-BR\"},{\"@type\":\"WebPage\",\"@id\":\"https:\/\/www.notibras.com\/site\/produtoras-rurais-integram-plano-de-aquisicao-de-alimentos\/\",\"url\":\"https:\/\/www.notibras.com\/site\/produtoras-rurais-integram-plano-de-aquisicao-de-alimentos\/\",\"name\":\"Produtoras rurais integram Plano de Aquisi\u00e7\u00e3o de Alimentos - Notibras\",\"isPartOf\":{\"@id\":\"https:\/\/www.notibras.com\/site\/#website\"},\"primaryImageOfPage\":{\"@id\":\"https:\/\/www.notibras.com\/site\/produtoras-rurais-integram-plano-de-aquisicao-de-alimentos\/#primaryimage\"},\"image\":{\"@id\":\"https:\/\/www.notibras.com\/site\/produtoras-rurais-integram-plano-de-aquisicao-de-alimentos\/#primaryimage\"},\"thumbnailUrl\":\"https:\/\/www.notibras.com\/site\/wp-content\/uploads\/2023\/10\/IMG_8311.jpg\",\"datePublished\":\"2023-10-21T03:57:25+00:00\",\"dateModified\":\"2023-10-21T10:59:32+00:00\",\"breadcrumb\":{\"@id\":\"https:\/\/www.notibras.com\/site\/produtoras-rurais-integram-plano-de-aquisicao-de-alimentos\/#breadcrumb\"},\"inLanguage\":\"pt-BR\",\"potentialAction\":[{\"@type\":\"ReadAction\",\"target\":[\"https:\/\/www.notibras.com\/site\/produtoras-rurais-integram-plano-de-aquisicao-de-alimentos\/\"]}]},{\"@type\":\"ImageObject\",\"inLanguage\":\"pt-BR\",\"@id\":\"https:\/\/www.notibras.com\/site\/produtoras-rurais-integram-plano-de-aquisicao-de-alimentos\/#primaryimage\",\"url\":\"https:\/\/www.notibras.com\/site\/wp-content\/uploads\/2023\/10\/IMG_8311.jpg\",\"contentUrl\":\"https:\/\/www.notibras.com\/site\/wp-content\/uploads\/2023\/10\/IMG_8311.jpg\",\"width\":750,\"height\":420},{\"@type\":\"BreadcrumbList\",\"@id\":\"https:\/\/www.notibras.com\/site\/produtoras-rurais-integram-plano-de-aquisicao-de-alimentos\/#breadcrumb\",\"itemListElement\":[{\"@type\":\"ListItem\",\"position\":1,\"name\":\"In\u00edcio\",\"item\":\"https:\/\/www.notibras.com\/site\/\"},{\"@type\":\"ListItem\",\"position\":2,\"name\":\"Produtoras rurais integram Plano de Aquisi\u00e7\u00e3o de Alimentos\"}]},{\"@type\":\"WebSite\",\"@id\":\"https:\/\/www.notibras.com\/site\/#website\",\"url\":\"https:\/\/www.notibras.com\/site\/\",\"name\":\"Notibras\",\"description\":\"Not\u00edcias de Bras\u00edlia, do Brasil e do Mundo\",\"publisher\":{\"@id\":\"https:\/\/www.notibras.com\/site\/#organization\"},\"potentialAction\":[{\"@type\":\"SearchAction\",\"target\":{\"@type\":\"EntryPoint\",\"urlTemplate\":\"https:\/\/www.notibras.com\/site\/?s={search_term_string}\"},\"query-input\":{\"@type\":\"PropertyValueSpecification\",\"valueRequired\":true,\"valueName\":\"search_term_string\"}}],\"inLanguage\":\"pt-BR\"},{\"@type\":\"Organization\",\"@id\":\"https:\/\/www.notibras.com\/site\/#organization\",\"name\":\"Grupo Notibras de Comunica\u00e7\u00e3o\",\"url\":\"https:\/\/www.notibras.com\/site\/\",\"logo\":{\"@type\":\"ImageObject\",\"inLanguage\":\"pt-BR\",\"@id\":\"https:\/\/www.notibras.com\/site\/#\/schema\/logo\/image\/\",\"url\":\"https:\/\/www.notibras.com\/site\/wp-content\/uploads\/2023\/01\/notibras23.png\",\"contentUrl\":\"https:\/\/www.notibras.com\/site\/wp-content\/uploads\/2023\/01\/notibras23.png\",\"width\":350,\"height\":87,\"caption\":\"Grupo Notibras de Comunica\u00e7\u00e3o\"},\"image\":{\"@id\":\"https:\/\/www.notibras.com\/site\/#\/schema\/logo\/image\/\"},\"sameAs\":[\"https:\/\/www.facebook.com\/notibras\/\",\"https:\/\/x.com\/Notibras\",\"https:\/\/www.instagram.com\/notibras\/\"]},{\"@type\":\"Person\",\"@id\":\"https:\/\/www.notibras.com\/site\/#\/schema\/person\/36ab0979449956132d3e5b517ea76ac8\",\"name\":\"Reda\u00e7\u00e3o\",\"image\":{\"@type\":\"ImageObject\",\"inLanguage\":\"pt-BR\",\"@id\":\"https:\/\/secure.gravatar.com\/avatar\/e0a867bdedb85fd243eadf09663511f96fc81e0720a4a42581f334ad4303aa6b?s=96&d=mm&r=g\",\"url\":\"https:\/\/secure.gravatar.com\/avatar\/e0a867bdedb85fd243eadf09663511f96fc81e0720a4a42581f334ad4303aa6b?s=96&d=mm&r=g\",\"contentUrl\":\"https:\/\/secure.gravatar.com\/avatar\/e0a867bdedb85fd243eadf09663511f96fc81e0720a4a42581f334ad4303aa6b?s=96&d=mm&r=g\",\"caption\":\"Reda\u00e7\u00e3o\"}}]}<\/script>\n<!-- \/ Yoast SEO plugin. -->","yoast_head_json":{"title":"Produtoras rurais integram Plano de Aquisi\u00e7\u00e3o de Alimentos - Notibras","robots":{"index":"index","follow":"follow","max-snippet":"max-snippet:-1","max-image-preview":"max-image-preview:large","max-video-preview":"max-video-preview:-1"},"canonical":"https:\/\/www.notibras.com\/site\/produtoras-rurais-integram-plano-de-aquisicao-de-alimentos\/","og_locale":"pt_BR","og_type":"article","og_title":"Produtoras rurais integram Plano de Aquisi\u00e7\u00e3o de Alimentos - Notibras","og_description":"Produtoras rurais de S\u00e3o Sebasti\u00e3o est\u00e3o caminhando para a autonomia financeira ap\u00f3s conseguirem acessar, de forma individual, o Programa de Aquisi\u00e7\u00e3o de Alimentos (PAA). Josiane Costa Sobrinho, Maria Aldenice da Silva Ara\u00fajo, Mariazinha Porto dos Santos, Cleudiane Porto dos Santos, Maria Gorete dos Santos, Madalena Antonio Fonseca, Anarlete de Miranda Gouveia e Maria Vanuza Lemos [&hellip;]","og_url":"https:\/\/www.notibras.com\/site\/produtoras-rurais-integram-plano-de-aquisicao-de-alimentos\/","og_site_name":"Notibras","article_publisher":"https:\/\/www.facebook.com\/notibras\/","article_published_time":"2023-10-21T03:57:25+00:00","article_modified_time":"2023-10-21T10:59:32+00:00","og_image":[{"width":750,"height":420,"url":"https:\/\/www.notibras.com\/site\/wp-content\/uploads\/2023\/10\/IMG_8311.jpg","type":"image\/jpeg"}],"author":"Reda\u00e7\u00e3o","twitter_card":"summary_large_image","twitter_creator":"@Notibras","twitter_site":"@Notibras","twitter_misc":{"Escrito por":"Reda\u00e7\u00e3o","Est. tempo de leitura":"5 minutos"},"schema":{"@context":"https:\/\/schema.org","@graph":[{"@type":"Article","@id":"https:\/\/www.notibras.com\/site\/produtoras-rurais-integram-plano-de-aquisicao-de-alimentos\/#article","isPartOf":{"@id":"https:\/\/www.notibras.com\/site\/produtoras-rurais-integram-plano-de-aquisicao-de-alimentos\/"},"author":{"name":"Reda\u00e7\u00e3o","@id":"https:\/\/www.notibras.com\/site\/#\/schema\/person\/36ab0979449956132d3e5b517ea76ac8"},"headline":"Produtoras rurais integram Plano de Aquisi\u00e7\u00e3o de Alimentos","datePublished":"2023-10-21T03:57:25+00:00","dateModified":"2023-10-21T10:59:32+00:00","mainEntityOfPage":{"@id":"https:\/\/www.notibras.com\/site\/produtoras-rurais-integram-plano-de-aquisicao-de-alimentos\/"},"wordCount":864,"publisher":{"@id":"https:\/\/www.notibras.com\/site\/#organization"},"image":{"@id":"https:\/\/www.notibras.com\/site\/produtoras-rurais-integram-plano-de-aquisicao-de-alimentos\/#primaryimage"},"thumbnailUrl":"https:\/\/www.notibras.com\/site\/wp-content\/uploads\/2023\/10\/IMG_8311.jpg","articleSection":["Quadradinho em Foco"],"inLanguage":"pt-BR"},{"@type":"WebPage","@id":"https:\/\/www.notibras.com\/site\/produtoras-rurais-integram-plano-de-aquisicao-de-alimentos\/","url":"https:\/\/www.notibras.com\/site\/produtoras-rurais-integram-plano-de-aquisicao-de-alimentos\/","name":"Produtoras rurais integram Plano de Aquisi\u00e7\u00e3o de Alimentos - Notibras","isPartOf":{"@id":"https:\/\/www.notibras.com\/site\/#website"},"primaryImageOfPage":{"@id":"https:\/\/www.notibras.com\/site\/produtoras-rurais-integram-plano-de-aquisicao-de-alimentos\/#primaryimage"},"image":{"@id":"https:\/\/www.notibras.com\/site\/produtoras-rurais-integram-plano-de-aquisicao-de-alimentos\/#primaryimage"},"thumbnailUrl":"https:\/\/www.notibras.com\/site\/wp-content\/uploads\/2023\/10\/IMG_8311.jpg","datePublished":"2023-10-21T03:57:25+00:00","dateModified":"2023-10-21T10:59:32+00:00","breadcrumb":{"@id":"https:\/\/www.notibras.com\/site\/produtoras-rurais-integram-plano-de-aquisicao-de-alimentos\/#breadcrumb"},"inLanguage":"pt-BR","potentialAction":[{"@type":"ReadAction","target":["https:\/\/www.notibras.com\/site\/produtoras-rurais-integram-plano-de-aquisicao-de-alimentos\/"]}]},{"@type":"ImageObject","inLanguage":"pt-BR","@id":"https:\/\/www.notibras.com\/site\/produtoras-rurais-integram-plano-de-aquisicao-de-alimentos\/#primaryimage","url":"https:\/\/www.notibras.com\/site\/wp-content\/uploads\/2023\/10\/IMG_8311.jpg","contentUrl":"https:\/\/www.notibras.com\/site\/wp-content\/uploads\/2023\/10\/IMG_8311.jpg","width":750,"height":420},{"@type":"BreadcrumbList","@id":"https:\/\/www.notibras.com\/site\/produtoras-rurais-integram-plano-de-aquisicao-de-alimentos\/#breadcrumb","itemListElement":[{"@type":"ListItem","position":1,"name":"In\u00edcio","item":"https:\/\/www.notibras.com\/site\/"},{"@type":"ListItem","position":2,"name":"Produtoras rurais integram Plano de Aquisi\u00e7\u00e3o de Alimentos"}]},{"@type":"WebSite","@id":"https:\/\/www.notibras.com\/site\/#website","url":"https:\/\/www.notibras.com\/site\/","name":"Notibras","description":"Not\u00edcias de Bras\u00edlia, do Brasil e do Mundo","publisher":{"@id":"https:\/\/www.notibras.com\/site\/#organization"},"potentialAction":[{"@type":"SearchAction","target":{"@type":"EntryPoint","urlTemplate":"https:\/\/www.notibras.com\/site\/?s={search_term_string}"},"query-input":{"@type":"PropertyValueSpecification","valueRequired":true,"valueName":"search_term_string"}}],"inLanguage":"pt-BR"},{"@type":"Organization","@id":"https:\/\/www.notibras.com\/site\/#organization","name":"Grupo Notibras de Comunica\u00e7\u00e3o","url":"https:\/\/www.notibras.com\/site\/","logo":{"@type":"ImageObject","inLanguage":"pt-BR","@id":"https:\/\/www.notibras.com\/site\/#\/schema\/logo\/image\/","url":"https:\/\/www.notibras.com\/site\/wp-content\/uploads\/2023\/01\/notibras23.png","contentUrl":"https:\/\/www.notibras.com\/site\/wp-content\/uploads\/2023\/01\/notibras23.png","width":350,"height":87,"caption":"Grupo Notibras de Comunica\u00e7\u00e3o"},"image":{"@id":"https:\/\/www.notibras.com\/site\/#\/schema\/logo\/image\/"},"sameAs":["https:\/\/www.facebook.com\/notibras\/","https:\/\/x.com\/Notibras","https:\/\/www.instagram.com\/notibras\/"]},{"@type":"Person","@id":"https:\/\/www.notibras.com\/site\/#\/schema\/person\/36ab0979449956132d3e5b517ea76ac8","name":"Reda\u00e7\u00e3o","image":{"@type":"ImageObject","inLanguage":"pt-BR","@id":"https:\/\/secure.gravatar.com\/avatar\/e0a867bdedb85fd243eadf09663511f96fc81e0720a4a42581f334ad4303aa6b?s=96&d=mm&r=g","url":"https:\/\/secure.gravatar.com\/avatar\/e0a867bdedb85fd243eadf09663511f96fc81e0720a4a42581f334ad4303aa6b?s=96&d=mm&r=g","contentUrl":"https:\/\/secure.gravatar.com\/avatar\/e0a867bdedb85fd243eadf09663511f96fc81e0720a4a42581f334ad4303aa6b?s=96&d=mm&r=g","caption":"Reda\u00e7\u00e3o"}}]}},"amp_enabled":true,"_links":{"self":[{"href":"https:\/\/www.notibras.com\/site\/wp-json\/wp\/v2\/posts\/315135","targetHints":{"allow":["GET"]}}],"collection":[{"href":"https:\/\/www.notibras.com\/site\/wp-json\/wp\/v2\/posts"}],"about":[{"href":"https:\/\/www.notibras.com\/site\/wp-json\/wp\/v2\/types\/post"}],"author":[{"embeddable":true,"href":"https:\/\/www.notibras.com\/site\/wp-json\/wp\/v2\/users\/2"}],"replies":[{"embeddable":true,"href":"https:\/\/www.notibras.com\/site\/wp-json\/wp\/v2\/comments?post=315135"}],"version-history":[{"count":1,"href":"https:\/\/www.notibras.com\/site\/wp-json\/wp\/v2\/posts\/315135\/revisions"}],"predecessor-version":[{"id":315137,"href":"https:\/\/www.notibras.com\/site\/wp-json\/wp\/v2\/posts\/315135\/revisions\/315137"}],"wp:featuredmedia":[{"embeddable":true,"href":"https:\/\/www.notibras.com\/site\/wp-json\/wp\/v2\/media\/315136"}],"wp:attachment":[{"href":"https:\/\/www.notibras.com\/site\/wp-json\/wp\/v2\/media?parent=315135"}],"wp:term":[{"taxonomy":"category","embeddable":true,"href":"https:\/\/www.notibras.com\/site\/wp-json\/wp\/v2\/categories?post=315135"},{"taxonomy":"post_tag","embeddable":true,"href":"https:\/\/www.notibras.com\/site\/wp-json\/wp\/v2\/tags?post=315135"}],"curies":[{"name":"wp","href":"https:\/\/api.w.org\/{rel}","templated":true}]}}