{"id":315169,"date":"2023-10-22T00:19:36","date_gmt":"2023-10-22T03:19:36","guid":{"rendered":"https:\/\/www.notibras.com\/site\/?p=315169"},"modified":"2023-10-22T07:21:32","modified_gmt":"2023-10-22T10:21:32","slug":"cartao-de-confirmacao-sera-disponibilizado-terca-feira","status":"publish","type":"post","link":"https:\/\/www.notibras.com\/site\/cartao-de-confirmacao-sera-disponibilizado-terca-feira\/","title":{"rendered":"Cart\u00e3o de confirma\u00e7\u00e3o ser\u00e1 disponibilizado ter\u00e7a-feira"},"content":{"rendered":"<p>O Instituto Nacional de Estudos e Pesquisas Educacionais An\u00edsio Teixeira (Inep), vinculado ao Minist\u00e9rio da Educa\u00e7\u00e3o, disponibilizar\u00e1, na ter\u00e7a-feira (24), o Cart\u00e3o de Confirma\u00e7\u00e3o de Inscri\u00e7\u00e3o do Exame Nacional do Ensino M\u00e9dio (Enem) 2023, na P\u00e1gina do Participante.<\/p>\n<p>O documento traz as informa\u00e7\u00f5es do n\u00famero de inscri\u00e7\u00e3o, data, hora e local de prova, al\u00e9m de registrar se a pessoa dever\u00e1 contar com atendimento especializado ou tratamento por nome social. Apesar de n\u00e3o ser obrigat\u00f3rio, o Inep recomenda levar o cart\u00e3o nos dias do exame, que ser\u00e1 realizado em 5 e 12 de novembro.<\/p>\n<p>Para acess\u00e1-lo \u00e9 preciso utilizar o login \u00fanico da plataforma Gov.br, digitar o n\u00famero do Cadastro de Pessoa F\u00edsica (CPF) e a senha cadastrada.<\/p>\n<p><strong>Enem<\/strong><br \/>\nH\u00e1 mais de duas d\u00e9cadas, o Enem avalia o desempenho escolar dos estudantes ao t\u00e9rmino da educa\u00e7\u00e3o b\u00e1sica, no fim do 3\u00ba ano do ensino m\u00e9dio. O exame \u00e9 a principal porta de entrada para a educa\u00e7\u00e3o superior no Brasil, por meio do Sistema de Sele\u00e7\u00e3o Unificada (Sisu) e de iniciativas como o Programa Universidade para Todos (Prouni).<\/p>\n<p>Institui\u00e7\u00f5es de ensino p\u00fablicas e privadas consideram os resultados objetivos obtidos pelos inscritos no Enem nos processos seletivos para dar acesso ao ensino superior no Brasil.<\/p>\n<p>As notas do Enem tamb\u00e9m servem de par\u00e2metro para acesso a aux\u00edlios governamentais, como o Fundo de Financiamento Estudantil (Fies), que financia a gradua\u00e7\u00e3o de estudantes matriculados em cursos presenciais n\u00e3o gratuitos.<\/p>\n<p>Em Portugal tamb\u00e9m, algumas institui\u00e7\u00f5es que t\u00eam conv\u00eanio com o Inep aceitam as notas do exame para o ingresso de estudantes brasileiros interessados em cursar a educa\u00e7\u00e3o superior no pa\u00eds.<\/p>\n","protected":false},"excerpt":{"rendered":"<p>O Instituto Nacional de Estudos e Pesquisas Educacionais An\u00edsio Teixeira (Inep), vinculado ao Minist\u00e9rio da Educa\u00e7\u00e3o, disponibilizar\u00e1, na ter\u00e7a-feira (24), o Cart\u00e3o de Confirma\u00e7\u00e3o de Inscri\u00e7\u00e3o do Exame Nacional do Ensino M\u00e9dio (Enem) 2023, na P\u00e1gina do Participante. O documento traz as informa\u00e7\u00f5es do n\u00famero de inscri\u00e7\u00e3o, data, hora e local de prova, al\u00e9m de [&hellip;]<\/p>\n","protected":false},"author":2,"featured_media":315170,"comment_status":"closed","ping_status":"closed","sticky":false,"template":"","format":"standard","meta":{"_acf_changed":false,"footnotes":""},"categories":[161],"tags":[],"class_list":["post-315169","post","type-post","status-publish","format-standard","has-post-thumbnail","hentry","category-quadradinho-em-foco"],"acf":[],"yoast_head":"<!-- This site is optimized with the Yoast SEO plugin v27.2 - https:\/\/yoast.com\/product\/yoast-seo-wordpress\/ -->\n<title>Cart\u00e3o de confirma\u00e7\u00e3o ser\u00e1 disponibilizado ter\u00e7a-feira - Notibras<\/title>\n<meta name=\"robots\" content=\"index, follow, max-snippet:-1, max-image-preview:large, max-video-preview:-1\" \/>\n<link rel=\"canonical\" href=\"https:\/\/www.notibras.com\/site\/cartao-de-confirmacao-sera-disponibilizado-terca-feira\/\" \/>\n<meta property=\"og:locale\" content=\"pt_BR\" \/>\n<meta property=\"og:type\" content=\"article\" \/>\n<meta property=\"og:title\" content=\"Cart\u00e3o de confirma\u00e7\u00e3o ser\u00e1 disponibilizado ter\u00e7a-feira - Notibras\" \/>\n<meta property=\"og:description\" content=\"O Instituto Nacional de Estudos e Pesquisas Educacionais An\u00edsio Teixeira (Inep), vinculado ao Minist\u00e9rio da Educa\u00e7\u00e3o, disponibilizar\u00e1, na ter\u00e7a-feira (24), o Cart\u00e3o de Confirma\u00e7\u00e3o de Inscri\u00e7\u00e3o do Exame Nacional do Ensino M\u00e9dio (Enem) 2023, na P\u00e1gina do Participante. O documento traz as informa\u00e7\u00f5es do n\u00famero de inscri\u00e7\u00e3o, data, hora e local de prova, al\u00e9m de [&hellip;]\" \/>\n<meta property=\"og:url\" content=\"https:\/\/www.notibras.com\/site\/cartao-de-confirmacao-sera-disponibilizado-terca-feira\/\" \/>\n<meta property=\"og:site_name\" content=\"Notibras\" \/>\n<meta property=\"article:publisher\" content=\"https:\/\/www.facebook.com\/notibras\/\" \/>\n<meta property=\"article:published_time\" content=\"2023-10-22T03:19:36+00:00\" \/>\n<meta property=\"article:modified_time\" content=\"2023-10-22T10:21:32+00:00\" \/>\n<meta property=\"og:image\" content=\"https:\/\/www.notibras.com\/site\/wp-content\/uploads\/2023\/10\/enem_2020_prova_mcajr_2401214012236-1.jpg\" \/>\n\t<meta property=\"og:image:width\" content=\"1170\" \/>\n\t<meta property=\"og:image:height\" content=\"700\" \/>\n\t<meta property=\"og:image:type\" content=\"image\/jpeg\" \/>\n<meta name=\"author\" content=\"Reda\u00e7\u00e3o\" \/>\n<meta name=\"twitter:card\" content=\"summary_large_image\" \/>\n<meta name=\"twitter:creator\" content=\"@Notibras\" \/>\n<meta name=\"twitter:site\" content=\"@Notibras\" \/>\n<meta name=\"twitter:label1\" content=\"Escrito por\" \/>\n\t<meta name=\"twitter:data1\" content=\"Reda\u00e7\u00e3o\" \/>\n\t<meta name=\"twitter:label2\" content=\"Est. tempo de leitura\" \/>\n\t<meta name=\"twitter:data2\" content=\"2 minutos\" \/>\n<script type=\"application\/ld+json\" class=\"yoast-schema-graph\">{\"@context\":\"https:\/\/schema.org\",\"@graph\":[{\"@type\":\"Article\",\"@id\":\"https:\/\/www.notibras.com\/site\/cartao-de-confirmacao-sera-disponibilizado-terca-feira\/#article\",\"isPartOf\":{\"@id\":\"https:\/\/www.notibras.com\/site\/cartao-de-confirmacao-sera-disponibilizado-terca-feira\/\"},\"author\":{\"name\":\"Reda\u00e7\u00e3o\",\"@id\":\"https:\/\/www.notibras.com\/site\/#\/schema\/person\/36ab0979449956132d3e5b517ea76ac8\"},\"headline\":\"Cart\u00e3o de confirma\u00e7\u00e3o ser\u00e1 disponibilizado ter\u00e7a-feira\",\"datePublished\":\"2023-10-22T03:19:36+00:00\",\"dateModified\":\"2023-10-22T10:21:32+00:00\",\"mainEntityOfPage\":{\"@id\":\"https:\/\/www.notibras.com\/site\/cartao-de-confirmacao-sera-disponibilizado-terca-feira\/\"},\"wordCount\":306,\"publisher\":{\"@id\":\"https:\/\/www.notibras.com\/site\/#organization\"},\"image\":{\"@id\":\"https:\/\/www.notibras.com\/site\/cartao-de-confirmacao-sera-disponibilizado-terca-feira\/#primaryimage\"},\"thumbnailUrl\":\"https:\/\/www.notibras.com\/site\/wp-content\/uploads\/2023\/10\/enem_2020_prova_mcajr_2401214012236-1.jpg\",\"articleSection\":[\"Quadradinho em Foco\"],\"inLanguage\":\"pt-BR\"},{\"@type\":\"WebPage\",\"@id\":\"https:\/\/www.notibras.com\/site\/cartao-de-confirmacao-sera-disponibilizado-terca-feira\/\",\"url\":\"https:\/\/www.notibras.com\/site\/cartao-de-confirmacao-sera-disponibilizado-terca-feira\/\",\"name\":\"Cart\u00e3o de confirma\u00e7\u00e3o ser\u00e1 disponibilizado ter\u00e7a-feira - Notibras\",\"isPartOf\":{\"@id\":\"https:\/\/www.notibras.com\/site\/#website\"},\"primaryImageOfPage\":{\"@id\":\"https:\/\/www.notibras.com\/site\/cartao-de-confirmacao-sera-disponibilizado-terca-feira\/#primaryimage\"},\"image\":{\"@id\":\"https:\/\/www.notibras.com\/site\/cartao-de-confirmacao-sera-disponibilizado-terca-feira\/#primaryimage\"},\"thumbnailUrl\":\"https:\/\/www.notibras.com\/site\/wp-content\/uploads\/2023\/10\/enem_2020_prova_mcajr_2401214012236-1.jpg\",\"datePublished\":\"2023-10-22T03:19:36+00:00\",\"dateModified\":\"2023-10-22T10:21:32+00:00\",\"breadcrumb\":{\"@id\":\"https:\/\/www.notibras.com\/site\/cartao-de-confirmacao-sera-disponibilizado-terca-feira\/#breadcrumb\"},\"inLanguage\":\"pt-BR\",\"potentialAction\":[{\"@type\":\"ReadAction\",\"target\":[\"https:\/\/www.notibras.com\/site\/cartao-de-confirmacao-sera-disponibilizado-terca-feira\/\"]}]},{\"@type\":\"ImageObject\",\"inLanguage\":\"pt-BR\",\"@id\":\"https:\/\/www.notibras.com\/site\/cartao-de-confirmacao-sera-disponibilizado-terca-feira\/#primaryimage\",\"url\":\"https:\/\/www.notibras.com\/site\/wp-content\/uploads\/2023\/10\/enem_2020_prova_mcajr_2401214012236-1.jpg\",\"contentUrl\":\"https:\/\/www.notibras.com\/site\/wp-content\/uploads\/2023\/10\/enem_2020_prova_mcajr_2401214012236-1.jpg\",\"width\":1170,\"height\":700,\"caption\":\"Estudantes de todo Brasil, fazem o segundo dia de prova do Enem (Exame Nacional do Ensino M\u00e9dio\"},{\"@type\":\"BreadcrumbList\",\"@id\":\"https:\/\/www.notibras.com\/site\/cartao-de-confirmacao-sera-disponibilizado-terca-feira\/#breadcrumb\",\"itemListElement\":[{\"@type\":\"ListItem\",\"position\":1,\"name\":\"In\u00edcio\",\"item\":\"https:\/\/www.notibras.com\/site\/\"},{\"@type\":\"ListItem\",\"position\":2,\"name\":\"Cart\u00e3o de confirma\u00e7\u00e3o ser\u00e1 disponibilizado ter\u00e7a-feira\"}]},{\"@type\":\"WebSite\",\"@id\":\"https:\/\/www.notibras.com\/site\/#website\",\"url\":\"https:\/\/www.notibras.com\/site\/\",\"name\":\"Notibras\",\"description\":\"Not\u00edcias de Bras\u00edlia, do Brasil e do Mundo\",\"publisher\":{\"@id\":\"https:\/\/www.notibras.com\/site\/#organization\"},\"potentialAction\":[{\"@type\":\"SearchAction\",\"target\":{\"@type\":\"EntryPoint\",\"urlTemplate\":\"https:\/\/www.notibras.com\/site\/?s={search_term_string}\"},\"query-input\":{\"@type\":\"PropertyValueSpecification\",\"valueRequired\":true,\"valueName\":\"search_term_string\"}}],\"inLanguage\":\"pt-BR\"},{\"@type\":\"Organization\",\"@id\":\"https:\/\/www.notibras.com\/site\/#organization\",\"name\":\"Grupo Notibras de Comunica\u00e7\u00e3o\",\"url\":\"https:\/\/www.notibras.com\/site\/\",\"logo\":{\"@type\":\"ImageObject\",\"inLanguage\":\"pt-BR\",\"@id\":\"https:\/\/www.notibras.com\/site\/#\/schema\/logo\/image\/\",\"url\":\"https:\/\/www.notibras.com\/site\/wp-content\/uploads\/2023\/01\/notibras23.png\",\"contentUrl\":\"https:\/\/www.notibras.com\/site\/wp-content\/uploads\/2023\/01\/notibras23.png\",\"width\":350,\"height\":87,\"caption\":\"Grupo Notibras de Comunica\u00e7\u00e3o\"},\"image\":{\"@id\":\"https:\/\/www.notibras.com\/site\/#\/schema\/logo\/image\/\"},\"sameAs\":[\"https:\/\/www.facebook.com\/notibras\/\",\"https:\/\/x.com\/Notibras\",\"https:\/\/www.instagram.com\/notibras\/\"]},{\"@type\":\"Person\",\"@id\":\"https:\/\/www.notibras.com\/site\/#\/schema\/person\/36ab0979449956132d3e5b517ea76ac8\",\"name\":\"Reda\u00e7\u00e3o\",\"image\":{\"@type\":\"ImageObject\",\"inLanguage\":\"pt-BR\",\"@id\":\"https:\/\/secure.gravatar.com\/avatar\/e0a867bdedb85fd243eadf09663511f96fc81e0720a4a42581f334ad4303aa6b?s=96&d=mm&r=g\",\"url\":\"https:\/\/secure.gravatar.com\/avatar\/e0a867bdedb85fd243eadf09663511f96fc81e0720a4a42581f334ad4303aa6b?s=96&d=mm&r=g\",\"contentUrl\":\"https:\/\/secure.gravatar.com\/avatar\/e0a867bdedb85fd243eadf09663511f96fc81e0720a4a42581f334ad4303aa6b?s=96&d=mm&r=g\",\"caption\":\"Reda\u00e7\u00e3o\"}}]}<\/script>\n<!-- \/ Yoast SEO plugin. -->","yoast_head_json":{"title":"Cart\u00e3o de confirma\u00e7\u00e3o ser\u00e1 disponibilizado ter\u00e7a-feira - Notibras","robots":{"index":"index","follow":"follow","max-snippet":"max-snippet:-1","max-image-preview":"max-image-preview:large","max-video-preview":"max-video-preview:-1"},"canonical":"https:\/\/www.notibras.com\/site\/cartao-de-confirmacao-sera-disponibilizado-terca-feira\/","og_locale":"pt_BR","og_type":"article","og_title":"Cart\u00e3o de confirma\u00e7\u00e3o ser\u00e1 disponibilizado ter\u00e7a-feira - Notibras","og_description":"O Instituto Nacional de Estudos e Pesquisas Educacionais An\u00edsio Teixeira (Inep), vinculado ao Minist\u00e9rio da Educa\u00e7\u00e3o, disponibilizar\u00e1, na ter\u00e7a-feira (24), o Cart\u00e3o de Confirma\u00e7\u00e3o de Inscri\u00e7\u00e3o do Exame Nacional do Ensino M\u00e9dio (Enem) 2023, na P\u00e1gina do Participante. O documento traz as informa\u00e7\u00f5es do n\u00famero de inscri\u00e7\u00e3o, data, hora e local de prova, al\u00e9m de [&hellip;]","og_url":"https:\/\/www.notibras.com\/site\/cartao-de-confirmacao-sera-disponibilizado-terca-feira\/","og_site_name":"Notibras","article_publisher":"https:\/\/www.facebook.com\/notibras\/","article_published_time":"2023-10-22T03:19:36+00:00","article_modified_time":"2023-10-22T10:21:32+00:00","og_image":[{"width":1170,"height":700,"url":"https:\/\/www.notibras.com\/site\/wp-content\/uploads\/2023\/10\/enem_2020_prova_mcajr_2401214012236-1.jpg","type":"image\/jpeg"}],"author":"Reda\u00e7\u00e3o","twitter_card":"summary_large_image","twitter_creator":"@Notibras","twitter_site":"@Notibras","twitter_misc":{"Escrito por":"Reda\u00e7\u00e3o","Est. tempo de leitura":"2 minutos"},"schema":{"@context":"https:\/\/schema.org","@graph":[{"@type":"Article","@id":"https:\/\/www.notibras.com\/site\/cartao-de-confirmacao-sera-disponibilizado-terca-feira\/#article","isPartOf":{"@id":"https:\/\/www.notibras.com\/site\/cartao-de-confirmacao-sera-disponibilizado-terca-feira\/"},"author":{"name":"Reda\u00e7\u00e3o","@id":"https:\/\/www.notibras.com\/site\/#\/schema\/person\/36ab0979449956132d3e5b517ea76ac8"},"headline":"Cart\u00e3o de confirma\u00e7\u00e3o ser\u00e1 disponibilizado ter\u00e7a-feira","datePublished":"2023-10-22T03:19:36+00:00","dateModified":"2023-10-22T10:21:32+00:00","mainEntityOfPage":{"@id":"https:\/\/www.notibras.com\/site\/cartao-de-confirmacao-sera-disponibilizado-terca-feira\/"},"wordCount":306,"publisher":{"@id":"https:\/\/www.notibras.com\/site\/#organization"},"image":{"@id":"https:\/\/www.notibras.com\/site\/cartao-de-confirmacao-sera-disponibilizado-terca-feira\/#primaryimage"},"thumbnailUrl":"https:\/\/www.notibras.com\/site\/wp-content\/uploads\/2023\/10\/enem_2020_prova_mcajr_2401214012236-1.jpg","articleSection":["Quadradinho em Foco"],"inLanguage":"pt-BR"},{"@type":"WebPage","@id":"https:\/\/www.notibras.com\/site\/cartao-de-confirmacao-sera-disponibilizado-terca-feira\/","url":"https:\/\/www.notibras.com\/site\/cartao-de-confirmacao-sera-disponibilizado-terca-feira\/","name":"Cart\u00e3o de confirma\u00e7\u00e3o ser\u00e1 disponibilizado ter\u00e7a-feira - Notibras","isPartOf":{"@id":"https:\/\/www.notibras.com\/site\/#website"},"primaryImageOfPage":{"@id":"https:\/\/www.notibras.com\/site\/cartao-de-confirmacao-sera-disponibilizado-terca-feira\/#primaryimage"},"image":{"@id":"https:\/\/www.notibras.com\/site\/cartao-de-confirmacao-sera-disponibilizado-terca-feira\/#primaryimage"},"thumbnailUrl":"https:\/\/www.notibras.com\/site\/wp-content\/uploads\/2023\/10\/enem_2020_prova_mcajr_2401214012236-1.jpg","datePublished":"2023-10-22T03:19:36+00:00","dateModified":"2023-10-22T10:21:32+00:00","breadcrumb":{"@id":"https:\/\/www.notibras.com\/site\/cartao-de-confirmacao-sera-disponibilizado-terca-feira\/#breadcrumb"},"inLanguage":"pt-BR","potentialAction":[{"@type":"ReadAction","target":["https:\/\/www.notibras.com\/site\/cartao-de-confirmacao-sera-disponibilizado-terca-feira\/"]}]},{"@type":"ImageObject","inLanguage":"pt-BR","@id":"https:\/\/www.notibras.com\/site\/cartao-de-confirmacao-sera-disponibilizado-terca-feira\/#primaryimage","url":"https:\/\/www.notibras.com\/site\/wp-content\/uploads\/2023\/10\/enem_2020_prova_mcajr_2401214012236-1.jpg","contentUrl":"https:\/\/www.notibras.com\/site\/wp-content\/uploads\/2023\/10\/enem_2020_prova_mcajr_2401214012236-1.jpg","width":1170,"height":700,"caption":"Estudantes de todo Brasil, fazem o segundo dia de prova do Enem (Exame Nacional do Ensino M\u00e9dio"},{"@type":"BreadcrumbList","@id":"https:\/\/www.notibras.com\/site\/cartao-de-confirmacao-sera-disponibilizado-terca-feira\/#breadcrumb","itemListElement":[{"@type":"ListItem","position":1,"name":"In\u00edcio","item":"https:\/\/www.notibras.com\/site\/"},{"@type":"ListItem","position":2,"name":"Cart\u00e3o de confirma\u00e7\u00e3o ser\u00e1 disponibilizado ter\u00e7a-feira"}]},{"@type":"WebSite","@id":"https:\/\/www.notibras.com\/site\/#website","url":"https:\/\/www.notibras.com\/site\/","name":"Notibras","description":"Not\u00edcias de Bras\u00edlia, do Brasil e do Mundo","publisher":{"@id":"https:\/\/www.notibras.com\/site\/#organization"},"potentialAction":[{"@type":"SearchAction","target":{"@type":"EntryPoint","urlTemplate":"https:\/\/www.notibras.com\/site\/?s={search_term_string}"},"query-input":{"@type":"PropertyValueSpecification","valueRequired":true,"valueName":"search_term_string"}}],"inLanguage":"pt-BR"},{"@type":"Organization","@id":"https:\/\/www.notibras.com\/site\/#organization","name":"Grupo Notibras de Comunica\u00e7\u00e3o","url":"https:\/\/www.notibras.com\/site\/","logo":{"@type":"ImageObject","inLanguage":"pt-BR","@id":"https:\/\/www.notibras.com\/site\/#\/schema\/logo\/image\/","url":"https:\/\/www.notibras.com\/site\/wp-content\/uploads\/2023\/01\/notibras23.png","contentUrl":"https:\/\/www.notibras.com\/site\/wp-content\/uploads\/2023\/01\/notibras23.png","width":350,"height":87,"caption":"Grupo Notibras de Comunica\u00e7\u00e3o"},"image":{"@id":"https:\/\/www.notibras.com\/site\/#\/schema\/logo\/image\/"},"sameAs":["https:\/\/www.facebook.com\/notibras\/","https:\/\/x.com\/Notibras","https:\/\/www.instagram.com\/notibras\/"]},{"@type":"Person","@id":"https:\/\/www.notibras.com\/site\/#\/schema\/person\/36ab0979449956132d3e5b517ea76ac8","name":"Reda\u00e7\u00e3o","image":{"@type":"ImageObject","inLanguage":"pt-BR","@id":"https:\/\/secure.gravatar.com\/avatar\/e0a867bdedb85fd243eadf09663511f96fc81e0720a4a42581f334ad4303aa6b?s=96&d=mm&r=g","url":"https:\/\/secure.gravatar.com\/avatar\/e0a867bdedb85fd243eadf09663511f96fc81e0720a4a42581f334ad4303aa6b?s=96&d=mm&r=g","contentUrl":"https:\/\/secure.gravatar.com\/avatar\/e0a867bdedb85fd243eadf09663511f96fc81e0720a4a42581f334ad4303aa6b?s=96&d=mm&r=g","caption":"Reda\u00e7\u00e3o"}}]}},"amp_enabled":true,"_links":{"self":[{"href":"https:\/\/www.notibras.com\/site\/wp-json\/wp\/v2\/posts\/315169","targetHints":{"allow":["GET"]}}],"collection":[{"href":"https:\/\/www.notibras.com\/site\/wp-json\/wp\/v2\/posts"}],"about":[{"href":"https:\/\/www.notibras.com\/site\/wp-json\/wp\/v2\/types\/post"}],"author":[{"embeddable":true,"href":"https:\/\/www.notibras.com\/site\/wp-json\/wp\/v2\/users\/2"}],"replies":[{"embeddable":true,"href":"https:\/\/www.notibras.com\/site\/wp-json\/wp\/v2\/comments?post=315169"}],"version-history":[{"count":1,"href":"https:\/\/www.notibras.com\/site\/wp-json\/wp\/v2\/posts\/315169\/revisions"}],"predecessor-version":[{"id":315171,"href":"https:\/\/www.notibras.com\/site\/wp-json\/wp\/v2\/posts\/315169\/revisions\/315171"}],"wp:featuredmedia":[{"embeddable":true,"href":"https:\/\/www.notibras.com\/site\/wp-json\/wp\/v2\/media\/315170"}],"wp:attachment":[{"href":"https:\/\/www.notibras.com\/site\/wp-json\/wp\/v2\/media?parent=315169"}],"wp:term":[{"taxonomy":"category","embeddable":true,"href":"https:\/\/www.notibras.com\/site\/wp-json\/wp\/v2\/categories?post=315169"},{"taxonomy":"post_tag","embeddable":true,"href":"https:\/\/www.notibras.com\/site\/wp-json\/wp\/v2\/tags?post=315169"}],"curies":[{"name":"wp","href":"https:\/\/api.w.org\/{rel}","templated":true}]}}