{"id":315175,"date":"2023-10-22T00:43:16","date_gmt":"2023-10-22T03:43:16","guid":{"rendered":"https:\/\/www.notibras.com\/site\/?p=315175"},"modified":"2023-10-22T07:46:59","modified_gmt":"2023-10-22T10:46:59","slug":"jovens-fazem-propostas-contra-desinformacao-sobre-vacina","status":"publish","type":"post","link":"https:\/\/www.notibras.com\/site\/jovens-fazem-propostas-contra-desinformacao-sobre-vacina\/","title":{"rendered":"Jovens fazem propostas contra desinforma\u00e7\u00e3o sobre vacina"},"content":{"rendered":"<p>Filha, essa informa\u00e7\u00e3o sobre a vacina est\u00e1 correta?<\/p>\n<p>A estudante Yamila Miranda, de 16 anos, ficou feliz quando ouviu a pergunta e a manifesta\u00e7\u00e3o de confian\u00e7a do pai. Ela, que est\u00e1 no 2\u00ba ano do ensino m\u00e9dio de uma escola p\u00fablica em Bras\u00edlia, lamenta que a fam\u00edlia e amigos recebam mensagens de desinforma\u00e7\u00e3o sobre sa\u00fade p\u00fablica, incluindo imuniza\u00e7\u00e3o. \u201cDurante e tamb\u00e9m depois da pandemia, chegaram mensagens de que a vacina podia carregar \u00edm\u00e3 ou chip. \u00c9 um absurdo\u201d, disse a adolescente.<\/p>\n<p>Ela \u00e9 uma das 80 estudantes do ensino p\u00fablico, na faixa dos 15 aos 18 anos de idade, que participam, neste s\u00e1bado (21), na capital federal, de um evento chamado de \u201cHackathon\u201d, com o prop\u00f3sito de combater a desinforma\u00e7\u00e3o sobre vacina\u00e7\u00e3o. Divididos em grupos, eles participam dessa maratona de reflex\u00f5es para apresentar ideias contra as mentiras que circulam na sociedade. Eles apresentar\u00e3o as propostas no fim da tarde deste s\u00e1bado.<\/p>\n<p>O evento integra a Semana de Ci\u00eancia e Tecnologia, com apoio da Secretaria da Comunica\u00e7\u00e3o, da Presid\u00eancia da Rep\u00fablica, e de entidades civis que atuam para combater informa\u00e7\u00f5es falsas e criminosas sobre o tema.<\/p>\n<p><strong>&#8220;Eles informam a fam\u00edlia&#8221;<\/strong><br \/>\nCoordenadora de Pol\u00edticas de Liberdade de Express\u00e3o e Enfrentamento \u00e0 Desinforma\u00e7\u00e3o da Presid\u00eancia, Roberta Battisti explica que a ideia principal \u00e9 engajar os jovens para refletir sobre o tema da desinforma\u00e7\u00e3o. \u201cEles s\u00e3o agentes de informa\u00e7\u00e3o para a pr\u00f3pria fam\u00edlia e amigos\u201d. Ela entende que a desinforma\u00e7\u00e3o tem sido respons\u00e1vel por uma baixa cobertura vacinal no pa\u00eds.<\/p>\n<p>Roberta, que tem monitorado grupos que repassam informa\u00e7\u00f5es criminosas, avalia que o fim da pandemia n\u00e3o reduziu a desinforma\u00e7\u00e3o. H\u00e1 mensagens muito graves que deixam a sociedade vulner\u00e1vel e sob risco de sa\u00fade. Entre eles, a venda de documentos falsos que comprovariam que a pessoa tomou vacina mesmo sem ter feito a imuniza\u00e7\u00e3o, al\u00e9m de discursos que se multiplicaram de forma falsa de que a vacina conteria um chip.<\/p>\n<p>\u201cOutra situa\u00e7\u00e3o grave \u00e9 a venda, por exemplo, de di\u00f3xido de cloro, que \u00e9 comercializado na internet com a ideia de desintoxicar o corpo da vacina\u201d, diz Roberta Battisti, que \u00e9 especialista em direito digital. Ela explica que o governo, de forma interministerial, realiza, na pr\u00f3xima ter\u00e7a-feira (24), o lan\u00e7amento da estrat\u00e9gia de enfrentamento \u00e0 desinforma\u00e7\u00e3o em sa\u00fade.<\/p>\n<p><strong>Educa\u00e7\u00e3o midi\u00e1tica<\/strong><br \/>\nVai ser nessa data tamb\u00e9m que os alunos vencedores do Hackaton, com a melhor proposta contra desinforma\u00e7\u00e3o, ser\u00e3o homenageados. A coordenadora-geral de Educa\u00e7\u00e3o Midi\u00e1tica da Secretaria de Comunica\u00e7\u00e3o, Mariana Filizola, contextualiza que se espera dos mais jovens, por serem nativos digitais, um amplo conhecimento da internet, mas, na verdade, pode faltar repert\u00f3rio para entender as mensagens que chegam.<\/p>\n<p>\u201cEsse \u00e9 o nosso papel na hora de promover a educa\u00e7\u00e3o midi\u00e1tica. Ajudar a discernir as informa\u00e7\u00f5es, quais s\u00e3o as narrativas falsas, as inten\u00e7\u00f5es dos discursos e como checar e verificar uma informa\u00e7\u00e3o\u201d. No in\u00edcio do evento deste s\u00e1bado, os alunos foram questionados se recebiam fake news sobre vacina. Uma boa parte deles respondeu que sim, de mentiras como chips, desmaio, ou que a pessoa poderia virar jacar\u00e9. \u201cEles ouvem nas ruas, nas redes, na escola e at\u00e9 dentro de casa. Por isso, estimulamos que eles pensem ideias inovadoras\u201d.<\/p>\n<p><strong>Prioridades<\/strong><br \/>\nA estudante Talita Cristina Lopes, de 17 anos, estava entusiasmada com a discuss\u00e3o. \u201cComo estou agora no ensino m\u00e9dio, procuro ficar sempre muito informada, principalmente sobre temas da atualidade. Algumas coisas que a gente escuta nos deixam realmente chocados, como a ideia de que a vacina poderia levar a modifica\u00e7\u00f5es gen\u00e9ticas\u201d. O momento desafiador que ela vive faz com que sonhe em ser professora de hist\u00f3ria no futuro.<\/p>\n<p>A assistente de projetos Isabela Ferro, da SaferNet, atuou como tutora dos alunos neste s\u00e1bado a fim de encaminhar propostas com os mais jovens. \u201c\u00c9 um trabalho muito importante de conscientiza\u00e7\u00e3o, de escuta e de di\u00e1logo sobre as percep\u00e7\u00f5es deles, para que possam fazer o papel de protagonismo, de exerc\u00edcio na cidadania dentro e fora das telas\u201d. A SaferNet oferece servi\u00e7o de orienta\u00e7\u00e3o sobre crimes e viola\u00e7\u00f5es de direitos humanos na internet.<\/p>\n<p><strong>Vulnerabilidades<\/strong><br \/>\nTamb\u00e9m no papel de tutoria dos alunos estava a diretora da Redes Cordiais, Gabriela de Almeida, que entende que os mais jovens s\u00e3o vetores para uma comunica\u00e7\u00e3o respons\u00e1vel. Ela exemplifica que o trabalho de combate \u00e0 desinforma\u00e7\u00e3o e ao discurso de \u00f3dio deve contar com pessoas em lugar de confian\u00e7a. \u201cSem informa\u00e7\u00e3o, h\u00e1 um ambiente f\u00e9rtil para a desinforma\u00e7\u00e3o. A gente tem algumas redes que s\u00e3o mais impenetr\u00e1veis. Nesses lugares percebemos o aumento do radicalismo. Os jovens podem ficar vulner\u00e1veis\u201d.<\/p>\n<p>Ela avalia que a estrat\u00e9gia de grupos criminosos \u00e9 criar um p\u00e2nico moral e depois vender uma falsa subst\u00e2ncia e at\u00e9 curso contra a vacina. \u201c\u00c9 uma estrutura de marketing que consegue enganar pessoas mais vulner\u00e1veis\u201d.<\/p>\n<p>Por outro olhar, de acordo com integrante da diretoria do Coletivo Intervozes, Alfredo Portugal, \u00e9 necess\u00e1rio observar tamb\u00e9m as not\u00edcias falsas que jovens sem acesso digital recebem. \u201cDisse a esses alunos aqui de Bras\u00edlia, que est\u00e3o em centros urbanos, sobre a responsabilidade de pensar em solu\u00e7\u00f5es tamb\u00e9m diante da pluralidade de realidades no Brasil\u201d. Ele recorda que pessoas que est\u00e3o em regi\u00f5es de desertos de not\u00edcias tamb\u00e9m est\u00e3o vulner\u00e1veis \u00e0s mentiras que correm de boca em boca.<\/p>\n<p>O estudante Lucas Cruz, de 18 anos, que vive em Bras\u00edlia, tem consci\u00eancia da diversidade de desafios. \u201cEu acho que a gente passou por um momento na nossa hist\u00f3ria de negacionismo, inclusive das autoridades, e isso foi refer\u00eancia para pessoas que n\u00e3o quiseram tomar a vacina at\u00e9 hoje\u201d.<\/p>\n<p>Ele tamb\u00e9m ouviu de familiares e amigos sobre poss\u00edveis problemas que a imuniza\u00e7\u00e3o iria gerar. \u201cVinham principalmente dos mais velhos e precisamos corrigir com comunica\u00e7\u00e3o eficiente. Tamb\u00e9m buscamos ajudar pessoas de nossa idade que recebem falsidades. Precisamos todos trabalhar contra isso\u201d. Para o futuro, Lucas j\u00e1 decidiu que quer ajudar os outros profissionalmente. \u201cPenso muito no jornalismo\u201d.<\/p>\n","protected":false},"excerpt":{"rendered":"<p>Filha, essa informa\u00e7\u00e3o sobre a vacina est\u00e1 correta? A estudante Yamila Miranda, de 16 anos, ficou feliz quando ouviu a pergunta e a manifesta\u00e7\u00e3o de confian\u00e7a do pai. Ela, que est\u00e1 no 2\u00ba ano do ensino m\u00e9dio de uma escola p\u00fablica em Bras\u00edlia, lamenta que a fam\u00edlia e amigos recebam mensagens de desinforma\u00e7\u00e3o sobre sa\u00fade [&hellip;]<\/p>\n","protected":false},"author":2,"featured_media":315176,"comment_status":"closed","ping_status":"closed","sticky":false,"template":"","format":"standard","meta":{"_acf_changed":false,"footnotes":""},"categories":[161],"tags":[],"class_list":["post-315175","post","type-post","status-publish","format-standard","has-post-thumbnail","hentry","category-quadradinho-em-foco"],"acf":[],"yoast_head":"<!-- This site is optimized with the Yoast SEO plugin v27.2 - https:\/\/yoast.com\/product\/yoast-seo-wordpress\/ -->\n<title>Jovens fazem propostas contra desinforma\u00e7\u00e3o sobre vacina - Notibras<\/title>\n<meta name=\"robots\" content=\"index, follow, max-snippet:-1, max-image-preview:large, max-video-preview:-1\" \/>\n<link rel=\"canonical\" href=\"https:\/\/www.notibras.com\/site\/jovens-fazem-propostas-contra-desinformacao-sobre-vacina\/\" \/>\n<meta property=\"og:locale\" content=\"pt_BR\" \/>\n<meta property=\"og:type\" content=\"article\" \/>\n<meta property=\"og:title\" content=\"Jovens fazem propostas contra desinforma\u00e7\u00e3o sobre vacina - Notibras\" \/>\n<meta property=\"og:description\" content=\"Filha, essa informa\u00e7\u00e3o sobre a vacina est\u00e1 correta? A estudante Yamila Miranda, de 16 anos, ficou feliz quando ouviu a pergunta e a manifesta\u00e7\u00e3o de confian\u00e7a do pai. Ela, que est\u00e1 no 2\u00ba ano do ensino m\u00e9dio de uma escola p\u00fablica em Bras\u00edlia, lamenta que a fam\u00edlia e amigos recebam mensagens de desinforma\u00e7\u00e3o sobre sa\u00fade [&hellip;]\" \/>\n<meta property=\"og:url\" content=\"https:\/\/www.notibras.com\/site\/jovens-fazem-propostas-contra-desinformacao-sobre-vacina\/\" \/>\n<meta property=\"og:site_name\" content=\"Notibras\" \/>\n<meta property=\"article:publisher\" content=\"https:\/\/www.facebook.com\/notibras\/\" \/>\n<meta property=\"article:published_time\" content=\"2023-10-22T03:43:16+00:00\" \/>\n<meta property=\"article:modified_time\" content=\"2023-10-22T10:46:59+00:00\" \/>\n<meta property=\"og:image\" content=\"https:\/\/www.notibras.com\/site\/wp-content\/uploads\/2023\/10\/vacina.copntra.webp\" \/>\n\t<meta property=\"og:image:width\" content=\"1170\" \/>\n\t<meta property=\"og:image:height\" content=\"700\" \/>\n\t<meta property=\"og:image:type\" content=\"image\/webp\" \/>\n<meta name=\"author\" content=\"Reda\u00e7\u00e3o\" \/>\n<meta name=\"twitter:card\" content=\"summary_large_image\" \/>\n<meta name=\"twitter:creator\" content=\"@Notibras\" \/>\n<meta name=\"twitter:site\" content=\"@Notibras\" \/>\n<meta name=\"twitter:label1\" content=\"Escrito por\" \/>\n\t<meta name=\"twitter:data1\" content=\"Reda\u00e7\u00e3o\" \/>\n\t<meta name=\"twitter:label2\" content=\"Est. tempo de leitura\" \/>\n\t<meta name=\"twitter:data2\" content=\"6 minutos\" \/>\n<script type=\"application\/ld+json\" class=\"yoast-schema-graph\">{\"@context\":\"https:\/\/schema.org\",\"@graph\":[{\"@type\":\"Article\",\"@id\":\"https:\/\/www.notibras.com\/site\/jovens-fazem-propostas-contra-desinformacao-sobre-vacina\/#article\",\"isPartOf\":{\"@id\":\"https:\/\/www.notibras.com\/site\/jovens-fazem-propostas-contra-desinformacao-sobre-vacina\/\"},\"author\":{\"name\":\"Reda\u00e7\u00e3o\",\"@id\":\"https:\/\/www.notibras.com\/site\/#\/schema\/person\/36ab0979449956132d3e5b517ea76ac8\"},\"headline\":\"Jovens fazem propostas contra desinforma\u00e7\u00e3o sobre vacina\",\"datePublished\":\"2023-10-22T03:43:16+00:00\",\"dateModified\":\"2023-10-22T10:46:59+00:00\",\"mainEntityOfPage\":{\"@id\":\"https:\/\/www.notibras.com\/site\/jovens-fazem-propostas-contra-desinformacao-sobre-vacina\/\"},\"wordCount\":1069,\"publisher\":{\"@id\":\"https:\/\/www.notibras.com\/site\/#organization\"},\"image\":{\"@id\":\"https:\/\/www.notibras.com\/site\/jovens-fazem-propostas-contra-desinformacao-sobre-vacina\/#primaryimage\"},\"thumbnailUrl\":\"https:\/\/www.notibras.com\/site\/wp-content\/uploads\/2023\/10\/vacina.copntra.webp\",\"articleSection\":[\"Quadradinho em Foco\"],\"inLanguage\":\"pt-BR\"},{\"@type\":\"WebPage\",\"@id\":\"https:\/\/www.notibras.com\/site\/jovens-fazem-propostas-contra-desinformacao-sobre-vacina\/\",\"url\":\"https:\/\/www.notibras.com\/site\/jovens-fazem-propostas-contra-desinformacao-sobre-vacina\/\",\"name\":\"Jovens fazem propostas contra desinforma\u00e7\u00e3o sobre vacina - Notibras\",\"isPartOf\":{\"@id\":\"https:\/\/www.notibras.com\/site\/#website\"},\"primaryImageOfPage\":{\"@id\":\"https:\/\/www.notibras.com\/site\/jovens-fazem-propostas-contra-desinformacao-sobre-vacina\/#primaryimage\"},\"image\":{\"@id\":\"https:\/\/www.notibras.com\/site\/jovens-fazem-propostas-contra-desinformacao-sobre-vacina\/#primaryimage\"},\"thumbnailUrl\":\"https:\/\/www.notibras.com\/site\/wp-content\/uploads\/2023\/10\/vacina.copntra.webp\",\"datePublished\":\"2023-10-22T03:43:16+00:00\",\"dateModified\":\"2023-10-22T10:46:59+00:00\",\"breadcrumb\":{\"@id\":\"https:\/\/www.notibras.com\/site\/jovens-fazem-propostas-contra-desinformacao-sobre-vacina\/#breadcrumb\"},\"inLanguage\":\"pt-BR\",\"potentialAction\":[{\"@type\":\"ReadAction\",\"target\":[\"https:\/\/www.notibras.com\/site\/jovens-fazem-propostas-contra-desinformacao-sobre-vacina\/\"]}]},{\"@type\":\"ImageObject\",\"inLanguage\":\"pt-BR\",\"@id\":\"https:\/\/www.notibras.com\/site\/jovens-fazem-propostas-contra-desinformacao-sobre-vacina\/#primaryimage\",\"url\":\"https:\/\/www.notibras.com\/site\/wp-content\/uploads\/2023\/10\/vacina.copntra.webp\",\"contentUrl\":\"https:\/\/www.notibras.com\/site\/wp-content\/uploads\/2023\/10\/vacina.copntra.webp\",\"width\":1170,\"height\":700},{\"@type\":\"BreadcrumbList\",\"@id\":\"https:\/\/www.notibras.com\/site\/jovens-fazem-propostas-contra-desinformacao-sobre-vacina\/#breadcrumb\",\"itemListElement\":[{\"@type\":\"ListItem\",\"position\":1,\"name\":\"In\u00edcio\",\"item\":\"https:\/\/www.notibras.com\/site\/\"},{\"@type\":\"ListItem\",\"position\":2,\"name\":\"Jovens fazem propostas contra desinforma\u00e7\u00e3o sobre vacina\"}]},{\"@type\":\"WebSite\",\"@id\":\"https:\/\/www.notibras.com\/site\/#website\",\"url\":\"https:\/\/www.notibras.com\/site\/\",\"name\":\"Notibras\",\"description\":\"Not\u00edcias de Bras\u00edlia, do Brasil e do Mundo\",\"publisher\":{\"@id\":\"https:\/\/www.notibras.com\/site\/#organization\"},\"potentialAction\":[{\"@type\":\"SearchAction\",\"target\":{\"@type\":\"EntryPoint\",\"urlTemplate\":\"https:\/\/www.notibras.com\/site\/?s={search_term_string}\"},\"query-input\":{\"@type\":\"PropertyValueSpecification\",\"valueRequired\":true,\"valueName\":\"search_term_string\"}}],\"inLanguage\":\"pt-BR\"},{\"@type\":\"Organization\",\"@id\":\"https:\/\/www.notibras.com\/site\/#organization\",\"name\":\"Grupo Notibras de Comunica\u00e7\u00e3o\",\"url\":\"https:\/\/www.notibras.com\/site\/\",\"logo\":{\"@type\":\"ImageObject\",\"inLanguage\":\"pt-BR\",\"@id\":\"https:\/\/www.notibras.com\/site\/#\/schema\/logo\/image\/\",\"url\":\"https:\/\/www.notibras.com\/site\/wp-content\/uploads\/2023\/01\/notibras23.png\",\"contentUrl\":\"https:\/\/www.notibras.com\/site\/wp-content\/uploads\/2023\/01\/notibras23.png\",\"width\":350,\"height\":87,\"caption\":\"Grupo Notibras de Comunica\u00e7\u00e3o\"},\"image\":{\"@id\":\"https:\/\/www.notibras.com\/site\/#\/schema\/logo\/image\/\"},\"sameAs\":[\"https:\/\/www.facebook.com\/notibras\/\",\"https:\/\/x.com\/Notibras\",\"https:\/\/www.instagram.com\/notibras\/\"]},{\"@type\":\"Person\",\"@id\":\"https:\/\/www.notibras.com\/site\/#\/schema\/person\/36ab0979449956132d3e5b517ea76ac8\",\"name\":\"Reda\u00e7\u00e3o\",\"image\":{\"@type\":\"ImageObject\",\"inLanguage\":\"pt-BR\",\"@id\":\"https:\/\/secure.gravatar.com\/avatar\/e0a867bdedb85fd243eadf09663511f96fc81e0720a4a42581f334ad4303aa6b?s=96&d=mm&r=g\",\"url\":\"https:\/\/secure.gravatar.com\/avatar\/e0a867bdedb85fd243eadf09663511f96fc81e0720a4a42581f334ad4303aa6b?s=96&d=mm&r=g\",\"contentUrl\":\"https:\/\/secure.gravatar.com\/avatar\/e0a867bdedb85fd243eadf09663511f96fc81e0720a4a42581f334ad4303aa6b?s=96&d=mm&r=g\",\"caption\":\"Reda\u00e7\u00e3o\"}}]}<\/script>\n<!-- \/ Yoast SEO plugin. -->","yoast_head_json":{"title":"Jovens fazem propostas contra desinforma\u00e7\u00e3o sobre vacina - Notibras","robots":{"index":"index","follow":"follow","max-snippet":"max-snippet:-1","max-image-preview":"max-image-preview:large","max-video-preview":"max-video-preview:-1"},"canonical":"https:\/\/www.notibras.com\/site\/jovens-fazem-propostas-contra-desinformacao-sobre-vacina\/","og_locale":"pt_BR","og_type":"article","og_title":"Jovens fazem propostas contra desinforma\u00e7\u00e3o sobre vacina - Notibras","og_description":"Filha, essa informa\u00e7\u00e3o sobre a vacina est\u00e1 correta? A estudante Yamila Miranda, de 16 anos, ficou feliz quando ouviu a pergunta e a manifesta\u00e7\u00e3o de confian\u00e7a do pai. Ela, que est\u00e1 no 2\u00ba ano do ensino m\u00e9dio de uma escola p\u00fablica em Bras\u00edlia, lamenta que a fam\u00edlia e amigos recebam mensagens de desinforma\u00e7\u00e3o sobre sa\u00fade [&hellip;]","og_url":"https:\/\/www.notibras.com\/site\/jovens-fazem-propostas-contra-desinformacao-sobre-vacina\/","og_site_name":"Notibras","article_publisher":"https:\/\/www.facebook.com\/notibras\/","article_published_time":"2023-10-22T03:43:16+00:00","article_modified_time":"2023-10-22T10:46:59+00:00","og_image":[{"width":1170,"height":700,"url":"https:\/\/www.notibras.com\/site\/wp-content\/uploads\/2023\/10\/vacina.copntra.webp","type":"image\/webp"}],"author":"Reda\u00e7\u00e3o","twitter_card":"summary_large_image","twitter_creator":"@Notibras","twitter_site":"@Notibras","twitter_misc":{"Escrito por":"Reda\u00e7\u00e3o","Est. tempo de leitura":"6 minutos"},"schema":{"@context":"https:\/\/schema.org","@graph":[{"@type":"Article","@id":"https:\/\/www.notibras.com\/site\/jovens-fazem-propostas-contra-desinformacao-sobre-vacina\/#article","isPartOf":{"@id":"https:\/\/www.notibras.com\/site\/jovens-fazem-propostas-contra-desinformacao-sobre-vacina\/"},"author":{"name":"Reda\u00e7\u00e3o","@id":"https:\/\/www.notibras.com\/site\/#\/schema\/person\/36ab0979449956132d3e5b517ea76ac8"},"headline":"Jovens fazem propostas contra desinforma\u00e7\u00e3o sobre vacina","datePublished":"2023-10-22T03:43:16+00:00","dateModified":"2023-10-22T10:46:59+00:00","mainEntityOfPage":{"@id":"https:\/\/www.notibras.com\/site\/jovens-fazem-propostas-contra-desinformacao-sobre-vacina\/"},"wordCount":1069,"publisher":{"@id":"https:\/\/www.notibras.com\/site\/#organization"},"image":{"@id":"https:\/\/www.notibras.com\/site\/jovens-fazem-propostas-contra-desinformacao-sobre-vacina\/#primaryimage"},"thumbnailUrl":"https:\/\/www.notibras.com\/site\/wp-content\/uploads\/2023\/10\/vacina.copntra.webp","articleSection":["Quadradinho em Foco"],"inLanguage":"pt-BR"},{"@type":"WebPage","@id":"https:\/\/www.notibras.com\/site\/jovens-fazem-propostas-contra-desinformacao-sobre-vacina\/","url":"https:\/\/www.notibras.com\/site\/jovens-fazem-propostas-contra-desinformacao-sobre-vacina\/","name":"Jovens fazem propostas contra desinforma\u00e7\u00e3o sobre vacina - Notibras","isPartOf":{"@id":"https:\/\/www.notibras.com\/site\/#website"},"primaryImageOfPage":{"@id":"https:\/\/www.notibras.com\/site\/jovens-fazem-propostas-contra-desinformacao-sobre-vacina\/#primaryimage"},"image":{"@id":"https:\/\/www.notibras.com\/site\/jovens-fazem-propostas-contra-desinformacao-sobre-vacina\/#primaryimage"},"thumbnailUrl":"https:\/\/www.notibras.com\/site\/wp-content\/uploads\/2023\/10\/vacina.copntra.webp","datePublished":"2023-10-22T03:43:16+00:00","dateModified":"2023-10-22T10:46:59+00:00","breadcrumb":{"@id":"https:\/\/www.notibras.com\/site\/jovens-fazem-propostas-contra-desinformacao-sobre-vacina\/#breadcrumb"},"inLanguage":"pt-BR","potentialAction":[{"@type":"ReadAction","target":["https:\/\/www.notibras.com\/site\/jovens-fazem-propostas-contra-desinformacao-sobre-vacina\/"]}]},{"@type":"ImageObject","inLanguage":"pt-BR","@id":"https:\/\/www.notibras.com\/site\/jovens-fazem-propostas-contra-desinformacao-sobre-vacina\/#primaryimage","url":"https:\/\/www.notibras.com\/site\/wp-content\/uploads\/2023\/10\/vacina.copntra.webp","contentUrl":"https:\/\/www.notibras.com\/site\/wp-content\/uploads\/2023\/10\/vacina.copntra.webp","width":1170,"height":700},{"@type":"BreadcrumbList","@id":"https:\/\/www.notibras.com\/site\/jovens-fazem-propostas-contra-desinformacao-sobre-vacina\/#breadcrumb","itemListElement":[{"@type":"ListItem","position":1,"name":"In\u00edcio","item":"https:\/\/www.notibras.com\/site\/"},{"@type":"ListItem","position":2,"name":"Jovens fazem propostas contra desinforma\u00e7\u00e3o sobre vacina"}]},{"@type":"WebSite","@id":"https:\/\/www.notibras.com\/site\/#website","url":"https:\/\/www.notibras.com\/site\/","name":"Notibras","description":"Not\u00edcias de Bras\u00edlia, do Brasil e do Mundo","publisher":{"@id":"https:\/\/www.notibras.com\/site\/#organization"},"potentialAction":[{"@type":"SearchAction","target":{"@type":"EntryPoint","urlTemplate":"https:\/\/www.notibras.com\/site\/?s={search_term_string}"},"query-input":{"@type":"PropertyValueSpecification","valueRequired":true,"valueName":"search_term_string"}}],"inLanguage":"pt-BR"},{"@type":"Organization","@id":"https:\/\/www.notibras.com\/site\/#organization","name":"Grupo Notibras de Comunica\u00e7\u00e3o","url":"https:\/\/www.notibras.com\/site\/","logo":{"@type":"ImageObject","inLanguage":"pt-BR","@id":"https:\/\/www.notibras.com\/site\/#\/schema\/logo\/image\/","url":"https:\/\/www.notibras.com\/site\/wp-content\/uploads\/2023\/01\/notibras23.png","contentUrl":"https:\/\/www.notibras.com\/site\/wp-content\/uploads\/2023\/01\/notibras23.png","width":350,"height":87,"caption":"Grupo Notibras de Comunica\u00e7\u00e3o"},"image":{"@id":"https:\/\/www.notibras.com\/site\/#\/schema\/logo\/image\/"},"sameAs":["https:\/\/www.facebook.com\/notibras\/","https:\/\/x.com\/Notibras","https:\/\/www.instagram.com\/notibras\/"]},{"@type":"Person","@id":"https:\/\/www.notibras.com\/site\/#\/schema\/person\/36ab0979449956132d3e5b517ea76ac8","name":"Reda\u00e7\u00e3o","image":{"@type":"ImageObject","inLanguage":"pt-BR","@id":"https:\/\/secure.gravatar.com\/avatar\/e0a867bdedb85fd243eadf09663511f96fc81e0720a4a42581f334ad4303aa6b?s=96&d=mm&r=g","url":"https:\/\/secure.gravatar.com\/avatar\/e0a867bdedb85fd243eadf09663511f96fc81e0720a4a42581f334ad4303aa6b?s=96&d=mm&r=g","contentUrl":"https:\/\/secure.gravatar.com\/avatar\/e0a867bdedb85fd243eadf09663511f96fc81e0720a4a42581f334ad4303aa6b?s=96&d=mm&r=g","caption":"Reda\u00e7\u00e3o"}}]}},"amp_enabled":true,"_links":{"self":[{"href":"https:\/\/www.notibras.com\/site\/wp-json\/wp\/v2\/posts\/315175","targetHints":{"allow":["GET"]}}],"collection":[{"href":"https:\/\/www.notibras.com\/site\/wp-json\/wp\/v2\/posts"}],"about":[{"href":"https:\/\/www.notibras.com\/site\/wp-json\/wp\/v2\/types\/post"}],"author":[{"embeddable":true,"href":"https:\/\/www.notibras.com\/site\/wp-json\/wp\/v2\/users\/2"}],"replies":[{"embeddable":true,"href":"https:\/\/www.notibras.com\/site\/wp-json\/wp\/v2\/comments?post=315175"}],"version-history":[{"count":1,"href":"https:\/\/www.notibras.com\/site\/wp-json\/wp\/v2\/posts\/315175\/revisions"}],"predecessor-version":[{"id":315177,"href":"https:\/\/www.notibras.com\/site\/wp-json\/wp\/v2\/posts\/315175\/revisions\/315177"}],"wp:featuredmedia":[{"embeddable":true,"href":"https:\/\/www.notibras.com\/site\/wp-json\/wp\/v2\/media\/315176"}],"wp:attachment":[{"href":"https:\/\/www.notibras.com\/site\/wp-json\/wp\/v2\/media?parent=315175"}],"wp:term":[{"taxonomy":"category","embeddable":true,"href":"https:\/\/www.notibras.com\/site\/wp-json\/wp\/v2\/categories?post=315175"},{"taxonomy":"post_tag","embeddable":true,"href":"https:\/\/www.notibras.com\/site\/wp-json\/wp\/v2\/tags?post=315175"}],"curies":[{"name":"wp","href":"https:\/\/api.w.org\/{rel}","templated":true}]}}