{"id":315178,"date":"2023-10-22T00:08:19","date_gmt":"2023-10-22T03:08:19","guid":{"rendered":"https:\/\/www.notibras.com\/site\/?p=315178"},"modified":"2023-10-22T07:50:58","modified_gmt":"2023-10-22T10:50:58","slug":"tribunal-coloca-saude-contra-parede-com-alta-de-furtos","status":"publish","type":"post","link":"https:\/\/www.notibras.com\/site\/tribunal-coloca-saude-contra-parede-com-alta-de-furtos\/","title":{"rendered":"Tribunal coloca Sa\u00fade contra parede com alta de furtos"},"content":{"rendered":"<p>O Tribunal de Contas do Distrito Federal deu um prazo de 15 dias para que o Instituto de Gest\u00e3o Estrat\u00e9gica de Sa\u00fade do Distrito Federal (IGESDF) apresente esclarecimentos sobre supostos furtos recorrentes em unidades administradas pelo IGESDF. O instituto tamb\u00e9m deve informar quais medidas preventivas vem tomando para impedir essas ocorr\u00eancias. A empresa Visa Seguran\u00e7a Privada Ltda, que presta servi\u00e7os de vigil\u00e2ncia ostensiva armada e desarmada para o IGESDF, tamb\u00e9m deve se manifestar.<\/p>\n<p>De acordo com uma representa\u00e7\u00e3o em an\u00e1lise no TCDF, um aparelho de colonoscopia e tr\u00eas duodenosc\u00f3pios, instrumentos destinados \u00e0 visualiza\u00e7\u00e3o do interior do duodeno, teriam sido furtados no Hospital de Base do DF. Conforme apura a Corte de Contas, h\u00e1 poss\u00edveis falhas no controle de acesso e seguran\u00e7a da sala onde os dispositivos estariam armazenados; aus\u00eancia de controle de uso; falta de chaves na porta da sala desses equipamentos.<\/p>\n<p>Por meio de manifesta\u00e7\u00e3o da Ger\u00eancia Operacional, o IGESDF reconheceu que n\u00e3o existe trancas nas salas onde ficam os equipamentos e medicamentos. Tamb\u00e9m afirmou que n\u00e3o \u00e9 executada revista visual nas unidades de sa\u00fade sob responsabilidade do instituto. O \u00f3rg\u00e3o ainda reconhece a necessidade de maior controle de estoque. Segundo o documento da unidade, s\u00e3o comuns relatos de furtos em unidades do IGESDF, a exemplo de uma bomba de infus\u00e3o e de enxovais alugados. Em levantamento considerando apenas o per\u00edodo de dezembro de 2021 a maio de 2022, o IGESDF teve um preju\u00edzo de R$ 97.864,37 para indenizar a empresa respons\u00e1vel pelo fornecimento dos enxovais que sumiram em unidades de pronto atendimento.<\/p>\n<p>J\u00e1 a Coordena\u00e7\u00e3o de Corregedoria do instituto confirma que j\u00e1 foram recebidas den\u00fancias de furto de medicamentos, de equipamentos, de computadores e de insumos hospitalares.<\/p>\n<p>Atualmente, o IGESDF faz a gest\u00e3o do Hospital de Base e do Hospital Regional de Santa Maria, al\u00e9m das unidades de pronto atendimento (UPAs) de Brazl\u00e2ndia, de Ceil\u00e2ndia, do Gama, do N\u00facleo Bandeirante, do Parano\u00e1, de Planaltina, do Recanto das Emas, do Riacho Fundo II, de Samambaia, de S\u00e3o Sebasti\u00e3o, de Sobradinho e de Vicente Pires.<\/p>\n<p>De acordo com as apura\u00e7\u00f5es em curso no Tribunal de Contas, o furto de equipamentos e medicamentos nas imedia\u00e7\u00f5es hospitalares das unidades administradas pelo IGESDF n\u00e3o s\u00e3o casos isolados e as medidas tomadas n\u00e3o t\u00eam sido suficientes para sanar a situa\u00e7\u00e3o. Por esse motivo, o Plen\u00e1rio da Corte acolheu, por unanimidade, o voto do relator para solicitar manifesta\u00e7\u00e3o do IGESDF no prazo de 15 dias. A decis\u00e3o ocorreu na sess\u00e3o plen\u00e1ria da \u00faltima quarta-feira, dia 18 de outubro (Processo n\u00ba 00600-00013009\/2023-15-e).<\/p>\n","protected":false},"excerpt":{"rendered":"<p>O Tribunal de Contas do Distrito Federal deu um prazo de 15 dias para que o Instituto de Gest\u00e3o Estrat\u00e9gica de Sa\u00fade do Distrito Federal (IGESDF) apresente esclarecimentos sobre supostos furtos recorrentes em unidades administradas pelo IGESDF. O instituto tamb\u00e9m deve informar quais medidas preventivas vem tomando para impedir essas ocorr\u00eancias. A empresa Visa Seguran\u00e7a [&hellip;]<\/p>\n","protected":false},"author":2,"featured_media":211613,"comment_status":"closed","ping_status":"closed","sticky":false,"template":"","format":"standard","meta":{"_acf_changed":false,"footnotes":""},"categories":[161],"tags":[],"class_list":["post-315178","post","type-post","status-publish","format-standard","has-post-thumbnail","hentry","category-quadradinho-em-foco"],"acf":[],"yoast_head":"<!-- This site is optimized with the Yoast SEO plugin v27.2 - https:\/\/yoast.com\/product\/yoast-seo-wordpress\/ -->\n<title>Tribunal coloca Sa\u00fade contra parede com alta de furtos - Notibras<\/title>\n<meta name=\"robots\" content=\"index, follow, max-snippet:-1, max-image-preview:large, max-video-preview:-1\" \/>\n<link rel=\"canonical\" href=\"https:\/\/www.notibras.com\/site\/tribunal-coloca-saude-contra-parede-com-alta-de-furtos\/\" \/>\n<meta property=\"og:locale\" content=\"pt_BR\" \/>\n<meta property=\"og:type\" content=\"article\" \/>\n<meta property=\"og:title\" content=\"Tribunal coloca Sa\u00fade contra parede com alta de furtos - Notibras\" \/>\n<meta property=\"og:description\" content=\"O Tribunal de Contas do Distrito Federal deu um prazo de 15 dias para que o Instituto de Gest\u00e3o Estrat\u00e9gica de Sa\u00fade do Distrito Federal (IGESDF) apresente esclarecimentos sobre supostos furtos recorrentes em unidades administradas pelo IGESDF. O instituto tamb\u00e9m deve informar quais medidas preventivas vem tomando para impedir essas ocorr\u00eancias. A empresa Visa Seguran\u00e7a [&hellip;]\" \/>\n<meta property=\"og:url\" content=\"https:\/\/www.notibras.com\/site\/tribunal-coloca-saude-contra-parede-com-alta-de-furtos\/\" \/>\n<meta property=\"og:site_name\" content=\"Notibras\" \/>\n<meta property=\"article:publisher\" content=\"https:\/\/www.facebook.com\/notibras\/\" \/>\n<meta property=\"article:published_time\" content=\"2023-10-22T03:08:19+00:00\" \/>\n<meta property=\"article:modified_time\" content=\"2023-10-22T10:50:58+00:00\" \/>\n<meta property=\"og:image\" content=\"https:\/\/www.notibras.com\/site\/wp-content\/uploads\/2019\/07\/hospital-de-base-17.jpg\" \/>\n\t<meta property=\"og:image:width\" content=\"768\" \/>\n\t<meta property=\"og:image:height\" content=\"512\" \/>\n\t<meta property=\"og:image:type\" content=\"image\/jpeg\" \/>\n<meta name=\"author\" content=\"Reda\u00e7\u00e3o\" \/>\n<meta name=\"twitter:card\" content=\"summary_large_image\" \/>\n<meta name=\"twitter:creator\" content=\"@Notibras\" \/>\n<meta name=\"twitter:site\" content=\"@Notibras\" \/>\n<meta name=\"twitter:label1\" content=\"Escrito por\" \/>\n\t<meta name=\"twitter:data1\" content=\"Reda\u00e7\u00e3o\" \/>\n\t<meta name=\"twitter:label2\" content=\"Est. tempo de leitura\" \/>\n\t<meta name=\"twitter:data2\" content=\"3 minutos\" \/>\n<script type=\"application\/ld+json\" class=\"yoast-schema-graph\">{\"@context\":\"https:\/\/schema.org\",\"@graph\":[{\"@type\":\"Article\",\"@id\":\"https:\/\/www.notibras.com\/site\/tribunal-coloca-saude-contra-parede-com-alta-de-furtos\/#article\",\"isPartOf\":{\"@id\":\"https:\/\/www.notibras.com\/site\/tribunal-coloca-saude-contra-parede-com-alta-de-furtos\/\"},\"author\":{\"name\":\"Reda\u00e7\u00e3o\",\"@id\":\"https:\/\/www.notibras.com\/site\/#\/schema\/person\/36ab0979449956132d3e5b517ea76ac8\"},\"headline\":\"Tribunal coloca Sa\u00fade contra parede com alta de furtos\",\"datePublished\":\"2023-10-22T03:08:19+00:00\",\"dateModified\":\"2023-10-22T10:50:58+00:00\",\"mainEntityOfPage\":{\"@id\":\"https:\/\/www.notibras.com\/site\/tribunal-coloca-saude-contra-parede-com-alta-de-furtos\/\"},\"wordCount\":470,\"publisher\":{\"@id\":\"https:\/\/www.notibras.com\/site\/#organization\"},\"image\":{\"@id\":\"https:\/\/www.notibras.com\/site\/tribunal-coloca-saude-contra-parede-com-alta-de-furtos\/#primaryimage\"},\"thumbnailUrl\":\"https:\/\/www.notibras.com\/site\/wp-content\/uploads\/2019\/07\/hospital-de-base-17.jpg\",\"articleSection\":[\"Quadradinho em Foco\"],\"inLanguage\":\"pt-BR\"},{\"@type\":\"WebPage\",\"@id\":\"https:\/\/www.notibras.com\/site\/tribunal-coloca-saude-contra-parede-com-alta-de-furtos\/\",\"url\":\"https:\/\/www.notibras.com\/site\/tribunal-coloca-saude-contra-parede-com-alta-de-furtos\/\",\"name\":\"Tribunal coloca Sa\u00fade contra parede com alta de furtos - Notibras\",\"isPartOf\":{\"@id\":\"https:\/\/www.notibras.com\/site\/#website\"},\"primaryImageOfPage\":{\"@id\":\"https:\/\/www.notibras.com\/site\/tribunal-coloca-saude-contra-parede-com-alta-de-furtos\/#primaryimage\"},\"image\":{\"@id\":\"https:\/\/www.notibras.com\/site\/tribunal-coloca-saude-contra-parede-com-alta-de-furtos\/#primaryimage\"},\"thumbnailUrl\":\"https:\/\/www.notibras.com\/site\/wp-content\/uploads\/2019\/07\/hospital-de-base-17.jpg\",\"datePublished\":\"2023-10-22T03:08:19+00:00\",\"dateModified\":\"2023-10-22T10:50:58+00:00\",\"breadcrumb\":{\"@id\":\"https:\/\/www.notibras.com\/site\/tribunal-coloca-saude-contra-parede-com-alta-de-furtos\/#breadcrumb\"},\"inLanguage\":\"pt-BR\",\"potentialAction\":[{\"@type\":\"ReadAction\",\"target\":[\"https:\/\/www.notibras.com\/site\/tribunal-coloca-saude-contra-parede-com-alta-de-furtos\/\"]}]},{\"@type\":\"ImageObject\",\"inLanguage\":\"pt-BR\",\"@id\":\"https:\/\/www.notibras.com\/site\/tribunal-coloca-saude-contra-parede-com-alta-de-furtos\/#primaryimage\",\"url\":\"https:\/\/www.notibras.com\/site\/wp-content\/uploads\/2019\/07\/hospital-de-base-17.jpg\",\"contentUrl\":\"https:\/\/www.notibras.com\/site\/wp-content\/uploads\/2019\/07\/hospital-de-base-17.jpg\",\"width\":768,\"height\":512},{\"@type\":\"BreadcrumbList\",\"@id\":\"https:\/\/www.notibras.com\/site\/tribunal-coloca-saude-contra-parede-com-alta-de-furtos\/#breadcrumb\",\"itemListElement\":[{\"@type\":\"ListItem\",\"position\":1,\"name\":\"In\u00edcio\",\"item\":\"https:\/\/www.notibras.com\/site\/\"},{\"@type\":\"ListItem\",\"position\":2,\"name\":\"Tribunal coloca Sa\u00fade contra parede com alta de furtos\"}]},{\"@type\":\"WebSite\",\"@id\":\"https:\/\/www.notibras.com\/site\/#website\",\"url\":\"https:\/\/www.notibras.com\/site\/\",\"name\":\"Notibras\",\"description\":\"Not\u00edcias de Bras\u00edlia, do Brasil e do Mundo\",\"publisher\":{\"@id\":\"https:\/\/www.notibras.com\/site\/#organization\"},\"potentialAction\":[{\"@type\":\"SearchAction\",\"target\":{\"@type\":\"EntryPoint\",\"urlTemplate\":\"https:\/\/www.notibras.com\/site\/?s={search_term_string}\"},\"query-input\":{\"@type\":\"PropertyValueSpecification\",\"valueRequired\":true,\"valueName\":\"search_term_string\"}}],\"inLanguage\":\"pt-BR\"},{\"@type\":\"Organization\",\"@id\":\"https:\/\/www.notibras.com\/site\/#organization\",\"name\":\"Grupo Notibras de Comunica\u00e7\u00e3o\",\"url\":\"https:\/\/www.notibras.com\/site\/\",\"logo\":{\"@type\":\"ImageObject\",\"inLanguage\":\"pt-BR\",\"@id\":\"https:\/\/www.notibras.com\/site\/#\/schema\/logo\/image\/\",\"url\":\"https:\/\/www.notibras.com\/site\/wp-content\/uploads\/2023\/01\/notibras23.png\",\"contentUrl\":\"https:\/\/www.notibras.com\/site\/wp-content\/uploads\/2023\/01\/notibras23.png\",\"width\":350,\"height\":87,\"caption\":\"Grupo Notibras de Comunica\u00e7\u00e3o\"},\"image\":{\"@id\":\"https:\/\/www.notibras.com\/site\/#\/schema\/logo\/image\/\"},\"sameAs\":[\"https:\/\/www.facebook.com\/notibras\/\",\"https:\/\/x.com\/Notibras\",\"https:\/\/www.instagram.com\/notibras\/\"]},{\"@type\":\"Person\",\"@id\":\"https:\/\/www.notibras.com\/site\/#\/schema\/person\/36ab0979449956132d3e5b517ea76ac8\",\"name\":\"Reda\u00e7\u00e3o\",\"image\":{\"@type\":\"ImageObject\",\"inLanguage\":\"pt-BR\",\"@id\":\"https:\/\/secure.gravatar.com\/avatar\/e0a867bdedb85fd243eadf09663511f96fc81e0720a4a42581f334ad4303aa6b?s=96&d=mm&r=g\",\"url\":\"https:\/\/secure.gravatar.com\/avatar\/e0a867bdedb85fd243eadf09663511f96fc81e0720a4a42581f334ad4303aa6b?s=96&d=mm&r=g\",\"contentUrl\":\"https:\/\/secure.gravatar.com\/avatar\/e0a867bdedb85fd243eadf09663511f96fc81e0720a4a42581f334ad4303aa6b?s=96&d=mm&r=g\",\"caption\":\"Reda\u00e7\u00e3o\"}}]}<\/script>\n<!-- \/ Yoast SEO plugin. -->","yoast_head_json":{"title":"Tribunal coloca Sa\u00fade contra parede com alta de furtos - Notibras","robots":{"index":"index","follow":"follow","max-snippet":"max-snippet:-1","max-image-preview":"max-image-preview:large","max-video-preview":"max-video-preview:-1"},"canonical":"https:\/\/www.notibras.com\/site\/tribunal-coloca-saude-contra-parede-com-alta-de-furtos\/","og_locale":"pt_BR","og_type":"article","og_title":"Tribunal coloca Sa\u00fade contra parede com alta de furtos - Notibras","og_description":"O Tribunal de Contas do Distrito Federal deu um prazo de 15 dias para que o Instituto de Gest\u00e3o Estrat\u00e9gica de Sa\u00fade do Distrito Federal (IGESDF) apresente esclarecimentos sobre supostos furtos recorrentes em unidades administradas pelo IGESDF. O instituto tamb\u00e9m deve informar quais medidas preventivas vem tomando para impedir essas ocorr\u00eancias. A empresa Visa Seguran\u00e7a [&hellip;]","og_url":"https:\/\/www.notibras.com\/site\/tribunal-coloca-saude-contra-parede-com-alta-de-furtos\/","og_site_name":"Notibras","article_publisher":"https:\/\/www.facebook.com\/notibras\/","article_published_time":"2023-10-22T03:08:19+00:00","article_modified_time":"2023-10-22T10:50:58+00:00","og_image":[{"width":768,"height":512,"url":"https:\/\/www.notibras.com\/site\/wp-content\/uploads\/2019\/07\/hospital-de-base-17.jpg","type":"image\/jpeg"}],"author":"Reda\u00e7\u00e3o","twitter_card":"summary_large_image","twitter_creator":"@Notibras","twitter_site":"@Notibras","twitter_misc":{"Escrito por":"Reda\u00e7\u00e3o","Est. tempo de leitura":"3 minutos"},"schema":{"@context":"https:\/\/schema.org","@graph":[{"@type":"Article","@id":"https:\/\/www.notibras.com\/site\/tribunal-coloca-saude-contra-parede-com-alta-de-furtos\/#article","isPartOf":{"@id":"https:\/\/www.notibras.com\/site\/tribunal-coloca-saude-contra-parede-com-alta-de-furtos\/"},"author":{"name":"Reda\u00e7\u00e3o","@id":"https:\/\/www.notibras.com\/site\/#\/schema\/person\/36ab0979449956132d3e5b517ea76ac8"},"headline":"Tribunal coloca Sa\u00fade contra parede com alta de furtos","datePublished":"2023-10-22T03:08:19+00:00","dateModified":"2023-10-22T10:50:58+00:00","mainEntityOfPage":{"@id":"https:\/\/www.notibras.com\/site\/tribunal-coloca-saude-contra-parede-com-alta-de-furtos\/"},"wordCount":470,"publisher":{"@id":"https:\/\/www.notibras.com\/site\/#organization"},"image":{"@id":"https:\/\/www.notibras.com\/site\/tribunal-coloca-saude-contra-parede-com-alta-de-furtos\/#primaryimage"},"thumbnailUrl":"https:\/\/www.notibras.com\/site\/wp-content\/uploads\/2019\/07\/hospital-de-base-17.jpg","articleSection":["Quadradinho em Foco"],"inLanguage":"pt-BR"},{"@type":"WebPage","@id":"https:\/\/www.notibras.com\/site\/tribunal-coloca-saude-contra-parede-com-alta-de-furtos\/","url":"https:\/\/www.notibras.com\/site\/tribunal-coloca-saude-contra-parede-com-alta-de-furtos\/","name":"Tribunal coloca Sa\u00fade contra parede com alta de furtos - Notibras","isPartOf":{"@id":"https:\/\/www.notibras.com\/site\/#website"},"primaryImageOfPage":{"@id":"https:\/\/www.notibras.com\/site\/tribunal-coloca-saude-contra-parede-com-alta-de-furtos\/#primaryimage"},"image":{"@id":"https:\/\/www.notibras.com\/site\/tribunal-coloca-saude-contra-parede-com-alta-de-furtos\/#primaryimage"},"thumbnailUrl":"https:\/\/www.notibras.com\/site\/wp-content\/uploads\/2019\/07\/hospital-de-base-17.jpg","datePublished":"2023-10-22T03:08:19+00:00","dateModified":"2023-10-22T10:50:58+00:00","breadcrumb":{"@id":"https:\/\/www.notibras.com\/site\/tribunal-coloca-saude-contra-parede-com-alta-de-furtos\/#breadcrumb"},"inLanguage":"pt-BR","potentialAction":[{"@type":"ReadAction","target":["https:\/\/www.notibras.com\/site\/tribunal-coloca-saude-contra-parede-com-alta-de-furtos\/"]}]},{"@type":"ImageObject","inLanguage":"pt-BR","@id":"https:\/\/www.notibras.com\/site\/tribunal-coloca-saude-contra-parede-com-alta-de-furtos\/#primaryimage","url":"https:\/\/www.notibras.com\/site\/wp-content\/uploads\/2019\/07\/hospital-de-base-17.jpg","contentUrl":"https:\/\/www.notibras.com\/site\/wp-content\/uploads\/2019\/07\/hospital-de-base-17.jpg","width":768,"height":512},{"@type":"BreadcrumbList","@id":"https:\/\/www.notibras.com\/site\/tribunal-coloca-saude-contra-parede-com-alta-de-furtos\/#breadcrumb","itemListElement":[{"@type":"ListItem","position":1,"name":"In\u00edcio","item":"https:\/\/www.notibras.com\/site\/"},{"@type":"ListItem","position":2,"name":"Tribunal coloca Sa\u00fade contra parede com alta de furtos"}]},{"@type":"WebSite","@id":"https:\/\/www.notibras.com\/site\/#website","url":"https:\/\/www.notibras.com\/site\/","name":"Notibras","description":"Not\u00edcias de Bras\u00edlia, do Brasil e do Mundo","publisher":{"@id":"https:\/\/www.notibras.com\/site\/#organization"},"potentialAction":[{"@type":"SearchAction","target":{"@type":"EntryPoint","urlTemplate":"https:\/\/www.notibras.com\/site\/?s={search_term_string}"},"query-input":{"@type":"PropertyValueSpecification","valueRequired":true,"valueName":"search_term_string"}}],"inLanguage":"pt-BR"},{"@type":"Organization","@id":"https:\/\/www.notibras.com\/site\/#organization","name":"Grupo Notibras de Comunica\u00e7\u00e3o","url":"https:\/\/www.notibras.com\/site\/","logo":{"@type":"ImageObject","inLanguage":"pt-BR","@id":"https:\/\/www.notibras.com\/site\/#\/schema\/logo\/image\/","url":"https:\/\/www.notibras.com\/site\/wp-content\/uploads\/2023\/01\/notibras23.png","contentUrl":"https:\/\/www.notibras.com\/site\/wp-content\/uploads\/2023\/01\/notibras23.png","width":350,"height":87,"caption":"Grupo Notibras de Comunica\u00e7\u00e3o"},"image":{"@id":"https:\/\/www.notibras.com\/site\/#\/schema\/logo\/image\/"},"sameAs":["https:\/\/www.facebook.com\/notibras\/","https:\/\/x.com\/Notibras","https:\/\/www.instagram.com\/notibras\/"]},{"@type":"Person","@id":"https:\/\/www.notibras.com\/site\/#\/schema\/person\/36ab0979449956132d3e5b517ea76ac8","name":"Reda\u00e7\u00e3o","image":{"@type":"ImageObject","inLanguage":"pt-BR","@id":"https:\/\/secure.gravatar.com\/avatar\/e0a867bdedb85fd243eadf09663511f96fc81e0720a4a42581f334ad4303aa6b?s=96&d=mm&r=g","url":"https:\/\/secure.gravatar.com\/avatar\/e0a867bdedb85fd243eadf09663511f96fc81e0720a4a42581f334ad4303aa6b?s=96&d=mm&r=g","contentUrl":"https:\/\/secure.gravatar.com\/avatar\/e0a867bdedb85fd243eadf09663511f96fc81e0720a4a42581f334ad4303aa6b?s=96&d=mm&r=g","caption":"Reda\u00e7\u00e3o"}}]}},"amp_enabled":true,"_links":{"self":[{"href":"https:\/\/www.notibras.com\/site\/wp-json\/wp\/v2\/posts\/315178","targetHints":{"allow":["GET"]}}],"collection":[{"href":"https:\/\/www.notibras.com\/site\/wp-json\/wp\/v2\/posts"}],"about":[{"href":"https:\/\/www.notibras.com\/site\/wp-json\/wp\/v2\/types\/post"}],"author":[{"embeddable":true,"href":"https:\/\/www.notibras.com\/site\/wp-json\/wp\/v2\/users\/2"}],"replies":[{"embeddable":true,"href":"https:\/\/www.notibras.com\/site\/wp-json\/wp\/v2\/comments?post=315178"}],"version-history":[{"count":1,"href":"https:\/\/www.notibras.com\/site\/wp-json\/wp\/v2\/posts\/315178\/revisions"}],"predecessor-version":[{"id":315179,"href":"https:\/\/www.notibras.com\/site\/wp-json\/wp\/v2\/posts\/315178\/revisions\/315179"}],"wp:featuredmedia":[{"embeddable":true,"href":"https:\/\/www.notibras.com\/site\/wp-json\/wp\/v2\/media\/211613"}],"wp:attachment":[{"href":"https:\/\/www.notibras.com\/site\/wp-json\/wp\/v2\/media?parent=315178"}],"wp:term":[{"taxonomy":"category","embeddable":true,"href":"https:\/\/www.notibras.com\/site\/wp-json\/wp\/v2\/categories?post=315178"},{"taxonomy":"post_tag","embeddable":true,"href":"https:\/\/www.notibras.com\/site\/wp-json\/wp\/v2\/tags?post=315178"}],"curies":[{"name":"wp","href":"https:\/\/api.w.org\/{rel}","templated":true}]}}