{"id":315180,"date":"2023-10-22T08:28:38","date_gmt":"2023-10-22T11:28:38","guid":{"rendered":"https:\/\/www.notibras.com\/site\/?p=315180"},"modified":"2023-10-22T08:28:38","modified_gmt":"2023-10-22T11:28:38","slug":"dia-de-deixar-grades-para-tras-e-dar-role-pelas-ruas","status":"publish","type":"post","link":"https:\/\/www.notibras.com\/site\/dia-de-deixar-grades-para-tras-e-dar-role-pelas-ruas\/","title":{"rendered":"Dia de deixar grades para tr\u00e1s e dar rol\u00e9 pelas ruas"},"content":{"rendered":"<p>Tico e Teco, meus neur\u00f4nios sobreviventes de algumas centenas de bilh\u00f5es, estavam impacientes na tarde de sexta, 20. N\u00e3o viam a hora de o astro-rei se retirar por detr\u00e1s da serra que circunda nosso quadradinho, para que pud\u00e9ssemos, livres do calor infernal que nos tem atormentado nos \u00faltimos dias, darmos um rol\u00ea pelas cal\u00e7adas e becos de Taguatinga.<\/p>\n<p>O clima des\u00e9rtico de um Saara tupiniquim, com a umidade do ar bem abaixo dos \u00edndices aceitos pela OMS, todos devemos estar atentos a cuidados especiais. E dar um giro pelas redondezas n\u00e3o s\u00f3 refresca, como tamb\u00e9m \u00e9 melhor do que a terapia proporcionada por um div\u00e3 de analista. Apenas suponho, pois nunca estive em um.<\/p>\n<p>Portanto, sol recolhido no horizonte, l\u00e1 fomos n\u00f3s &#8211; eu e meus insepar\u00e1veis Tico e Teco -, dar uma voltinha. O primeiro passo foi utilizar o controle remoto para abrir a grade de uma pris\u00e3o imagin\u00e1ria. Nada comparado a Papuda ou qualquer outra unidade prisional. O fato \u00e9 que as grades representam a pris\u00e3o domiciliar que deixa do lado de fora os amigos do alheio, codinome, ladr\u00f5es.<\/p>\n<p>Os ferros na vertical, interligados com elos r\u00edgidos, provocam um sentimento de seguran\u00e7a, mesmo sabendo que se trata, para uns, algo do tipo autoref\u00fagio. Ent\u00e3o vamos l\u00e1. Nossa estrela maior se recolhendo, transformando o c\u00e9u de Bras\u00edlia em uma obra digna de Portinari. N\u00f3s tr\u00eas (Tico, Teco e eu) deixamos a grade de ferro para tr\u00e1s. Eu, sobre minha cadeira de rodas, e meus neur\u00f4nios, discutindo no par ou \u00edmpar que destino tomar.<\/p>\n<p>Como dono dos neur\u00f4nios (afinal, eles est\u00e3o em meu c\u00e9rebro; portanto, s\u00e3o parte do meu corpo), usei minha intui\u00e7\u00e3o. Na primeira curva da via identifiquei na quadra poliesportiva, entre outros grupos, os amigos que havia conhecido h\u00e1 poucos dias. L\u00e1 estavam Jo\u00e3o Sergio e Ant\u00f4nio Muller. Fui recebido efusivamente. E retribui com um aceno e um sorriso o carinho dos dois damistas.<\/p>\n<p>N\u00e3o pretendendo distrair meus par\u00e7as, concentrados nas pe\u00e7as que, embora redondas, fazem lembrar a tese dos terraplanistas, fiquei observando sem dar pitaco, apesar da vontade de sugerir a um ou outro uma jogada diferente.<\/p>\n<p>Estavam sentados \u00e0 sombra de um p\u00e9 de mangas rec\u00e9m-brotadas, jogando \u201cDamas\u201d em um tabuleiro de pl\u00e1stico, com as pe\u00e7as em pl\u00e1stico tamb\u00e9m, quando surgiu o tema: O que voc\u00ea acha das condi\u00e7\u00f5es de adapta\u00e7\u00e3o nas grandes cidades do Brasil para o p\u00fablico PcD (Pessoas com Defici\u00eancia), perguntou Jo\u00e3o para Ant\u00f4nio. E arrematou: Qual a sua opini\u00e3o sobre o assunto?<\/p>\n<p>Ant\u00f4nio olhou para o tabuleiro, virou a cabe\u00e7a e jogou a resposta no meu colo. &#8220;Responda voc\u00ea, Andr\u00e9&#8221;, sugeriu.<\/p>\n<p>Sendo eu um \u201clocomotivado\u201d pela minha mobilidade n\u00e3o t\u00e3o boa, mas com a mente s\u00e3, expus meu racioc\u00ednio. Particularmente, afirmei, penso que todas as grandes capitais devem ser adaptadas em benef\u00edcio dos PcD&#8217;s. Com os avan\u00e7os que tenho acompanhado, observo que s\u00e3o muitos os estudos e pesquisas mas que, \u00e9 o meu ponto de vista, sequer saem do papel.<\/p>\n<p>Continuei afirmando que sou mais um PcD meramente esperan\u00e7oso por mudan\u00e7as. Vivo como mero espectador, uma vez que as promessas feitas pelos governantes nunca chegam. Como qualquer cidad\u00e3o, tenho minhas vontades. Por\u00e9m, temo que sejam, sonhos n\u00e3o realiz\u00e1veis.<\/p>\n<p>Jo\u00e3o, atento \u00e0s minhas palavras, olhou-me fixamente nos olhos. Parecia amea\u00e7ado de um xeque-mate (embora os dois estivessem jogando damas) e refletiu mais sobre nosso papo.\u00a0 E soltou essa: &#8220;Rapaz, n\u00e3o \u00e9 que voc\u00ea tem raz\u00e3o?!&#8221;.<\/p>\n<p>-A sorte, disse eu, \u00e9 que tenho alguma condi\u00e7\u00e3o, ao contr\u00e1rio de outros cadeirantes, que al\u00e9m de PcD&#8217;s, s\u00e3o portadores de verdadeiras necessidades especiais, como casa, comida, educa\u00e7\u00e3o, sa\u00fade&#8230;<\/p>\n<p>J\u00e1 escurecia quando as luzes da quadra foram acesas. &#8220;Jo\u00e3o e Ant\u00f4nio (sugeri), tirem par ou \u00edmpar. Sou enxadrista, mas gosto de pegar nas pe\u00e7as das damas. Joguei uma partida com cada um. Ganhei as duas. Os dois riram. Eu dei uma gargalhada. Foi quando Tico e Teco me alertaram.<\/p>\n<p>Vieram as vozes l\u00e1 do subconsciente. Est\u00e1 escurecendo. As cal\u00e7adas t\u00eam buracos, as ruas t\u00eam buracos. Hora de colocar as m\u00e3os nas rodas e seguir em frente. Despedimo-nos na certeza de que outros encontros vir\u00e3o.<\/p>\n<p>Agora, leitor (principalmente voc\u00ea, PcD como eu), lembre-se: sou o Andr\u00e9, uma \u2018verdadeira montanha\u2019 de for\u00e7a de vontade.\u00a0<strong>Notibras<\/strong> abriu este espa\u00e7o para pessoas como n\u00f3s. O espa\u00e7o \u00e9 nosso. Se desejar interagir, mande sugest\u00f5es, mande seus textos. Meu contato (WhatsApp) \u00e9 +55 61 98425-4895.<\/p>\n","protected":false},"excerpt":{"rendered":"<p>Tico e Teco, meus neur\u00f4nios sobreviventes de algumas centenas de bilh\u00f5es, estavam impacientes na tarde de sexta, 20. N\u00e3o viam a hora de o astro-rei se retirar por detr\u00e1s da serra que circunda nosso quadradinho, para que pud\u00e9ssemos, livres do calor infernal que nos tem atormentado nos \u00faltimos dias, darmos um rol\u00ea pelas cal\u00e7adas e [&hellip;]<\/p>\n","protected":false},"author":2,"featured_media":315181,"comment_status":"closed","ping_status":"closed","sticky":false,"template":"","format":"standard","meta":{"_acf_changed":false,"footnotes":""},"categories":[161],"tags":[],"class_list":["post-315180","post","type-post","status-publish","format-standard","has-post-thumbnail","hentry","category-quadradinho-em-foco"],"acf":[],"yoast_head":"<!-- This site is optimized with the Yoast SEO plugin v27.2 - https:\/\/yoast.com\/product\/yoast-seo-wordpress\/ -->\n<title>Dia de deixar grades para tr\u00e1s e dar rol\u00e9 pelas ruas - Notibras<\/title>\n<meta name=\"robots\" content=\"index, follow, max-snippet:-1, max-image-preview:large, max-video-preview:-1\" \/>\n<link rel=\"canonical\" href=\"https:\/\/www.notibras.com\/site\/dia-de-deixar-grades-para-tras-e-dar-role-pelas-ruas\/\" \/>\n<meta property=\"og:locale\" content=\"pt_BR\" \/>\n<meta property=\"og:type\" content=\"article\" \/>\n<meta property=\"og:title\" content=\"Dia de deixar grades para tr\u00e1s e dar rol\u00e9 pelas ruas - Notibras\" \/>\n<meta property=\"og:description\" content=\"Tico e Teco, meus neur\u00f4nios sobreviventes de algumas centenas de bilh\u00f5es, estavam impacientes na tarde de sexta, 20. N\u00e3o viam a hora de o astro-rei se retirar por detr\u00e1s da serra que circunda nosso quadradinho, para que pud\u00e9ssemos, livres do calor infernal que nos tem atormentado nos \u00faltimos dias, darmos um rol\u00ea pelas cal\u00e7adas e [&hellip;]\" \/>\n<meta property=\"og:url\" content=\"https:\/\/www.notibras.com\/site\/dia-de-deixar-grades-para-tras-e-dar-role-pelas-ruas\/\" \/>\n<meta property=\"og:site_name\" content=\"Notibras\" \/>\n<meta property=\"article:publisher\" content=\"https:\/\/www.facebook.com\/notibras\/\" \/>\n<meta property=\"article:published_time\" content=\"2023-10-22T11:28:38+00:00\" \/>\n<meta property=\"og:image\" content=\"https:\/\/www.notibras.com\/site\/wp-content\/uploads\/2023\/10\/09cfad1a-9e32-47f2-96f3-17c15109f212.jpeg\" \/>\n\t<meta property=\"og:image:width\" content=\"1024\" \/>\n\t<meta property=\"og:image:height\" content=\"768\" \/>\n\t<meta property=\"og:image:type\" content=\"image\/jpeg\" \/>\n<meta name=\"author\" content=\"Reda\u00e7\u00e3o\" \/>\n<meta name=\"twitter:card\" content=\"summary_large_image\" \/>\n<meta name=\"twitter:creator\" content=\"@Notibras\" \/>\n<meta name=\"twitter:site\" content=\"@Notibras\" \/>\n<meta name=\"twitter:label1\" content=\"Escrito por\" \/>\n\t<meta name=\"twitter:data1\" content=\"Reda\u00e7\u00e3o\" \/>\n\t<meta name=\"twitter:label2\" content=\"Est. tempo de leitura\" \/>\n\t<meta name=\"twitter:data2\" content=\"4 minutos\" \/>\n<script type=\"application\/ld+json\" class=\"yoast-schema-graph\">{\"@context\":\"https:\/\/schema.org\",\"@graph\":[{\"@type\":\"Article\",\"@id\":\"https:\/\/www.notibras.com\/site\/dia-de-deixar-grades-para-tras-e-dar-role-pelas-ruas\/#article\",\"isPartOf\":{\"@id\":\"https:\/\/www.notibras.com\/site\/dia-de-deixar-grades-para-tras-e-dar-role-pelas-ruas\/\"},\"author\":{\"name\":\"Reda\u00e7\u00e3o\",\"@id\":\"https:\/\/www.notibras.com\/site\/#\/schema\/person\/36ab0979449956132d3e5b517ea76ac8\"},\"headline\":\"Dia de deixar grades para tr\u00e1s e dar rol\u00e9 pelas ruas\",\"datePublished\":\"2023-10-22T11:28:38+00:00\",\"mainEntityOfPage\":{\"@id\":\"https:\/\/www.notibras.com\/site\/dia-de-deixar-grades-para-tras-e-dar-role-pelas-ruas\/\"},\"wordCount\":806,\"publisher\":{\"@id\":\"https:\/\/www.notibras.com\/site\/#organization\"},\"image\":{\"@id\":\"https:\/\/www.notibras.com\/site\/dia-de-deixar-grades-para-tras-e-dar-role-pelas-ruas\/#primaryimage\"},\"thumbnailUrl\":\"https:\/\/www.notibras.com\/site\/wp-content\/uploads\/2023\/10\/09cfad1a-9e32-47f2-96f3-17c15109f212.jpeg\",\"articleSection\":[\"Quadradinho em Foco\"],\"inLanguage\":\"pt-BR\"},{\"@type\":\"WebPage\",\"@id\":\"https:\/\/www.notibras.com\/site\/dia-de-deixar-grades-para-tras-e-dar-role-pelas-ruas\/\",\"url\":\"https:\/\/www.notibras.com\/site\/dia-de-deixar-grades-para-tras-e-dar-role-pelas-ruas\/\",\"name\":\"Dia de deixar grades para tr\u00e1s e dar rol\u00e9 pelas ruas - Notibras\",\"isPartOf\":{\"@id\":\"https:\/\/www.notibras.com\/site\/#website\"},\"primaryImageOfPage\":{\"@id\":\"https:\/\/www.notibras.com\/site\/dia-de-deixar-grades-para-tras-e-dar-role-pelas-ruas\/#primaryimage\"},\"image\":{\"@id\":\"https:\/\/www.notibras.com\/site\/dia-de-deixar-grades-para-tras-e-dar-role-pelas-ruas\/#primaryimage\"},\"thumbnailUrl\":\"https:\/\/www.notibras.com\/site\/wp-content\/uploads\/2023\/10\/09cfad1a-9e32-47f2-96f3-17c15109f212.jpeg\",\"datePublished\":\"2023-10-22T11:28:38+00:00\",\"breadcrumb\":{\"@id\":\"https:\/\/www.notibras.com\/site\/dia-de-deixar-grades-para-tras-e-dar-role-pelas-ruas\/#breadcrumb\"},\"inLanguage\":\"pt-BR\",\"potentialAction\":[{\"@type\":\"ReadAction\",\"target\":[\"https:\/\/www.notibras.com\/site\/dia-de-deixar-grades-para-tras-e-dar-role-pelas-ruas\/\"]}]},{\"@type\":\"ImageObject\",\"inLanguage\":\"pt-BR\",\"@id\":\"https:\/\/www.notibras.com\/site\/dia-de-deixar-grades-para-tras-e-dar-role-pelas-ruas\/#primaryimage\",\"url\":\"https:\/\/www.notibras.com\/site\/wp-content\/uploads\/2023\/10\/09cfad1a-9e32-47f2-96f3-17c15109f212.jpeg\",\"contentUrl\":\"https:\/\/www.notibras.com\/site\/wp-content\/uploads\/2023\/10\/09cfad1a-9e32-47f2-96f3-17c15109f212.jpeg\",\"width\":1024,\"height\":768},{\"@type\":\"BreadcrumbList\",\"@id\":\"https:\/\/www.notibras.com\/site\/dia-de-deixar-grades-para-tras-e-dar-role-pelas-ruas\/#breadcrumb\",\"itemListElement\":[{\"@type\":\"ListItem\",\"position\":1,\"name\":\"In\u00edcio\",\"item\":\"https:\/\/www.notibras.com\/site\/\"},{\"@type\":\"ListItem\",\"position\":2,\"name\":\"Dia de deixar grades para tr\u00e1s e dar rol\u00e9 pelas ruas\"}]},{\"@type\":\"WebSite\",\"@id\":\"https:\/\/www.notibras.com\/site\/#website\",\"url\":\"https:\/\/www.notibras.com\/site\/\",\"name\":\"Notibras\",\"description\":\"Not\u00edcias de Bras\u00edlia, do Brasil e do Mundo\",\"publisher\":{\"@id\":\"https:\/\/www.notibras.com\/site\/#organization\"},\"potentialAction\":[{\"@type\":\"SearchAction\",\"target\":{\"@type\":\"EntryPoint\",\"urlTemplate\":\"https:\/\/www.notibras.com\/site\/?s={search_term_string}\"},\"query-input\":{\"@type\":\"PropertyValueSpecification\",\"valueRequired\":true,\"valueName\":\"search_term_string\"}}],\"inLanguage\":\"pt-BR\"},{\"@type\":\"Organization\",\"@id\":\"https:\/\/www.notibras.com\/site\/#organization\",\"name\":\"Grupo Notibras de Comunica\u00e7\u00e3o\",\"url\":\"https:\/\/www.notibras.com\/site\/\",\"logo\":{\"@type\":\"ImageObject\",\"inLanguage\":\"pt-BR\",\"@id\":\"https:\/\/www.notibras.com\/site\/#\/schema\/logo\/image\/\",\"url\":\"https:\/\/www.notibras.com\/site\/wp-content\/uploads\/2023\/01\/notibras23.png\",\"contentUrl\":\"https:\/\/www.notibras.com\/site\/wp-content\/uploads\/2023\/01\/notibras23.png\",\"width\":350,\"height\":87,\"caption\":\"Grupo Notibras de Comunica\u00e7\u00e3o\"},\"image\":{\"@id\":\"https:\/\/www.notibras.com\/site\/#\/schema\/logo\/image\/\"},\"sameAs\":[\"https:\/\/www.facebook.com\/notibras\/\",\"https:\/\/x.com\/Notibras\",\"https:\/\/www.instagram.com\/notibras\/\"]},{\"@type\":\"Person\",\"@id\":\"https:\/\/www.notibras.com\/site\/#\/schema\/person\/36ab0979449956132d3e5b517ea76ac8\",\"name\":\"Reda\u00e7\u00e3o\",\"image\":{\"@type\":\"ImageObject\",\"inLanguage\":\"pt-BR\",\"@id\":\"https:\/\/secure.gravatar.com\/avatar\/e0a867bdedb85fd243eadf09663511f96fc81e0720a4a42581f334ad4303aa6b?s=96&d=mm&r=g\",\"url\":\"https:\/\/secure.gravatar.com\/avatar\/e0a867bdedb85fd243eadf09663511f96fc81e0720a4a42581f334ad4303aa6b?s=96&d=mm&r=g\",\"contentUrl\":\"https:\/\/secure.gravatar.com\/avatar\/e0a867bdedb85fd243eadf09663511f96fc81e0720a4a42581f334ad4303aa6b?s=96&d=mm&r=g\",\"caption\":\"Reda\u00e7\u00e3o\"}}]}<\/script>\n<!-- \/ Yoast SEO plugin. -->","yoast_head_json":{"title":"Dia de deixar grades para tr\u00e1s e dar rol\u00e9 pelas ruas - Notibras","robots":{"index":"index","follow":"follow","max-snippet":"max-snippet:-1","max-image-preview":"max-image-preview:large","max-video-preview":"max-video-preview:-1"},"canonical":"https:\/\/www.notibras.com\/site\/dia-de-deixar-grades-para-tras-e-dar-role-pelas-ruas\/","og_locale":"pt_BR","og_type":"article","og_title":"Dia de deixar grades para tr\u00e1s e dar rol\u00e9 pelas ruas - Notibras","og_description":"Tico e Teco, meus neur\u00f4nios sobreviventes de algumas centenas de bilh\u00f5es, estavam impacientes na tarde de sexta, 20. N\u00e3o viam a hora de o astro-rei se retirar por detr\u00e1s da serra que circunda nosso quadradinho, para que pud\u00e9ssemos, livres do calor infernal que nos tem atormentado nos \u00faltimos dias, darmos um rol\u00ea pelas cal\u00e7adas e [&hellip;]","og_url":"https:\/\/www.notibras.com\/site\/dia-de-deixar-grades-para-tras-e-dar-role-pelas-ruas\/","og_site_name":"Notibras","article_publisher":"https:\/\/www.facebook.com\/notibras\/","article_published_time":"2023-10-22T11:28:38+00:00","og_image":[{"width":1024,"height":768,"url":"https:\/\/www.notibras.com\/site\/wp-content\/uploads\/2023\/10\/09cfad1a-9e32-47f2-96f3-17c15109f212.jpeg","type":"image\/jpeg"}],"author":"Reda\u00e7\u00e3o","twitter_card":"summary_large_image","twitter_creator":"@Notibras","twitter_site":"@Notibras","twitter_misc":{"Escrito por":"Reda\u00e7\u00e3o","Est. tempo de leitura":"4 minutos"},"schema":{"@context":"https:\/\/schema.org","@graph":[{"@type":"Article","@id":"https:\/\/www.notibras.com\/site\/dia-de-deixar-grades-para-tras-e-dar-role-pelas-ruas\/#article","isPartOf":{"@id":"https:\/\/www.notibras.com\/site\/dia-de-deixar-grades-para-tras-e-dar-role-pelas-ruas\/"},"author":{"name":"Reda\u00e7\u00e3o","@id":"https:\/\/www.notibras.com\/site\/#\/schema\/person\/36ab0979449956132d3e5b517ea76ac8"},"headline":"Dia de deixar grades para tr\u00e1s e dar rol\u00e9 pelas ruas","datePublished":"2023-10-22T11:28:38+00:00","mainEntityOfPage":{"@id":"https:\/\/www.notibras.com\/site\/dia-de-deixar-grades-para-tras-e-dar-role-pelas-ruas\/"},"wordCount":806,"publisher":{"@id":"https:\/\/www.notibras.com\/site\/#organization"},"image":{"@id":"https:\/\/www.notibras.com\/site\/dia-de-deixar-grades-para-tras-e-dar-role-pelas-ruas\/#primaryimage"},"thumbnailUrl":"https:\/\/www.notibras.com\/site\/wp-content\/uploads\/2023\/10\/09cfad1a-9e32-47f2-96f3-17c15109f212.jpeg","articleSection":["Quadradinho em Foco"],"inLanguage":"pt-BR"},{"@type":"WebPage","@id":"https:\/\/www.notibras.com\/site\/dia-de-deixar-grades-para-tras-e-dar-role-pelas-ruas\/","url":"https:\/\/www.notibras.com\/site\/dia-de-deixar-grades-para-tras-e-dar-role-pelas-ruas\/","name":"Dia de deixar grades para tr\u00e1s e dar rol\u00e9 pelas ruas - Notibras","isPartOf":{"@id":"https:\/\/www.notibras.com\/site\/#website"},"primaryImageOfPage":{"@id":"https:\/\/www.notibras.com\/site\/dia-de-deixar-grades-para-tras-e-dar-role-pelas-ruas\/#primaryimage"},"image":{"@id":"https:\/\/www.notibras.com\/site\/dia-de-deixar-grades-para-tras-e-dar-role-pelas-ruas\/#primaryimage"},"thumbnailUrl":"https:\/\/www.notibras.com\/site\/wp-content\/uploads\/2023\/10\/09cfad1a-9e32-47f2-96f3-17c15109f212.jpeg","datePublished":"2023-10-22T11:28:38+00:00","breadcrumb":{"@id":"https:\/\/www.notibras.com\/site\/dia-de-deixar-grades-para-tras-e-dar-role-pelas-ruas\/#breadcrumb"},"inLanguage":"pt-BR","potentialAction":[{"@type":"ReadAction","target":["https:\/\/www.notibras.com\/site\/dia-de-deixar-grades-para-tras-e-dar-role-pelas-ruas\/"]}]},{"@type":"ImageObject","inLanguage":"pt-BR","@id":"https:\/\/www.notibras.com\/site\/dia-de-deixar-grades-para-tras-e-dar-role-pelas-ruas\/#primaryimage","url":"https:\/\/www.notibras.com\/site\/wp-content\/uploads\/2023\/10\/09cfad1a-9e32-47f2-96f3-17c15109f212.jpeg","contentUrl":"https:\/\/www.notibras.com\/site\/wp-content\/uploads\/2023\/10\/09cfad1a-9e32-47f2-96f3-17c15109f212.jpeg","width":1024,"height":768},{"@type":"BreadcrumbList","@id":"https:\/\/www.notibras.com\/site\/dia-de-deixar-grades-para-tras-e-dar-role-pelas-ruas\/#breadcrumb","itemListElement":[{"@type":"ListItem","position":1,"name":"In\u00edcio","item":"https:\/\/www.notibras.com\/site\/"},{"@type":"ListItem","position":2,"name":"Dia de deixar grades para tr\u00e1s e dar rol\u00e9 pelas ruas"}]},{"@type":"WebSite","@id":"https:\/\/www.notibras.com\/site\/#website","url":"https:\/\/www.notibras.com\/site\/","name":"Notibras","description":"Not\u00edcias de Bras\u00edlia, do Brasil e do Mundo","publisher":{"@id":"https:\/\/www.notibras.com\/site\/#organization"},"potentialAction":[{"@type":"SearchAction","target":{"@type":"EntryPoint","urlTemplate":"https:\/\/www.notibras.com\/site\/?s={search_term_string}"},"query-input":{"@type":"PropertyValueSpecification","valueRequired":true,"valueName":"search_term_string"}}],"inLanguage":"pt-BR"},{"@type":"Organization","@id":"https:\/\/www.notibras.com\/site\/#organization","name":"Grupo Notibras de Comunica\u00e7\u00e3o","url":"https:\/\/www.notibras.com\/site\/","logo":{"@type":"ImageObject","inLanguage":"pt-BR","@id":"https:\/\/www.notibras.com\/site\/#\/schema\/logo\/image\/","url":"https:\/\/www.notibras.com\/site\/wp-content\/uploads\/2023\/01\/notibras23.png","contentUrl":"https:\/\/www.notibras.com\/site\/wp-content\/uploads\/2023\/01\/notibras23.png","width":350,"height":87,"caption":"Grupo Notibras de Comunica\u00e7\u00e3o"},"image":{"@id":"https:\/\/www.notibras.com\/site\/#\/schema\/logo\/image\/"},"sameAs":["https:\/\/www.facebook.com\/notibras\/","https:\/\/x.com\/Notibras","https:\/\/www.instagram.com\/notibras\/"]},{"@type":"Person","@id":"https:\/\/www.notibras.com\/site\/#\/schema\/person\/36ab0979449956132d3e5b517ea76ac8","name":"Reda\u00e7\u00e3o","image":{"@type":"ImageObject","inLanguage":"pt-BR","@id":"https:\/\/secure.gravatar.com\/avatar\/e0a867bdedb85fd243eadf09663511f96fc81e0720a4a42581f334ad4303aa6b?s=96&d=mm&r=g","url":"https:\/\/secure.gravatar.com\/avatar\/e0a867bdedb85fd243eadf09663511f96fc81e0720a4a42581f334ad4303aa6b?s=96&d=mm&r=g","contentUrl":"https:\/\/secure.gravatar.com\/avatar\/e0a867bdedb85fd243eadf09663511f96fc81e0720a4a42581f334ad4303aa6b?s=96&d=mm&r=g","caption":"Reda\u00e7\u00e3o"}}]}},"amp_enabled":true,"_links":{"self":[{"href":"https:\/\/www.notibras.com\/site\/wp-json\/wp\/v2\/posts\/315180","targetHints":{"allow":["GET"]}}],"collection":[{"href":"https:\/\/www.notibras.com\/site\/wp-json\/wp\/v2\/posts"}],"about":[{"href":"https:\/\/www.notibras.com\/site\/wp-json\/wp\/v2\/types\/post"}],"author":[{"embeddable":true,"href":"https:\/\/www.notibras.com\/site\/wp-json\/wp\/v2\/users\/2"}],"replies":[{"embeddable":true,"href":"https:\/\/www.notibras.com\/site\/wp-json\/wp\/v2\/comments?post=315180"}],"version-history":[{"count":1,"href":"https:\/\/www.notibras.com\/site\/wp-json\/wp\/v2\/posts\/315180\/revisions"}],"predecessor-version":[{"id":315182,"href":"https:\/\/www.notibras.com\/site\/wp-json\/wp\/v2\/posts\/315180\/revisions\/315182"}],"wp:featuredmedia":[{"embeddable":true,"href":"https:\/\/www.notibras.com\/site\/wp-json\/wp\/v2\/media\/315181"}],"wp:attachment":[{"href":"https:\/\/www.notibras.com\/site\/wp-json\/wp\/v2\/media?parent=315180"}],"wp:term":[{"taxonomy":"category","embeddable":true,"href":"https:\/\/www.notibras.com\/site\/wp-json\/wp\/v2\/categories?post=315180"},{"taxonomy":"post_tag","embeddable":true,"href":"https:\/\/www.notibras.com\/site\/wp-json\/wp\/v2\/tags?post=315180"}],"curies":[{"name":"wp","href":"https:\/\/api.w.org\/{rel}","templated":true}]}}