{"id":315183,"date":"2023-10-22T09:05:58","date_gmt":"2023-10-22T12:05:58","guid":{"rendered":"https:\/\/www.notibras.com\/site\/?p=315183"},"modified":"2023-10-22T10:06:16","modified_gmt":"2023-10-22T13:06:16","slug":"lyssa-holmes-e-o-misterio-do-sumico-dos-bichos-na-aula","status":"publish","type":"post","link":"https:\/\/www.notibras.com\/site\/lyssa-holmes-e-o-misterio-do-sumico-dos-bichos-na-aula\/","title":{"rendered":"Lyssa Holmes e o mist\u00e9rio do sumi\u00e7o dos bichos na aula"},"content":{"rendered":"<p>Lyssa! Incomum? Sim, \u00e9 verdade, mas bem que o nome daquela menina combinava com seu jeito peculiar de enxergar o mundo ao seu redor. Uma verdadeira detetive, seja por conta do DNA herdado de algum antepassado curioso, seja por causa das diversas hist\u00f3rias de mist\u00e9rio que o av\u00f4 adorava lhe contar.<\/p>\n<p>Seis anos! Pouca idade? Talvez, mas nada que a impedisse de vasculhar por pistas para resolver os casos, que lhe surgiam como piolhos na cabe\u00e7a de gente mi\u00fada. Sangue doce, alguns costumam dizer.<\/p>\n<p>Os coleguinhas da escola, assim que algo sumia, j\u00e1 sabiam a quem procurar. De t\u00e3o confiantes com os \u00f3timos servi\u00e7os prestados pela Lyssa, esta era tratada a p\u00e3o de l\u00f3. No entanto, naquele dia, algo mais urgente que l\u00e1pis, borrachas ou lanches perdidos havia sumido.<\/p>\n<p>Acreditem, pois o caso era realmente s\u00e9rio! Tanto \u00e9 que foi a pr\u00f3pria Maricota, a professora, que veio pedir socorro para a Lyssa. Isso mesmo que voc\u00ea ouviu! A professora! Mas voltemos alguns instantes antes disso acontecer.<\/p>\n<p>Pois bem, l\u00e1 estava a professora Maricota com um pacote cheio de folhas com desenhos de animais para que os alunos pudessem pintar. Ela distribuiu as folhas para os alunos, mas algo aconteceu. N\u00e3o pense voc\u00ea que \u00e9 mentira, mas todos os desenhos haviam desaparecido. Que mist\u00e9rio!<\/p>\n<p>&#8211;\u00a0Lyssa, n\u00e3o entendo! Eu imprimi tudinho ontem.<\/p>\n<p>&#8211;\u00a0Hum. E conferiu, professora?<\/p>\n<p>&#8211;\u00a0Sim! L\u00e1 estavam o tatu, a coruja, o macaco, a on\u00e7a-pintada e at\u00e9 o jacar\u00e9.<\/p>\n<p>&#8211;\u00a0Hum. Estranho, mas posso pegar o caso.<\/p>\n<p>A professora apertou a m\u00e3o da detetive, que, sem perder tempo, j\u00e1 retirou a lupa do bolso. Afinal, uma boa profissional precisa estar sempre preparada para o inesperado, que, vez ou outra, cisma em acontecer quando menos se espera. E n\u00e3o \u00e9 que aconteceu de novo?<\/p>\n<p>A detetive pegou as folhas e as examinou uma a uma, sem deixar passar um cent\u00edmetro quadrado sequer. Isso porque as pistas costumam se esconder nas min\u00facias, li\u00e7\u00e3o mais que aprendida ap\u00f3s ter resolvido diversos casos. Que fosse um cisco, uma migalha, um risco ou um tra\u00e7o, aquilo poderia levar \u00e0 solu\u00e7\u00e3o do mist\u00e9rio.<\/p>\n<p>A pequena Lyssa, ap\u00f3s olhar com aqueles olhos de lince cada pedacinho daqueles pap\u00e9is, encarou a professora. Esta, ansiosa por uma solu\u00e7\u00e3o, n\u00e3o se conteve.<\/p>\n<p>&#8211;\u00a0Ent\u00e3o? O que aconteceu com aquele monte de desenhos?<\/p>\n<p>&#8211;\u00a0Preciso ver a impressora que a senhora usou.<\/p>\n<p>Alguns minutos depois, l\u00e1 estavam a professora e todos os alunos na sala da dire\u00e7\u00e3o, onde se encontrava uma grande m\u00e1quina de impress\u00e3o. Lyssa, com sua providencial lupa \u00e0 m\u00e3o, observou toda aquela enorme estrutura que tem a fun\u00e7\u00e3o de fazer impress\u00f5es atr\u00e1s de impress\u00f5es.<\/p>\n<p>A detetive pegou uma cadeira para alcan\u00e7ar o local onde era colocado o molde para tantas c\u00f3pias. Repousou a palma da m\u00e3o sobre o vidro, ao mesmo tempo em que acionou o bot\u00e3o para impress\u00e3o. A m\u00e1quina estava funcionando, como provou a c\u00f3pia da pequena m\u00e3o da garota no papel que saiu na bandeja ao lado.<\/p>\n<p>Lyssa pensou, pensou, pensou. Ela sabia que o problema n\u00e3o estava na impressora, que, como provado, funcionava perfeitamente. Enquanto isso, todos a observavam, certos de que ela seria capaz de resolver aquele mist\u00e9rio.<\/p>\n<p>Inteligente como ela s\u00f3, Lyssa, com ajuda da sua lupa da sorte, vasculhou toda a sala e, finalmente, pareceu resolver o mist\u00e9rio. Eureka!<\/p>\n<p>&#8211;\u00a0Professora, por acaso a senhora esteve aqui hoje antes de ir para a sala de aula?<\/p>\n<p>&#8211;\u00a0Sim, Lyssa. Precisava pegar o pacote com os desenhos.<\/p>\n<p>&#8211;\u00a0Mais um caso solucionado, professora!<\/p>\n<p>&#8211; Como assim?<\/p>\n<p>&#8211; A senhora se confundiu ao pegar o pacote. Eis o que est\u00e1 com as folhas impressas.<\/p>\n","protected":false},"excerpt":{"rendered":"<p>Lyssa! Incomum? Sim, \u00e9 verdade, mas bem que o nome daquela menina combinava com seu jeito peculiar de enxergar o mundo ao seu redor. Uma verdadeira detetive, seja por conta do DNA herdado de algum antepassado curioso, seja por causa das diversas hist\u00f3rias de mist\u00e9rio que o av\u00f4 adorava lhe contar. Seis anos! Pouca idade? [&hellip;]<\/p>\n","protected":false},"author":2,"featured_media":315184,"comment_status":"closed","ping_status":"closed","sticky":false,"template":"","format":"standard","meta":{"_acf_changed":false,"footnotes":""},"categories":[161],"tags":[],"class_list":["post-315183","post","type-post","status-publish","format-standard","has-post-thumbnail","hentry","category-quadradinho-em-foco"],"acf":[],"yoast_head":"<!-- This site is optimized with the Yoast SEO plugin v27.2 - https:\/\/yoast.com\/product\/yoast-seo-wordpress\/ -->\n<title>Lyssa Holmes e o mist\u00e9rio do sumi\u00e7o dos bichos na aula - Notibras<\/title>\n<meta name=\"robots\" content=\"index, follow, max-snippet:-1, max-image-preview:large, max-video-preview:-1\" \/>\n<link rel=\"canonical\" href=\"https:\/\/www.notibras.com\/site\/lyssa-holmes-e-o-misterio-do-sumico-dos-bichos-na-aula\/\" \/>\n<meta property=\"og:locale\" content=\"pt_BR\" \/>\n<meta property=\"og:type\" content=\"article\" \/>\n<meta property=\"og:title\" content=\"Lyssa Holmes e o mist\u00e9rio do sumi\u00e7o dos bichos na aula - Notibras\" \/>\n<meta property=\"og:description\" content=\"Lyssa! Incomum? Sim, \u00e9 verdade, mas bem que o nome daquela menina combinava com seu jeito peculiar de enxergar o mundo ao seu redor. Uma verdadeira detetive, seja por conta do DNA herdado de algum antepassado curioso, seja por causa das diversas hist\u00f3rias de mist\u00e9rio que o av\u00f4 adorava lhe contar. Seis anos! Pouca idade? [&hellip;]\" \/>\n<meta property=\"og:url\" content=\"https:\/\/www.notibras.com\/site\/lyssa-holmes-e-o-misterio-do-sumico-dos-bichos-na-aula\/\" \/>\n<meta property=\"og:site_name\" content=\"Notibras\" \/>\n<meta property=\"article:publisher\" content=\"https:\/\/www.facebook.com\/notibras\/\" \/>\n<meta property=\"article:published_time\" content=\"2023-10-22T12:05:58+00:00\" \/>\n<meta property=\"article:modified_time\" content=\"2023-10-22T13:06:16+00:00\" \/>\n<meta property=\"og:image\" content=\"https:\/\/www.notibras.com\/site\/wp-content\/uploads\/2023\/10\/lyssa-holmes.jpg\" \/>\n\t<meta property=\"og:image:width\" content=\"1024\" \/>\n\t<meta property=\"og:image:height\" content=\"825\" \/>\n\t<meta property=\"og:image:type\" content=\"image\/jpeg\" \/>\n<meta name=\"author\" content=\"Reda\u00e7\u00e3o\" \/>\n<meta name=\"twitter:card\" content=\"summary_large_image\" \/>\n<meta name=\"twitter:creator\" content=\"@Notibras\" \/>\n<meta name=\"twitter:site\" content=\"@Notibras\" \/>\n<meta name=\"twitter:label1\" content=\"Escrito por\" \/>\n\t<meta name=\"twitter:data1\" content=\"Reda\u00e7\u00e3o\" \/>\n\t<meta name=\"twitter:label2\" content=\"Est. tempo de leitura\" \/>\n\t<meta name=\"twitter:data2\" content=\"4 minutos\" \/>\n<script type=\"application\/ld+json\" class=\"yoast-schema-graph\">{\"@context\":\"https:\/\/schema.org\",\"@graph\":[{\"@type\":\"Article\",\"@id\":\"https:\/\/www.notibras.com\/site\/lyssa-holmes-e-o-misterio-do-sumico-dos-bichos-na-aula\/#article\",\"isPartOf\":{\"@id\":\"https:\/\/www.notibras.com\/site\/lyssa-holmes-e-o-misterio-do-sumico-dos-bichos-na-aula\/\"},\"author\":{\"name\":\"Reda\u00e7\u00e3o\",\"@id\":\"https:\/\/www.notibras.com\/site\/#\/schema\/person\/36ab0979449956132d3e5b517ea76ac8\"},\"headline\":\"Lyssa Holmes e o mist\u00e9rio do sumi\u00e7o dos bichos na aula\",\"datePublished\":\"2023-10-22T12:05:58+00:00\",\"dateModified\":\"2023-10-22T13:06:16+00:00\",\"mainEntityOfPage\":{\"@id\":\"https:\/\/www.notibras.com\/site\/lyssa-holmes-e-o-misterio-do-sumico-dos-bichos-na-aula\/\"},\"wordCount\":658,\"publisher\":{\"@id\":\"https:\/\/www.notibras.com\/site\/#organization\"},\"image\":{\"@id\":\"https:\/\/www.notibras.com\/site\/lyssa-holmes-e-o-misterio-do-sumico-dos-bichos-na-aula\/#primaryimage\"},\"thumbnailUrl\":\"https:\/\/www.notibras.com\/site\/wp-content\/uploads\/2023\/10\/lyssa-holmes.jpg\",\"articleSection\":[\"Quadradinho em Foco\"],\"inLanguage\":\"pt-BR\"},{\"@type\":\"WebPage\",\"@id\":\"https:\/\/www.notibras.com\/site\/lyssa-holmes-e-o-misterio-do-sumico-dos-bichos-na-aula\/\",\"url\":\"https:\/\/www.notibras.com\/site\/lyssa-holmes-e-o-misterio-do-sumico-dos-bichos-na-aula\/\",\"name\":\"Lyssa Holmes e o mist\u00e9rio do sumi\u00e7o dos bichos na aula - Notibras\",\"isPartOf\":{\"@id\":\"https:\/\/www.notibras.com\/site\/#website\"},\"primaryImageOfPage\":{\"@id\":\"https:\/\/www.notibras.com\/site\/lyssa-holmes-e-o-misterio-do-sumico-dos-bichos-na-aula\/#primaryimage\"},\"image\":{\"@id\":\"https:\/\/www.notibras.com\/site\/lyssa-holmes-e-o-misterio-do-sumico-dos-bichos-na-aula\/#primaryimage\"},\"thumbnailUrl\":\"https:\/\/www.notibras.com\/site\/wp-content\/uploads\/2023\/10\/lyssa-holmes.jpg\",\"datePublished\":\"2023-10-22T12:05:58+00:00\",\"dateModified\":\"2023-10-22T13:06:16+00:00\",\"breadcrumb\":{\"@id\":\"https:\/\/www.notibras.com\/site\/lyssa-holmes-e-o-misterio-do-sumico-dos-bichos-na-aula\/#breadcrumb\"},\"inLanguage\":\"pt-BR\",\"potentialAction\":[{\"@type\":\"ReadAction\",\"target\":[\"https:\/\/www.notibras.com\/site\/lyssa-holmes-e-o-misterio-do-sumico-dos-bichos-na-aula\/\"]}]},{\"@type\":\"ImageObject\",\"inLanguage\":\"pt-BR\",\"@id\":\"https:\/\/www.notibras.com\/site\/lyssa-holmes-e-o-misterio-do-sumico-dos-bichos-na-aula\/#primaryimage\",\"url\":\"https:\/\/www.notibras.com\/site\/wp-content\/uploads\/2023\/10\/lyssa-holmes.jpg\",\"contentUrl\":\"https:\/\/www.notibras.com\/site\/wp-content\/uploads\/2023\/10\/lyssa-holmes.jpg\",\"width\":1024,\"height\":825},{\"@type\":\"BreadcrumbList\",\"@id\":\"https:\/\/www.notibras.com\/site\/lyssa-holmes-e-o-misterio-do-sumico-dos-bichos-na-aula\/#breadcrumb\",\"itemListElement\":[{\"@type\":\"ListItem\",\"position\":1,\"name\":\"In\u00edcio\",\"item\":\"https:\/\/www.notibras.com\/site\/\"},{\"@type\":\"ListItem\",\"position\":2,\"name\":\"Lyssa Holmes e o mist\u00e9rio do sumi\u00e7o dos bichos na aula\"}]},{\"@type\":\"WebSite\",\"@id\":\"https:\/\/www.notibras.com\/site\/#website\",\"url\":\"https:\/\/www.notibras.com\/site\/\",\"name\":\"Notibras\",\"description\":\"Not\u00edcias de Bras\u00edlia, do Brasil e do Mundo\",\"publisher\":{\"@id\":\"https:\/\/www.notibras.com\/site\/#organization\"},\"potentialAction\":[{\"@type\":\"SearchAction\",\"target\":{\"@type\":\"EntryPoint\",\"urlTemplate\":\"https:\/\/www.notibras.com\/site\/?s={search_term_string}\"},\"query-input\":{\"@type\":\"PropertyValueSpecification\",\"valueRequired\":true,\"valueName\":\"search_term_string\"}}],\"inLanguage\":\"pt-BR\"},{\"@type\":\"Organization\",\"@id\":\"https:\/\/www.notibras.com\/site\/#organization\",\"name\":\"Grupo Notibras de Comunica\u00e7\u00e3o\",\"url\":\"https:\/\/www.notibras.com\/site\/\",\"logo\":{\"@type\":\"ImageObject\",\"inLanguage\":\"pt-BR\",\"@id\":\"https:\/\/www.notibras.com\/site\/#\/schema\/logo\/image\/\",\"url\":\"https:\/\/www.notibras.com\/site\/wp-content\/uploads\/2023\/01\/notibras23.png\",\"contentUrl\":\"https:\/\/www.notibras.com\/site\/wp-content\/uploads\/2023\/01\/notibras23.png\",\"width\":350,\"height\":87,\"caption\":\"Grupo Notibras de Comunica\u00e7\u00e3o\"},\"image\":{\"@id\":\"https:\/\/www.notibras.com\/site\/#\/schema\/logo\/image\/\"},\"sameAs\":[\"https:\/\/www.facebook.com\/notibras\/\",\"https:\/\/x.com\/Notibras\",\"https:\/\/www.instagram.com\/notibras\/\"]},{\"@type\":\"Person\",\"@id\":\"https:\/\/www.notibras.com\/site\/#\/schema\/person\/36ab0979449956132d3e5b517ea76ac8\",\"name\":\"Reda\u00e7\u00e3o\",\"image\":{\"@type\":\"ImageObject\",\"inLanguage\":\"pt-BR\",\"@id\":\"https:\/\/secure.gravatar.com\/avatar\/e0a867bdedb85fd243eadf09663511f96fc81e0720a4a42581f334ad4303aa6b?s=96&d=mm&r=g\",\"url\":\"https:\/\/secure.gravatar.com\/avatar\/e0a867bdedb85fd243eadf09663511f96fc81e0720a4a42581f334ad4303aa6b?s=96&d=mm&r=g\",\"contentUrl\":\"https:\/\/secure.gravatar.com\/avatar\/e0a867bdedb85fd243eadf09663511f96fc81e0720a4a42581f334ad4303aa6b?s=96&d=mm&r=g\",\"caption\":\"Reda\u00e7\u00e3o\"}}]}<\/script>\n<!-- \/ Yoast SEO plugin. -->","yoast_head_json":{"title":"Lyssa Holmes e o mist\u00e9rio do sumi\u00e7o dos bichos na aula - Notibras","robots":{"index":"index","follow":"follow","max-snippet":"max-snippet:-1","max-image-preview":"max-image-preview:large","max-video-preview":"max-video-preview:-1"},"canonical":"https:\/\/www.notibras.com\/site\/lyssa-holmes-e-o-misterio-do-sumico-dos-bichos-na-aula\/","og_locale":"pt_BR","og_type":"article","og_title":"Lyssa Holmes e o mist\u00e9rio do sumi\u00e7o dos bichos na aula - Notibras","og_description":"Lyssa! Incomum? Sim, \u00e9 verdade, mas bem que o nome daquela menina combinava com seu jeito peculiar de enxergar o mundo ao seu redor. Uma verdadeira detetive, seja por conta do DNA herdado de algum antepassado curioso, seja por causa das diversas hist\u00f3rias de mist\u00e9rio que o av\u00f4 adorava lhe contar. Seis anos! Pouca idade? [&hellip;]","og_url":"https:\/\/www.notibras.com\/site\/lyssa-holmes-e-o-misterio-do-sumico-dos-bichos-na-aula\/","og_site_name":"Notibras","article_publisher":"https:\/\/www.facebook.com\/notibras\/","article_published_time":"2023-10-22T12:05:58+00:00","article_modified_time":"2023-10-22T13:06:16+00:00","og_image":[{"width":1024,"height":825,"url":"https:\/\/www.notibras.com\/site\/wp-content\/uploads\/2023\/10\/lyssa-holmes.jpg","type":"image\/jpeg"}],"author":"Reda\u00e7\u00e3o","twitter_card":"summary_large_image","twitter_creator":"@Notibras","twitter_site":"@Notibras","twitter_misc":{"Escrito por":"Reda\u00e7\u00e3o","Est. tempo de leitura":"4 minutos"},"schema":{"@context":"https:\/\/schema.org","@graph":[{"@type":"Article","@id":"https:\/\/www.notibras.com\/site\/lyssa-holmes-e-o-misterio-do-sumico-dos-bichos-na-aula\/#article","isPartOf":{"@id":"https:\/\/www.notibras.com\/site\/lyssa-holmes-e-o-misterio-do-sumico-dos-bichos-na-aula\/"},"author":{"name":"Reda\u00e7\u00e3o","@id":"https:\/\/www.notibras.com\/site\/#\/schema\/person\/36ab0979449956132d3e5b517ea76ac8"},"headline":"Lyssa Holmes e o mist\u00e9rio do sumi\u00e7o dos bichos na aula","datePublished":"2023-10-22T12:05:58+00:00","dateModified":"2023-10-22T13:06:16+00:00","mainEntityOfPage":{"@id":"https:\/\/www.notibras.com\/site\/lyssa-holmes-e-o-misterio-do-sumico-dos-bichos-na-aula\/"},"wordCount":658,"publisher":{"@id":"https:\/\/www.notibras.com\/site\/#organization"},"image":{"@id":"https:\/\/www.notibras.com\/site\/lyssa-holmes-e-o-misterio-do-sumico-dos-bichos-na-aula\/#primaryimage"},"thumbnailUrl":"https:\/\/www.notibras.com\/site\/wp-content\/uploads\/2023\/10\/lyssa-holmes.jpg","articleSection":["Quadradinho em Foco"],"inLanguage":"pt-BR"},{"@type":"WebPage","@id":"https:\/\/www.notibras.com\/site\/lyssa-holmes-e-o-misterio-do-sumico-dos-bichos-na-aula\/","url":"https:\/\/www.notibras.com\/site\/lyssa-holmes-e-o-misterio-do-sumico-dos-bichos-na-aula\/","name":"Lyssa Holmes e o mist\u00e9rio do sumi\u00e7o dos bichos na aula - Notibras","isPartOf":{"@id":"https:\/\/www.notibras.com\/site\/#website"},"primaryImageOfPage":{"@id":"https:\/\/www.notibras.com\/site\/lyssa-holmes-e-o-misterio-do-sumico-dos-bichos-na-aula\/#primaryimage"},"image":{"@id":"https:\/\/www.notibras.com\/site\/lyssa-holmes-e-o-misterio-do-sumico-dos-bichos-na-aula\/#primaryimage"},"thumbnailUrl":"https:\/\/www.notibras.com\/site\/wp-content\/uploads\/2023\/10\/lyssa-holmes.jpg","datePublished":"2023-10-22T12:05:58+00:00","dateModified":"2023-10-22T13:06:16+00:00","breadcrumb":{"@id":"https:\/\/www.notibras.com\/site\/lyssa-holmes-e-o-misterio-do-sumico-dos-bichos-na-aula\/#breadcrumb"},"inLanguage":"pt-BR","potentialAction":[{"@type":"ReadAction","target":["https:\/\/www.notibras.com\/site\/lyssa-holmes-e-o-misterio-do-sumico-dos-bichos-na-aula\/"]}]},{"@type":"ImageObject","inLanguage":"pt-BR","@id":"https:\/\/www.notibras.com\/site\/lyssa-holmes-e-o-misterio-do-sumico-dos-bichos-na-aula\/#primaryimage","url":"https:\/\/www.notibras.com\/site\/wp-content\/uploads\/2023\/10\/lyssa-holmes.jpg","contentUrl":"https:\/\/www.notibras.com\/site\/wp-content\/uploads\/2023\/10\/lyssa-holmes.jpg","width":1024,"height":825},{"@type":"BreadcrumbList","@id":"https:\/\/www.notibras.com\/site\/lyssa-holmes-e-o-misterio-do-sumico-dos-bichos-na-aula\/#breadcrumb","itemListElement":[{"@type":"ListItem","position":1,"name":"In\u00edcio","item":"https:\/\/www.notibras.com\/site\/"},{"@type":"ListItem","position":2,"name":"Lyssa Holmes e o mist\u00e9rio do sumi\u00e7o dos bichos na aula"}]},{"@type":"WebSite","@id":"https:\/\/www.notibras.com\/site\/#website","url":"https:\/\/www.notibras.com\/site\/","name":"Notibras","description":"Not\u00edcias de Bras\u00edlia, do Brasil e do Mundo","publisher":{"@id":"https:\/\/www.notibras.com\/site\/#organization"},"potentialAction":[{"@type":"SearchAction","target":{"@type":"EntryPoint","urlTemplate":"https:\/\/www.notibras.com\/site\/?s={search_term_string}"},"query-input":{"@type":"PropertyValueSpecification","valueRequired":true,"valueName":"search_term_string"}}],"inLanguage":"pt-BR"},{"@type":"Organization","@id":"https:\/\/www.notibras.com\/site\/#organization","name":"Grupo Notibras de Comunica\u00e7\u00e3o","url":"https:\/\/www.notibras.com\/site\/","logo":{"@type":"ImageObject","inLanguage":"pt-BR","@id":"https:\/\/www.notibras.com\/site\/#\/schema\/logo\/image\/","url":"https:\/\/www.notibras.com\/site\/wp-content\/uploads\/2023\/01\/notibras23.png","contentUrl":"https:\/\/www.notibras.com\/site\/wp-content\/uploads\/2023\/01\/notibras23.png","width":350,"height":87,"caption":"Grupo Notibras de Comunica\u00e7\u00e3o"},"image":{"@id":"https:\/\/www.notibras.com\/site\/#\/schema\/logo\/image\/"},"sameAs":["https:\/\/www.facebook.com\/notibras\/","https:\/\/x.com\/Notibras","https:\/\/www.instagram.com\/notibras\/"]},{"@type":"Person","@id":"https:\/\/www.notibras.com\/site\/#\/schema\/person\/36ab0979449956132d3e5b517ea76ac8","name":"Reda\u00e7\u00e3o","image":{"@type":"ImageObject","inLanguage":"pt-BR","@id":"https:\/\/secure.gravatar.com\/avatar\/e0a867bdedb85fd243eadf09663511f96fc81e0720a4a42581f334ad4303aa6b?s=96&d=mm&r=g","url":"https:\/\/secure.gravatar.com\/avatar\/e0a867bdedb85fd243eadf09663511f96fc81e0720a4a42581f334ad4303aa6b?s=96&d=mm&r=g","contentUrl":"https:\/\/secure.gravatar.com\/avatar\/e0a867bdedb85fd243eadf09663511f96fc81e0720a4a42581f334ad4303aa6b?s=96&d=mm&r=g","caption":"Reda\u00e7\u00e3o"}}]}},"amp_enabled":true,"_links":{"self":[{"href":"https:\/\/www.notibras.com\/site\/wp-json\/wp\/v2\/posts\/315183","targetHints":{"allow":["GET"]}}],"collection":[{"href":"https:\/\/www.notibras.com\/site\/wp-json\/wp\/v2\/posts"}],"about":[{"href":"https:\/\/www.notibras.com\/site\/wp-json\/wp\/v2\/types\/post"}],"author":[{"embeddable":true,"href":"https:\/\/www.notibras.com\/site\/wp-json\/wp\/v2\/users\/2"}],"replies":[{"embeddable":true,"href":"https:\/\/www.notibras.com\/site\/wp-json\/wp\/v2\/comments?post=315183"}],"version-history":[{"count":7,"href":"https:\/\/www.notibras.com\/site\/wp-json\/wp\/v2\/posts\/315183\/revisions"}],"predecessor-version":[{"id":315203,"href":"https:\/\/www.notibras.com\/site\/wp-json\/wp\/v2\/posts\/315183\/revisions\/315203"}],"wp:featuredmedia":[{"embeddable":true,"href":"https:\/\/www.notibras.com\/site\/wp-json\/wp\/v2\/media\/315184"}],"wp:attachment":[{"href":"https:\/\/www.notibras.com\/site\/wp-json\/wp\/v2\/media?parent=315183"}],"wp:term":[{"taxonomy":"category","embeddable":true,"href":"https:\/\/www.notibras.com\/site\/wp-json\/wp\/v2\/categories?post=315183"},{"taxonomy":"post_tag","embeddable":true,"href":"https:\/\/www.notibras.com\/site\/wp-json\/wp\/v2\/tags?post=315183"}],"curies":[{"name":"wp","href":"https:\/\/api.w.org\/{rel}","templated":true}]}}