{"id":315211,"date":"2023-10-23T00:53:50","date_gmt":"2023-10-23T03:53:50","guid":{"rendered":"https:\/\/www.notibras.com\/site\/?p=315211"},"modified":"2023-10-23T04:58:27","modified_gmt":"2023-10-23T07:58:27","slug":"escolha-pelo-concurso-precisa-envolver-pesquisa-e-vocacao","status":"publish","type":"post","link":"https:\/\/www.notibras.com\/site\/escolha-pelo-concurso-precisa-envolver-pesquisa-e-vocacao\/","title":{"rendered":"Escolha pelo concurso precisa envolver pesquisa e voca\u00e7\u00e3o"},"content":{"rendered":"<p>O banc\u00e1rio Hyago Santana, de 24 anos, tem na rotina sonho e disciplina. Um n\u00e3o vive sem o outro. Ele quer trabalhar na \u00e1rea em que se formou (tecnologia da informa\u00e7\u00e3o, na qual fez at\u00e9 mestrado) em organismo p\u00fablico. Aliado ao desejo profissional, Hyago estuda de duas a quatro horas diariamente.<\/p>\n<p>Para ele, os estudantes receberam, neste ano, uma boa not\u00edcia: a divulga\u00e7\u00e3o do Concurso P\u00fablico Nacional Unificado, proposta do governo que ficou conhecida como Enem do Concurso P\u00fablico.<\/p>\n<p>At\u00e9 o momento, o governo estima 6.640 vagas para o concurso. \u201cH\u00e1 possibilidade de diversas vagas em minha \u00e1rea. O concurso unificado pode facilitar o nosso caminho\u201d, avalia Hyago. Mais do que a estabilidade e o sal\u00e1rio, Hyago diz que amadurece a ideia de ser servidor p\u00fablico h\u00e1 quatro anos. \u201cA minha ideia \u00e9 fazer carreira, me aperfei\u00e7oar e crescer na atividade p\u00fablica. Eu imagino trabalhar com inova\u00e7\u00e3o, seguran\u00e7a da informa\u00e7\u00e3o, cibern\u00e9tica, por exemplo. \u00c9 o meu foco.\u201d<\/p>\n<p>A estabilidade, conforme explicou a ministra da Gest\u00e3o e da Inova\u00e7\u00e3o em Servi\u00e7os P\u00fablicos, Esther Dweck, em entrevista no \u00faltimo dia 18, \u00e9 uma prote\u00e7\u00e3o ao Estado brasileiro. \u201cA l\u00f3gica da estabilidade foi pensada para evitar qualquer tipo de persegui\u00e7\u00e3o a pessoas, por exemplo, que denunciam malfeitos, que denunciam corrup\u00e7\u00e3o\u201d, disse na ocasi\u00e3o.<\/p>\n<p><strong>\u201c\u00c9 preciso se informar\u201d<\/strong><br \/>\nAli\u00e1s, o caminho para um foco profissional na carreira p\u00fablica precisa envolver bastante pesquisa, antes de prestar o concurso, afirma o psic\u00f3logo Rafael Piva, que \u00e9 pesquisador na Universidade de S\u00e3o Paulo (USP) no laborat\u00f3rio de neuroci\u00eancias e comportamento. \u201cHoje h\u00e1 uma riqueza de informa\u00e7\u00f5es dispon\u00edveis sobre os \u00f3rg\u00e3os p\u00fablicos e os requisitos das fun\u00e7\u00f5es que s\u00e3o exercidas\u201d, afirma. O cuidado pode gerar satisfa\u00e7\u00e3o e tamb\u00e9m evitar frustra\u00e7\u00f5es depois que assumir um cargo.<\/p>\n<p>\u201cQuando a gente fala de servi\u00e7o p\u00fablico, h\u00e1 compet\u00eancias comportamentais que s\u00e3o fundamentais para o exerc\u00edcio nesse tipo de atividade\u201d, diz o psic\u00f3logo. Ao ingressar no servi\u00e7o p\u00fablico, \u00e9 esperado que a pessoa v\u00e1 buscar o desenvolvimento profissional, contextualiza Piva.<\/p>\n<p>\u201cA pesquisa \u00e9 fundamental para a pessoa pensar al\u00e9m do sal\u00e1rio ou da estabilidade e tamb\u00e9m compreender quais s\u00e3o as caracter\u00edsticas que a fun\u00e7\u00e3o a ser exercida demanda\u201d. O pesquisador ainda chama a aten\u00e7\u00e3o para o fato de que, na atualidade, os profissionais est\u00e3o mais abertos para eventuais mudan\u00e7as de rumo na carreira.<\/p>\n<p>Nesse sentido, Piva avalia que o concurso unificado vai ao encontro da amplia\u00e7\u00e3o de possibilidades profissionais. \u201cEu vejo isso como uma forma muito interessante de ampliar caminhos\u201d. Seja qual for a trajet\u00f3ria escolhida, \u00e9 necess\u00e1rio o suporte de informa\u00e7\u00f5es ainda que levando em conta que ningu\u00e9m est\u00e1 livre de se frustrar, j\u00e1 que isso \u00e9 parte da vida.<\/p>\n<p>\u201cMe preocupa em termos de contemporaneidade que h\u00e1 pessoas entrando no mercado de trabalho com uma toler\u00e2ncia muito baixa. Se isso n\u00e3o for trabalhado, pode levar ao sofrimento\u201d. O pesquisador ressalta que, em atividade p\u00fablica ou de empresa privada, h\u00e1 momentos bons e ruins e que o profissional deve ficar atento \u00e0 recorr\u00eancia com que acontecem para decidir sobre uma eventual mudan\u00e7a de caminho profissional.<\/p>\n<p><strong>Exig\u00eancias permanentes<\/strong><br \/>\nEngenheiro de computa\u00e7\u00e3o e professor, Victor Dalton, de 40 anos, \u00e9 servidor da C\u00e2mara dos Deputados h\u00e1 10 anos e diz que encontrou felicidade na carreira. \u201cQuando algu\u00e9m pensa em concursos p\u00fablicos, a primeira coisa [em] que se pensa s\u00e3o sal\u00e1rios diferenciados e tamb\u00e9m estabilidade. Mas, se a pessoa n\u00e3o gostar da atividade, pode se frustrar em pouco tempo\u201d, afirma.<\/p>\n<p>Ele entende que as exig\u00eancias no setor p\u00fablico s\u00e3o semelhantes \u00e0s da \u00e1rea privada e diz que ainda existe preconceitos com a carreira de Estado. Por isso, o professor recomenda que os estudantes sigam sua voca\u00e7\u00e3o e saibam que ser\u00e1 exigida proatividade. \u201cEu tenho uma vis\u00e3o [de] que iniciativa resolve 90% dos seus problemas em qualquer lugar. Muita gente tem uma vis\u00e3o mal estereotipada e n\u00e3o sabe que o servi\u00e7o p\u00fablico vai pedir muito desempenho. Para aqueles que gostam de desafios, o crescimento profissional ser\u00e1 inevit\u00e1vel.\u201d<\/p>\n<p><strong>Disciplina<\/strong><br \/>\nA contadora Cl\u00e1udia Lima, de 51 anos, que hoje trabalha como aut\u00f4noma, est\u00e1 disposta a desafios no servi\u00e7o p\u00fablico, e isso faz com que ela estude regularmente todos os dias na parte da tarde. \u201cO concurso unificado vai dar a possibilidade de se prestar para v\u00e1rios \u00f3rg\u00e3os ao mesmo tempo\u201d. O sonho de Cl\u00e1udia \u00e9 passar no concurso de tribunais judici\u00e1rios.<\/p>\n<p>Ela resolveu prestar concurso porque gostaria de ajudar a melhorar a presta\u00e7\u00e3o de servi\u00e7os. &#8220;Eu j\u00e1 presenciei falhas no atendimento das pessoas, e estou disposta a fazer o melhor, a ser diferente, a colaborar mais.\u201d<\/p>\n","protected":false},"excerpt":{"rendered":"<p>O banc\u00e1rio Hyago Santana, de 24 anos, tem na rotina sonho e disciplina. Um n\u00e3o vive sem o outro. Ele quer trabalhar na \u00e1rea em que se formou (tecnologia da informa\u00e7\u00e3o, na qual fez at\u00e9 mestrado) em organismo p\u00fablico. Aliado ao desejo profissional, Hyago estuda de duas a quatro horas diariamente. Para ele, os estudantes [&hellip;]<\/p>\n","protected":false},"author":2,"featured_media":315212,"comment_status":"closed","ping_status":"closed","sticky":false,"template":"","format":"standard","meta":{"_acf_changed":false,"footnotes":""},"categories":[161],"tags":[95],"class_list":["post-315211","post","type-post","status-publish","format-standard","has-post-thumbnail","hentry","category-quadradinho-em-foco","tag-capa"],"acf":[],"yoast_head":"<!-- This site is optimized with the Yoast SEO plugin v27.2 - https:\/\/yoast.com\/product\/yoast-seo-wordpress\/ -->\n<title>Escolha pelo concurso precisa envolver pesquisa e voca\u00e7\u00e3o - Notibras<\/title>\n<meta name=\"robots\" content=\"index, follow, max-snippet:-1, max-image-preview:large, max-video-preview:-1\" \/>\n<link rel=\"canonical\" href=\"https:\/\/www.notibras.com\/site\/escolha-pelo-concurso-precisa-envolver-pesquisa-e-vocacao\/\" \/>\n<meta property=\"og:locale\" content=\"pt_BR\" \/>\n<meta property=\"og:type\" content=\"article\" \/>\n<meta property=\"og:title\" content=\"Escolha pelo concurso precisa envolver pesquisa e voca\u00e7\u00e3o - Notibras\" \/>\n<meta property=\"og:description\" content=\"O banc\u00e1rio Hyago Santana, de 24 anos, tem na rotina sonho e disciplina. Um n\u00e3o vive sem o outro. Ele quer trabalhar na \u00e1rea em que se formou (tecnologia da informa\u00e7\u00e3o, na qual fez at\u00e9 mestrado) em organismo p\u00fablico. Aliado ao desejo profissional, Hyago estuda de duas a quatro horas diariamente. Para ele, os estudantes [&hellip;]\" \/>\n<meta property=\"og:url\" content=\"https:\/\/www.notibras.com\/site\/escolha-pelo-concurso-precisa-envolver-pesquisa-e-vocacao\/\" \/>\n<meta property=\"og:site_name\" content=\"Notibras\" \/>\n<meta property=\"article:publisher\" content=\"https:\/\/www.facebook.com\/notibras\/\" \/>\n<meta property=\"article:published_time\" content=\"2023-10-23T03:53:50+00:00\" \/>\n<meta property=\"article:modified_time\" content=\"2023-10-23T07:58:27+00:00\" \/>\n<meta property=\"og:image\" content=\"https:\/\/www.notibras.com\/site\/wp-content\/uploads\/2023\/10\/conpu.jpg\" \/>\n\t<meta property=\"og:image:width\" content=\"1170\" \/>\n\t<meta property=\"og:image:height\" content=\"700\" \/>\n\t<meta property=\"og:image:type\" content=\"image\/jpeg\" \/>\n<meta name=\"author\" content=\"Reda\u00e7\u00e3o\" \/>\n<meta name=\"twitter:card\" content=\"summary_large_image\" \/>\n<meta name=\"twitter:creator\" content=\"@Notibras\" \/>\n<meta name=\"twitter:site\" content=\"@Notibras\" \/>\n<meta name=\"twitter:label1\" content=\"Escrito por\" \/>\n\t<meta name=\"twitter:data1\" content=\"Reda\u00e7\u00e3o\" \/>\n\t<meta name=\"twitter:label2\" content=\"Est. tempo de leitura\" \/>\n\t<meta name=\"twitter:data2\" content=\"5 minutos\" \/>\n<script type=\"application\/ld+json\" class=\"yoast-schema-graph\">{\"@context\":\"https:\/\/schema.org\",\"@graph\":[{\"@type\":\"Article\",\"@id\":\"https:\/\/www.notibras.com\/site\/escolha-pelo-concurso-precisa-envolver-pesquisa-e-vocacao\/#article\",\"isPartOf\":{\"@id\":\"https:\/\/www.notibras.com\/site\/escolha-pelo-concurso-precisa-envolver-pesquisa-e-vocacao\/\"},\"author\":{\"name\":\"Reda\u00e7\u00e3o\",\"@id\":\"https:\/\/www.notibras.com\/site\/#\/schema\/person\/36ab0979449956132d3e5b517ea76ac8\"},\"headline\":\"Escolha pelo concurso precisa envolver pesquisa e voca\u00e7\u00e3o\",\"datePublished\":\"2023-10-23T03:53:50+00:00\",\"dateModified\":\"2023-10-23T07:58:27+00:00\",\"mainEntityOfPage\":{\"@id\":\"https:\/\/www.notibras.com\/site\/escolha-pelo-concurso-precisa-envolver-pesquisa-e-vocacao\/\"},\"wordCount\":834,\"publisher\":{\"@id\":\"https:\/\/www.notibras.com\/site\/#organization\"},\"image\":{\"@id\":\"https:\/\/www.notibras.com\/site\/escolha-pelo-concurso-precisa-envolver-pesquisa-e-vocacao\/#primaryimage\"},\"thumbnailUrl\":\"https:\/\/www.notibras.com\/site\/wp-content\/uploads\/2023\/10\/conpu.jpg\",\"keywords\":[\"capa\"],\"articleSection\":[\"Quadradinho em Foco\"],\"inLanguage\":\"pt-BR\"},{\"@type\":\"WebPage\",\"@id\":\"https:\/\/www.notibras.com\/site\/escolha-pelo-concurso-precisa-envolver-pesquisa-e-vocacao\/\",\"url\":\"https:\/\/www.notibras.com\/site\/escolha-pelo-concurso-precisa-envolver-pesquisa-e-vocacao\/\",\"name\":\"Escolha pelo concurso precisa envolver pesquisa e voca\u00e7\u00e3o - Notibras\",\"isPartOf\":{\"@id\":\"https:\/\/www.notibras.com\/site\/#website\"},\"primaryImageOfPage\":{\"@id\":\"https:\/\/www.notibras.com\/site\/escolha-pelo-concurso-precisa-envolver-pesquisa-e-vocacao\/#primaryimage\"},\"image\":{\"@id\":\"https:\/\/www.notibras.com\/site\/escolha-pelo-concurso-precisa-envolver-pesquisa-e-vocacao\/#primaryimage\"},\"thumbnailUrl\":\"https:\/\/www.notibras.com\/site\/wp-content\/uploads\/2023\/10\/conpu.jpg\",\"datePublished\":\"2023-10-23T03:53:50+00:00\",\"dateModified\":\"2023-10-23T07:58:27+00:00\",\"breadcrumb\":{\"@id\":\"https:\/\/www.notibras.com\/site\/escolha-pelo-concurso-precisa-envolver-pesquisa-e-vocacao\/#breadcrumb\"},\"inLanguage\":\"pt-BR\",\"potentialAction\":[{\"@type\":\"ReadAction\",\"target\":[\"https:\/\/www.notibras.com\/site\/escolha-pelo-concurso-precisa-envolver-pesquisa-e-vocacao\/\"]}]},{\"@type\":\"ImageObject\",\"inLanguage\":\"pt-BR\",\"@id\":\"https:\/\/www.notibras.com\/site\/escolha-pelo-concurso-precisa-envolver-pesquisa-e-vocacao\/#primaryimage\",\"url\":\"https:\/\/www.notibras.com\/site\/wp-content\/uploads\/2023\/10\/conpu.jpg\",\"contentUrl\":\"https:\/\/www.notibras.com\/site\/wp-content\/uploads\/2023\/10\/conpu.jpg\",\"width\":1170,\"height\":700,\"caption\":\"Bras\u00edlia (DF) 22\/10\/2023 \u2013 Escolha pelo concurso p\u00fablico deve envolver pesquisa e voca\u00e7\u00e3o Foto:Hyago Santana Mariano\/Arquivo pessoal\"},{\"@type\":\"BreadcrumbList\",\"@id\":\"https:\/\/www.notibras.com\/site\/escolha-pelo-concurso-precisa-envolver-pesquisa-e-vocacao\/#breadcrumb\",\"itemListElement\":[{\"@type\":\"ListItem\",\"position\":1,\"name\":\"In\u00edcio\",\"item\":\"https:\/\/www.notibras.com\/site\/\"},{\"@type\":\"ListItem\",\"position\":2,\"name\":\"Escolha pelo concurso precisa envolver pesquisa e voca\u00e7\u00e3o\"}]},{\"@type\":\"WebSite\",\"@id\":\"https:\/\/www.notibras.com\/site\/#website\",\"url\":\"https:\/\/www.notibras.com\/site\/\",\"name\":\"Notibras\",\"description\":\"Not\u00edcias de Bras\u00edlia, do Brasil e do Mundo\",\"publisher\":{\"@id\":\"https:\/\/www.notibras.com\/site\/#organization\"},\"potentialAction\":[{\"@type\":\"SearchAction\",\"target\":{\"@type\":\"EntryPoint\",\"urlTemplate\":\"https:\/\/www.notibras.com\/site\/?s={search_term_string}\"},\"query-input\":{\"@type\":\"PropertyValueSpecification\",\"valueRequired\":true,\"valueName\":\"search_term_string\"}}],\"inLanguage\":\"pt-BR\"},{\"@type\":\"Organization\",\"@id\":\"https:\/\/www.notibras.com\/site\/#organization\",\"name\":\"Grupo Notibras de Comunica\u00e7\u00e3o\",\"url\":\"https:\/\/www.notibras.com\/site\/\",\"logo\":{\"@type\":\"ImageObject\",\"inLanguage\":\"pt-BR\",\"@id\":\"https:\/\/www.notibras.com\/site\/#\/schema\/logo\/image\/\",\"url\":\"https:\/\/www.notibras.com\/site\/wp-content\/uploads\/2023\/01\/notibras23.png\",\"contentUrl\":\"https:\/\/www.notibras.com\/site\/wp-content\/uploads\/2023\/01\/notibras23.png\",\"width\":350,\"height\":87,\"caption\":\"Grupo Notibras de Comunica\u00e7\u00e3o\"},\"image\":{\"@id\":\"https:\/\/www.notibras.com\/site\/#\/schema\/logo\/image\/\"},\"sameAs\":[\"https:\/\/www.facebook.com\/notibras\/\",\"https:\/\/x.com\/Notibras\",\"https:\/\/www.instagram.com\/notibras\/\"]},{\"@type\":\"Person\",\"@id\":\"https:\/\/www.notibras.com\/site\/#\/schema\/person\/36ab0979449956132d3e5b517ea76ac8\",\"name\":\"Reda\u00e7\u00e3o\",\"image\":{\"@type\":\"ImageObject\",\"inLanguage\":\"pt-BR\",\"@id\":\"https:\/\/secure.gravatar.com\/avatar\/e0a867bdedb85fd243eadf09663511f96fc81e0720a4a42581f334ad4303aa6b?s=96&d=mm&r=g\",\"url\":\"https:\/\/secure.gravatar.com\/avatar\/e0a867bdedb85fd243eadf09663511f96fc81e0720a4a42581f334ad4303aa6b?s=96&d=mm&r=g\",\"contentUrl\":\"https:\/\/secure.gravatar.com\/avatar\/e0a867bdedb85fd243eadf09663511f96fc81e0720a4a42581f334ad4303aa6b?s=96&d=mm&r=g\",\"caption\":\"Reda\u00e7\u00e3o\"}}]}<\/script>\n<!-- \/ Yoast SEO plugin. -->","yoast_head_json":{"title":"Escolha pelo concurso precisa envolver pesquisa e voca\u00e7\u00e3o - Notibras","robots":{"index":"index","follow":"follow","max-snippet":"max-snippet:-1","max-image-preview":"max-image-preview:large","max-video-preview":"max-video-preview:-1"},"canonical":"https:\/\/www.notibras.com\/site\/escolha-pelo-concurso-precisa-envolver-pesquisa-e-vocacao\/","og_locale":"pt_BR","og_type":"article","og_title":"Escolha pelo concurso precisa envolver pesquisa e voca\u00e7\u00e3o - Notibras","og_description":"O banc\u00e1rio Hyago Santana, de 24 anos, tem na rotina sonho e disciplina. Um n\u00e3o vive sem o outro. Ele quer trabalhar na \u00e1rea em que se formou (tecnologia da informa\u00e7\u00e3o, na qual fez at\u00e9 mestrado) em organismo p\u00fablico. Aliado ao desejo profissional, Hyago estuda de duas a quatro horas diariamente. Para ele, os estudantes [&hellip;]","og_url":"https:\/\/www.notibras.com\/site\/escolha-pelo-concurso-precisa-envolver-pesquisa-e-vocacao\/","og_site_name":"Notibras","article_publisher":"https:\/\/www.facebook.com\/notibras\/","article_published_time":"2023-10-23T03:53:50+00:00","article_modified_time":"2023-10-23T07:58:27+00:00","og_image":[{"width":1170,"height":700,"url":"https:\/\/www.notibras.com\/site\/wp-content\/uploads\/2023\/10\/conpu.jpg","type":"image\/jpeg"}],"author":"Reda\u00e7\u00e3o","twitter_card":"summary_large_image","twitter_creator":"@Notibras","twitter_site":"@Notibras","twitter_misc":{"Escrito por":"Reda\u00e7\u00e3o","Est. tempo de leitura":"5 minutos"},"schema":{"@context":"https:\/\/schema.org","@graph":[{"@type":"Article","@id":"https:\/\/www.notibras.com\/site\/escolha-pelo-concurso-precisa-envolver-pesquisa-e-vocacao\/#article","isPartOf":{"@id":"https:\/\/www.notibras.com\/site\/escolha-pelo-concurso-precisa-envolver-pesquisa-e-vocacao\/"},"author":{"name":"Reda\u00e7\u00e3o","@id":"https:\/\/www.notibras.com\/site\/#\/schema\/person\/36ab0979449956132d3e5b517ea76ac8"},"headline":"Escolha pelo concurso precisa envolver pesquisa e voca\u00e7\u00e3o","datePublished":"2023-10-23T03:53:50+00:00","dateModified":"2023-10-23T07:58:27+00:00","mainEntityOfPage":{"@id":"https:\/\/www.notibras.com\/site\/escolha-pelo-concurso-precisa-envolver-pesquisa-e-vocacao\/"},"wordCount":834,"publisher":{"@id":"https:\/\/www.notibras.com\/site\/#organization"},"image":{"@id":"https:\/\/www.notibras.com\/site\/escolha-pelo-concurso-precisa-envolver-pesquisa-e-vocacao\/#primaryimage"},"thumbnailUrl":"https:\/\/www.notibras.com\/site\/wp-content\/uploads\/2023\/10\/conpu.jpg","keywords":["capa"],"articleSection":["Quadradinho em Foco"],"inLanguage":"pt-BR"},{"@type":"WebPage","@id":"https:\/\/www.notibras.com\/site\/escolha-pelo-concurso-precisa-envolver-pesquisa-e-vocacao\/","url":"https:\/\/www.notibras.com\/site\/escolha-pelo-concurso-precisa-envolver-pesquisa-e-vocacao\/","name":"Escolha pelo concurso precisa envolver pesquisa e voca\u00e7\u00e3o - Notibras","isPartOf":{"@id":"https:\/\/www.notibras.com\/site\/#website"},"primaryImageOfPage":{"@id":"https:\/\/www.notibras.com\/site\/escolha-pelo-concurso-precisa-envolver-pesquisa-e-vocacao\/#primaryimage"},"image":{"@id":"https:\/\/www.notibras.com\/site\/escolha-pelo-concurso-precisa-envolver-pesquisa-e-vocacao\/#primaryimage"},"thumbnailUrl":"https:\/\/www.notibras.com\/site\/wp-content\/uploads\/2023\/10\/conpu.jpg","datePublished":"2023-10-23T03:53:50+00:00","dateModified":"2023-10-23T07:58:27+00:00","breadcrumb":{"@id":"https:\/\/www.notibras.com\/site\/escolha-pelo-concurso-precisa-envolver-pesquisa-e-vocacao\/#breadcrumb"},"inLanguage":"pt-BR","potentialAction":[{"@type":"ReadAction","target":["https:\/\/www.notibras.com\/site\/escolha-pelo-concurso-precisa-envolver-pesquisa-e-vocacao\/"]}]},{"@type":"ImageObject","inLanguage":"pt-BR","@id":"https:\/\/www.notibras.com\/site\/escolha-pelo-concurso-precisa-envolver-pesquisa-e-vocacao\/#primaryimage","url":"https:\/\/www.notibras.com\/site\/wp-content\/uploads\/2023\/10\/conpu.jpg","contentUrl":"https:\/\/www.notibras.com\/site\/wp-content\/uploads\/2023\/10\/conpu.jpg","width":1170,"height":700,"caption":"Bras\u00edlia (DF) 22\/10\/2023 \u2013 Escolha pelo concurso p\u00fablico deve envolver pesquisa e voca\u00e7\u00e3o Foto:Hyago Santana Mariano\/Arquivo pessoal"},{"@type":"BreadcrumbList","@id":"https:\/\/www.notibras.com\/site\/escolha-pelo-concurso-precisa-envolver-pesquisa-e-vocacao\/#breadcrumb","itemListElement":[{"@type":"ListItem","position":1,"name":"In\u00edcio","item":"https:\/\/www.notibras.com\/site\/"},{"@type":"ListItem","position":2,"name":"Escolha pelo concurso precisa envolver pesquisa e voca\u00e7\u00e3o"}]},{"@type":"WebSite","@id":"https:\/\/www.notibras.com\/site\/#website","url":"https:\/\/www.notibras.com\/site\/","name":"Notibras","description":"Not\u00edcias de Bras\u00edlia, do Brasil e do Mundo","publisher":{"@id":"https:\/\/www.notibras.com\/site\/#organization"},"potentialAction":[{"@type":"SearchAction","target":{"@type":"EntryPoint","urlTemplate":"https:\/\/www.notibras.com\/site\/?s={search_term_string}"},"query-input":{"@type":"PropertyValueSpecification","valueRequired":true,"valueName":"search_term_string"}}],"inLanguage":"pt-BR"},{"@type":"Organization","@id":"https:\/\/www.notibras.com\/site\/#organization","name":"Grupo Notibras de Comunica\u00e7\u00e3o","url":"https:\/\/www.notibras.com\/site\/","logo":{"@type":"ImageObject","inLanguage":"pt-BR","@id":"https:\/\/www.notibras.com\/site\/#\/schema\/logo\/image\/","url":"https:\/\/www.notibras.com\/site\/wp-content\/uploads\/2023\/01\/notibras23.png","contentUrl":"https:\/\/www.notibras.com\/site\/wp-content\/uploads\/2023\/01\/notibras23.png","width":350,"height":87,"caption":"Grupo Notibras de Comunica\u00e7\u00e3o"},"image":{"@id":"https:\/\/www.notibras.com\/site\/#\/schema\/logo\/image\/"},"sameAs":["https:\/\/www.facebook.com\/notibras\/","https:\/\/x.com\/Notibras","https:\/\/www.instagram.com\/notibras\/"]},{"@type":"Person","@id":"https:\/\/www.notibras.com\/site\/#\/schema\/person\/36ab0979449956132d3e5b517ea76ac8","name":"Reda\u00e7\u00e3o","image":{"@type":"ImageObject","inLanguage":"pt-BR","@id":"https:\/\/secure.gravatar.com\/avatar\/e0a867bdedb85fd243eadf09663511f96fc81e0720a4a42581f334ad4303aa6b?s=96&d=mm&r=g","url":"https:\/\/secure.gravatar.com\/avatar\/e0a867bdedb85fd243eadf09663511f96fc81e0720a4a42581f334ad4303aa6b?s=96&d=mm&r=g","contentUrl":"https:\/\/secure.gravatar.com\/avatar\/e0a867bdedb85fd243eadf09663511f96fc81e0720a4a42581f334ad4303aa6b?s=96&d=mm&r=g","caption":"Reda\u00e7\u00e3o"}}]}},"amp_enabled":true,"_links":{"self":[{"href":"https:\/\/www.notibras.com\/site\/wp-json\/wp\/v2\/posts\/315211","targetHints":{"allow":["GET"]}}],"collection":[{"href":"https:\/\/www.notibras.com\/site\/wp-json\/wp\/v2\/posts"}],"about":[{"href":"https:\/\/www.notibras.com\/site\/wp-json\/wp\/v2\/types\/post"}],"author":[{"embeddable":true,"href":"https:\/\/www.notibras.com\/site\/wp-json\/wp\/v2\/users\/2"}],"replies":[{"embeddable":true,"href":"https:\/\/www.notibras.com\/site\/wp-json\/wp\/v2\/comments?post=315211"}],"version-history":[{"count":1,"href":"https:\/\/www.notibras.com\/site\/wp-json\/wp\/v2\/posts\/315211\/revisions"}],"predecessor-version":[{"id":315213,"href":"https:\/\/www.notibras.com\/site\/wp-json\/wp\/v2\/posts\/315211\/revisions\/315213"}],"wp:featuredmedia":[{"embeddable":true,"href":"https:\/\/www.notibras.com\/site\/wp-json\/wp\/v2\/media\/315212"}],"wp:attachment":[{"href":"https:\/\/www.notibras.com\/site\/wp-json\/wp\/v2\/media?parent=315211"}],"wp:term":[{"taxonomy":"category","embeddable":true,"href":"https:\/\/www.notibras.com\/site\/wp-json\/wp\/v2\/categories?post=315211"},{"taxonomy":"post_tag","embeddable":true,"href":"https:\/\/www.notibras.com\/site\/wp-json\/wp\/v2\/tags?post=315211"}],"curies":[{"name":"wp","href":"https:\/\/api.w.org\/{rel}","templated":true}]}}