{"id":315237,"date":"2023-10-23T00:16:07","date_gmt":"2023-10-23T03:16:07","guid":{"rendered":"https:\/\/www.notibras.com\/site\/?p=315237"},"modified":"2023-10-23T06:18:35","modified_gmt":"2023-10-23T09:18:35","slug":"cuidado-gravida-pode-transmitir-sifilis-para-bebe","status":"publish","type":"post","link":"https:\/\/www.notibras.com\/site\/cuidado-gravida-pode-transmitir-sifilis-para-bebe\/","title":{"rendered":"Cuidado! Gr\u00e1vida pode transmitir s\u00edfilis para beb\u00ea"},"content":{"rendered":"<p>De janeiro a junho de 2022, o Brasil registrou 122 mil novos casos de s\u00edfilis. Nesse per\u00edodo, foram identificados 79,5 mil casos de s\u00edfilis adquirida, 31 mil casos em gestantes e 12 mil ocorr\u00eancias de s\u00edfilis cong\u00eanita, que \u00e9 transmitida da m\u00e3e para o beb\u00ea.<\/p>\n<p>De 2016 a 2021, o aumento dos casos foi consider\u00e1vel. Enquanto em 2016 foram registrados 91.506 casos, com taxa de detec\u00e7\u00e3o de 44,6 para cada 1.000 habitantes. Em 2021 foram 167.523, com taxa de detec\u00e7\u00e3o de 78,5 para cada 1.000. O n\u00famero de gestantes infectadas pulou de 38.305 para 74,095, com a taxa de detec\u00e7\u00e3o passando de 13,4 para 27,1.<\/p>\n<p>A s\u00edfilis cong\u00eanita passou de 21.547 casos para 27.019, com a taxa de detec\u00e7\u00e3o aumentando de 7,5 para 9,9 para cada 1.000 habitantes.<\/p>\n<p><strong>S\u00edfilis cong\u00eanita<\/strong><br \/>\nSegundo o vice-presidente da Comiss\u00e3o de Doen\u00e7as Infectocontagiosas da Federa\u00e7\u00e3o Brasileira das Associa\u00e7\u00f5es de Ginecologia e Obstetr\u00edcia (Febrasgo), Regis Kreitchmann, a s\u00edfilis n\u00e3o tratada pode causar abortos de repeti\u00e7\u00e3o, al\u00e9m da ocorr\u00eancia de perdas fetais e neonatais repetidas.<\/p>\n<p>&#8220;Essas perdas possuem enormes impactos sociais, econ\u00f4micos e psicol\u00f3gicos para a mulher e a sociedade. A s\u00edfilis cong\u00eanita pode ser eliminada se a mulher for diagnosticada e tratada corretamente\u201d, alerta.<\/p>\n<p>Al\u00e9m disso, ele alerta que \u00e9 preciso aten\u00e7\u00e3o, porque os sintomas s\u00e3o parecidos com os de outras patologias e assim passar despercebidos pelas mulheres.<\/p>\n<p>Nas gestantes, a doen\u00e7a passa para o beb\u00ea porque a Treponema pallidum atravessa a placenta podendo resultar em perdas ou les\u00f5es fetais irrevers\u00edveis. Os impactos no feto podem ser a possibilidade de aborto ou a morte. Sem tratamento, o beb\u00ea pode nascer com s\u00edfilis cong\u00eanita, exigindo interna\u00e7\u00e3o para exames e administra\u00e7\u00e3o de antibi\u00f3ticos como parte do tratamento da doen\u00e7a.<\/p>\n<p>Mariana (nome fict\u00edcio para preservar sua imagem) tem 23 anos de idade e descobriu que tinha s\u00edfilis na maternidade ao dar \u00e0 luz a uma menina. Poucos dias depois do nascimento de sua filha, os exames detectaram que ela e a beb\u00ea estavam com a doen\u00e7a. O tratamento foi iniciado e, segundo Mariana, depois de 12 dias no hospital, o tratamento n\u00e3o \u00e9 f\u00e1cil e \u00e9 doloroso, principalmente para a crian\u00e7a.<\/p>\n<p>\u201cEla recebe o medicamento injet\u00e1vel por 10 dias. \u00c9 doloroso para mim ver o sofrimento da minha filha. \u00c9 inc\u00f4modo, ela chora. N\u00e3o \u00e9 f\u00e1cil, n\u00e3o foi f\u00e1cil para mim. Passei muitas noites em claro por causa disso, fora o peso das noites em claro\u201d, lamentou.<\/p>\n<p>O conselho de Mariana para as futuras m\u00e3es \u00e9 que se cuidem e fa\u00e7am o pr\u00e9-natal regularmente. \u201cTem que fazer todos os exames, mas muitas n\u00e3o acreditam e n\u00e3o pensam assim. Acham que fazer mais um exame de sangue \u00e9 um gasto, ent\u00e3o n\u00e3o fazem porque n\u00e3o est\u00e3o sentindo nada diferente. Eu estava bem, n\u00e3o sentia nada, minha beb\u00ea nasceu saud\u00e1vel e quando fizemos o exame tivemos a surpresa do resultado positivo\u201d, disse.<\/p>\n<p>Segundo a especialista em sa\u00fade da mulher, enfermagem e obstetr\u00edcia e professora de Sa\u00fade da Mulher Karina Lopes Capi, o aumento dos casos em 2022 pode estar ligado \u00e0 diminui\u00e7\u00e3o da notifica\u00e7\u00e3o devido ao per\u00edodo da pandemia da covid-19, \u201cmas n\u00e3o \u00e9 poss\u00edvel falar em epidemia porque os dados abrangem apenas os 6 primeiros meses do ano\u201d.<\/p>\n<p>Karina refor\u00e7a que para prevenir a doen\u00e7a basta usar o preservativo durante as rela\u00e7\u00f5es sexuais. Para detectar a infec\u00e7\u00e3o j\u00e1 existem os testes r\u00e1pidos dispon\u00edveis nas unidades b\u00e1sicas de Sa\u00fade (UBS) e caso o teste seja positivo, o tratamento \u00e9 feito com a penicilina, a depender do est\u00e1gio.<\/p>\n<p>Durante a gesta\u00e7\u00e3o, o tratamento da m\u00e3e e do beb\u00ea envolve o uso do medicamento por via intramuscular, com o n\u00famero de inje\u00e7\u00f5es dependendo do tempo desde o cont\u00e1gio, variando de uma a tr\u00eas doses. Al\u00e9m disso, o parceiro tamb\u00e9m deve ser tratado com o mesmo regime de tratamento ou, se preferir, pode optar por um antibi\u00f3tico oral. \u00c9 fundamental seguir o tratamento prescrito e realizar exames de sangue para confirmar a efic\u00e1cia da terapia.<\/p>\n<p>\u201c\u00c9 importante ressaltar que nem sempre a crian\u00e7a apresenta os sintomas quando nasce. Mas a partir do momento que a gente tem uma m\u00e3e que foi diagnosticada com s\u00edfilis, essa crian\u00e7a precisa ser muito bem acompanhada, porque os sintomas e as manifesta\u00e7\u00f5es cl\u00ednicas em geral podem surgir a\u00ed nos 3 meses. E precisamos acompanhar de perto at\u00e9 pelo menos os 2 anos de vida\u201d, explicou.<\/p>\n<p><strong>O que \u00e9 a doen\u00e7a<\/strong><br \/>\nO terceiro s\u00e1bado do m\u00eas de outubro foi institu\u00eddo como o Dia Nacional de Combate \u00e0 S\u00edfilis e \u00e0 S\u00edfilis Cong\u00eanita, data voltada para conscientizar a popula\u00e7\u00e3o sobre os riscos da doen\u00e7a, os m\u00e9todos de preven\u00e7\u00e3o, al\u00e9m de incentivar a participa\u00e7\u00e3o de profissionais da sa\u00fade e administradores de sistemas de sa\u00fade em iniciativas que contribuam com essa educa\u00e7\u00e3o. O destaque deste ano \u00e9 a import\u00e2ncia do diagn\u00f3stico precoce e do tratamento adequado da s\u00edfilis nas gestantes durante o per\u00edodo pr\u00e9-natal, nas mulheres e homens.<\/p>\n<p>Causada pela bact\u00e9ria Treponema pallidum, a doen\u00e7a pode apresentar v\u00e1rias manifesta\u00e7\u00f5es cl\u00ednicas e diferentes est\u00e1gios &#8211; s\u00edfilis prim\u00e1ria, secund\u00e1ria, latente e terci\u00e1ria. Nos est\u00e1gios prim\u00e1rio e secund\u00e1rio da infec\u00e7\u00e3o, a possibilidade de transmiss\u00e3o \u00e9 maior. A s\u00edfilis pode ser transmitida por rela\u00e7\u00e3o sexual sem preservativo com uma pessoa infectada ou para a crian\u00e7a durante a gesta\u00e7\u00e3o ou parto.<\/p>\n<p>Na s\u00edfilis prim\u00e1ria, o sinal \u00e9 uma ferida, geralmente \u00fanica, no local de entrada da bact\u00e9ria que pode ser no p\u00eanis, vulva, vagina, colo uterino, \u00e2nus, boca, ou outros locais da pele, que aparece entre 10 e 90 dias ap\u00f3s o cont\u00e1gio. Essa les\u00e3o \u00e9 rica em bact\u00e9rias e \u00e9 chamada de cancro duro. Normalmente n\u00e3o d\u00f3i, n\u00e3o co\u00e7a, n\u00e3o arde e n\u00e3o tem pus, podendo estar acompanhada de \u00ednguas (caro\u00e7os) na virilha. A ferida desaparece sozinha, independentemente de tratamento.<\/p>\n<p>Na s\u00edfilis secund\u00e1ria, os sintomas aparecem entre 6 semanas e 6 meses do aparecimento e cicatriza\u00e7\u00e3o da ferida inicial. Podem surgir manchas no corpo, que geralmente n\u00e3o co\u00e7am, incluindo palmas das m\u00e3os e plantas dos p\u00e9s. Essas les\u00f5es s\u00e3o ricas em bact\u00e9rias. Pode ainda ocorrer febre, mal-estar, dor de cabe\u00e7a, \u00ednguas pelo corpo. As manchas desaparecem em algumas semanas, independentemente de tratamento, trazendo a falsa impress\u00e3o de cura.<\/p>\n<p>Na fase assintom\u00e1tica, os sinais e sintomas n\u00e3o aparecem e a doen\u00e7a est\u00e1 dividida entre latente recente (at\u00e9 1 ano de infec\u00e7\u00e3o) e latente tardia (mais de 1 ano de infec\u00e7\u00e3o). A dura\u00e7\u00e3o dessa fase \u00e9 vari\u00e1vel, podendo ser interrompida pelo surgimento de sinais e sintomas da forma secund\u00e1ria ou terci\u00e1ria.<\/p>\n<p>J\u00e1 a s\u00edfilis terci\u00e1ria pode surgir entre 1 e 40 anos ap\u00f3s o in\u00edcio da infec\u00e7\u00e3o, apresentando principalmente les\u00f5es cut\u00e2neas, \u00f3sseas, cardiovasculares e neurol\u00f3gicas, podendo levar \u00e0 morte.<\/p>\n","protected":false},"excerpt":{"rendered":"<p>De janeiro a junho de 2022, o Brasil registrou 122 mil novos casos de s\u00edfilis. Nesse per\u00edodo, foram identificados 79,5 mil casos de s\u00edfilis adquirida, 31 mil casos em gestantes e 12 mil ocorr\u00eancias de s\u00edfilis cong\u00eanita, que \u00e9 transmitida da m\u00e3e para o beb\u00ea. De 2016 a 2021, o aumento dos casos foi consider\u00e1vel. [&hellip;]<\/p>\n","protected":false},"author":2,"featured_media":315238,"comment_status":"closed","ping_status":"closed","sticky":false,"template":"","format":"standard","meta":{"_acf_changed":false,"footnotes":""},"categories":[161],"tags":[],"class_list":["post-315237","post","type-post","status-publish","format-standard","has-post-thumbnail","hentry","category-quadradinho-em-foco"],"acf":[],"yoast_head":"<!-- This site is optimized with the Yoast SEO plugin v27.2 - https:\/\/yoast.com\/product\/yoast-seo-wordpress\/ -->\n<title>Cuidado! Gr\u00e1vida pode transmitir s\u00edfilis para beb\u00ea - Notibras<\/title>\n<meta name=\"robots\" content=\"index, follow, max-snippet:-1, max-image-preview:large, max-video-preview:-1\" \/>\n<link rel=\"canonical\" href=\"https:\/\/www.notibras.com\/site\/cuidado-gravida-pode-transmitir-sifilis-para-bebe\/\" \/>\n<meta property=\"og:locale\" content=\"pt_BR\" \/>\n<meta property=\"og:type\" content=\"article\" \/>\n<meta property=\"og:title\" content=\"Cuidado! Gr\u00e1vida pode transmitir s\u00edfilis para beb\u00ea - Notibras\" \/>\n<meta property=\"og:description\" content=\"De janeiro a junho de 2022, o Brasil registrou 122 mil novos casos de s\u00edfilis. Nesse per\u00edodo, foram identificados 79,5 mil casos de s\u00edfilis adquirida, 31 mil casos em gestantes e 12 mil ocorr\u00eancias de s\u00edfilis cong\u00eanita, que \u00e9 transmitida da m\u00e3e para o beb\u00ea. De 2016 a 2021, o aumento dos casos foi consider\u00e1vel. [&hellip;]\" \/>\n<meta property=\"og:url\" content=\"https:\/\/www.notibras.com\/site\/cuidado-gravida-pode-transmitir-sifilis-para-bebe\/\" \/>\n<meta property=\"og:site_name\" content=\"Notibras\" \/>\n<meta property=\"article:publisher\" content=\"https:\/\/www.facebook.com\/notibras\/\" \/>\n<meta property=\"article:published_time\" content=\"2023-10-23T03:16:07+00:00\" \/>\n<meta property=\"article:modified_time\" content=\"2023-10-23T09:18:35+00:00\" \/>\n<meta property=\"og:image\" content=\"https:\/\/www.notibras.com\/site\/wp-content\/uploads\/2023\/10\/1037833-14.08.2016_rr-3545_1-1.jpg\" \/>\n\t<meta property=\"og:image:width\" content=\"1170\" \/>\n\t<meta property=\"og:image:height\" content=\"700\" \/>\n\t<meta property=\"og:image:type\" content=\"image\/jpeg\" \/>\n<meta name=\"author\" content=\"Reda\u00e7\u00e3o\" \/>\n<meta name=\"twitter:card\" content=\"summary_large_image\" \/>\n<meta name=\"twitter:creator\" content=\"@Notibras\" \/>\n<meta name=\"twitter:site\" content=\"@Notibras\" \/>\n<meta name=\"twitter:label1\" content=\"Escrito por\" \/>\n\t<meta name=\"twitter:data1\" content=\"Reda\u00e7\u00e3o\" \/>\n\t<meta name=\"twitter:label2\" content=\"Est. tempo de leitura\" \/>\n\t<meta name=\"twitter:data2\" content=\"7 minutos\" \/>\n<script type=\"application\/ld+json\" class=\"yoast-schema-graph\">{\"@context\":\"https:\/\/schema.org\",\"@graph\":[{\"@type\":\"Article\",\"@id\":\"https:\/\/www.notibras.com\/site\/cuidado-gravida-pode-transmitir-sifilis-para-bebe\/#article\",\"isPartOf\":{\"@id\":\"https:\/\/www.notibras.com\/site\/cuidado-gravida-pode-transmitir-sifilis-para-bebe\/\"},\"author\":{\"name\":\"Reda\u00e7\u00e3o\",\"@id\":\"https:\/\/www.notibras.com\/site\/#\/schema\/person\/36ab0979449956132d3e5b517ea76ac8\"},\"headline\":\"Cuidado! Gr\u00e1vida pode transmitir s\u00edfilis para beb\u00ea\",\"datePublished\":\"2023-10-23T03:16:07+00:00\",\"dateModified\":\"2023-10-23T09:18:35+00:00\",\"mainEntityOfPage\":{\"@id\":\"https:\/\/www.notibras.com\/site\/cuidado-gravida-pode-transmitir-sifilis-para-bebe\/\"},\"wordCount\":1218,\"publisher\":{\"@id\":\"https:\/\/www.notibras.com\/site\/#organization\"},\"image\":{\"@id\":\"https:\/\/www.notibras.com\/site\/cuidado-gravida-pode-transmitir-sifilis-para-bebe\/#primaryimage\"},\"thumbnailUrl\":\"https:\/\/www.notibras.com\/site\/wp-content\/uploads\/2023\/10\/1037833-14.08.2016_rr-3545_1-1.jpg\",\"articleSection\":[\"Quadradinho em Foco\"],\"inLanguage\":\"pt-BR\"},{\"@type\":\"WebPage\",\"@id\":\"https:\/\/www.notibras.com\/site\/cuidado-gravida-pode-transmitir-sifilis-para-bebe\/\",\"url\":\"https:\/\/www.notibras.com\/site\/cuidado-gravida-pode-transmitir-sifilis-para-bebe\/\",\"name\":\"Cuidado! Gr\u00e1vida pode transmitir s\u00edfilis para beb\u00ea - Notibras\",\"isPartOf\":{\"@id\":\"https:\/\/www.notibras.com\/site\/#website\"},\"primaryImageOfPage\":{\"@id\":\"https:\/\/www.notibras.com\/site\/cuidado-gravida-pode-transmitir-sifilis-para-bebe\/#primaryimage\"},\"image\":{\"@id\":\"https:\/\/www.notibras.com\/site\/cuidado-gravida-pode-transmitir-sifilis-para-bebe\/#primaryimage\"},\"thumbnailUrl\":\"https:\/\/www.notibras.com\/site\/wp-content\/uploads\/2023\/10\/1037833-14.08.2016_rr-3545_1-1.jpg\",\"datePublished\":\"2023-10-23T03:16:07+00:00\",\"dateModified\":\"2023-10-23T09:18:35+00:00\",\"breadcrumb\":{\"@id\":\"https:\/\/www.notibras.com\/site\/cuidado-gravida-pode-transmitir-sifilis-para-bebe\/#breadcrumb\"},\"inLanguage\":\"pt-BR\",\"potentialAction\":[{\"@type\":\"ReadAction\",\"target\":[\"https:\/\/www.notibras.com\/site\/cuidado-gravida-pode-transmitir-sifilis-para-bebe\/\"]}]},{\"@type\":\"ImageObject\",\"inLanguage\":\"pt-BR\",\"@id\":\"https:\/\/www.notibras.com\/site\/cuidado-gravida-pode-transmitir-sifilis-para-bebe\/#primaryimage\",\"url\":\"https:\/\/www.notibras.com\/site\/wp-content\/uploads\/2023\/10\/1037833-14.08.2016_rr-3545_1-1.jpg\",\"contentUrl\":\"https:\/\/www.notibras.com\/site\/wp-content\/uploads\/2023\/10\/1037833-14.08.2016_rr-3545_1-1.jpg\",\"width\":1170,\"height\":700,\"caption\":\"S\u00e3o Paulo - Paciente faz teste r\u00e1pidos para HIV, Hepatite B, Hepatite C e S\u00edfilis no Centro de Refer\u00eancia de \u00c1lcool, Tabaco e Outras Drogas (Cratod), em Bom Retiro, na regi\u00e3o central (Rovena Rosa\/Ag\u00eancia Brasil)\"},{\"@type\":\"BreadcrumbList\",\"@id\":\"https:\/\/www.notibras.com\/site\/cuidado-gravida-pode-transmitir-sifilis-para-bebe\/#breadcrumb\",\"itemListElement\":[{\"@type\":\"ListItem\",\"position\":1,\"name\":\"In\u00edcio\",\"item\":\"https:\/\/www.notibras.com\/site\/\"},{\"@type\":\"ListItem\",\"position\":2,\"name\":\"Cuidado! Gr\u00e1vida pode transmitir s\u00edfilis para beb\u00ea\"}]},{\"@type\":\"WebSite\",\"@id\":\"https:\/\/www.notibras.com\/site\/#website\",\"url\":\"https:\/\/www.notibras.com\/site\/\",\"name\":\"Notibras\",\"description\":\"Not\u00edcias de Bras\u00edlia, do Brasil e do Mundo\",\"publisher\":{\"@id\":\"https:\/\/www.notibras.com\/site\/#organization\"},\"potentialAction\":[{\"@type\":\"SearchAction\",\"target\":{\"@type\":\"EntryPoint\",\"urlTemplate\":\"https:\/\/www.notibras.com\/site\/?s={search_term_string}\"},\"query-input\":{\"@type\":\"PropertyValueSpecification\",\"valueRequired\":true,\"valueName\":\"search_term_string\"}}],\"inLanguage\":\"pt-BR\"},{\"@type\":\"Organization\",\"@id\":\"https:\/\/www.notibras.com\/site\/#organization\",\"name\":\"Grupo Notibras de Comunica\u00e7\u00e3o\",\"url\":\"https:\/\/www.notibras.com\/site\/\",\"logo\":{\"@type\":\"ImageObject\",\"inLanguage\":\"pt-BR\",\"@id\":\"https:\/\/www.notibras.com\/site\/#\/schema\/logo\/image\/\",\"url\":\"https:\/\/www.notibras.com\/site\/wp-content\/uploads\/2023\/01\/notibras23.png\",\"contentUrl\":\"https:\/\/www.notibras.com\/site\/wp-content\/uploads\/2023\/01\/notibras23.png\",\"width\":350,\"height\":87,\"caption\":\"Grupo Notibras de Comunica\u00e7\u00e3o\"},\"image\":{\"@id\":\"https:\/\/www.notibras.com\/site\/#\/schema\/logo\/image\/\"},\"sameAs\":[\"https:\/\/www.facebook.com\/notibras\/\",\"https:\/\/x.com\/Notibras\",\"https:\/\/www.instagram.com\/notibras\/\"]},{\"@type\":\"Person\",\"@id\":\"https:\/\/www.notibras.com\/site\/#\/schema\/person\/36ab0979449956132d3e5b517ea76ac8\",\"name\":\"Reda\u00e7\u00e3o\",\"image\":{\"@type\":\"ImageObject\",\"inLanguage\":\"pt-BR\",\"@id\":\"https:\/\/secure.gravatar.com\/avatar\/e0a867bdedb85fd243eadf09663511f96fc81e0720a4a42581f334ad4303aa6b?s=96&d=mm&r=g\",\"url\":\"https:\/\/secure.gravatar.com\/avatar\/e0a867bdedb85fd243eadf09663511f96fc81e0720a4a42581f334ad4303aa6b?s=96&d=mm&r=g\",\"contentUrl\":\"https:\/\/secure.gravatar.com\/avatar\/e0a867bdedb85fd243eadf09663511f96fc81e0720a4a42581f334ad4303aa6b?s=96&d=mm&r=g\",\"caption\":\"Reda\u00e7\u00e3o\"}}]}<\/script>\n<!-- \/ Yoast SEO plugin. -->","yoast_head_json":{"title":"Cuidado! Gr\u00e1vida pode transmitir s\u00edfilis para beb\u00ea - Notibras","robots":{"index":"index","follow":"follow","max-snippet":"max-snippet:-1","max-image-preview":"max-image-preview:large","max-video-preview":"max-video-preview:-1"},"canonical":"https:\/\/www.notibras.com\/site\/cuidado-gravida-pode-transmitir-sifilis-para-bebe\/","og_locale":"pt_BR","og_type":"article","og_title":"Cuidado! Gr\u00e1vida pode transmitir s\u00edfilis para beb\u00ea - Notibras","og_description":"De janeiro a junho de 2022, o Brasil registrou 122 mil novos casos de s\u00edfilis. Nesse per\u00edodo, foram identificados 79,5 mil casos de s\u00edfilis adquirida, 31 mil casos em gestantes e 12 mil ocorr\u00eancias de s\u00edfilis cong\u00eanita, que \u00e9 transmitida da m\u00e3e para o beb\u00ea. De 2016 a 2021, o aumento dos casos foi consider\u00e1vel. [&hellip;]","og_url":"https:\/\/www.notibras.com\/site\/cuidado-gravida-pode-transmitir-sifilis-para-bebe\/","og_site_name":"Notibras","article_publisher":"https:\/\/www.facebook.com\/notibras\/","article_published_time":"2023-10-23T03:16:07+00:00","article_modified_time":"2023-10-23T09:18:35+00:00","og_image":[{"width":1170,"height":700,"url":"https:\/\/www.notibras.com\/site\/wp-content\/uploads\/2023\/10\/1037833-14.08.2016_rr-3545_1-1.jpg","type":"image\/jpeg"}],"author":"Reda\u00e7\u00e3o","twitter_card":"summary_large_image","twitter_creator":"@Notibras","twitter_site":"@Notibras","twitter_misc":{"Escrito por":"Reda\u00e7\u00e3o","Est. tempo de leitura":"7 minutos"},"schema":{"@context":"https:\/\/schema.org","@graph":[{"@type":"Article","@id":"https:\/\/www.notibras.com\/site\/cuidado-gravida-pode-transmitir-sifilis-para-bebe\/#article","isPartOf":{"@id":"https:\/\/www.notibras.com\/site\/cuidado-gravida-pode-transmitir-sifilis-para-bebe\/"},"author":{"name":"Reda\u00e7\u00e3o","@id":"https:\/\/www.notibras.com\/site\/#\/schema\/person\/36ab0979449956132d3e5b517ea76ac8"},"headline":"Cuidado! Gr\u00e1vida pode transmitir s\u00edfilis para beb\u00ea","datePublished":"2023-10-23T03:16:07+00:00","dateModified":"2023-10-23T09:18:35+00:00","mainEntityOfPage":{"@id":"https:\/\/www.notibras.com\/site\/cuidado-gravida-pode-transmitir-sifilis-para-bebe\/"},"wordCount":1218,"publisher":{"@id":"https:\/\/www.notibras.com\/site\/#organization"},"image":{"@id":"https:\/\/www.notibras.com\/site\/cuidado-gravida-pode-transmitir-sifilis-para-bebe\/#primaryimage"},"thumbnailUrl":"https:\/\/www.notibras.com\/site\/wp-content\/uploads\/2023\/10\/1037833-14.08.2016_rr-3545_1-1.jpg","articleSection":["Quadradinho em Foco"],"inLanguage":"pt-BR"},{"@type":"WebPage","@id":"https:\/\/www.notibras.com\/site\/cuidado-gravida-pode-transmitir-sifilis-para-bebe\/","url":"https:\/\/www.notibras.com\/site\/cuidado-gravida-pode-transmitir-sifilis-para-bebe\/","name":"Cuidado! Gr\u00e1vida pode transmitir s\u00edfilis para beb\u00ea - Notibras","isPartOf":{"@id":"https:\/\/www.notibras.com\/site\/#website"},"primaryImageOfPage":{"@id":"https:\/\/www.notibras.com\/site\/cuidado-gravida-pode-transmitir-sifilis-para-bebe\/#primaryimage"},"image":{"@id":"https:\/\/www.notibras.com\/site\/cuidado-gravida-pode-transmitir-sifilis-para-bebe\/#primaryimage"},"thumbnailUrl":"https:\/\/www.notibras.com\/site\/wp-content\/uploads\/2023\/10\/1037833-14.08.2016_rr-3545_1-1.jpg","datePublished":"2023-10-23T03:16:07+00:00","dateModified":"2023-10-23T09:18:35+00:00","breadcrumb":{"@id":"https:\/\/www.notibras.com\/site\/cuidado-gravida-pode-transmitir-sifilis-para-bebe\/#breadcrumb"},"inLanguage":"pt-BR","potentialAction":[{"@type":"ReadAction","target":["https:\/\/www.notibras.com\/site\/cuidado-gravida-pode-transmitir-sifilis-para-bebe\/"]}]},{"@type":"ImageObject","inLanguage":"pt-BR","@id":"https:\/\/www.notibras.com\/site\/cuidado-gravida-pode-transmitir-sifilis-para-bebe\/#primaryimage","url":"https:\/\/www.notibras.com\/site\/wp-content\/uploads\/2023\/10\/1037833-14.08.2016_rr-3545_1-1.jpg","contentUrl":"https:\/\/www.notibras.com\/site\/wp-content\/uploads\/2023\/10\/1037833-14.08.2016_rr-3545_1-1.jpg","width":1170,"height":700,"caption":"S\u00e3o Paulo - Paciente faz teste r\u00e1pidos para HIV, Hepatite B, Hepatite C e S\u00edfilis no Centro de Refer\u00eancia de \u00c1lcool, Tabaco e Outras Drogas (Cratod), em Bom Retiro, na regi\u00e3o central (Rovena Rosa\/Ag\u00eancia Brasil)"},{"@type":"BreadcrumbList","@id":"https:\/\/www.notibras.com\/site\/cuidado-gravida-pode-transmitir-sifilis-para-bebe\/#breadcrumb","itemListElement":[{"@type":"ListItem","position":1,"name":"In\u00edcio","item":"https:\/\/www.notibras.com\/site\/"},{"@type":"ListItem","position":2,"name":"Cuidado! Gr\u00e1vida pode transmitir s\u00edfilis para beb\u00ea"}]},{"@type":"WebSite","@id":"https:\/\/www.notibras.com\/site\/#website","url":"https:\/\/www.notibras.com\/site\/","name":"Notibras","description":"Not\u00edcias de Bras\u00edlia, do Brasil e do Mundo","publisher":{"@id":"https:\/\/www.notibras.com\/site\/#organization"},"potentialAction":[{"@type":"SearchAction","target":{"@type":"EntryPoint","urlTemplate":"https:\/\/www.notibras.com\/site\/?s={search_term_string}"},"query-input":{"@type":"PropertyValueSpecification","valueRequired":true,"valueName":"search_term_string"}}],"inLanguage":"pt-BR"},{"@type":"Organization","@id":"https:\/\/www.notibras.com\/site\/#organization","name":"Grupo Notibras de Comunica\u00e7\u00e3o","url":"https:\/\/www.notibras.com\/site\/","logo":{"@type":"ImageObject","inLanguage":"pt-BR","@id":"https:\/\/www.notibras.com\/site\/#\/schema\/logo\/image\/","url":"https:\/\/www.notibras.com\/site\/wp-content\/uploads\/2023\/01\/notibras23.png","contentUrl":"https:\/\/www.notibras.com\/site\/wp-content\/uploads\/2023\/01\/notibras23.png","width":350,"height":87,"caption":"Grupo Notibras de Comunica\u00e7\u00e3o"},"image":{"@id":"https:\/\/www.notibras.com\/site\/#\/schema\/logo\/image\/"},"sameAs":["https:\/\/www.facebook.com\/notibras\/","https:\/\/x.com\/Notibras","https:\/\/www.instagram.com\/notibras\/"]},{"@type":"Person","@id":"https:\/\/www.notibras.com\/site\/#\/schema\/person\/36ab0979449956132d3e5b517ea76ac8","name":"Reda\u00e7\u00e3o","image":{"@type":"ImageObject","inLanguage":"pt-BR","@id":"https:\/\/secure.gravatar.com\/avatar\/e0a867bdedb85fd243eadf09663511f96fc81e0720a4a42581f334ad4303aa6b?s=96&d=mm&r=g","url":"https:\/\/secure.gravatar.com\/avatar\/e0a867bdedb85fd243eadf09663511f96fc81e0720a4a42581f334ad4303aa6b?s=96&d=mm&r=g","contentUrl":"https:\/\/secure.gravatar.com\/avatar\/e0a867bdedb85fd243eadf09663511f96fc81e0720a4a42581f334ad4303aa6b?s=96&d=mm&r=g","caption":"Reda\u00e7\u00e3o"}}]}},"amp_enabled":true,"_links":{"self":[{"href":"https:\/\/www.notibras.com\/site\/wp-json\/wp\/v2\/posts\/315237","targetHints":{"allow":["GET"]}}],"collection":[{"href":"https:\/\/www.notibras.com\/site\/wp-json\/wp\/v2\/posts"}],"about":[{"href":"https:\/\/www.notibras.com\/site\/wp-json\/wp\/v2\/types\/post"}],"author":[{"embeddable":true,"href":"https:\/\/www.notibras.com\/site\/wp-json\/wp\/v2\/users\/2"}],"replies":[{"embeddable":true,"href":"https:\/\/www.notibras.com\/site\/wp-json\/wp\/v2\/comments?post=315237"}],"version-history":[{"count":1,"href":"https:\/\/www.notibras.com\/site\/wp-json\/wp\/v2\/posts\/315237\/revisions"}],"predecessor-version":[{"id":315239,"href":"https:\/\/www.notibras.com\/site\/wp-json\/wp\/v2\/posts\/315237\/revisions\/315239"}],"wp:featuredmedia":[{"embeddable":true,"href":"https:\/\/www.notibras.com\/site\/wp-json\/wp\/v2\/media\/315238"}],"wp:attachment":[{"href":"https:\/\/www.notibras.com\/site\/wp-json\/wp\/v2\/media?parent=315237"}],"wp:term":[{"taxonomy":"category","embeddable":true,"href":"https:\/\/www.notibras.com\/site\/wp-json\/wp\/v2\/categories?post=315237"},{"taxonomy":"post_tag","embeddable":true,"href":"https:\/\/www.notibras.com\/site\/wp-json\/wp\/v2\/tags?post=315237"}],"curies":[{"name":"wp","href":"https:\/\/api.w.org\/{rel}","templated":true}]}}