{"id":315243,"date":"2023-10-23T06:36:52","date_gmt":"2023-10-23T09:36:52","guid":{"rendered":"https:\/\/www.notibras.com\/site\/?p=315243"},"modified":"2023-10-23T06:38:18","modified_gmt":"2023-10-23T09:38:18","slug":"amarildo-filo-e-o-milagre-com-dona-ismenia","status":"publish","type":"post","link":"https:\/\/www.notibras.com\/site\/amarildo-filo-e-o-milagre-com-dona-ismenia\/","title":{"rendered":"Amarildo, Fil\u00f3 e o milagre com dona Ism\u00eania"},"content":{"rendered":"<p>Amarildo Almeida, no alto dos seus 80 anos, n\u00e3o era adepto de bebidas alco\u00f3licas, apesar das iniciais do seu nome pudessem sugerir o contr\u00e1rio. Seja como for, de vez em quando, bebericava algo, mas apenas nas situa\u00e7\u00f5es especiais. Uma tacinha de vinho tinto ou, ent\u00e3o, aquela cervejinha estupidamente gelada durante os jogos importantes do seu Vasco.<\/p>\n<p>O velho gostava mesmo era de caminhar acompanhado da sua insepar\u00e1vel Filomena, uma buldogue que havia ganho de sua filha h\u00e1 quase dois anos. Rechonchuda, a Fil\u00f3, como era carinhosamente chamada, adorava os mimos que recebia daquelas m\u00e3os cada vez mais tr\u00eamulas. Quanto \u00e0 esposa, a quase septuagen\u00e1ria Ism\u00eania, esta parecia n\u00e3o gostar muito desse apego do marido por uma cachorra. Todavia, apesar de gostar de reclamar at\u00e9 de uma rara poeira sobre os m\u00f3veis, preferia se manter muda nessa situa\u00e7\u00e3o.<\/p>\n<p>A vida daquele trio parecia destinada \u00e0 mesmice, como se todos estivessem de acordo com os eventos. Amarildo levantava bem cedo para sair com a Fil\u00f3, que saltitava de alegria no encal\u00e7o do velho. Ism\u00eania permanecia at\u00e9 mais tarde na cama e, ao se levantar, o esposo j\u00e1 havia preparado o caf\u00e9 da manh\u00e3.<\/p>\n<p>Enquanto degustava seu desjejum, a velha observava o marido com a Fil\u00f3 no colo. Aquilo a irritava tanto, que a sua boca se retorcia, como se estivesse tendo um derrame. Ela n\u00e3o entendia como \u00e9 que algu\u00e9m podia amar tanto um bicho, ainda mais uma cachorra de cara amassada. Entretanto, preferia se manter calada a ter um imbr\u00f3glio com o c\u00f4njuge. Preferia guardar a saliva para brigas mais importantes.<\/p>\n<p>E foi justamente naquele dia, um s\u00e1bado, que algo inesperado aconteceu. Os velhos receberam a visita da Gertrudes, amiga de longa data que h\u00e1 pouco havia se tornado vi\u00fava. Os tr\u00eas estavam sentados \u00e0 mesa da sala tomando um chazinho de ervas especiais. Quanto \u00e0 Fil\u00f3, l\u00e1 estava ela toda pregui\u00e7osa estirada no sof\u00e1, com aquela cara cheia de rugas. O seu ronco fazia companhia \u00e0quelas tr\u00eas vozes t\u00e3o gastas por d\u00e9cadas e mais d\u00e9cadas.<\/p>\n<p>Depois de quase uma hora, eis que a cachorra abre os olhos, espregui\u00e7a-se e encara a face envelhecida do Amarildo. Ism\u00eania logo manda o marido sair com a Fil\u00f3. Ele obedece sem titubear. Ent\u00e3o, assim que Amarildo fecha a porta, a Gertrudes faz um coment\u00e1rio sobre a Filomena.<\/p>\n<p>&#8211; Que cachorra mais feia!<\/p>\n<p>N\u00e3o se sabe ao certo se tais palavras afetaram a Ism\u00eania. Em todo caso, a partir desse dia, ela passou a ter um chamego com a Fil\u00f3. Tanto \u00e9 que at\u00e9 o Amarildo anda com ci\u00fame, pois a cachorra passou a dividir as lambidas entre os dois velhos.<\/p>\n","protected":false},"excerpt":{"rendered":"<p>Amarildo Almeida, no alto dos seus 80 anos, n\u00e3o era adepto de bebidas alco\u00f3licas, apesar das iniciais do seu nome pudessem sugerir o contr\u00e1rio. Seja como for, de vez em quando, bebericava algo, mas apenas nas situa\u00e7\u00f5es especiais. Uma tacinha de vinho tinto ou, ent\u00e3o, aquela cervejinha estupidamente gelada durante os jogos importantes do seu [&hellip;]<\/p>\n","protected":false},"author":2,"featured_media":315244,"comment_status":"closed","ping_status":"closed","sticky":false,"template":"","format":"standard","meta":{"_acf_changed":false,"footnotes":""},"categories":[161],"tags":[],"class_list":["post-315243","post","type-post","status-publish","format-standard","has-post-thumbnail","hentry","category-quadradinho-em-foco"],"acf":[],"yoast_head":"<!-- This site is optimized with the Yoast SEO plugin v27.2 - https:\/\/yoast.com\/product\/yoast-seo-wordpress\/ -->\n<title>Amarildo, Fil\u00f3 e o milagre com dona Ism\u00eania - Notibras<\/title>\n<meta name=\"robots\" content=\"index, follow, max-snippet:-1, max-image-preview:large, max-video-preview:-1\" \/>\n<link rel=\"canonical\" href=\"https:\/\/www.notibras.com\/site\/amarildo-filo-e-o-milagre-com-dona-ismenia\/\" \/>\n<meta property=\"og:locale\" content=\"pt_BR\" \/>\n<meta property=\"og:type\" content=\"article\" \/>\n<meta property=\"og:title\" content=\"Amarildo, Fil\u00f3 e o milagre com dona Ism\u00eania - Notibras\" \/>\n<meta property=\"og:description\" content=\"Amarildo Almeida, no alto dos seus 80 anos, n\u00e3o era adepto de bebidas alco\u00f3licas, apesar das iniciais do seu nome pudessem sugerir o contr\u00e1rio. Seja como for, de vez em quando, bebericava algo, mas apenas nas situa\u00e7\u00f5es especiais. Uma tacinha de vinho tinto ou, ent\u00e3o, aquela cervejinha estupidamente gelada durante os jogos importantes do seu [&hellip;]\" \/>\n<meta property=\"og:url\" content=\"https:\/\/www.notibras.com\/site\/amarildo-filo-e-o-milagre-com-dona-ismenia\/\" \/>\n<meta property=\"og:site_name\" content=\"Notibras\" \/>\n<meta property=\"article:publisher\" content=\"https:\/\/www.facebook.com\/notibras\/\" \/>\n<meta property=\"article:published_time\" content=\"2023-10-23T09:36:52+00:00\" \/>\n<meta property=\"article:modified_time\" content=\"2023-10-23T09:38:18+00:00\" \/>\n<meta property=\"og:image\" content=\"https:\/\/www.notibras.com\/site\/wp-content\/uploads\/2023\/10\/4d75cc83-368c-4420-ac35-dcd08e492e9d.jpeg\" \/>\n\t<meta property=\"og:image:width\" content=\"768\" \/>\n\t<meta property=\"og:image:height\" content=\"1024\" \/>\n\t<meta property=\"og:image:type\" content=\"image\/jpeg\" \/>\n<meta name=\"author\" content=\"Reda\u00e7\u00e3o\" \/>\n<meta name=\"twitter:card\" content=\"summary_large_image\" \/>\n<meta name=\"twitter:creator\" content=\"@Notibras\" \/>\n<meta name=\"twitter:site\" content=\"@Notibras\" \/>\n<meta name=\"twitter:label1\" content=\"Escrito por\" \/>\n\t<meta name=\"twitter:data1\" content=\"Reda\u00e7\u00e3o\" \/>\n\t<meta name=\"twitter:label2\" content=\"Est. tempo de leitura\" \/>\n\t<meta name=\"twitter:data2\" content=\"3 minutos\" \/>\n<script type=\"application\/ld+json\" class=\"yoast-schema-graph\">{\"@context\":\"https:\/\/schema.org\",\"@graph\":[{\"@type\":\"Article\",\"@id\":\"https:\/\/www.notibras.com\/site\/amarildo-filo-e-o-milagre-com-dona-ismenia\/#article\",\"isPartOf\":{\"@id\":\"https:\/\/www.notibras.com\/site\/amarildo-filo-e-o-milagre-com-dona-ismenia\/\"},\"author\":{\"name\":\"Reda\u00e7\u00e3o\",\"@id\":\"https:\/\/www.notibras.com\/site\/#\/schema\/person\/36ab0979449956132d3e5b517ea76ac8\"},\"headline\":\"Amarildo, Fil\u00f3 e o milagre com dona Ism\u00eania\",\"datePublished\":\"2023-10-23T09:36:52+00:00\",\"dateModified\":\"2023-10-23T09:38:18+00:00\",\"mainEntityOfPage\":{\"@id\":\"https:\/\/www.notibras.com\/site\/amarildo-filo-e-o-milagre-com-dona-ismenia\/\"},\"wordCount\":472,\"publisher\":{\"@id\":\"https:\/\/www.notibras.com\/site\/#organization\"},\"image\":{\"@id\":\"https:\/\/www.notibras.com\/site\/amarildo-filo-e-o-milagre-com-dona-ismenia\/#primaryimage\"},\"thumbnailUrl\":\"https:\/\/www.notibras.com\/site\/wp-content\/uploads\/2023\/10\/4d75cc83-368c-4420-ac35-dcd08e492e9d.jpeg\",\"articleSection\":[\"Quadradinho em Foco\"],\"inLanguage\":\"pt-BR\"},{\"@type\":\"WebPage\",\"@id\":\"https:\/\/www.notibras.com\/site\/amarildo-filo-e-o-milagre-com-dona-ismenia\/\",\"url\":\"https:\/\/www.notibras.com\/site\/amarildo-filo-e-o-milagre-com-dona-ismenia\/\",\"name\":\"Amarildo, Fil\u00f3 e o milagre com dona Ism\u00eania - Notibras\",\"isPartOf\":{\"@id\":\"https:\/\/www.notibras.com\/site\/#website\"},\"primaryImageOfPage\":{\"@id\":\"https:\/\/www.notibras.com\/site\/amarildo-filo-e-o-milagre-com-dona-ismenia\/#primaryimage\"},\"image\":{\"@id\":\"https:\/\/www.notibras.com\/site\/amarildo-filo-e-o-milagre-com-dona-ismenia\/#primaryimage\"},\"thumbnailUrl\":\"https:\/\/www.notibras.com\/site\/wp-content\/uploads\/2023\/10\/4d75cc83-368c-4420-ac35-dcd08e492e9d.jpeg\",\"datePublished\":\"2023-10-23T09:36:52+00:00\",\"dateModified\":\"2023-10-23T09:38:18+00:00\",\"breadcrumb\":{\"@id\":\"https:\/\/www.notibras.com\/site\/amarildo-filo-e-o-milagre-com-dona-ismenia\/#breadcrumb\"},\"inLanguage\":\"pt-BR\",\"potentialAction\":[{\"@type\":\"ReadAction\",\"target\":[\"https:\/\/www.notibras.com\/site\/amarildo-filo-e-o-milagre-com-dona-ismenia\/\"]}]},{\"@type\":\"ImageObject\",\"inLanguage\":\"pt-BR\",\"@id\":\"https:\/\/www.notibras.com\/site\/amarildo-filo-e-o-milagre-com-dona-ismenia\/#primaryimage\",\"url\":\"https:\/\/www.notibras.com\/site\/wp-content\/uploads\/2023\/10\/4d75cc83-368c-4420-ac35-dcd08e492e9d.jpeg\",\"contentUrl\":\"https:\/\/www.notibras.com\/site\/wp-content\/uploads\/2023\/10\/4d75cc83-368c-4420-ac35-dcd08e492e9d.jpeg\",\"width\":768,\"height\":1024},{\"@type\":\"BreadcrumbList\",\"@id\":\"https:\/\/www.notibras.com\/site\/amarildo-filo-e-o-milagre-com-dona-ismenia\/#breadcrumb\",\"itemListElement\":[{\"@type\":\"ListItem\",\"position\":1,\"name\":\"In\u00edcio\",\"item\":\"https:\/\/www.notibras.com\/site\/\"},{\"@type\":\"ListItem\",\"position\":2,\"name\":\"Amarildo, Fil\u00f3 e o milagre com dona Ism\u00eania\"}]},{\"@type\":\"WebSite\",\"@id\":\"https:\/\/www.notibras.com\/site\/#website\",\"url\":\"https:\/\/www.notibras.com\/site\/\",\"name\":\"Notibras\",\"description\":\"Not\u00edcias de Bras\u00edlia, do Brasil e do Mundo\",\"publisher\":{\"@id\":\"https:\/\/www.notibras.com\/site\/#organization\"},\"potentialAction\":[{\"@type\":\"SearchAction\",\"target\":{\"@type\":\"EntryPoint\",\"urlTemplate\":\"https:\/\/www.notibras.com\/site\/?s={search_term_string}\"},\"query-input\":{\"@type\":\"PropertyValueSpecification\",\"valueRequired\":true,\"valueName\":\"search_term_string\"}}],\"inLanguage\":\"pt-BR\"},{\"@type\":\"Organization\",\"@id\":\"https:\/\/www.notibras.com\/site\/#organization\",\"name\":\"Grupo Notibras de Comunica\u00e7\u00e3o\",\"url\":\"https:\/\/www.notibras.com\/site\/\",\"logo\":{\"@type\":\"ImageObject\",\"inLanguage\":\"pt-BR\",\"@id\":\"https:\/\/www.notibras.com\/site\/#\/schema\/logo\/image\/\",\"url\":\"https:\/\/www.notibras.com\/site\/wp-content\/uploads\/2023\/01\/notibras23.png\",\"contentUrl\":\"https:\/\/www.notibras.com\/site\/wp-content\/uploads\/2023\/01\/notibras23.png\",\"width\":350,\"height\":87,\"caption\":\"Grupo Notibras de Comunica\u00e7\u00e3o\"},\"image\":{\"@id\":\"https:\/\/www.notibras.com\/site\/#\/schema\/logo\/image\/\"},\"sameAs\":[\"https:\/\/www.facebook.com\/notibras\/\",\"https:\/\/x.com\/Notibras\",\"https:\/\/www.instagram.com\/notibras\/\"]},{\"@type\":\"Person\",\"@id\":\"https:\/\/www.notibras.com\/site\/#\/schema\/person\/36ab0979449956132d3e5b517ea76ac8\",\"name\":\"Reda\u00e7\u00e3o\",\"image\":{\"@type\":\"ImageObject\",\"inLanguage\":\"pt-BR\",\"@id\":\"https:\/\/secure.gravatar.com\/avatar\/e0a867bdedb85fd243eadf09663511f96fc81e0720a4a42581f334ad4303aa6b?s=96&d=mm&r=g\",\"url\":\"https:\/\/secure.gravatar.com\/avatar\/e0a867bdedb85fd243eadf09663511f96fc81e0720a4a42581f334ad4303aa6b?s=96&d=mm&r=g\",\"contentUrl\":\"https:\/\/secure.gravatar.com\/avatar\/e0a867bdedb85fd243eadf09663511f96fc81e0720a4a42581f334ad4303aa6b?s=96&d=mm&r=g\",\"caption\":\"Reda\u00e7\u00e3o\"}}]}<\/script>\n<!-- \/ Yoast SEO plugin. -->","yoast_head_json":{"title":"Amarildo, Fil\u00f3 e o milagre com dona Ism\u00eania - Notibras","robots":{"index":"index","follow":"follow","max-snippet":"max-snippet:-1","max-image-preview":"max-image-preview:large","max-video-preview":"max-video-preview:-1"},"canonical":"https:\/\/www.notibras.com\/site\/amarildo-filo-e-o-milagre-com-dona-ismenia\/","og_locale":"pt_BR","og_type":"article","og_title":"Amarildo, Fil\u00f3 e o milagre com dona Ism\u00eania - Notibras","og_description":"Amarildo Almeida, no alto dos seus 80 anos, n\u00e3o era adepto de bebidas alco\u00f3licas, apesar das iniciais do seu nome pudessem sugerir o contr\u00e1rio. Seja como for, de vez em quando, bebericava algo, mas apenas nas situa\u00e7\u00f5es especiais. Uma tacinha de vinho tinto ou, ent\u00e3o, aquela cervejinha estupidamente gelada durante os jogos importantes do seu [&hellip;]","og_url":"https:\/\/www.notibras.com\/site\/amarildo-filo-e-o-milagre-com-dona-ismenia\/","og_site_name":"Notibras","article_publisher":"https:\/\/www.facebook.com\/notibras\/","article_published_time":"2023-10-23T09:36:52+00:00","article_modified_time":"2023-10-23T09:38:18+00:00","og_image":[{"width":768,"height":1024,"url":"https:\/\/www.notibras.com\/site\/wp-content\/uploads\/2023\/10\/4d75cc83-368c-4420-ac35-dcd08e492e9d.jpeg","type":"image\/jpeg"}],"author":"Reda\u00e7\u00e3o","twitter_card":"summary_large_image","twitter_creator":"@Notibras","twitter_site":"@Notibras","twitter_misc":{"Escrito por":"Reda\u00e7\u00e3o","Est. tempo de leitura":"3 minutos"},"schema":{"@context":"https:\/\/schema.org","@graph":[{"@type":"Article","@id":"https:\/\/www.notibras.com\/site\/amarildo-filo-e-o-milagre-com-dona-ismenia\/#article","isPartOf":{"@id":"https:\/\/www.notibras.com\/site\/amarildo-filo-e-o-milagre-com-dona-ismenia\/"},"author":{"name":"Reda\u00e7\u00e3o","@id":"https:\/\/www.notibras.com\/site\/#\/schema\/person\/36ab0979449956132d3e5b517ea76ac8"},"headline":"Amarildo, Fil\u00f3 e o milagre com dona Ism\u00eania","datePublished":"2023-10-23T09:36:52+00:00","dateModified":"2023-10-23T09:38:18+00:00","mainEntityOfPage":{"@id":"https:\/\/www.notibras.com\/site\/amarildo-filo-e-o-milagre-com-dona-ismenia\/"},"wordCount":472,"publisher":{"@id":"https:\/\/www.notibras.com\/site\/#organization"},"image":{"@id":"https:\/\/www.notibras.com\/site\/amarildo-filo-e-o-milagre-com-dona-ismenia\/#primaryimage"},"thumbnailUrl":"https:\/\/www.notibras.com\/site\/wp-content\/uploads\/2023\/10\/4d75cc83-368c-4420-ac35-dcd08e492e9d.jpeg","articleSection":["Quadradinho em Foco"],"inLanguage":"pt-BR"},{"@type":"WebPage","@id":"https:\/\/www.notibras.com\/site\/amarildo-filo-e-o-milagre-com-dona-ismenia\/","url":"https:\/\/www.notibras.com\/site\/amarildo-filo-e-o-milagre-com-dona-ismenia\/","name":"Amarildo, Fil\u00f3 e o milagre com dona Ism\u00eania - Notibras","isPartOf":{"@id":"https:\/\/www.notibras.com\/site\/#website"},"primaryImageOfPage":{"@id":"https:\/\/www.notibras.com\/site\/amarildo-filo-e-o-milagre-com-dona-ismenia\/#primaryimage"},"image":{"@id":"https:\/\/www.notibras.com\/site\/amarildo-filo-e-o-milagre-com-dona-ismenia\/#primaryimage"},"thumbnailUrl":"https:\/\/www.notibras.com\/site\/wp-content\/uploads\/2023\/10\/4d75cc83-368c-4420-ac35-dcd08e492e9d.jpeg","datePublished":"2023-10-23T09:36:52+00:00","dateModified":"2023-10-23T09:38:18+00:00","breadcrumb":{"@id":"https:\/\/www.notibras.com\/site\/amarildo-filo-e-o-milagre-com-dona-ismenia\/#breadcrumb"},"inLanguage":"pt-BR","potentialAction":[{"@type":"ReadAction","target":["https:\/\/www.notibras.com\/site\/amarildo-filo-e-o-milagre-com-dona-ismenia\/"]}]},{"@type":"ImageObject","inLanguage":"pt-BR","@id":"https:\/\/www.notibras.com\/site\/amarildo-filo-e-o-milagre-com-dona-ismenia\/#primaryimage","url":"https:\/\/www.notibras.com\/site\/wp-content\/uploads\/2023\/10\/4d75cc83-368c-4420-ac35-dcd08e492e9d.jpeg","contentUrl":"https:\/\/www.notibras.com\/site\/wp-content\/uploads\/2023\/10\/4d75cc83-368c-4420-ac35-dcd08e492e9d.jpeg","width":768,"height":1024},{"@type":"BreadcrumbList","@id":"https:\/\/www.notibras.com\/site\/amarildo-filo-e-o-milagre-com-dona-ismenia\/#breadcrumb","itemListElement":[{"@type":"ListItem","position":1,"name":"In\u00edcio","item":"https:\/\/www.notibras.com\/site\/"},{"@type":"ListItem","position":2,"name":"Amarildo, Fil\u00f3 e o milagre com dona Ism\u00eania"}]},{"@type":"WebSite","@id":"https:\/\/www.notibras.com\/site\/#website","url":"https:\/\/www.notibras.com\/site\/","name":"Notibras","description":"Not\u00edcias de Bras\u00edlia, do Brasil e do Mundo","publisher":{"@id":"https:\/\/www.notibras.com\/site\/#organization"},"potentialAction":[{"@type":"SearchAction","target":{"@type":"EntryPoint","urlTemplate":"https:\/\/www.notibras.com\/site\/?s={search_term_string}"},"query-input":{"@type":"PropertyValueSpecification","valueRequired":true,"valueName":"search_term_string"}}],"inLanguage":"pt-BR"},{"@type":"Organization","@id":"https:\/\/www.notibras.com\/site\/#organization","name":"Grupo Notibras de Comunica\u00e7\u00e3o","url":"https:\/\/www.notibras.com\/site\/","logo":{"@type":"ImageObject","inLanguage":"pt-BR","@id":"https:\/\/www.notibras.com\/site\/#\/schema\/logo\/image\/","url":"https:\/\/www.notibras.com\/site\/wp-content\/uploads\/2023\/01\/notibras23.png","contentUrl":"https:\/\/www.notibras.com\/site\/wp-content\/uploads\/2023\/01\/notibras23.png","width":350,"height":87,"caption":"Grupo Notibras de Comunica\u00e7\u00e3o"},"image":{"@id":"https:\/\/www.notibras.com\/site\/#\/schema\/logo\/image\/"},"sameAs":["https:\/\/www.facebook.com\/notibras\/","https:\/\/x.com\/Notibras","https:\/\/www.instagram.com\/notibras\/"]},{"@type":"Person","@id":"https:\/\/www.notibras.com\/site\/#\/schema\/person\/36ab0979449956132d3e5b517ea76ac8","name":"Reda\u00e7\u00e3o","image":{"@type":"ImageObject","inLanguage":"pt-BR","@id":"https:\/\/secure.gravatar.com\/avatar\/e0a867bdedb85fd243eadf09663511f96fc81e0720a4a42581f334ad4303aa6b?s=96&d=mm&r=g","url":"https:\/\/secure.gravatar.com\/avatar\/e0a867bdedb85fd243eadf09663511f96fc81e0720a4a42581f334ad4303aa6b?s=96&d=mm&r=g","contentUrl":"https:\/\/secure.gravatar.com\/avatar\/e0a867bdedb85fd243eadf09663511f96fc81e0720a4a42581f334ad4303aa6b?s=96&d=mm&r=g","caption":"Reda\u00e7\u00e3o"}}]}},"amp_enabled":true,"_links":{"self":[{"href":"https:\/\/www.notibras.com\/site\/wp-json\/wp\/v2\/posts\/315243","targetHints":{"allow":["GET"]}}],"collection":[{"href":"https:\/\/www.notibras.com\/site\/wp-json\/wp\/v2\/posts"}],"about":[{"href":"https:\/\/www.notibras.com\/site\/wp-json\/wp\/v2\/types\/post"}],"author":[{"embeddable":true,"href":"https:\/\/www.notibras.com\/site\/wp-json\/wp\/v2\/users\/2"}],"replies":[{"embeddable":true,"href":"https:\/\/www.notibras.com\/site\/wp-json\/wp\/v2\/comments?post=315243"}],"version-history":[{"count":1,"href":"https:\/\/www.notibras.com\/site\/wp-json\/wp\/v2\/posts\/315243\/revisions"}],"predecessor-version":[{"id":315245,"href":"https:\/\/www.notibras.com\/site\/wp-json\/wp\/v2\/posts\/315243\/revisions\/315245"}],"wp:featuredmedia":[{"embeddable":true,"href":"https:\/\/www.notibras.com\/site\/wp-json\/wp\/v2\/media\/315244"}],"wp:attachment":[{"href":"https:\/\/www.notibras.com\/site\/wp-json\/wp\/v2\/media?parent=315243"}],"wp:term":[{"taxonomy":"category","embeddable":true,"href":"https:\/\/www.notibras.com\/site\/wp-json\/wp\/v2\/categories?post=315243"},{"taxonomy":"post_tag","embeddable":true,"href":"https:\/\/www.notibras.com\/site\/wp-json\/wp\/v2\/tags?post=315243"}],"curies":[{"name":"wp","href":"https:\/\/api.w.org\/{rel}","templated":true}]}}