{"id":315272,"date":"2023-10-24T08:19:22","date_gmt":"2023-10-24T11:19:22","guid":{"rendered":"https:\/\/www.notibras.com\/site\/?p=315272"},"modified":"2023-10-24T08:20:36","modified_gmt":"2023-10-24T11:20:36","slug":"dona-irene-dudu-e-o-choro-do-menino-grande","status":"publish","type":"post","link":"https:\/\/www.notibras.com\/site\/dona-irene-dudu-e-o-choro-do-menino-grande\/","title":{"rendered":"Dona Irene, Dudu e o choro do menino grande"},"content":{"rendered":"<p>Confesso que, ao contr\u00e1rio da minha esposa (a Dona Irene), sou extremamente sens\u00edvel \u00e0 dor. Ali\u00e1s, por causa disso, ela sempre brinca comigo dizendo que eu seria um p\u00e9ssimo espi\u00e3o, pois, caso eu fosse capturado pelo inimigo, entregaria todos os segredos antes mesmo de um simples belisc\u00e3o na orelha.<\/p>\n<p>S\u00f3 para voc\u00ea ter ideia da diferen\u00e7a de sensibilidade entre a Dona Irene e mim, vou lhe contar duas situa\u00e7\u00f5es, ambas verdadeiras por sinal. A primeira aconteceu com ela, que estava em uma reuni\u00e3o de trabalho. A minha mulher, em determinado instante, disse que precisaria se ausentar, pois estava sentindo um pequeno inc\u00f4modo. Ela se levantou e, depois de aproximadamente uma hora, me telefonou:<\/p>\n<p>&#8211; Dudu, voc\u00ea pode vir aqui no hospital agora pegar o carro?<\/p>\n<p>&#8211; Hospital? Como assim? O que houve?<\/p>\n<p>&#8211; \u00c9 que o m\u00e9dico disse que eu vou ter que ser operada por causa de um c\u00e1lculo renal.<\/p>\n<p>Caso voc\u00ea n\u00e3o tenha entendido, ela, que estava com uma crise renal, dirigiu do trabalho at\u00e9 o hospital sozinha. A dist\u00e2ncia entre esses dois locais \u00e9 de aproximadamente dez quil\u00f4metros. Pois bem, essa \u00e9 a Dona Irene!<\/p>\n<p>J\u00e1 o que aconteceu comigo foi mais ou menos assim. Eu havia acabado de sair com o Chengulo, o meu buldogue, quando, de forma estabanada, acabei metendo a testa em um suporte de ferro desses que ficam nos port\u00f5es de algumas resid\u00eancias para colocar o lixo. A pancada foi t\u00e3o forte, que a dona da casa saiu e fez aquela cara de assustada, pois o sangue escorria pelo meu rosto.<\/p>\n<p>Quase na mesma hora, telefonei para a minha amada, que disse que eu teria que levar alguns pontos. Tentei retrucar, pois tenho horror \u00e0 anestesia local, que sei que arde pra caramba. Pra qu\u00ea? A Dona Irene disse que iria sair do trabalho naquele momento e que me levaria at\u00e9 o hospital para que a minha testa fosse suturada.<\/p>\n<p>N\u00e3o sei exatamente em quanto tempo a minha mulher chegou para me buscar, mas pareceu um minuto ou dois. \u00c9 que sempre que eu quero que algo n\u00e3o aconte\u00e7a, o tempo passa voando. Logo est\u00e1vamos na sala, com a m\u00e9dica com aquela seringa enorme cheia de anest\u00e9sico. A cada injetada daquele l\u00edquido, eu apertava a m\u00e3o da Dona Irene, que, serena, tentava me consolar. As l\u00e1grimas escorriam pelo meu rosto. Que eternidade!!! Finalmente, a minha testa ficou dormente, a doutora me deu 11 pontos e, antes de sairmos do local, a Dona Irene se virou para mim e falou:<\/p>\n<p>&#8211; J\u00e1 vi gente frouxa, mas voc\u00ea \u00e9, de longe, o mais fraconildo agudo!<\/p>\n","protected":false},"excerpt":{"rendered":"<p>Confesso que, ao contr\u00e1rio da minha esposa (a Dona Irene), sou extremamente sens\u00edvel \u00e0 dor. Ali\u00e1s, por causa disso, ela sempre brinca comigo dizendo que eu seria um p\u00e9ssimo espi\u00e3o, pois, caso eu fosse capturado pelo inimigo, entregaria todos os segredos antes mesmo de um simples belisc\u00e3o na orelha. S\u00f3 para voc\u00ea ter ideia da [&hellip;]<\/p>\n","protected":false},"author":2,"featured_media":315273,"comment_status":"closed","ping_status":"closed","sticky":false,"template":"","format":"standard","meta":{"_acf_changed":false,"footnotes":""},"categories":[161],"tags":[],"class_list":["post-315272","post","type-post","status-publish","format-standard","has-post-thumbnail","hentry","category-quadradinho-em-foco"],"acf":[],"yoast_head":"<!-- This site is optimized with the Yoast SEO plugin v27.2 - https:\/\/yoast.com\/product\/yoast-seo-wordpress\/ -->\n<title>Dona Irene, Dudu e o choro do menino grande - Notibras<\/title>\n<meta name=\"robots\" content=\"index, follow, max-snippet:-1, max-image-preview:large, max-video-preview:-1\" \/>\n<link rel=\"canonical\" href=\"https:\/\/www.notibras.com\/site\/dona-irene-dudu-e-o-choro-do-menino-grande\/\" \/>\n<meta property=\"og:locale\" content=\"pt_BR\" \/>\n<meta property=\"og:type\" content=\"article\" \/>\n<meta property=\"og:title\" content=\"Dona Irene, Dudu e o choro do menino grande - Notibras\" \/>\n<meta property=\"og:description\" content=\"Confesso que, ao contr\u00e1rio da minha esposa (a Dona Irene), sou extremamente sens\u00edvel \u00e0 dor. Ali\u00e1s, por causa disso, ela sempre brinca comigo dizendo que eu seria um p\u00e9ssimo espi\u00e3o, pois, caso eu fosse capturado pelo inimigo, entregaria todos os segredos antes mesmo de um simples belisc\u00e3o na orelha. S\u00f3 para voc\u00ea ter ideia da [&hellip;]\" \/>\n<meta property=\"og:url\" content=\"https:\/\/www.notibras.com\/site\/dona-irene-dudu-e-o-choro-do-menino-grande\/\" \/>\n<meta property=\"og:site_name\" content=\"Notibras\" \/>\n<meta property=\"article:publisher\" content=\"https:\/\/www.facebook.com\/notibras\/\" \/>\n<meta property=\"article:published_time\" content=\"2023-10-24T11:19:22+00:00\" \/>\n<meta property=\"article:modified_time\" content=\"2023-10-24T11:20:36+00:00\" \/>\n<meta property=\"og:image\" content=\"https:\/\/www.notibras.com\/site\/wp-content\/uploads\/2023\/10\/dudusangue.jpg\" \/>\n\t<meta property=\"og:image:width\" content=\"576\" \/>\n\t<meta property=\"og:image:height\" content=\"1024\" \/>\n\t<meta property=\"og:image:type\" content=\"image\/jpeg\" \/>\n<meta name=\"author\" content=\"Reda\u00e7\u00e3o\" \/>\n<meta name=\"twitter:card\" content=\"summary_large_image\" \/>\n<meta name=\"twitter:creator\" content=\"@Notibras\" \/>\n<meta name=\"twitter:site\" content=\"@Notibras\" \/>\n<meta name=\"twitter:label1\" content=\"Escrito por\" \/>\n\t<meta name=\"twitter:data1\" content=\"Reda\u00e7\u00e3o\" \/>\n\t<meta name=\"twitter:label2\" content=\"Est. tempo de leitura\" \/>\n\t<meta name=\"twitter:data2\" content=\"3 minutos\" \/>\n<script type=\"application\/ld+json\" class=\"yoast-schema-graph\">{\"@context\":\"https:\/\/schema.org\",\"@graph\":[{\"@type\":\"Article\",\"@id\":\"https:\/\/www.notibras.com\/site\/dona-irene-dudu-e-o-choro-do-menino-grande\/#article\",\"isPartOf\":{\"@id\":\"https:\/\/www.notibras.com\/site\/dona-irene-dudu-e-o-choro-do-menino-grande\/\"},\"author\":{\"name\":\"Reda\u00e7\u00e3o\",\"@id\":\"https:\/\/www.notibras.com\/site\/#\/schema\/person\/36ab0979449956132d3e5b517ea76ac8\"},\"headline\":\"Dona Irene, Dudu e o choro do menino grande\",\"datePublished\":\"2023-10-24T11:19:22+00:00\",\"dateModified\":\"2023-10-24T11:20:36+00:00\",\"mainEntityOfPage\":{\"@id\":\"https:\/\/www.notibras.com\/site\/dona-irene-dudu-e-o-choro-do-menino-grande\/\"},\"wordCount\":458,\"publisher\":{\"@id\":\"https:\/\/www.notibras.com\/site\/#organization\"},\"image\":{\"@id\":\"https:\/\/www.notibras.com\/site\/dona-irene-dudu-e-o-choro-do-menino-grande\/#primaryimage\"},\"thumbnailUrl\":\"https:\/\/www.notibras.com\/site\/wp-content\/uploads\/2023\/10\/dudusangue.jpg\",\"articleSection\":[\"Quadradinho em Foco\"],\"inLanguage\":\"pt-BR\"},{\"@type\":\"WebPage\",\"@id\":\"https:\/\/www.notibras.com\/site\/dona-irene-dudu-e-o-choro-do-menino-grande\/\",\"url\":\"https:\/\/www.notibras.com\/site\/dona-irene-dudu-e-o-choro-do-menino-grande\/\",\"name\":\"Dona Irene, Dudu e o choro do menino grande - Notibras\",\"isPartOf\":{\"@id\":\"https:\/\/www.notibras.com\/site\/#website\"},\"primaryImageOfPage\":{\"@id\":\"https:\/\/www.notibras.com\/site\/dona-irene-dudu-e-o-choro-do-menino-grande\/#primaryimage\"},\"image\":{\"@id\":\"https:\/\/www.notibras.com\/site\/dona-irene-dudu-e-o-choro-do-menino-grande\/#primaryimage\"},\"thumbnailUrl\":\"https:\/\/www.notibras.com\/site\/wp-content\/uploads\/2023\/10\/dudusangue.jpg\",\"datePublished\":\"2023-10-24T11:19:22+00:00\",\"dateModified\":\"2023-10-24T11:20:36+00:00\",\"breadcrumb\":{\"@id\":\"https:\/\/www.notibras.com\/site\/dona-irene-dudu-e-o-choro-do-menino-grande\/#breadcrumb\"},\"inLanguage\":\"pt-BR\",\"potentialAction\":[{\"@type\":\"ReadAction\",\"target\":[\"https:\/\/www.notibras.com\/site\/dona-irene-dudu-e-o-choro-do-menino-grande\/\"]}]},{\"@type\":\"ImageObject\",\"inLanguage\":\"pt-BR\",\"@id\":\"https:\/\/www.notibras.com\/site\/dona-irene-dudu-e-o-choro-do-menino-grande\/#primaryimage\",\"url\":\"https:\/\/www.notibras.com\/site\/wp-content\/uploads\/2023\/10\/dudusangue.jpg\",\"contentUrl\":\"https:\/\/www.notibras.com\/site\/wp-content\/uploads\/2023\/10\/dudusangue.jpg\",\"width\":576,\"height\":1024},{\"@type\":\"BreadcrumbList\",\"@id\":\"https:\/\/www.notibras.com\/site\/dona-irene-dudu-e-o-choro-do-menino-grande\/#breadcrumb\",\"itemListElement\":[{\"@type\":\"ListItem\",\"position\":1,\"name\":\"In\u00edcio\",\"item\":\"https:\/\/www.notibras.com\/site\/\"},{\"@type\":\"ListItem\",\"position\":2,\"name\":\"Dona Irene, Dudu e o choro do menino grande\"}]},{\"@type\":\"WebSite\",\"@id\":\"https:\/\/www.notibras.com\/site\/#website\",\"url\":\"https:\/\/www.notibras.com\/site\/\",\"name\":\"Notibras\",\"description\":\"Not\u00edcias de Bras\u00edlia, do Brasil e do Mundo\",\"publisher\":{\"@id\":\"https:\/\/www.notibras.com\/site\/#organization\"},\"potentialAction\":[{\"@type\":\"SearchAction\",\"target\":{\"@type\":\"EntryPoint\",\"urlTemplate\":\"https:\/\/www.notibras.com\/site\/?s={search_term_string}\"},\"query-input\":{\"@type\":\"PropertyValueSpecification\",\"valueRequired\":true,\"valueName\":\"search_term_string\"}}],\"inLanguage\":\"pt-BR\"},{\"@type\":\"Organization\",\"@id\":\"https:\/\/www.notibras.com\/site\/#organization\",\"name\":\"Grupo Notibras de Comunica\u00e7\u00e3o\",\"url\":\"https:\/\/www.notibras.com\/site\/\",\"logo\":{\"@type\":\"ImageObject\",\"inLanguage\":\"pt-BR\",\"@id\":\"https:\/\/www.notibras.com\/site\/#\/schema\/logo\/image\/\",\"url\":\"https:\/\/www.notibras.com\/site\/wp-content\/uploads\/2023\/01\/notibras23.png\",\"contentUrl\":\"https:\/\/www.notibras.com\/site\/wp-content\/uploads\/2023\/01\/notibras23.png\",\"width\":350,\"height\":87,\"caption\":\"Grupo Notibras de Comunica\u00e7\u00e3o\"},\"image\":{\"@id\":\"https:\/\/www.notibras.com\/site\/#\/schema\/logo\/image\/\"},\"sameAs\":[\"https:\/\/www.facebook.com\/notibras\/\",\"https:\/\/x.com\/Notibras\",\"https:\/\/www.instagram.com\/notibras\/\"]},{\"@type\":\"Person\",\"@id\":\"https:\/\/www.notibras.com\/site\/#\/schema\/person\/36ab0979449956132d3e5b517ea76ac8\",\"name\":\"Reda\u00e7\u00e3o\",\"image\":{\"@type\":\"ImageObject\",\"inLanguage\":\"pt-BR\",\"@id\":\"https:\/\/secure.gravatar.com\/avatar\/e0a867bdedb85fd243eadf09663511f96fc81e0720a4a42581f334ad4303aa6b?s=96&d=mm&r=g\",\"url\":\"https:\/\/secure.gravatar.com\/avatar\/e0a867bdedb85fd243eadf09663511f96fc81e0720a4a42581f334ad4303aa6b?s=96&d=mm&r=g\",\"contentUrl\":\"https:\/\/secure.gravatar.com\/avatar\/e0a867bdedb85fd243eadf09663511f96fc81e0720a4a42581f334ad4303aa6b?s=96&d=mm&r=g\",\"caption\":\"Reda\u00e7\u00e3o\"}}]}<\/script>\n<!-- \/ Yoast SEO plugin. -->","yoast_head_json":{"title":"Dona Irene, Dudu e o choro do menino grande - Notibras","robots":{"index":"index","follow":"follow","max-snippet":"max-snippet:-1","max-image-preview":"max-image-preview:large","max-video-preview":"max-video-preview:-1"},"canonical":"https:\/\/www.notibras.com\/site\/dona-irene-dudu-e-o-choro-do-menino-grande\/","og_locale":"pt_BR","og_type":"article","og_title":"Dona Irene, Dudu e o choro do menino grande - Notibras","og_description":"Confesso que, ao contr\u00e1rio da minha esposa (a Dona Irene), sou extremamente sens\u00edvel \u00e0 dor. Ali\u00e1s, por causa disso, ela sempre brinca comigo dizendo que eu seria um p\u00e9ssimo espi\u00e3o, pois, caso eu fosse capturado pelo inimigo, entregaria todos os segredos antes mesmo de um simples belisc\u00e3o na orelha. S\u00f3 para voc\u00ea ter ideia da [&hellip;]","og_url":"https:\/\/www.notibras.com\/site\/dona-irene-dudu-e-o-choro-do-menino-grande\/","og_site_name":"Notibras","article_publisher":"https:\/\/www.facebook.com\/notibras\/","article_published_time":"2023-10-24T11:19:22+00:00","article_modified_time":"2023-10-24T11:20:36+00:00","og_image":[{"width":576,"height":1024,"url":"https:\/\/www.notibras.com\/site\/wp-content\/uploads\/2023\/10\/dudusangue.jpg","type":"image\/jpeg"}],"author":"Reda\u00e7\u00e3o","twitter_card":"summary_large_image","twitter_creator":"@Notibras","twitter_site":"@Notibras","twitter_misc":{"Escrito por":"Reda\u00e7\u00e3o","Est. tempo de leitura":"3 minutos"},"schema":{"@context":"https:\/\/schema.org","@graph":[{"@type":"Article","@id":"https:\/\/www.notibras.com\/site\/dona-irene-dudu-e-o-choro-do-menino-grande\/#article","isPartOf":{"@id":"https:\/\/www.notibras.com\/site\/dona-irene-dudu-e-o-choro-do-menino-grande\/"},"author":{"name":"Reda\u00e7\u00e3o","@id":"https:\/\/www.notibras.com\/site\/#\/schema\/person\/36ab0979449956132d3e5b517ea76ac8"},"headline":"Dona Irene, Dudu e o choro do menino grande","datePublished":"2023-10-24T11:19:22+00:00","dateModified":"2023-10-24T11:20:36+00:00","mainEntityOfPage":{"@id":"https:\/\/www.notibras.com\/site\/dona-irene-dudu-e-o-choro-do-menino-grande\/"},"wordCount":458,"publisher":{"@id":"https:\/\/www.notibras.com\/site\/#organization"},"image":{"@id":"https:\/\/www.notibras.com\/site\/dona-irene-dudu-e-o-choro-do-menino-grande\/#primaryimage"},"thumbnailUrl":"https:\/\/www.notibras.com\/site\/wp-content\/uploads\/2023\/10\/dudusangue.jpg","articleSection":["Quadradinho em Foco"],"inLanguage":"pt-BR"},{"@type":"WebPage","@id":"https:\/\/www.notibras.com\/site\/dona-irene-dudu-e-o-choro-do-menino-grande\/","url":"https:\/\/www.notibras.com\/site\/dona-irene-dudu-e-o-choro-do-menino-grande\/","name":"Dona Irene, Dudu e o choro do menino grande - Notibras","isPartOf":{"@id":"https:\/\/www.notibras.com\/site\/#website"},"primaryImageOfPage":{"@id":"https:\/\/www.notibras.com\/site\/dona-irene-dudu-e-o-choro-do-menino-grande\/#primaryimage"},"image":{"@id":"https:\/\/www.notibras.com\/site\/dona-irene-dudu-e-o-choro-do-menino-grande\/#primaryimage"},"thumbnailUrl":"https:\/\/www.notibras.com\/site\/wp-content\/uploads\/2023\/10\/dudusangue.jpg","datePublished":"2023-10-24T11:19:22+00:00","dateModified":"2023-10-24T11:20:36+00:00","breadcrumb":{"@id":"https:\/\/www.notibras.com\/site\/dona-irene-dudu-e-o-choro-do-menino-grande\/#breadcrumb"},"inLanguage":"pt-BR","potentialAction":[{"@type":"ReadAction","target":["https:\/\/www.notibras.com\/site\/dona-irene-dudu-e-o-choro-do-menino-grande\/"]}]},{"@type":"ImageObject","inLanguage":"pt-BR","@id":"https:\/\/www.notibras.com\/site\/dona-irene-dudu-e-o-choro-do-menino-grande\/#primaryimage","url":"https:\/\/www.notibras.com\/site\/wp-content\/uploads\/2023\/10\/dudusangue.jpg","contentUrl":"https:\/\/www.notibras.com\/site\/wp-content\/uploads\/2023\/10\/dudusangue.jpg","width":576,"height":1024},{"@type":"BreadcrumbList","@id":"https:\/\/www.notibras.com\/site\/dona-irene-dudu-e-o-choro-do-menino-grande\/#breadcrumb","itemListElement":[{"@type":"ListItem","position":1,"name":"In\u00edcio","item":"https:\/\/www.notibras.com\/site\/"},{"@type":"ListItem","position":2,"name":"Dona Irene, Dudu e o choro do menino grande"}]},{"@type":"WebSite","@id":"https:\/\/www.notibras.com\/site\/#website","url":"https:\/\/www.notibras.com\/site\/","name":"Notibras","description":"Not\u00edcias de Bras\u00edlia, do Brasil e do Mundo","publisher":{"@id":"https:\/\/www.notibras.com\/site\/#organization"},"potentialAction":[{"@type":"SearchAction","target":{"@type":"EntryPoint","urlTemplate":"https:\/\/www.notibras.com\/site\/?s={search_term_string}"},"query-input":{"@type":"PropertyValueSpecification","valueRequired":true,"valueName":"search_term_string"}}],"inLanguage":"pt-BR"},{"@type":"Organization","@id":"https:\/\/www.notibras.com\/site\/#organization","name":"Grupo Notibras de Comunica\u00e7\u00e3o","url":"https:\/\/www.notibras.com\/site\/","logo":{"@type":"ImageObject","inLanguage":"pt-BR","@id":"https:\/\/www.notibras.com\/site\/#\/schema\/logo\/image\/","url":"https:\/\/www.notibras.com\/site\/wp-content\/uploads\/2023\/01\/notibras23.png","contentUrl":"https:\/\/www.notibras.com\/site\/wp-content\/uploads\/2023\/01\/notibras23.png","width":350,"height":87,"caption":"Grupo Notibras de Comunica\u00e7\u00e3o"},"image":{"@id":"https:\/\/www.notibras.com\/site\/#\/schema\/logo\/image\/"},"sameAs":["https:\/\/www.facebook.com\/notibras\/","https:\/\/x.com\/Notibras","https:\/\/www.instagram.com\/notibras\/"]},{"@type":"Person","@id":"https:\/\/www.notibras.com\/site\/#\/schema\/person\/36ab0979449956132d3e5b517ea76ac8","name":"Reda\u00e7\u00e3o","image":{"@type":"ImageObject","inLanguage":"pt-BR","@id":"https:\/\/secure.gravatar.com\/avatar\/e0a867bdedb85fd243eadf09663511f96fc81e0720a4a42581f334ad4303aa6b?s=96&d=mm&r=g","url":"https:\/\/secure.gravatar.com\/avatar\/e0a867bdedb85fd243eadf09663511f96fc81e0720a4a42581f334ad4303aa6b?s=96&d=mm&r=g","contentUrl":"https:\/\/secure.gravatar.com\/avatar\/e0a867bdedb85fd243eadf09663511f96fc81e0720a4a42581f334ad4303aa6b?s=96&d=mm&r=g","caption":"Reda\u00e7\u00e3o"}}]}},"amp_enabled":true,"_links":{"self":[{"href":"https:\/\/www.notibras.com\/site\/wp-json\/wp\/v2\/posts\/315272","targetHints":{"allow":["GET"]}}],"collection":[{"href":"https:\/\/www.notibras.com\/site\/wp-json\/wp\/v2\/posts"}],"about":[{"href":"https:\/\/www.notibras.com\/site\/wp-json\/wp\/v2\/types\/post"}],"author":[{"embeddable":true,"href":"https:\/\/www.notibras.com\/site\/wp-json\/wp\/v2\/users\/2"}],"replies":[{"embeddable":true,"href":"https:\/\/www.notibras.com\/site\/wp-json\/wp\/v2\/comments?post=315272"}],"version-history":[{"count":4,"href":"https:\/\/www.notibras.com\/site\/wp-json\/wp\/v2\/posts\/315272\/revisions"}],"predecessor-version":[{"id":315322,"href":"https:\/\/www.notibras.com\/site\/wp-json\/wp\/v2\/posts\/315272\/revisions\/315322"}],"wp:featuredmedia":[{"embeddable":true,"href":"https:\/\/www.notibras.com\/site\/wp-json\/wp\/v2\/media\/315273"}],"wp:attachment":[{"href":"https:\/\/www.notibras.com\/site\/wp-json\/wp\/v2\/media?parent=315272"}],"wp:term":[{"taxonomy":"category","embeddable":true,"href":"https:\/\/www.notibras.com\/site\/wp-json\/wp\/v2\/categories?post=315272"},{"taxonomy":"post_tag","embeddable":true,"href":"https:\/\/www.notibras.com\/site\/wp-json\/wp\/v2\/tags?post=315272"}],"curies":[{"name":"wp","href":"https:\/\/api.w.org\/{rel}","templated":true}]}}