{"id":315275,"date":"2023-10-25T10:27:28","date_gmt":"2023-10-25T13:27:28","guid":{"rendered":"https:\/\/www.notibras.com\/site\/?p=315275"},"modified":"2023-10-25T10:33:01","modified_gmt":"2023-10-25T13:33:01","slug":"deus-o-tigre-o-gato-e-a-coragem-de-uma-caricia","status":"publish","type":"post","link":"https:\/\/www.notibras.com\/site\/deus-o-tigre-o-gato-e-a-coragem-de-uma-caricia\/","title":{"rendered":"Deus, o tigre, o gato e a coragem de uma car\u00edcia"},"content":{"rendered":"<div>N\u00e3o sei se voc\u00ea sabe, mas existe uma famosa frase que diz: &#8220;Deus criou o gato para que o homem pudesse ter o prazer de acariciar o tigre&#8221;, Talvez voc\u00ea at\u00e9 conhe\u00e7a esse ditado, j\u00e1 que n\u00e3o \u00e9 raro encontr\u00e1-lo em cl\u00ednicas veterin\u00e1rias.\u00a0 No entanto, vou lhe contar o que aconteceu um dia, h\u00e1 muitos anos, quando eu estava tentando vacinar um gatinho de um cliente.<\/div>\n<div><\/div>\n<div>\u00a0Pois bem, l\u00e1 estava eu trabalhando, quando chegou um jovem casal trazendo um belo bichano no colo. Ele tinha um sugestivo nome: Mingau. Preto e branco, poderia se passar facilmente por um torcedor do Botafogo, ainda mais porque carregava uma estrela solit\u00e1ria na testa. Pensei comigo mesmo que, por conta dessas caracter\u00edsticas, havia uma liga\u00e7\u00e3o especial entre n\u00f3s dois.<\/div>\n<div><\/div>\n<div>\u00a0Aquela era a primeira consulta do Mingau, que n\u00e3o possu\u00eda mais de dois meses. Orienta\u00e7\u00f5es daqui, dicas dali, finalmente havia chegado a hora de vacinar aquele montinho de pelos. Que fofura!!! A mulher, toda agarrada ao Mingau, fez quest\u00e3o de coloc\u00e1-lo na mesa para que eu pudesse lhe aplicar a primeira vacina. Ali\u00e1s, aquela seria a primeira inje\u00e7\u00e3o que o Mingau tomaria na vida.<\/div>\n<div><\/div>\n<div>E l\u00e1 fui eu, todo me achando o mais s\u00e1bio e competente veterin\u00e1rio da face da Terra, quando, de repente, o Mingau me mostrou os dentes, ao mesmo tempo em que tentou me arranhar com uma das patas. Quase!!! Foi a\u00ed que descobri uma falha de Deus. Ele deveria ter combinado antes com o gato sobre a tal conversa do homem poder acariciar o tigre.<\/div>\n","protected":false},"excerpt":{"rendered":"<p>N\u00e3o sei se voc\u00ea sabe, mas existe uma famosa frase que diz: &#8220;Deus criou o gato para que o homem pudesse ter o prazer de acariciar o tigre&#8221;, Talvez voc\u00ea at\u00e9 conhe\u00e7a esse ditado, j\u00e1 que n\u00e3o \u00e9 raro encontr\u00e1-lo em cl\u00ednicas veterin\u00e1rias.\u00a0 No entanto, vou lhe contar o que aconteceu um dia, h\u00e1 muitos [&hellip;]<\/p>\n","protected":false},"author":2,"featured_media":315398,"comment_status":"closed","ping_status":"closed","sticky":false,"template":"","format":"standard","meta":{"_acf_changed":false,"footnotes":""},"categories":[161],"tags":[],"class_list":["post-315275","post","type-post","status-publish","format-standard","has-post-thumbnail","hentry","category-quadradinho-em-foco"],"acf":[],"yoast_head":"<!-- This site is optimized with the Yoast SEO plugin v27.2 - https:\/\/yoast.com\/product\/yoast-seo-wordpress\/ -->\n<title>Deus, o tigre, o gato e a coragem de uma car\u00edcia - Notibras<\/title>\n<meta name=\"robots\" content=\"index, follow, max-snippet:-1, max-image-preview:large, max-video-preview:-1\" \/>\n<link rel=\"canonical\" href=\"https:\/\/www.notibras.com\/site\/deus-o-tigre-o-gato-e-a-coragem-de-uma-caricia\/\" \/>\n<meta property=\"og:locale\" content=\"pt_BR\" \/>\n<meta property=\"og:type\" content=\"article\" \/>\n<meta property=\"og:title\" content=\"Deus, o tigre, o gato e a coragem de uma car\u00edcia - Notibras\" \/>\n<meta property=\"og:description\" content=\"N\u00e3o sei se voc\u00ea sabe, mas existe uma famosa frase que diz: &#8220;Deus criou o gato para que o homem pudesse ter o prazer de acariciar o tigre&#8221;, Talvez voc\u00ea at\u00e9 conhe\u00e7a esse ditado, j\u00e1 que n\u00e3o \u00e9 raro encontr\u00e1-lo em cl\u00ednicas veterin\u00e1rias.\u00a0 No entanto, vou lhe contar o que aconteceu um dia, h\u00e1 muitos [&hellip;]\" \/>\n<meta property=\"og:url\" content=\"https:\/\/www.notibras.com\/site\/deus-o-tigre-o-gato-e-a-coragem-de-uma-caricia\/\" \/>\n<meta property=\"og:site_name\" content=\"Notibras\" \/>\n<meta property=\"article:publisher\" content=\"https:\/\/www.facebook.com\/notibras\/\" \/>\n<meta property=\"article:published_time\" content=\"2023-10-25T13:27:28+00:00\" \/>\n<meta property=\"article:modified_time\" content=\"2023-10-25T13:33:01+00:00\" \/>\n<meta property=\"og:image\" content=\"https:\/\/www.notibras.com\/site\/wp-content\/uploads\/2023\/10\/gato.tigre_.jpg\" \/>\n\t<meta property=\"og:image:width\" content=\"678\" \/>\n\t<meta property=\"og:image:height\" content=\"452\" \/>\n\t<meta property=\"og:image:type\" content=\"image\/jpeg\" \/>\n<meta name=\"author\" content=\"Reda\u00e7\u00e3o\" \/>\n<meta name=\"twitter:card\" content=\"summary_large_image\" \/>\n<meta name=\"twitter:creator\" content=\"@Notibras\" \/>\n<meta name=\"twitter:site\" content=\"@Notibras\" \/>\n<meta name=\"twitter:label1\" content=\"Escrito por\" \/>\n\t<meta name=\"twitter:data1\" content=\"Reda\u00e7\u00e3o\" \/>\n\t<meta name=\"twitter:label2\" content=\"Est. tempo de leitura\" \/>\n\t<meta name=\"twitter:data2\" content=\"2 minutos\" \/>\n<script type=\"application\/ld+json\" class=\"yoast-schema-graph\">{\"@context\":\"https:\/\/schema.org\",\"@graph\":[{\"@type\":\"Article\",\"@id\":\"https:\/\/www.notibras.com\/site\/deus-o-tigre-o-gato-e-a-coragem-de-uma-caricia\/#article\",\"isPartOf\":{\"@id\":\"https:\/\/www.notibras.com\/site\/deus-o-tigre-o-gato-e-a-coragem-de-uma-caricia\/\"},\"author\":{\"name\":\"Reda\u00e7\u00e3o\",\"@id\":\"https:\/\/www.notibras.com\/site\/#\/schema\/person\/36ab0979449956132d3e5b517ea76ac8\"},\"headline\":\"Deus, o tigre, o gato e a coragem de uma car\u00edcia\",\"datePublished\":\"2023-10-25T13:27:28+00:00\",\"dateModified\":\"2023-10-25T13:33:01+00:00\",\"mainEntityOfPage\":{\"@id\":\"https:\/\/www.notibras.com\/site\/deus-o-tigre-o-gato-e-a-coragem-de-uma-caricia\/\"},\"wordCount\":284,\"publisher\":{\"@id\":\"https:\/\/www.notibras.com\/site\/#organization\"},\"image\":{\"@id\":\"https:\/\/www.notibras.com\/site\/deus-o-tigre-o-gato-e-a-coragem-de-uma-caricia\/#primaryimage\"},\"thumbnailUrl\":\"https:\/\/www.notibras.com\/site\/wp-content\/uploads\/2023\/10\/gato.tigre_.jpg\",\"articleSection\":[\"Quadradinho em Foco\"],\"inLanguage\":\"pt-BR\"},{\"@type\":\"WebPage\",\"@id\":\"https:\/\/www.notibras.com\/site\/deus-o-tigre-o-gato-e-a-coragem-de-uma-caricia\/\",\"url\":\"https:\/\/www.notibras.com\/site\/deus-o-tigre-o-gato-e-a-coragem-de-uma-caricia\/\",\"name\":\"Deus, o tigre, o gato e a coragem de uma car\u00edcia - Notibras\",\"isPartOf\":{\"@id\":\"https:\/\/www.notibras.com\/site\/#website\"},\"primaryImageOfPage\":{\"@id\":\"https:\/\/www.notibras.com\/site\/deus-o-tigre-o-gato-e-a-coragem-de-uma-caricia\/#primaryimage\"},\"image\":{\"@id\":\"https:\/\/www.notibras.com\/site\/deus-o-tigre-o-gato-e-a-coragem-de-uma-caricia\/#primaryimage\"},\"thumbnailUrl\":\"https:\/\/www.notibras.com\/site\/wp-content\/uploads\/2023\/10\/gato.tigre_.jpg\",\"datePublished\":\"2023-10-25T13:27:28+00:00\",\"dateModified\":\"2023-10-25T13:33:01+00:00\",\"breadcrumb\":{\"@id\":\"https:\/\/www.notibras.com\/site\/deus-o-tigre-o-gato-e-a-coragem-de-uma-caricia\/#breadcrumb\"},\"inLanguage\":\"pt-BR\",\"potentialAction\":[{\"@type\":\"ReadAction\",\"target\":[\"https:\/\/www.notibras.com\/site\/deus-o-tigre-o-gato-e-a-coragem-de-uma-caricia\/\"]}]},{\"@type\":\"ImageObject\",\"inLanguage\":\"pt-BR\",\"@id\":\"https:\/\/www.notibras.com\/site\/deus-o-tigre-o-gato-e-a-coragem-de-uma-caricia\/#primaryimage\",\"url\":\"https:\/\/www.notibras.com\/site\/wp-content\/uploads\/2023\/10\/gato.tigre_.jpg\",\"contentUrl\":\"https:\/\/www.notibras.com\/site\/wp-content\/uploads\/2023\/10\/gato.tigre_.jpg\",\"width\":678,\"height\":452},{\"@type\":\"BreadcrumbList\",\"@id\":\"https:\/\/www.notibras.com\/site\/deus-o-tigre-o-gato-e-a-coragem-de-uma-caricia\/#breadcrumb\",\"itemListElement\":[{\"@type\":\"ListItem\",\"position\":1,\"name\":\"In\u00edcio\",\"item\":\"https:\/\/www.notibras.com\/site\/\"},{\"@type\":\"ListItem\",\"position\":2,\"name\":\"Deus, o tigre, o gato e a coragem de uma car\u00edcia\"}]},{\"@type\":\"WebSite\",\"@id\":\"https:\/\/www.notibras.com\/site\/#website\",\"url\":\"https:\/\/www.notibras.com\/site\/\",\"name\":\"Notibras\",\"description\":\"Not\u00edcias de Bras\u00edlia, do Brasil e do Mundo\",\"publisher\":{\"@id\":\"https:\/\/www.notibras.com\/site\/#organization\"},\"potentialAction\":[{\"@type\":\"SearchAction\",\"target\":{\"@type\":\"EntryPoint\",\"urlTemplate\":\"https:\/\/www.notibras.com\/site\/?s={search_term_string}\"},\"query-input\":{\"@type\":\"PropertyValueSpecification\",\"valueRequired\":true,\"valueName\":\"search_term_string\"}}],\"inLanguage\":\"pt-BR\"},{\"@type\":\"Organization\",\"@id\":\"https:\/\/www.notibras.com\/site\/#organization\",\"name\":\"Grupo Notibras de Comunica\u00e7\u00e3o\",\"url\":\"https:\/\/www.notibras.com\/site\/\",\"logo\":{\"@type\":\"ImageObject\",\"inLanguage\":\"pt-BR\",\"@id\":\"https:\/\/www.notibras.com\/site\/#\/schema\/logo\/image\/\",\"url\":\"https:\/\/www.notibras.com\/site\/wp-content\/uploads\/2023\/01\/notibras23.png\",\"contentUrl\":\"https:\/\/www.notibras.com\/site\/wp-content\/uploads\/2023\/01\/notibras23.png\",\"width\":350,\"height\":87,\"caption\":\"Grupo Notibras de Comunica\u00e7\u00e3o\"},\"image\":{\"@id\":\"https:\/\/www.notibras.com\/site\/#\/schema\/logo\/image\/\"},\"sameAs\":[\"https:\/\/www.facebook.com\/notibras\/\",\"https:\/\/x.com\/Notibras\",\"https:\/\/www.instagram.com\/notibras\/\"]},{\"@type\":\"Person\",\"@id\":\"https:\/\/www.notibras.com\/site\/#\/schema\/person\/36ab0979449956132d3e5b517ea76ac8\",\"name\":\"Reda\u00e7\u00e3o\",\"image\":{\"@type\":\"ImageObject\",\"inLanguage\":\"pt-BR\",\"@id\":\"https:\/\/secure.gravatar.com\/avatar\/e0a867bdedb85fd243eadf09663511f96fc81e0720a4a42581f334ad4303aa6b?s=96&d=mm&r=g\",\"url\":\"https:\/\/secure.gravatar.com\/avatar\/e0a867bdedb85fd243eadf09663511f96fc81e0720a4a42581f334ad4303aa6b?s=96&d=mm&r=g\",\"contentUrl\":\"https:\/\/secure.gravatar.com\/avatar\/e0a867bdedb85fd243eadf09663511f96fc81e0720a4a42581f334ad4303aa6b?s=96&d=mm&r=g\",\"caption\":\"Reda\u00e7\u00e3o\"}}]}<\/script>\n<!-- \/ Yoast SEO plugin. -->","yoast_head_json":{"title":"Deus, o tigre, o gato e a coragem de uma car\u00edcia - Notibras","robots":{"index":"index","follow":"follow","max-snippet":"max-snippet:-1","max-image-preview":"max-image-preview:large","max-video-preview":"max-video-preview:-1"},"canonical":"https:\/\/www.notibras.com\/site\/deus-o-tigre-o-gato-e-a-coragem-de-uma-caricia\/","og_locale":"pt_BR","og_type":"article","og_title":"Deus, o tigre, o gato e a coragem de uma car\u00edcia - Notibras","og_description":"N\u00e3o sei se voc\u00ea sabe, mas existe uma famosa frase que diz: &#8220;Deus criou o gato para que o homem pudesse ter o prazer de acariciar o tigre&#8221;, Talvez voc\u00ea at\u00e9 conhe\u00e7a esse ditado, j\u00e1 que n\u00e3o \u00e9 raro encontr\u00e1-lo em cl\u00ednicas veterin\u00e1rias.\u00a0 No entanto, vou lhe contar o que aconteceu um dia, h\u00e1 muitos [&hellip;]","og_url":"https:\/\/www.notibras.com\/site\/deus-o-tigre-o-gato-e-a-coragem-de-uma-caricia\/","og_site_name":"Notibras","article_publisher":"https:\/\/www.facebook.com\/notibras\/","article_published_time":"2023-10-25T13:27:28+00:00","article_modified_time":"2023-10-25T13:33:01+00:00","og_image":[{"width":678,"height":452,"url":"https:\/\/www.notibras.com\/site\/wp-content\/uploads\/2023\/10\/gato.tigre_.jpg","type":"image\/jpeg"}],"author":"Reda\u00e7\u00e3o","twitter_card":"summary_large_image","twitter_creator":"@Notibras","twitter_site":"@Notibras","twitter_misc":{"Escrito por":"Reda\u00e7\u00e3o","Est. tempo de leitura":"2 minutos"},"schema":{"@context":"https:\/\/schema.org","@graph":[{"@type":"Article","@id":"https:\/\/www.notibras.com\/site\/deus-o-tigre-o-gato-e-a-coragem-de-uma-caricia\/#article","isPartOf":{"@id":"https:\/\/www.notibras.com\/site\/deus-o-tigre-o-gato-e-a-coragem-de-uma-caricia\/"},"author":{"name":"Reda\u00e7\u00e3o","@id":"https:\/\/www.notibras.com\/site\/#\/schema\/person\/36ab0979449956132d3e5b517ea76ac8"},"headline":"Deus, o tigre, o gato e a coragem de uma car\u00edcia","datePublished":"2023-10-25T13:27:28+00:00","dateModified":"2023-10-25T13:33:01+00:00","mainEntityOfPage":{"@id":"https:\/\/www.notibras.com\/site\/deus-o-tigre-o-gato-e-a-coragem-de-uma-caricia\/"},"wordCount":284,"publisher":{"@id":"https:\/\/www.notibras.com\/site\/#organization"},"image":{"@id":"https:\/\/www.notibras.com\/site\/deus-o-tigre-o-gato-e-a-coragem-de-uma-caricia\/#primaryimage"},"thumbnailUrl":"https:\/\/www.notibras.com\/site\/wp-content\/uploads\/2023\/10\/gato.tigre_.jpg","articleSection":["Quadradinho em Foco"],"inLanguage":"pt-BR"},{"@type":"WebPage","@id":"https:\/\/www.notibras.com\/site\/deus-o-tigre-o-gato-e-a-coragem-de-uma-caricia\/","url":"https:\/\/www.notibras.com\/site\/deus-o-tigre-o-gato-e-a-coragem-de-uma-caricia\/","name":"Deus, o tigre, o gato e a coragem de uma car\u00edcia - Notibras","isPartOf":{"@id":"https:\/\/www.notibras.com\/site\/#website"},"primaryImageOfPage":{"@id":"https:\/\/www.notibras.com\/site\/deus-o-tigre-o-gato-e-a-coragem-de-uma-caricia\/#primaryimage"},"image":{"@id":"https:\/\/www.notibras.com\/site\/deus-o-tigre-o-gato-e-a-coragem-de-uma-caricia\/#primaryimage"},"thumbnailUrl":"https:\/\/www.notibras.com\/site\/wp-content\/uploads\/2023\/10\/gato.tigre_.jpg","datePublished":"2023-10-25T13:27:28+00:00","dateModified":"2023-10-25T13:33:01+00:00","breadcrumb":{"@id":"https:\/\/www.notibras.com\/site\/deus-o-tigre-o-gato-e-a-coragem-de-uma-caricia\/#breadcrumb"},"inLanguage":"pt-BR","potentialAction":[{"@type":"ReadAction","target":["https:\/\/www.notibras.com\/site\/deus-o-tigre-o-gato-e-a-coragem-de-uma-caricia\/"]}]},{"@type":"ImageObject","inLanguage":"pt-BR","@id":"https:\/\/www.notibras.com\/site\/deus-o-tigre-o-gato-e-a-coragem-de-uma-caricia\/#primaryimage","url":"https:\/\/www.notibras.com\/site\/wp-content\/uploads\/2023\/10\/gato.tigre_.jpg","contentUrl":"https:\/\/www.notibras.com\/site\/wp-content\/uploads\/2023\/10\/gato.tigre_.jpg","width":678,"height":452},{"@type":"BreadcrumbList","@id":"https:\/\/www.notibras.com\/site\/deus-o-tigre-o-gato-e-a-coragem-de-uma-caricia\/#breadcrumb","itemListElement":[{"@type":"ListItem","position":1,"name":"In\u00edcio","item":"https:\/\/www.notibras.com\/site\/"},{"@type":"ListItem","position":2,"name":"Deus, o tigre, o gato e a coragem de uma car\u00edcia"}]},{"@type":"WebSite","@id":"https:\/\/www.notibras.com\/site\/#website","url":"https:\/\/www.notibras.com\/site\/","name":"Notibras","description":"Not\u00edcias de Bras\u00edlia, do Brasil e do Mundo","publisher":{"@id":"https:\/\/www.notibras.com\/site\/#organization"},"potentialAction":[{"@type":"SearchAction","target":{"@type":"EntryPoint","urlTemplate":"https:\/\/www.notibras.com\/site\/?s={search_term_string}"},"query-input":{"@type":"PropertyValueSpecification","valueRequired":true,"valueName":"search_term_string"}}],"inLanguage":"pt-BR"},{"@type":"Organization","@id":"https:\/\/www.notibras.com\/site\/#organization","name":"Grupo Notibras de Comunica\u00e7\u00e3o","url":"https:\/\/www.notibras.com\/site\/","logo":{"@type":"ImageObject","inLanguage":"pt-BR","@id":"https:\/\/www.notibras.com\/site\/#\/schema\/logo\/image\/","url":"https:\/\/www.notibras.com\/site\/wp-content\/uploads\/2023\/01\/notibras23.png","contentUrl":"https:\/\/www.notibras.com\/site\/wp-content\/uploads\/2023\/01\/notibras23.png","width":350,"height":87,"caption":"Grupo Notibras de Comunica\u00e7\u00e3o"},"image":{"@id":"https:\/\/www.notibras.com\/site\/#\/schema\/logo\/image\/"},"sameAs":["https:\/\/www.facebook.com\/notibras\/","https:\/\/x.com\/Notibras","https:\/\/www.instagram.com\/notibras\/"]},{"@type":"Person","@id":"https:\/\/www.notibras.com\/site\/#\/schema\/person\/36ab0979449956132d3e5b517ea76ac8","name":"Reda\u00e7\u00e3o","image":{"@type":"ImageObject","inLanguage":"pt-BR","@id":"https:\/\/secure.gravatar.com\/avatar\/e0a867bdedb85fd243eadf09663511f96fc81e0720a4a42581f334ad4303aa6b?s=96&d=mm&r=g","url":"https:\/\/secure.gravatar.com\/avatar\/e0a867bdedb85fd243eadf09663511f96fc81e0720a4a42581f334ad4303aa6b?s=96&d=mm&r=g","contentUrl":"https:\/\/secure.gravatar.com\/avatar\/e0a867bdedb85fd243eadf09663511f96fc81e0720a4a42581f334ad4303aa6b?s=96&d=mm&r=g","caption":"Reda\u00e7\u00e3o"}}]}},"amp_enabled":true,"_links":{"self":[{"href":"https:\/\/www.notibras.com\/site\/wp-json\/wp\/v2\/posts\/315275","targetHints":{"allow":["GET"]}}],"collection":[{"href":"https:\/\/www.notibras.com\/site\/wp-json\/wp\/v2\/posts"}],"about":[{"href":"https:\/\/www.notibras.com\/site\/wp-json\/wp\/v2\/types\/post"}],"author":[{"embeddable":true,"href":"https:\/\/www.notibras.com\/site\/wp-json\/wp\/v2\/users\/2"}],"replies":[{"embeddable":true,"href":"https:\/\/www.notibras.com\/site\/wp-json\/wp\/v2\/comments?post=315275"}],"version-history":[{"count":2,"href":"https:\/\/www.notibras.com\/site\/wp-json\/wp\/v2\/posts\/315275\/revisions"}],"predecessor-version":[{"id":315399,"href":"https:\/\/www.notibras.com\/site\/wp-json\/wp\/v2\/posts\/315275\/revisions\/315399"}],"wp:featuredmedia":[{"embeddable":true,"href":"https:\/\/www.notibras.com\/site\/wp-json\/wp\/v2\/media\/315398"}],"wp:attachment":[{"href":"https:\/\/www.notibras.com\/site\/wp-json\/wp\/v2\/media?parent=315275"}],"wp:term":[{"taxonomy":"category","embeddable":true,"href":"https:\/\/www.notibras.com\/site\/wp-json\/wp\/v2\/categories?post=315275"},{"taxonomy":"post_tag","embeddable":true,"href":"https:\/\/www.notibras.com\/site\/wp-json\/wp\/v2\/tags?post=315275"}],"curies":[{"name":"wp","href":"https:\/\/api.w.org\/{rel}","templated":true}]}}