{"id":315323,"date":"2023-10-24T00:31:32","date_gmt":"2023-10-24T03:31:32","guid":{"rendered":"https:\/\/www.notibras.com\/site\/?p=315323"},"modified":"2023-10-24T08:35:17","modified_gmt":"2023-10-24T11:35:17","slug":"professores-contam-como-preparam-alunos-para-prova-de-redacao","status":"publish","type":"post","link":"https:\/\/www.notibras.com\/site\/professores-contam-como-preparam-alunos-para-prova-de-redacao\/","title":{"rendered":"Professores contam como preparam alunos para prova de reda\u00e7\u00e3o"},"content":{"rendered":"<p>No primeiro dia de aplica\u00e7\u00e3o do Exame Nacional do Ensino M\u00e9dio (Enem), no dia 5 de novembro, os candidatos resolver\u00e3o quest\u00f5es de linguagens, ci\u00eancias humanas e far\u00e3o a prova de reda\u00e7\u00e3o. A reda\u00e7\u00e3o \u00e9 a \u00fanica parte discursiva do exame e n\u00e3o zerar essa prova \u00e9 requisito para participar de processos seletivos para vagas no ensino superior. A duas semanas para o exame, professores de escolas p\u00fablicas contam como est\u00e3o preparando os alunos e d\u00e3o dicas para quem far\u00e1 as provas este ano.<\/p>\n<p>\u201cEu costumo dizer que o Enem \u00e9 o pagamento, como se fosse a presta\u00e7\u00e3o de conta do discente com seus respons\u00e1veis e com a escola, de tudo que estudou tanto no ensino fundamental quanto m\u00e9dio\u201d, define o professor de L\u00edngua Portuguesa, Jos\u00e9 F\u00e9lix da Costa Filho.<\/p>\n<p>A professora de l\u00edngua portuguesa e reda\u00e7\u00e3o, Bruna Ribeiro, concorda. \u201cEstamos sempre tranquilizando muito os estudantes. Na verdade, eles v\u00e3o consolidar nessa prova tudo que sabem. N\u00e3o \u00e9 nada novo, que possa causar medo ou trav\u00e1-los, eles s\u00e3o muito capazes de realizar essa prova e a passar por essa etapa da vida estudantil\u201d, diz.<\/p>\n<p><strong>Escrita e viv\u00eancia<\/strong><br \/>\nO Ceti Gilberto Mestrinho est\u00e1 localizado na periferia da capital do Amazonas. Buscando aliar viv\u00eancias pr\u00e1ticas ao aprendizado, a escola promove visitas e cursos para os estudantes em teatros, museus e \u00f3rg\u00e3o p\u00fablicos na cidade. Essas visitas e viv\u00eancias acabam se transformando em texto nas aulas de Filho, que aproveita para cobrar as compet\u00eancias exigidas no Enem. \u201cOs estudantes v\u00e3o a campo e, ao retornar, fazem o registro escrito de tudo, a partir dessa narrativa de experimenta\u00e7\u00e3o\u201d, explica.<\/p>\n<p>Outra estrat\u00e9gia da rede de ensino \u00e9 envolver as fam\u00edlias no aprendizado desde cedo: \u201cOs alunos t\u00eam a pr\u00e1tica da produ\u00e7\u00e3o textual com ajuda da fam\u00edlia desde as s\u00e9ries iniciais do ensino fundamental. Contam, n\u00e3o s\u00f3 com a comunidade escolar, mas com a fam\u00edlia. Aqui temos o apoio, a fam\u00edlia est\u00e1 presente quando solicitada. As tem\u00e1ticas s\u00e3o discutidas e produzidas na sala de aula semanalmente\u201d, afirma.<\/p>\n<p>Na prova de reda\u00e7\u00e3o do Enem, os estudantes precisam escrever um texto dissertativo-argumentativo. No texto devem defender um ponto de vista \u2013 uma opini\u00e3o a respeito do tema proposto \u2013, apoiada em argumentos consistentes, estruturados com coer\u00eancia e coes\u00e3o, formando uma unidade textual. Al\u00e9m disso, os candidatos precisam elaborar uma proposta de interven\u00e7\u00e3o social para o problema, apresentado no desenvolvimento do texto, que respeite os direitos humanos.<\/p>\n<p>O texto produzido \u00e9 avaliado por pelo menos dois professores graduados em letras ou lingu\u00edstica, de forma independente, sem que um conhe\u00e7a a nota atribu\u00edda pelo outro. Essa \u00e9 a \u00fanica prova que uma nota de zero a mil. Caso tire zero, o candidato \u00e9 eliminado de processos seletivos que utilizam a nota do exame para selecionar estudantes para vagas no ensino superior. Os temas abordados na reda\u00e7\u00e3o s\u00e3o de ordem social, cient\u00edfica, cultural ou pol\u00edtica.<\/p>\n<p>Sobre os temas cobrados, Filho diz que sempre s\u00e3o de relev\u00e2ncia nacional. Podem ser temas que se referem a determinada regi\u00e3o, como a Amaz\u00f4nia, onde a pr\u00f3pria escola est\u00e1 inserida, mas sempre s\u00e3o assuntos com relev\u00e2ncia nacional. \u201cO que temos para 2023 \u00e9 o grande desafio, o grande paradigma. Eu ainda aposto na quest\u00e3o clim\u00e1tica e na quest\u00e3o ambiental, tendo em vista que temos tamb\u00e9m a desinforma\u00e7\u00e3o tecnol\u00f3gica. Desenvolvemos tanta tecnologia que hoje estamos desinformados\u201d.<\/p>\n<p><strong>Refor\u00e7o da pr\u00e1tica<\/strong><br \/>\nA estrat\u00e9gia de Bruna Ribeiro \u00e9 aumentar a pr\u00e1tica nessa reta final. Para se preparar para a prova, a professora recomenda treino constante. \u201cNessa reta final, estamos buscando muito a pr\u00e1tica, diante de tudo que estudamos durante o ano letivo. Nessa reta final, a gente indica que alunos pratiquem, que coloquem todas essas ideias e o repertorio do que estudou ao longo do ano e que fiquem tranquilos\u201d.<\/p>\n<p>Outra dica para um bom texto \u00e9 a leitura de not\u00edcias, para estar informado sobre quest\u00f5es atuais. Livros e cinema tamb\u00e9m trazem repert\u00f3rio para os textos dos estudantes. Al\u00e9m disso, \u00e9 importante conhecer legisla\u00e7\u00f5es-chave, como a Constitui\u00e7\u00e3o Federal e a Declara\u00e7\u00e3o Universal dos Direitos Humanos.<\/p>\n<p>Sobre os temas cobrados na prova, a professora diz que eles buscam que os estudantes sejam capazes de refletir sobre a realidade do pa\u00eds e quest\u00f5es da atualidade. Segundo ela, os assuntos costumam ser importantes n\u00e3o apenas para a prova, mas \u201cpara a vida, enquanto cidad\u00e3os e para a forma\u00e7\u00e3o para o mercado de trabalho e para a sociedade\u201d, diz. Entre os assuntos est\u00e3o, por exemplo, O trabalho na constru\u00e7\u00e3o da dignidade humana (2010) e Caminhos para combater o racismo no Brasil (2016).<\/p>\n<p>\u201cNa minha opini\u00e3o, os assuntos abordados na prova s\u00e3o muito pertinentes, s\u00e3o temas sociais que n\u00e3o s\u00e3o inventados. S\u00e3o propostos de acordo com a realidade do pa\u00eds. Ent\u00e3o, com certeza, buscam que o aluno esteja sempre antenado, por dentro de pol\u00edticas p\u00fablicas, e atento \u00e0s lutas das minorias e \u00e0 busca por uma sociedade mais igualit\u00e1ria, justa e inclusiva\u201d, diz.<\/p>\n","protected":false},"excerpt":{"rendered":"<p>No primeiro dia de aplica\u00e7\u00e3o do Exame Nacional do Ensino M\u00e9dio (Enem), no dia 5 de novembro, os candidatos resolver\u00e3o quest\u00f5es de linguagens, ci\u00eancias humanas e far\u00e3o a prova de reda\u00e7\u00e3o. A reda\u00e7\u00e3o \u00e9 a \u00fanica parte discursiva do exame e n\u00e3o zerar essa prova \u00e9 requisito para participar de processos seletivos para vagas no [&hellip;]<\/p>\n","protected":false},"author":2,"featured_media":311948,"comment_status":"closed","ping_status":"closed","sticky":false,"template":"","format":"standard","meta":{"_acf_changed":false,"footnotes":""},"categories":[161],"tags":[],"class_list":["post-315323","post","type-post","status-publish","format-standard","has-post-thumbnail","hentry","category-quadradinho-em-foco"],"acf":[],"yoast_head":"<!-- This site is optimized with the Yoast SEO plugin v27.2 - https:\/\/yoast.com\/product\/yoast-seo-wordpress\/ -->\n<title>Professores contam como preparam alunos para prova de reda\u00e7\u00e3o - Notibras<\/title>\n<meta name=\"robots\" content=\"index, follow, max-snippet:-1, max-image-preview:large, max-video-preview:-1\" \/>\n<link rel=\"canonical\" href=\"https:\/\/www.notibras.com\/site\/professores-contam-como-preparam-alunos-para-prova-de-redacao\/\" \/>\n<meta property=\"og:locale\" content=\"pt_BR\" \/>\n<meta property=\"og:type\" content=\"article\" \/>\n<meta property=\"og:title\" content=\"Professores contam como preparam alunos para prova de reda\u00e7\u00e3o - Notibras\" \/>\n<meta property=\"og:description\" content=\"No primeiro dia de aplica\u00e7\u00e3o do Exame Nacional do Ensino M\u00e9dio (Enem), no dia 5 de novembro, os candidatos resolver\u00e3o quest\u00f5es de linguagens, ci\u00eancias humanas e far\u00e3o a prova de reda\u00e7\u00e3o. A reda\u00e7\u00e3o \u00e9 a \u00fanica parte discursiva do exame e n\u00e3o zerar essa prova \u00e9 requisito para participar de processos seletivos para vagas no [&hellip;]\" \/>\n<meta property=\"og:url\" content=\"https:\/\/www.notibras.com\/site\/professores-contam-como-preparam-alunos-para-prova-de-redacao\/\" \/>\n<meta property=\"og:site_name\" content=\"Notibras\" \/>\n<meta property=\"article:publisher\" content=\"https:\/\/www.facebook.com\/notibras\/\" \/>\n<meta property=\"article:published_time\" content=\"2023-10-24T03:31:32+00:00\" \/>\n<meta property=\"article:modified_time\" content=\"2023-10-24T11:35:17+00:00\" \/>\n<meta property=\"og:image\" content=\"https:\/\/www.notibras.com\/site\/wp-content\/uploads\/2023\/08\/estudantes_simulado_do_enem_brasilia_0707161048-1.jpg\" \/>\n\t<meta property=\"og:image:width\" content=\"1170\" \/>\n\t<meta property=\"og:image:height\" content=\"700\" \/>\n\t<meta property=\"og:image:type\" content=\"image\/jpeg\" \/>\n<meta name=\"author\" content=\"Reda\u00e7\u00e3o\" \/>\n<meta name=\"twitter:card\" content=\"summary_large_image\" \/>\n<meta name=\"twitter:creator\" content=\"@Notibras\" \/>\n<meta name=\"twitter:site\" content=\"@Notibras\" \/>\n<meta name=\"twitter:label1\" content=\"Escrito por\" \/>\n\t<meta name=\"twitter:data1\" content=\"Reda\u00e7\u00e3o\" \/>\n\t<meta name=\"twitter:label2\" content=\"Est. tempo de leitura\" \/>\n\t<meta name=\"twitter:data2\" content=\"5 minutos\" \/>\n<script type=\"application\/ld+json\" class=\"yoast-schema-graph\">{\"@context\":\"https:\/\/schema.org\",\"@graph\":[{\"@type\":\"Article\",\"@id\":\"https:\/\/www.notibras.com\/site\/professores-contam-como-preparam-alunos-para-prova-de-redacao\/#article\",\"isPartOf\":{\"@id\":\"https:\/\/www.notibras.com\/site\/professores-contam-como-preparam-alunos-para-prova-de-redacao\/\"},\"author\":{\"name\":\"Reda\u00e7\u00e3o\",\"@id\":\"https:\/\/www.notibras.com\/site\/#\/schema\/person\/36ab0979449956132d3e5b517ea76ac8\"},\"headline\":\"Professores contam como preparam alunos para prova de reda\u00e7\u00e3o\",\"datePublished\":\"2023-10-24T03:31:32+00:00\",\"dateModified\":\"2023-10-24T11:35:17+00:00\",\"mainEntityOfPage\":{\"@id\":\"https:\/\/www.notibras.com\/site\/professores-contam-como-preparam-alunos-para-prova-de-redacao\/\"},\"wordCount\":899,\"publisher\":{\"@id\":\"https:\/\/www.notibras.com\/site\/#organization\"},\"image\":{\"@id\":\"https:\/\/www.notibras.com\/site\/professores-contam-como-preparam-alunos-para-prova-de-redacao\/#primaryimage\"},\"thumbnailUrl\":\"https:\/\/www.notibras.com\/site\/wp-content\/uploads\/2023\/08\/estudantes_simulado_do_enem_brasilia_0707161048-1.jpg\",\"articleSection\":[\"Quadradinho em Foco\"],\"inLanguage\":\"pt-BR\"},{\"@type\":\"WebPage\",\"@id\":\"https:\/\/www.notibras.com\/site\/professores-contam-como-preparam-alunos-para-prova-de-redacao\/\",\"url\":\"https:\/\/www.notibras.com\/site\/professores-contam-como-preparam-alunos-para-prova-de-redacao\/\",\"name\":\"Professores contam como preparam alunos para prova de reda\u00e7\u00e3o - Notibras\",\"isPartOf\":{\"@id\":\"https:\/\/www.notibras.com\/site\/#website\"},\"primaryImageOfPage\":{\"@id\":\"https:\/\/www.notibras.com\/site\/professores-contam-como-preparam-alunos-para-prova-de-redacao\/#primaryimage\"},\"image\":{\"@id\":\"https:\/\/www.notibras.com\/site\/professores-contam-como-preparam-alunos-para-prova-de-redacao\/#primaryimage\"},\"thumbnailUrl\":\"https:\/\/www.notibras.com\/site\/wp-content\/uploads\/2023\/08\/estudantes_simulado_do_enem_brasilia_0707161048-1.jpg\",\"datePublished\":\"2023-10-24T03:31:32+00:00\",\"dateModified\":\"2023-10-24T11:35:17+00:00\",\"breadcrumb\":{\"@id\":\"https:\/\/www.notibras.com\/site\/professores-contam-como-preparam-alunos-para-prova-de-redacao\/#breadcrumb\"},\"inLanguage\":\"pt-BR\",\"potentialAction\":[{\"@type\":\"ReadAction\",\"target\":[\"https:\/\/www.notibras.com\/site\/professores-contam-como-preparam-alunos-para-prova-de-redacao\/\"]}]},{\"@type\":\"ImageObject\",\"inLanguage\":\"pt-BR\",\"@id\":\"https:\/\/www.notibras.com\/site\/professores-contam-como-preparam-alunos-para-prova-de-redacao\/#primaryimage\",\"url\":\"https:\/\/www.notibras.com\/site\/wp-content\/uploads\/2023\/08\/estudantes_simulado_do_enem_brasilia_0707161048-1.jpg\",\"contentUrl\":\"https:\/\/www.notibras.com\/site\/wp-content\/uploads\/2023\/08\/estudantes_simulado_do_enem_brasilia_0707161048-1.jpg\",\"width\":1170,\"height\":700,\"caption\":\"Estudantes brasilienses concluem simulado do Enem Col\u00e9gio Setor Oeste, Asa Sul, Bras\u00edlia, DF, Brasil 7\/7\/2016 Foto: Gabriel Jabur\/Ag\u00eancia Bras\u00edlia.\"},{\"@type\":\"BreadcrumbList\",\"@id\":\"https:\/\/www.notibras.com\/site\/professores-contam-como-preparam-alunos-para-prova-de-redacao\/#breadcrumb\",\"itemListElement\":[{\"@type\":\"ListItem\",\"position\":1,\"name\":\"In\u00edcio\",\"item\":\"https:\/\/www.notibras.com\/site\/\"},{\"@type\":\"ListItem\",\"position\":2,\"name\":\"Professores contam como preparam alunos para prova de reda\u00e7\u00e3o\"}]},{\"@type\":\"WebSite\",\"@id\":\"https:\/\/www.notibras.com\/site\/#website\",\"url\":\"https:\/\/www.notibras.com\/site\/\",\"name\":\"Notibras\",\"description\":\"Not\u00edcias de Bras\u00edlia, do Brasil e do Mundo\",\"publisher\":{\"@id\":\"https:\/\/www.notibras.com\/site\/#organization\"},\"potentialAction\":[{\"@type\":\"SearchAction\",\"target\":{\"@type\":\"EntryPoint\",\"urlTemplate\":\"https:\/\/www.notibras.com\/site\/?s={search_term_string}\"},\"query-input\":{\"@type\":\"PropertyValueSpecification\",\"valueRequired\":true,\"valueName\":\"search_term_string\"}}],\"inLanguage\":\"pt-BR\"},{\"@type\":\"Organization\",\"@id\":\"https:\/\/www.notibras.com\/site\/#organization\",\"name\":\"Grupo Notibras de Comunica\u00e7\u00e3o\",\"url\":\"https:\/\/www.notibras.com\/site\/\",\"logo\":{\"@type\":\"ImageObject\",\"inLanguage\":\"pt-BR\",\"@id\":\"https:\/\/www.notibras.com\/site\/#\/schema\/logo\/image\/\",\"url\":\"https:\/\/www.notibras.com\/site\/wp-content\/uploads\/2023\/01\/notibras23.png\",\"contentUrl\":\"https:\/\/www.notibras.com\/site\/wp-content\/uploads\/2023\/01\/notibras23.png\",\"width\":350,\"height\":87,\"caption\":\"Grupo Notibras de Comunica\u00e7\u00e3o\"},\"image\":{\"@id\":\"https:\/\/www.notibras.com\/site\/#\/schema\/logo\/image\/\"},\"sameAs\":[\"https:\/\/www.facebook.com\/notibras\/\",\"https:\/\/x.com\/Notibras\",\"https:\/\/www.instagram.com\/notibras\/\"]},{\"@type\":\"Person\",\"@id\":\"https:\/\/www.notibras.com\/site\/#\/schema\/person\/36ab0979449956132d3e5b517ea76ac8\",\"name\":\"Reda\u00e7\u00e3o\",\"image\":{\"@type\":\"ImageObject\",\"inLanguage\":\"pt-BR\",\"@id\":\"https:\/\/secure.gravatar.com\/avatar\/e0a867bdedb85fd243eadf09663511f96fc81e0720a4a42581f334ad4303aa6b?s=96&d=mm&r=g\",\"url\":\"https:\/\/secure.gravatar.com\/avatar\/e0a867bdedb85fd243eadf09663511f96fc81e0720a4a42581f334ad4303aa6b?s=96&d=mm&r=g\",\"contentUrl\":\"https:\/\/secure.gravatar.com\/avatar\/e0a867bdedb85fd243eadf09663511f96fc81e0720a4a42581f334ad4303aa6b?s=96&d=mm&r=g\",\"caption\":\"Reda\u00e7\u00e3o\"}}]}<\/script>\n<!-- \/ Yoast SEO plugin. -->","yoast_head_json":{"title":"Professores contam como preparam alunos para prova de reda\u00e7\u00e3o - Notibras","robots":{"index":"index","follow":"follow","max-snippet":"max-snippet:-1","max-image-preview":"max-image-preview:large","max-video-preview":"max-video-preview:-1"},"canonical":"https:\/\/www.notibras.com\/site\/professores-contam-como-preparam-alunos-para-prova-de-redacao\/","og_locale":"pt_BR","og_type":"article","og_title":"Professores contam como preparam alunos para prova de reda\u00e7\u00e3o - Notibras","og_description":"No primeiro dia de aplica\u00e7\u00e3o do Exame Nacional do Ensino M\u00e9dio (Enem), no dia 5 de novembro, os candidatos resolver\u00e3o quest\u00f5es de linguagens, ci\u00eancias humanas e far\u00e3o a prova de reda\u00e7\u00e3o. A reda\u00e7\u00e3o \u00e9 a \u00fanica parte discursiva do exame e n\u00e3o zerar essa prova \u00e9 requisito para participar de processos seletivos para vagas no [&hellip;]","og_url":"https:\/\/www.notibras.com\/site\/professores-contam-como-preparam-alunos-para-prova-de-redacao\/","og_site_name":"Notibras","article_publisher":"https:\/\/www.facebook.com\/notibras\/","article_published_time":"2023-10-24T03:31:32+00:00","article_modified_time":"2023-10-24T11:35:17+00:00","og_image":[{"width":1170,"height":700,"url":"https:\/\/www.notibras.com\/site\/wp-content\/uploads\/2023\/08\/estudantes_simulado_do_enem_brasilia_0707161048-1.jpg","type":"image\/jpeg"}],"author":"Reda\u00e7\u00e3o","twitter_card":"summary_large_image","twitter_creator":"@Notibras","twitter_site":"@Notibras","twitter_misc":{"Escrito por":"Reda\u00e7\u00e3o","Est. tempo de leitura":"5 minutos"},"schema":{"@context":"https:\/\/schema.org","@graph":[{"@type":"Article","@id":"https:\/\/www.notibras.com\/site\/professores-contam-como-preparam-alunos-para-prova-de-redacao\/#article","isPartOf":{"@id":"https:\/\/www.notibras.com\/site\/professores-contam-como-preparam-alunos-para-prova-de-redacao\/"},"author":{"name":"Reda\u00e7\u00e3o","@id":"https:\/\/www.notibras.com\/site\/#\/schema\/person\/36ab0979449956132d3e5b517ea76ac8"},"headline":"Professores contam como preparam alunos para prova de reda\u00e7\u00e3o","datePublished":"2023-10-24T03:31:32+00:00","dateModified":"2023-10-24T11:35:17+00:00","mainEntityOfPage":{"@id":"https:\/\/www.notibras.com\/site\/professores-contam-como-preparam-alunos-para-prova-de-redacao\/"},"wordCount":899,"publisher":{"@id":"https:\/\/www.notibras.com\/site\/#organization"},"image":{"@id":"https:\/\/www.notibras.com\/site\/professores-contam-como-preparam-alunos-para-prova-de-redacao\/#primaryimage"},"thumbnailUrl":"https:\/\/www.notibras.com\/site\/wp-content\/uploads\/2023\/08\/estudantes_simulado_do_enem_brasilia_0707161048-1.jpg","articleSection":["Quadradinho em Foco"],"inLanguage":"pt-BR"},{"@type":"WebPage","@id":"https:\/\/www.notibras.com\/site\/professores-contam-como-preparam-alunos-para-prova-de-redacao\/","url":"https:\/\/www.notibras.com\/site\/professores-contam-como-preparam-alunos-para-prova-de-redacao\/","name":"Professores contam como preparam alunos para prova de reda\u00e7\u00e3o - Notibras","isPartOf":{"@id":"https:\/\/www.notibras.com\/site\/#website"},"primaryImageOfPage":{"@id":"https:\/\/www.notibras.com\/site\/professores-contam-como-preparam-alunos-para-prova-de-redacao\/#primaryimage"},"image":{"@id":"https:\/\/www.notibras.com\/site\/professores-contam-como-preparam-alunos-para-prova-de-redacao\/#primaryimage"},"thumbnailUrl":"https:\/\/www.notibras.com\/site\/wp-content\/uploads\/2023\/08\/estudantes_simulado_do_enem_brasilia_0707161048-1.jpg","datePublished":"2023-10-24T03:31:32+00:00","dateModified":"2023-10-24T11:35:17+00:00","breadcrumb":{"@id":"https:\/\/www.notibras.com\/site\/professores-contam-como-preparam-alunos-para-prova-de-redacao\/#breadcrumb"},"inLanguage":"pt-BR","potentialAction":[{"@type":"ReadAction","target":["https:\/\/www.notibras.com\/site\/professores-contam-como-preparam-alunos-para-prova-de-redacao\/"]}]},{"@type":"ImageObject","inLanguage":"pt-BR","@id":"https:\/\/www.notibras.com\/site\/professores-contam-como-preparam-alunos-para-prova-de-redacao\/#primaryimage","url":"https:\/\/www.notibras.com\/site\/wp-content\/uploads\/2023\/08\/estudantes_simulado_do_enem_brasilia_0707161048-1.jpg","contentUrl":"https:\/\/www.notibras.com\/site\/wp-content\/uploads\/2023\/08\/estudantes_simulado_do_enem_brasilia_0707161048-1.jpg","width":1170,"height":700,"caption":"Estudantes brasilienses concluem simulado do Enem Col\u00e9gio Setor Oeste, Asa Sul, Bras\u00edlia, DF, Brasil 7\/7\/2016 Foto: Gabriel Jabur\/Ag\u00eancia Bras\u00edlia."},{"@type":"BreadcrumbList","@id":"https:\/\/www.notibras.com\/site\/professores-contam-como-preparam-alunos-para-prova-de-redacao\/#breadcrumb","itemListElement":[{"@type":"ListItem","position":1,"name":"In\u00edcio","item":"https:\/\/www.notibras.com\/site\/"},{"@type":"ListItem","position":2,"name":"Professores contam como preparam alunos para prova de reda\u00e7\u00e3o"}]},{"@type":"WebSite","@id":"https:\/\/www.notibras.com\/site\/#website","url":"https:\/\/www.notibras.com\/site\/","name":"Notibras","description":"Not\u00edcias de Bras\u00edlia, do Brasil e do Mundo","publisher":{"@id":"https:\/\/www.notibras.com\/site\/#organization"},"potentialAction":[{"@type":"SearchAction","target":{"@type":"EntryPoint","urlTemplate":"https:\/\/www.notibras.com\/site\/?s={search_term_string}"},"query-input":{"@type":"PropertyValueSpecification","valueRequired":true,"valueName":"search_term_string"}}],"inLanguage":"pt-BR"},{"@type":"Organization","@id":"https:\/\/www.notibras.com\/site\/#organization","name":"Grupo Notibras de Comunica\u00e7\u00e3o","url":"https:\/\/www.notibras.com\/site\/","logo":{"@type":"ImageObject","inLanguage":"pt-BR","@id":"https:\/\/www.notibras.com\/site\/#\/schema\/logo\/image\/","url":"https:\/\/www.notibras.com\/site\/wp-content\/uploads\/2023\/01\/notibras23.png","contentUrl":"https:\/\/www.notibras.com\/site\/wp-content\/uploads\/2023\/01\/notibras23.png","width":350,"height":87,"caption":"Grupo Notibras de Comunica\u00e7\u00e3o"},"image":{"@id":"https:\/\/www.notibras.com\/site\/#\/schema\/logo\/image\/"},"sameAs":["https:\/\/www.facebook.com\/notibras\/","https:\/\/x.com\/Notibras","https:\/\/www.instagram.com\/notibras\/"]},{"@type":"Person","@id":"https:\/\/www.notibras.com\/site\/#\/schema\/person\/36ab0979449956132d3e5b517ea76ac8","name":"Reda\u00e7\u00e3o","image":{"@type":"ImageObject","inLanguage":"pt-BR","@id":"https:\/\/secure.gravatar.com\/avatar\/e0a867bdedb85fd243eadf09663511f96fc81e0720a4a42581f334ad4303aa6b?s=96&d=mm&r=g","url":"https:\/\/secure.gravatar.com\/avatar\/e0a867bdedb85fd243eadf09663511f96fc81e0720a4a42581f334ad4303aa6b?s=96&d=mm&r=g","contentUrl":"https:\/\/secure.gravatar.com\/avatar\/e0a867bdedb85fd243eadf09663511f96fc81e0720a4a42581f334ad4303aa6b?s=96&d=mm&r=g","caption":"Reda\u00e7\u00e3o"}}]}},"amp_enabled":true,"_links":{"self":[{"href":"https:\/\/www.notibras.com\/site\/wp-json\/wp\/v2\/posts\/315323","targetHints":{"allow":["GET"]}}],"collection":[{"href":"https:\/\/www.notibras.com\/site\/wp-json\/wp\/v2\/posts"}],"about":[{"href":"https:\/\/www.notibras.com\/site\/wp-json\/wp\/v2\/types\/post"}],"author":[{"embeddable":true,"href":"https:\/\/www.notibras.com\/site\/wp-json\/wp\/v2\/users\/2"}],"replies":[{"embeddable":true,"href":"https:\/\/www.notibras.com\/site\/wp-json\/wp\/v2\/comments?post=315323"}],"version-history":[{"count":1,"href":"https:\/\/www.notibras.com\/site\/wp-json\/wp\/v2\/posts\/315323\/revisions"}],"predecessor-version":[{"id":315324,"href":"https:\/\/www.notibras.com\/site\/wp-json\/wp\/v2\/posts\/315323\/revisions\/315324"}],"wp:featuredmedia":[{"embeddable":true,"href":"https:\/\/www.notibras.com\/site\/wp-json\/wp\/v2\/media\/311948"}],"wp:attachment":[{"href":"https:\/\/www.notibras.com\/site\/wp-json\/wp\/v2\/media?parent=315323"}],"wp:term":[{"taxonomy":"category","embeddable":true,"href":"https:\/\/www.notibras.com\/site\/wp-json\/wp\/v2\/categories?post=315323"},{"taxonomy":"post_tag","embeddable":true,"href":"https:\/\/www.notibras.com\/site\/wp-json\/wp\/v2\/tags?post=315323"}],"curies":[{"name":"wp","href":"https:\/\/api.w.org\/{rel}","templated":true}]}}