{"id":315325,"date":"2023-10-24T00:00:56","date_gmt":"2023-10-24T03:00:56","guid":{"rendered":"https:\/\/www.notibras.com\/site\/?p=315325"},"modified":"2023-10-24T08:43:56","modified_gmt":"2023-10-24T11:43:56","slug":"inss-comeca-a-receber-o-atestmed-sem-agenda-previa","status":"publish","type":"post","link":"https:\/\/www.notibras.com\/site\/inss-comeca-a-receber-o-atestmed-sem-agenda-previa\/","title":{"rendered":"INSS come\u00e7a a receber o Atestmed sem agenda pr\u00e9via"},"content":{"rendered":"<p>Os segurados do Instituto Nacional do Seguro Social (INSS) que precisam dar entrada no Atestmed, o requerimento de benef\u00edcio por incapacidade tempor\u00e1ria (antigo aux\u00edlio-doen\u00e7a), j\u00e1 podem se dirigir \u00e0s ag\u00eancias da Previd\u00eancia Social para entregar o atestado m\u00e9dico sem agendamento.<\/p>\n<p>A medida est\u00e1 prevista na portaria publicada em edi\u00e7\u00e3o extra do Di\u00e1rio Oficial da Uni\u00e3o na sexta-feira (20).<\/p>\n<p>O atendimento na ag\u00eancia ser\u00e1 feito mediante a entrega da senha do servi\u00e7o &#8220;Protocolo de Requerimento&#8221;. Essa \u00e9 mais uma medida que visa a reduzir a fila de requerimentos que esperam por per\u00edcia m\u00e9dica e an\u00e1lises.<\/p>\n<p>O Minist\u00e9rio da Previd\u00eancia Social explica que o Atestmed \u00e9 uma forma diferente de an\u00e1lise do benef\u00edcio por incapacidade, uma tentativa de concess\u00e3o sem per\u00edcia presencial, mais r\u00e1pida, menos burocr\u00e1tica e que evita o deslocamento at\u00e9 uma ag\u00eancia.<\/p>\n<p>Por\u00e9m, os segurados que quiserem entregar a documenta\u00e7\u00e3o sem precisar sair de casa podem anexar o Atestmed pelo site Meu INSS , que agora n\u00e3o exige mais login e senha para acessar o servi\u00e7o, ou pelo aplicativo com o mesmo nome (Meu INSS).<\/p>\n<p>Todos os benef\u00edcios por incapacidade tempor\u00e1ria que necessitam de per\u00edcia inicial est\u00e3o contemplados na medida, inclusive os segurados que est\u00e3o com atestado e ainda n\u00e3o deram entrada no requerimento. A exce\u00e7\u00e3o do atendimento por Atestmed \u00e9 para o aux\u00edlio-doen\u00e7a acident\u00e1rio, aquele em decorr\u00eancia de acidente de trabalho. Nesse caso, os servidores est\u00e3o orientados a agendar per\u00edcia m\u00e9dica presencial. S\u00e3o considerados segurados do INSS aqueles na condi\u00e7\u00e3o de empregado, trabalhador avulso, empregado dom\u00e9stico, contribuinte individual, segurado especial e facultativo.<\/p>\n<p>O presidente do INSS, Alessandro Stefanutto, explica que a a\u00e7\u00e3o faz parte de um conjunto de medidas estruturantes e pontuais para reduzir a fila de requerimentos que esperam an\u00e1lise pericial.<\/p>\n<p>&#8220;Nossas a\u00e7\u00f5es n\u00e3o est\u00e3o voltadas somente para a per\u00edcia m\u00e9dica, que representa o maior quantitativo de pedidos, mas tamb\u00e9m para an\u00e1lises administrativas. Estamos realizando ainda mutir\u00f5es de atendimento para concess\u00e3o de Benef\u00edcio de Presta\u00e7\u00e3o Continuada (BPC) para pessoa com defici\u00eancia em todo o pa\u00eds&#8221;, declarou o presidente do INSS, Stefanutto.<\/p>\n<p><strong>Orienta\u00e7\u00f5es<\/strong><br \/>\nAntes de ir \u00e0 ag\u00eancia do INSS, o segurado deve verificar se est\u00e1 portando documento oficial com foto e o laudo, relat\u00f3rio ou atestado m\u00e9dico ou odontol\u00f3gico. \u00c9 importante tamb\u00e9m que o documento a ser apresentado tenha sido emitido h\u00e1 menos de 90 dias da Data de Entrada do Requerimento (DER), estar leg\u00edvel e sem rasuras, al\u00e9m de ter as seguintes informa\u00e7\u00f5es:<\/p>\n<p>nome completo do requerente;<\/p>\n<p>data de in\u00edcio do repouso e prazo estimado necess\u00e1rio, mesmo que por tempo indeterminado;<\/p>\n<p>assinatura do profissional emitente;<\/p>\n<p>carimbo de identifica\u00e7\u00e3o, com n\u00famero do registro profissional do Conselho de Classe (Conselho Regional de Medicina, Conselho Regional de Odontologia ou Registro do Minist\u00e9rio da Sa\u00fade);<\/p>\n<p>informa\u00e7\u00f5es sobre a doen\u00e7a ou Classifica\u00e7\u00e3o Internacional de Doen\u00e7as (CID).<\/p>\n<p>Caso o interessado n\u00e3o tenha os documentos exigidos, ser\u00e1 orientado a retornar em outro momento com a documenta\u00e7\u00e3o completa.<\/p>\n<p>No caso da entrega presencial da documenta\u00e7\u00e3o estar correta, o servidor ou colaborador do INSS que realizar o protocolo de atendimento na ag\u00eancia do \u00f3rg\u00e3o dever\u00e1 entregar ao segurado o comprovante de recebimento do Atestmed.<\/p>\n<p><strong>Requisitos para aux\u00edlio-doen\u00e7a<\/strong><br \/>\nAssim como os segurados que passam por per\u00edcia m\u00e9dica presencial, os que optam pelo Atestmed tamb\u00e9m t\u00eam de cumprir requisitos para ter direito ao benef\u00edcio por incapacidade tempor\u00e1ria, o antigo aux\u00edlio-doen\u00e7a:<\/p>\n<p>ter um m\u00ednimo de 12 contribui\u00e7\u00f5es previdenci\u00e1rias realizadas antes do m\u00eas em que ocorrer o afastamento;<\/p>\n<p>ter qualidade de segurado e atestado m\u00e9dico que comprove a necessidade de afastamento do trabalho por mais de 15 dias;<\/p>\n<p>no caso de doen\u00e7as graves ou acidentes n\u00e3o \u00e9 exigida car\u00eancia, mas \u00e9 preciso que o trabalhador tenha qualidade de segurado.<\/p>\n<p>Em caso de d\u00favidas, ligue na Central 135, do INSS. O hor\u00e1rio de teleatendimento \u00e9 de segunda a s\u00e1bado, das 7h \u00e0s 22h (hor\u00e1rio de Bras\u00edlia). O atendimento eletr\u00f4nico ocorre 24 horas, todos os dias da semana. As chamadas feitas por telefones fixos s\u00e3o gratuitas e as liga\u00e7\u00f5es de celular t\u00eam custo de chamada local.<\/p>\n","protected":false},"excerpt":{"rendered":"<p>Os segurados do Instituto Nacional do Seguro Social (INSS) que precisam dar entrada no Atestmed, o requerimento de benef\u00edcio por incapacidade tempor\u00e1ria (antigo aux\u00edlio-doen\u00e7a), j\u00e1 podem se dirigir \u00e0s ag\u00eancias da Previd\u00eancia Social para entregar o atestado m\u00e9dico sem agendamento. A medida est\u00e1 prevista na portaria publicada em edi\u00e7\u00e3o extra do Di\u00e1rio Oficial da Uni\u00e3o [&hellip;]<\/p>\n","protected":false},"author":2,"featured_media":315326,"comment_status":"closed","ping_status":"closed","sticky":false,"template":"","format":"standard","meta":{"_acf_changed":false,"footnotes":""},"categories":[161],"tags":[],"class_list":["post-315325","post","type-post","status-publish","format-standard","has-post-thumbnail","hentry","category-quadradinho-em-foco"],"acf":[],"yoast_head":"<!-- This site is optimized with the Yoast SEO plugin v27.2 - https:\/\/yoast.com\/product\/yoast-seo-wordpress\/ -->\n<title>INSS come\u00e7a a receber o Atestmed sem agenda pr\u00e9via - Notibras<\/title>\n<meta name=\"robots\" content=\"index, follow, max-snippet:-1, max-image-preview:large, max-video-preview:-1\" \/>\n<link rel=\"canonical\" href=\"https:\/\/www.notibras.com\/site\/inss-comeca-a-receber-o-atestmed-sem-agenda-previa\/\" \/>\n<meta property=\"og:locale\" content=\"pt_BR\" \/>\n<meta property=\"og:type\" content=\"article\" \/>\n<meta property=\"og:title\" content=\"INSS come\u00e7a a receber o Atestmed sem agenda pr\u00e9via - Notibras\" \/>\n<meta property=\"og:description\" content=\"Os segurados do Instituto Nacional do Seguro Social (INSS) que precisam dar entrada no Atestmed, o requerimento de benef\u00edcio por incapacidade tempor\u00e1ria (antigo aux\u00edlio-doen\u00e7a), j\u00e1 podem se dirigir \u00e0s ag\u00eancias da Previd\u00eancia Social para entregar o atestado m\u00e9dico sem agendamento. A medida est\u00e1 prevista na portaria publicada em edi\u00e7\u00e3o extra do Di\u00e1rio Oficial da Uni\u00e3o [&hellip;]\" \/>\n<meta property=\"og:url\" content=\"https:\/\/www.notibras.com\/site\/inss-comeca-a-receber-o-atestmed-sem-agenda-previa\/\" \/>\n<meta property=\"og:site_name\" content=\"Notibras\" \/>\n<meta property=\"article:publisher\" content=\"https:\/\/www.facebook.com\/notibras\/\" \/>\n<meta property=\"article:published_time\" content=\"2023-10-24T03:00:56+00:00\" \/>\n<meta property=\"article:modified_time\" content=\"2023-10-24T11:43:56+00:00\" \/>\n<meta property=\"og:image\" content=\"https:\/\/www.notibras.com\/site\/wp-content\/uploads\/2023\/10\/inss_rj_1409201583-2.jpg\" \/>\n\t<meta property=\"og:image:width\" content=\"1170\" \/>\n\t<meta property=\"og:image:height\" content=\"700\" \/>\n\t<meta property=\"og:image:type\" content=\"image\/jpeg\" \/>\n<meta name=\"author\" content=\"Reda\u00e7\u00e3o\" \/>\n<meta name=\"twitter:card\" content=\"summary_large_image\" \/>\n<meta name=\"twitter:creator\" content=\"@Notibras\" \/>\n<meta name=\"twitter:site\" content=\"@Notibras\" \/>\n<meta name=\"twitter:label1\" content=\"Escrito por\" \/>\n\t<meta name=\"twitter:data1\" content=\"Reda\u00e7\u00e3o\" \/>\n\t<meta name=\"twitter:label2\" content=\"Est. tempo de leitura\" \/>\n\t<meta name=\"twitter:data2\" content=\"4 minutos\" \/>\n<script type=\"application\/ld+json\" class=\"yoast-schema-graph\">{\"@context\":\"https:\/\/schema.org\",\"@graph\":[{\"@type\":\"Article\",\"@id\":\"https:\/\/www.notibras.com\/site\/inss-comeca-a-receber-o-atestmed-sem-agenda-previa\/#article\",\"isPartOf\":{\"@id\":\"https:\/\/www.notibras.com\/site\/inss-comeca-a-receber-o-atestmed-sem-agenda-previa\/\"},\"author\":{\"name\":\"Reda\u00e7\u00e3o\",\"@id\":\"https:\/\/www.notibras.com\/site\/#\/schema\/person\/36ab0979449956132d3e5b517ea76ac8\"},\"headline\":\"INSS come\u00e7a a receber o Atestmed sem agenda pr\u00e9via\",\"datePublished\":\"2023-10-24T03:00:56+00:00\",\"dateModified\":\"2023-10-24T11:43:56+00:00\",\"mainEntityOfPage\":{\"@id\":\"https:\/\/www.notibras.com\/site\/inss-comeca-a-receber-o-atestmed-sem-agenda-previa\/\"},\"wordCount\":761,\"publisher\":{\"@id\":\"https:\/\/www.notibras.com\/site\/#organization\"},\"image\":{\"@id\":\"https:\/\/www.notibras.com\/site\/inss-comeca-a-receber-o-atestmed-sem-agenda-previa\/#primaryimage\"},\"thumbnailUrl\":\"https:\/\/www.notibras.com\/site\/wp-content\/uploads\/2023\/10\/inss_rj_1409201583-2.jpg\",\"articleSection\":[\"Quadradinho em Foco\"],\"inLanguage\":\"pt-BR\"},{\"@type\":\"WebPage\",\"@id\":\"https:\/\/www.notibras.com\/site\/inss-comeca-a-receber-o-atestmed-sem-agenda-previa\/\",\"url\":\"https:\/\/www.notibras.com\/site\/inss-comeca-a-receber-o-atestmed-sem-agenda-previa\/\",\"name\":\"INSS come\u00e7a a receber o Atestmed sem agenda pr\u00e9via - Notibras\",\"isPartOf\":{\"@id\":\"https:\/\/www.notibras.com\/site\/#website\"},\"primaryImageOfPage\":{\"@id\":\"https:\/\/www.notibras.com\/site\/inss-comeca-a-receber-o-atestmed-sem-agenda-previa\/#primaryimage\"},\"image\":{\"@id\":\"https:\/\/www.notibras.com\/site\/inss-comeca-a-receber-o-atestmed-sem-agenda-previa\/#primaryimage\"},\"thumbnailUrl\":\"https:\/\/www.notibras.com\/site\/wp-content\/uploads\/2023\/10\/inss_rj_1409201583-2.jpg\",\"datePublished\":\"2023-10-24T03:00:56+00:00\",\"dateModified\":\"2023-10-24T11:43:56+00:00\",\"breadcrumb\":{\"@id\":\"https:\/\/www.notibras.com\/site\/inss-comeca-a-receber-o-atestmed-sem-agenda-previa\/#breadcrumb\"},\"inLanguage\":\"pt-BR\",\"potentialAction\":[{\"@type\":\"ReadAction\",\"target\":[\"https:\/\/www.notibras.com\/site\/inss-comeca-a-receber-o-atestmed-sem-agenda-previa\/\"]}]},{\"@type\":\"ImageObject\",\"inLanguage\":\"pt-BR\",\"@id\":\"https:\/\/www.notibras.com\/site\/inss-comeca-a-receber-o-atestmed-sem-agenda-previa\/#primaryimage\",\"url\":\"https:\/\/www.notibras.com\/site\/wp-content\/uploads\/2023\/10\/inss_rj_1409201583-2.jpg\",\"contentUrl\":\"https:\/\/www.notibras.com\/site\/wp-content\/uploads\/2023\/10\/inss_rj_1409201583-2.jpg\",\"width\":1170,\"height\":700,\"caption\":\"Instituto Nacional do Seguro Social (INSS) volta atendimento presencial nas ag\u00eancias.\"},{\"@type\":\"BreadcrumbList\",\"@id\":\"https:\/\/www.notibras.com\/site\/inss-comeca-a-receber-o-atestmed-sem-agenda-previa\/#breadcrumb\",\"itemListElement\":[{\"@type\":\"ListItem\",\"position\":1,\"name\":\"In\u00edcio\",\"item\":\"https:\/\/www.notibras.com\/site\/\"},{\"@type\":\"ListItem\",\"position\":2,\"name\":\"INSS come\u00e7a a receber o Atestmed sem agenda pr\u00e9via\"}]},{\"@type\":\"WebSite\",\"@id\":\"https:\/\/www.notibras.com\/site\/#website\",\"url\":\"https:\/\/www.notibras.com\/site\/\",\"name\":\"Notibras\",\"description\":\"Not\u00edcias de Bras\u00edlia, do Brasil e do Mundo\",\"publisher\":{\"@id\":\"https:\/\/www.notibras.com\/site\/#organization\"},\"potentialAction\":[{\"@type\":\"SearchAction\",\"target\":{\"@type\":\"EntryPoint\",\"urlTemplate\":\"https:\/\/www.notibras.com\/site\/?s={search_term_string}\"},\"query-input\":{\"@type\":\"PropertyValueSpecification\",\"valueRequired\":true,\"valueName\":\"search_term_string\"}}],\"inLanguage\":\"pt-BR\"},{\"@type\":\"Organization\",\"@id\":\"https:\/\/www.notibras.com\/site\/#organization\",\"name\":\"Grupo Notibras de Comunica\u00e7\u00e3o\",\"url\":\"https:\/\/www.notibras.com\/site\/\",\"logo\":{\"@type\":\"ImageObject\",\"inLanguage\":\"pt-BR\",\"@id\":\"https:\/\/www.notibras.com\/site\/#\/schema\/logo\/image\/\",\"url\":\"https:\/\/www.notibras.com\/site\/wp-content\/uploads\/2023\/01\/notibras23.png\",\"contentUrl\":\"https:\/\/www.notibras.com\/site\/wp-content\/uploads\/2023\/01\/notibras23.png\",\"width\":350,\"height\":87,\"caption\":\"Grupo Notibras de Comunica\u00e7\u00e3o\"},\"image\":{\"@id\":\"https:\/\/www.notibras.com\/site\/#\/schema\/logo\/image\/\"},\"sameAs\":[\"https:\/\/www.facebook.com\/notibras\/\",\"https:\/\/x.com\/Notibras\",\"https:\/\/www.instagram.com\/notibras\/\"]},{\"@type\":\"Person\",\"@id\":\"https:\/\/www.notibras.com\/site\/#\/schema\/person\/36ab0979449956132d3e5b517ea76ac8\",\"name\":\"Reda\u00e7\u00e3o\",\"image\":{\"@type\":\"ImageObject\",\"inLanguage\":\"pt-BR\",\"@id\":\"https:\/\/secure.gravatar.com\/avatar\/e0a867bdedb85fd243eadf09663511f96fc81e0720a4a42581f334ad4303aa6b?s=96&d=mm&r=g\",\"url\":\"https:\/\/secure.gravatar.com\/avatar\/e0a867bdedb85fd243eadf09663511f96fc81e0720a4a42581f334ad4303aa6b?s=96&d=mm&r=g\",\"contentUrl\":\"https:\/\/secure.gravatar.com\/avatar\/e0a867bdedb85fd243eadf09663511f96fc81e0720a4a42581f334ad4303aa6b?s=96&d=mm&r=g\",\"caption\":\"Reda\u00e7\u00e3o\"}}]}<\/script>\n<!-- \/ Yoast SEO plugin. -->","yoast_head_json":{"title":"INSS come\u00e7a a receber o Atestmed sem agenda pr\u00e9via - Notibras","robots":{"index":"index","follow":"follow","max-snippet":"max-snippet:-1","max-image-preview":"max-image-preview:large","max-video-preview":"max-video-preview:-1"},"canonical":"https:\/\/www.notibras.com\/site\/inss-comeca-a-receber-o-atestmed-sem-agenda-previa\/","og_locale":"pt_BR","og_type":"article","og_title":"INSS come\u00e7a a receber o Atestmed sem agenda pr\u00e9via - Notibras","og_description":"Os segurados do Instituto Nacional do Seguro Social (INSS) que precisam dar entrada no Atestmed, o requerimento de benef\u00edcio por incapacidade tempor\u00e1ria (antigo aux\u00edlio-doen\u00e7a), j\u00e1 podem se dirigir \u00e0s ag\u00eancias da Previd\u00eancia Social para entregar o atestado m\u00e9dico sem agendamento. A medida est\u00e1 prevista na portaria publicada em edi\u00e7\u00e3o extra do Di\u00e1rio Oficial da Uni\u00e3o [&hellip;]","og_url":"https:\/\/www.notibras.com\/site\/inss-comeca-a-receber-o-atestmed-sem-agenda-previa\/","og_site_name":"Notibras","article_publisher":"https:\/\/www.facebook.com\/notibras\/","article_published_time":"2023-10-24T03:00:56+00:00","article_modified_time":"2023-10-24T11:43:56+00:00","og_image":[{"width":1170,"height":700,"url":"https:\/\/www.notibras.com\/site\/wp-content\/uploads\/2023\/10\/inss_rj_1409201583-2.jpg","type":"image\/jpeg"}],"author":"Reda\u00e7\u00e3o","twitter_card":"summary_large_image","twitter_creator":"@Notibras","twitter_site":"@Notibras","twitter_misc":{"Escrito por":"Reda\u00e7\u00e3o","Est. tempo de leitura":"4 minutos"},"schema":{"@context":"https:\/\/schema.org","@graph":[{"@type":"Article","@id":"https:\/\/www.notibras.com\/site\/inss-comeca-a-receber-o-atestmed-sem-agenda-previa\/#article","isPartOf":{"@id":"https:\/\/www.notibras.com\/site\/inss-comeca-a-receber-o-atestmed-sem-agenda-previa\/"},"author":{"name":"Reda\u00e7\u00e3o","@id":"https:\/\/www.notibras.com\/site\/#\/schema\/person\/36ab0979449956132d3e5b517ea76ac8"},"headline":"INSS come\u00e7a a receber o Atestmed sem agenda pr\u00e9via","datePublished":"2023-10-24T03:00:56+00:00","dateModified":"2023-10-24T11:43:56+00:00","mainEntityOfPage":{"@id":"https:\/\/www.notibras.com\/site\/inss-comeca-a-receber-o-atestmed-sem-agenda-previa\/"},"wordCount":761,"publisher":{"@id":"https:\/\/www.notibras.com\/site\/#organization"},"image":{"@id":"https:\/\/www.notibras.com\/site\/inss-comeca-a-receber-o-atestmed-sem-agenda-previa\/#primaryimage"},"thumbnailUrl":"https:\/\/www.notibras.com\/site\/wp-content\/uploads\/2023\/10\/inss_rj_1409201583-2.jpg","articleSection":["Quadradinho em Foco"],"inLanguage":"pt-BR"},{"@type":"WebPage","@id":"https:\/\/www.notibras.com\/site\/inss-comeca-a-receber-o-atestmed-sem-agenda-previa\/","url":"https:\/\/www.notibras.com\/site\/inss-comeca-a-receber-o-atestmed-sem-agenda-previa\/","name":"INSS come\u00e7a a receber o Atestmed sem agenda pr\u00e9via - Notibras","isPartOf":{"@id":"https:\/\/www.notibras.com\/site\/#website"},"primaryImageOfPage":{"@id":"https:\/\/www.notibras.com\/site\/inss-comeca-a-receber-o-atestmed-sem-agenda-previa\/#primaryimage"},"image":{"@id":"https:\/\/www.notibras.com\/site\/inss-comeca-a-receber-o-atestmed-sem-agenda-previa\/#primaryimage"},"thumbnailUrl":"https:\/\/www.notibras.com\/site\/wp-content\/uploads\/2023\/10\/inss_rj_1409201583-2.jpg","datePublished":"2023-10-24T03:00:56+00:00","dateModified":"2023-10-24T11:43:56+00:00","breadcrumb":{"@id":"https:\/\/www.notibras.com\/site\/inss-comeca-a-receber-o-atestmed-sem-agenda-previa\/#breadcrumb"},"inLanguage":"pt-BR","potentialAction":[{"@type":"ReadAction","target":["https:\/\/www.notibras.com\/site\/inss-comeca-a-receber-o-atestmed-sem-agenda-previa\/"]}]},{"@type":"ImageObject","inLanguage":"pt-BR","@id":"https:\/\/www.notibras.com\/site\/inss-comeca-a-receber-o-atestmed-sem-agenda-previa\/#primaryimage","url":"https:\/\/www.notibras.com\/site\/wp-content\/uploads\/2023\/10\/inss_rj_1409201583-2.jpg","contentUrl":"https:\/\/www.notibras.com\/site\/wp-content\/uploads\/2023\/10\/inss_rj_1409201583-2.jpg","width":1170,"height":700,"caption":"Instituto Nacional do Seguro Social (INSS) volta atendimento presencial nas ag\u00eancias."},{"@type":"BreadcrumbList","@id":"https:\/\/www.notibras.com\/site\/inss-comeca-a-receber-o-atestmed-sem-agenda-previa\/#breadcrumb","itemListElement":[{"@type":"ListItem","position":1,"name":"In\u00edcio","item":"https:\/\/www.notibras.com\/site\/"},{"@type":"ListItem","position":2,"name":"INSS come\u00e7a a receber o Atestmed sem agenda pr\u00e9via"}]},{"@type":"WebSite","@id":"https:\/\/www.notibras.com\/site\/#website","url":"https:\/\/www.notibras.com\/site\/","name":"Notibras","description":"Not\u00edcias de Bras\u00edlia, do Brasil e do Mundo","publisher":{"@id":"https:\/\/www.notibras.com\/site\/#organization"},"potentialAction":[{"@type":"SearchAction","target":{"@type":"EntryPoint","urlTemplate":"https:\/\/www.notibras.com\/site\/?s={search_term_string}"},"query-input":{"@type":"PropertyValueSpecification","valueRequired":true,"valueName":"search_term_string"}}],"inLanguage":"pt-BR"},{"@type":"Organization","@id":"https:\/\/www.notibras.com\/site\/#organization","name":"Grupo Notibras de Comunica\u00e7\u00e3o","url":"https:\/\/www.notibras.com\/site\/","logo":{"@type":"ImageObject","inLanguage":"pt-BR","@id":"https:\/\/www.notibras.com\/site\/#\/schema\/logo\/image\/","url":"https:\/\/www.notibras.com\/site\/wp-content\/uploads\/2023\/01\/notibras23.png","contentUrl":"https:\/\/www.notibras.com\/site\/wp-content\/uploads\/2023\/01\/notibras23.png","width":350,"height":87,"caption":"Grupo Notibras de Comunica\u00e7\u00e3o"},"image":{"@id":"https:\/\/www.notibras.com\/site\/#\/schema\/logo\/image\/"},"sameAs":["https:\/\/www.facebook.com\/notibras\/","https:\/\/x.com\/Notibras","https:\/\/www.instagram.com\/notibras\/"]},{"@type":"Person","@id":"https:\/\/www.notibras.com\/site\/#\/schema\/person\/36ab0979449956132d3e5b517ea76ac8","name":"Reda\u00e7\u00e3o","image":{"@type":"ImageObject","inLanguage":"pt-BR","@id":"https:\/\/secure.gravatar.com\/avatar\/e0a867bdedb85fd243eadf09663511f96fc81e0720a4a42581f334ad4303aa6b?s=96&d=mm&r=g","url":"https:\/\/secure.gravatar.com\/avatar\/e0a867bdedb85fd243eadf09663511f96fc81e0720a4a42581f334ad4303aa6b?s=96&d=mm&r=g","contentUrl":"https:\/\/secure.gravatar.com\/avatar\/e0a867bdedb85fd243eadf09663511f96fc81e0720a4a42581f334ad4303aa6b?s=96&d=mm&r=g","caption":"Reda\u00e7\u00e3o"}}]}},"amp_enabled":true,"_links":{"self":[{"href":"https:\/\/www.notibras.com\/site\/wp-json\/wp\/v2\/posts\/315325","targetHints":{"allow":["GET"]}}],"collection":[{"href":"https:\/\/www.notibras.com\/site\/wp-json\/wp\/v2\/posts"}],"about":[{"href":"https:\/\/www.notibras.com\/site\/wp-json\/wp\/v2\/types\/post"}],"author":[{"embeddable":true,"href":"https:\/\/www.notibras.com\/site\/wp-json\/wp\/v2\/users\/2"}],"replies":[{"embeddable":true,"href":"https:\/\/www.notibras.com\/site\/wp-json\/wp\/v2\/comments?post=315325"}],"version-history":[{"count":1,"href":"https:\/\/www.notibras.com\/site\/wp-json\/wp\/v2\/posts\/315325\/revisions"}],"predecessor-version":[{"id":315327,"href":"https:\/\/www.notibras.com\/site\/wp-json\/wp\/v2\/posts\/315325\/revisions\/315327"}],"wp:featuredmedia":[{"embeddable":true,"href":"https:\/\/www.notibras.com\/site\/wp-json\/wp\/v2\/media\/315326"}],"wp:attachment":[{"href":"https:\/\/www.notibras.com\/site\/wp-json\/wp\/v2\/media?parent=315325"}],"wp:term":[{"taxonomy":"category","embeddable":true,"href":"https:\/\/www.notibras.com\/site\/wp-json\/wp\/v2\/categories?post=315325"},{"taxonomy":"post_tag","embeddable":true,"href":"https:\/\/www.notibras.com\/site\/wp-json\/wp\/v2\/tags?post=315325"}],"curies":[{"name":"wp","href":"https:\/\/api.w.org\/{rel}","templated":true}]}}