{"id":315329,"date":"2023-10-24T00:00:39","date_gmt":"2023-10-24T03:00:39","guid":{"rendered":"https:\/\/www.notibras.com\/site\/?p=315329"},"modified":"2023-10-24T08:58:21","modified_gmt":"2023-10-24T11:58:21","slug":"normas-sobre-transporte-por-aplicativo-estao-sendo-finalizadas","status":"publish","type":"post","link":"https:\/\/www.notibras.com\/site\/normas-sobre-transporte-por-aplicativo-estao-sendo-finalizadas\/","title":{"rendered":"Normas sobre transporte por aplicativo est\u00e3o sendo finalizadas"},"content":{"rendered":"<p>A proposta sobre regulamenta\u00e7\u00e3o das atividades de trabalhadores de aplicativos deve ser finalizada at\u00e9 a pr\u00f3xima semana. O texto foi discutido em reuni\u00e3o nesta segunda-feira (23) entre o ministro do Trabalho e Emprego, Luiz Marinho, e o presidente Luiz In\u00e1cio Lula da Silva, no Pal\u00e1cio do Planalto. Segundo Marinho, j\u00e1 existe uma base fechada para um acordo sobre o transporte de passageiros por aplicativos.<\/p>\n<p>\u201cResta somente finalizar a reda\u00e7\u00e3o. At\u00e9 semana que vem, estar\u00e1 consolidado para apresentar em definitivo ao presidente, para transformar em projeto de lei para ser submetido ao Congresso Nacional\u201d, disse Marinho ap\u00f3s o encontro com Lula. Segundo ele, o tema ser\u00e1 conversado com os presidentes do Senado, Rodrigo Pacheco (PSD-MG), e da C\u00e2mara, Arthur Lira (PP-AL), antes do envio do texto para vota\u00e7\u00e3o.<\/p>\n<p>Marinho disse que ainda n\u00e3o h\u00e1 um acordo com rela\u00e7\u00e3o \u00e0 regulamenta\u00e7\u00e3o dos aplicativos de entrega, mas o texto dever\u00e1 seguir os mesmos conceitos do transporte de pessoas.<\/p>\n<p>Outro tema debatido com Lula foi o projeto de lei que far\u00e1 altera\u00e7\u00f5es no saque-anivers\u00e1rio do FGTS. Segundo Marinho, nesta semana a proposta final deve ser fechada com o presidente Lula, com a Casa Civil, com o Minist\u00e9rio da Fazenda e com a Caixa. A proposta deve ser enviada ao Congresso Nacional at\u00e9 a semana que vem.<\/p>\n<p>O texto deve permitir ao trabalhador que optar pela modalidade de saque-anivers\u00e1rio a possibilidade de sacar tamb\u00e9m o saldo da conta, n\u00e3o apenas a multa rescis\u00f3ria, em caso de demiss\u00e3o.<\/p>\n","protected":false},"excerpt":{"rendered":"<p>A proposta sobre regulamenta\u00e7\u00e3o das atividades de trabalhadores de aplicativos deve ser finalizada at\u00e9 a pr\u00f3xima semana. O texto foi discutido em reuni\u00e3o nesta segunda-feira (23) entre o ministro do Trabalho e Emprego, Luiz Marinho, e o presidente Luiz In\u00e1cio Lula da Silva, no Pal\u00e1cio do Planalto. Segundo Marinho, j\u00e1 existe uma base fechada para [&hellip;]<\/p>\n","protected":false},"author":2,"featured_media":291415,"comment_status":"closed","ping_status":"closed","sticky":false,"template":"","format":"standard","meta":{"_acf_changed":false,"footnotes":""},"categories":[161],"tags":[],"class_list":["post-315329","post","type-post","status-publish","format-standard","has-post-thumbnail","hentry","category-quadradinho-em-foco"],"acf":[],"yoast_head":"<!-- This site is optimized with the Yoast SEO plugin v27.2 - https:\/\/yoast.com\/product\/yoast-seo-wordpress\/ -->\n<title>Normas sobre transporte por aplicativo est\u00e3o sendo finalizadas - Notibras<\/title>\n<meta name=\"robots\" content=\"index, follow, max-snippet:-1, max-image-preview:large, max-video-preview:-1\" \/>\n<link rel=\"canonical\" href=\"https:\/\/www.notibras.com\/site\/normas-sobre-transporte-por-aplicativo-estao-sendo-finalizadas\/\" \/>\n<meta property=\"og:locale\" content=\"pt_BR\" \/>\n<meta property=\"og:type\" content=\"article\" \/>\n<meta property=\"og:title\" content=\"Normas sobre transporte por aplicativo est\u00e3o sendo finalizadas - Notibras\" \/>\n<meta property=\"og:description\" content=\"A proposta sobre regulamenta\u00e7\u00e3o das atividades de trabalhadores de aplicativos deve ser finalizada at\u00e9 a pr\u00f3xima semana. O texto foi discutido em reuni\u00e3o nesta segunda-feira (23) entre o ministro do Trabalho e Emprego, Luiz Marinho, e o presidente Luiz In\u00e1cio Lula da Silva, no Pal\u00e1cio do Planalto. Segundo Marinho, j\u00e1 existe uma base fechada para [&hellip;]\" \/>\n<meta property=\"og:url\" content=\"https:\/\/www.notibras.com\/site\/normas-sobre-transporte-por-aplicativo-estao-sendo-finalizadas\/\" \/>\n<meta property=\"og:site_name\" content=\"Notibras\" \/>\n<meta property=\"article:publisher\" content=\"https:\/\/www.facebook.com\/notibras\/\" \/>\n<meta property=\"article:published_time\" content=\"2023-10-24T03:00:39+00:00\" \/>\n<meta property=\"article:modified_time\" content=\"2023-10-24T11:58:21+00:00\" \/>\n<meta property=\"og:image\" content=\"https:\/\/www.notibras.com\/site\/wp-content\/uploads\/2022\/09\/motoboy-profissional-scaled-1.jpeg\" \/>\n\t<meta property=\"og:image:width\" content=\"2560\" \/>\n\t<meta property=\"og:image:height\" content=\"1707\" \/>\n\t<meta property=\"og:image:type\" content=\"image\/jpeg\" \/>\n<meta name=\"author\" content=\"Reda\u00e7\u00e3o\" \/>\n<meta name=\"twitter:card\" content=\"summary_large_image\" \/>\n<meta name=\"twitter:creator\" content=\"@Notibras\" \/>\n<meta name=\"twitter:site\" content=\"@Notibras\" \/>\n<meta name=\"twitter:label1\" content=\"Escrito por\" \/>\n\t<meta name=\"twitter:data1\" content=\"Reda\u00e7\u00e3o\" \/>\n\t<meta name=\"twitter:label2\" content=\"Est. tempo de leitura\" \/>\n\t<meta name=\"twitter:data2\" content=\"2 minutos\" \/>\n<script type=\"application\/ld+json\" class=\"yoast-schema-graph\">{\"@context\":\"https:\/\/schema.org\",\"@graph\":[{\"@type\":\"Article\",\"@id\":\"https:\/\/www.notibras.com\/site\/normas-sobre-transporte-por-aplicativo-estao-sendo-finalizadas\/#article\",\"isPartOf\":{\"@id\":\"https:\/\/www.notibras.com\/site\/normas-sobre-transporte-por-aplicativo-estao-sendo-finalizadas\/\"},\"author\":{\"name\":\"Reda\u00e7\u00e3o\",\"@id\":\"https:\/\/www.notibras.com\/site\/#\/schema\/person\/36ab0979449956132d3e5b517ea76ac8\"},\"headline\":\"Normas sobre transporte por aplicativo est\u00e3o sendo finalizadas\",\"datePublished\":\"2023-10-24T03:00:39+00:00\",\"dateModified\":\"2023-10-24T11:58:21+00:00\",\"mainEntityOfPage\":{\"@id\":\"https:\/\/www.notibras.com\/site\/normas-sobre-transporte-por-aplicativo-estao-sendo-finalizadas\/\"},\"wordCount\":269,\"publisher\":{\"@id\":\"https:\/\/www.notibras.com\/site\/#organization\"},\"image\":{\"@id\":\"https:\/\/www.notibras.com\/site\/normas-sobre-transporte-por-aplicativo-estao-sendo-finalizadas\/#primaryimage\"},\"thumbnailUrl\":\"https:\/\/www.notibras.com\/site\/wp-content\/uploads\/2022\/09\/motoboy-profissional-scaled-1.jpeg\",\"articleSection\":[\"Quadradinho em Foco\"],\"inLanguage\":\"pt-BR\"},{\"@type\":\"WebPage\",\"@id\":\"https:\/\/www.notibras.com\/site\/normas-sobre-transporte-por-aplicativo-estao-sendo-finalizadas\/\",\"url\":\"https:\/\/www.notibras.com\/site\/normas-sobre-transporte-por-aplicativo-estao-sendo-finalizadas\/\",\"name\":\"Normas sobre transporte por aplicativo est\u00e3o sendo finalizadas - Notibras\",\"isPartOf\":{\"@id\":\"https:\/\/www.notibras.com\/site\/#website\"},\"primaryImageOfPage\":{\"@id\":\"https:\/\/www.notibras.com\/site\/normas-sobre-transporte-por-aplicativo-estao-sendo-finalizadas\/#primaryimage\"},\"image\":{\"@id\":\"https:\/\/www.notibras.com\/site\/normas-sobre-transporte-por-aplicativo-estao-sendo-finalizadas\/#primaryimage\"},\"thumbnailUrl\":\"https:\/\/www.notibras.com\/site\/wp-content\/uploads\/2022\/09\/motoboy-profissional-scaled-1.jpeg\",\"datePublished\":\"2023-10-24T03:00:39+00:00\",\"dateModified\":\"2023-10-24T11:58:21+00:00\",\"breadcrumb\":{\"@id\":\"https:\/\/www.notibras.com\/site\/normas-sobre-transporte-por-aplicativo-estao-sendo-finalizadas\/#breadcrumb\"},\"inLanguage\":\"pt-BR\",\"potentialAction\":[{\"@type\":\"ReadAction\",\"target\":[\"https:\/\/www.notibras.com\/site\/normas-sobre-transporte-por-aplicativo-estao-sendo-finalizadas\/\"]}]},{\"@type\":\"ImageObject\",\"inLanguage\":\"pt-BR\",\"@id\":\"https:\/\/www.notibras.com\/site\/normas-sobre-transporte-por-aplicativo-estao-sendo-finalizadas\/#primaryimage\",\"url\":\"https:\/\/www.notibras.com\/site\/wp-content\/uploads\/2022\/09\/motoboy-profissional-scaled-1.jpeg\",\"contentUrl\":\"https:\/\/www.notibras.com\/site\/wp-content\/uploads\/2022\/09\/motoboy-profissional-scaled-1.jpeg\",\"width\":2560,\"height\":1707},{\"@type\":\"BreadcrumbList\",\"@id\":\"https:\/\/www.notibras.com\/site\/normas-sobre-transporte-por-aplicativo-estao-sendo-finalizadas\/#breadcrumb\",\"itemListElement\":[{\"@type\":\"ListItem\",\"position\":1,\"name\":\"In\u00edcio\",\"item\":\"https:\/\/www.notibras.com\/site\/\"},{\"@type\":\"ListItem\",\"position\":2,\"name\":\"Normas sobre transporte por aplicativo est\u00e3o sendo finalizadas\"}]},{\"@type\":\"WebSite\",\"@id\":\"https:\/\/www.notibras.com\/site\/#website\",\"url\":\"https:\/\/www.notibras.com\/site\/\",\"name\":\"Notibras\",\"description\":\"Not\u00edcias de Bras\u00edlia, do Brasil e do Mundo\",\"publisher\":{\"@id\":\"https:\/\/www.notibras.com\/site\/#organization\"},\"potentialAction\":[{\"@type\":\"SearchAction\",\"target\":{\"@type\":\"EntryPoint\",\"urlTemplate\":\"https:\/\/www.notibras.com\/site\/?s={search_term_string}\"},\"query-input\":{\"@type\":\"PropertyValueSpecification\",\"valueRequired\":true,\"valueName\":\"search_term_string\"}}],\"inLanguage\":\"pt-BR\"},{\"@type\":\"Organization\",\"@id\":\"https:\/\/www.notibras.com\/site\/#organization\",\"name\":\"Grupo Notibras de Comunica\u00e7\u00e3o\",\"url\":\"https:\/\/www.notibras.com\/site\/\",\"logo\":{\"@type\":\"ImageObject\",\"inLanguage\":\"pt-BR\",\"@id\":\"https:\/\/www.notibras.com\/site\/#\/schema\/logo\/image\/\",\"url\":\"https:\/\/www.notibras.com\/site\/wp-content\/uploads\/2023\/01\/notibras23.png\",\"contentUrl\":\"https:\/\/www.notibras.com\/site\/wp-content\/uploads\/2023\/01\/notibras23.png\",\"width\":350,\"height\":87,\"caption\":\"Grupo Notibras de Comunica\u00e7\u00e3o\"},\"image\":{\"@id\":\"https:\/\/www.notibras.com\/site\/#\/schema\/logo\/image\/\"},\"sameAs\":[\"https:\/\/www.facebook.com\/notibras\/\",\"https:\/\/x.com\/Notibras\",\"https:\/\/www.instagram.com\/notibras\/\"]},{\"@type\":\"Person\",\"@id\":\"https:\/\/www.notibras.com\/site\/#\/schema\/person\/36ab0979449956132d3e5b517ea76ac8\",\"name\":\"Reda\u00e7\u00e3o\",\"image\":{\"@type\":\"ImageObject\",\"inLanguage\":\"pt-BR\",\"@id\":\"https:\/\/secure.gravatar.com\/avatar\/e0a867bdedb85fd243eadf09663511f96fc81e0720a4a42581f334ad4303aa6b?s=96&d=mm&r=g\",\"url\":\"https:\/\/secure.gravatar.com\/avatar\/e0a867bdedb85fd243eadf09663511f96fc81e0720a4a42581f334ad4303aa6b?s=96&d=mm&r=g\",\"contentUrl\":\"https:\/\/secure.gravatar.com\/avatar\/e0a867bdedb85fd243eadf09663511f96fc81e0720a4a42581f334ad4303aa6b?s=96&d=mm&r=g\",\"caption\":\"Reda\u00e7\u00e3o\"}}]}<\/script>\n<!-- \/ Yoast SEO plugin. -->","yoast_head_json":{"title":"Normas sobre transporte por aplicativo est\u00e3o sendo finalizadas - Notibras","robots":{"index":"index","follow":"follow","max-snippet":"max-snippet:-1","max-image-preview":"max-image-preview:large","max-video-preview":"max-video-preview:-1"},"canonical":"https:\/\/www.notibras.com\/site\/normas-sobre-transporte-por-aplicativo-estao-sendo-finalizadas\/","og_locale":"pt_BR","og_type":"article","og_title":"Normas sobre transporte por aplicativo est\u00e3o sendo finalizadas - Notibras","og_description":"A proposta sobre regulamenta\u00e7\u00e3o das atividades de trabalhadores de aplicativos deve ser finalizada at\u00e9 a pr\u00f3xima semana. O texto foi discutido em reuni\u00e3o nesta segunda-feira (23) entre o ministro do Trabalho e Emprego, Luiz Marinho, e o presidente Luiz In\u00e1cio Lula da Silva, no Pal\u00e1cio do Planalto. Segundo Marinho, j\u00e1 existe uma base fechada para [&hellip;]","og_url":"https:\/\/www.notibras.com\/site\/normas-sobre-transporte-por-aplicativo-estao-sendo-finalizadas\/","og_site_name":"Notibras","article_publisher":"https:\/\/www.facebook.com\/notibras\/","article_published_time":"2023-10-24T03:00:39+00:00","article_modified_time":"2023-10-24T11:58:21+00:00","og_image":[{"width":2560,"height":1707,"url":"https:\/\/www.notibras.com\/site\/wp-content\/uploads\/2022\/09\/motoboy-profissional-scaled-1.jpeg","type":"image\/jpeg"}],"author":"Reda\u00e7\u00e3o","twitter_card":"summary_large_image","twitter_creator":"@Notibras","twitter_site":"@Notibras","twitter_misc":{"Escrito por":"Reda\u00e7\u00e3o","Est. tempo de leitura":"2 minutos"},"schema":{"@context":"https:\/\/schema.org","@graph":[{"@type":"Article","@id":"https:\/\/www.notibras.com\/site\/normas-sobre-transporte-por-aplicativo-estao-sendo-finalizadas\/#article","isPartOf":{"@id":"https:\/\/www.notibras.com\/site\/normas-sobre-transporte-por-aplicativo-estao-sendo-finalizadas\/"},"author":{"name":"Reda\u00e7\u00e3o","@id":"https:\/\/www.notibras.com\/site\/#\/schema\/person\/36ab0979449956132d3e5b517ea76ac8"},"headline":"Normas sobre transporte por aplicativo est\u00e3o sendo finalizadas","datePublished":"2023-10-24T03:00:39+00:00","dateModified":"2023-10-24T11:58:21+00:00","mainEntityOfPage":{"@id":"https:\/\/www.notibras.com\/site\/normas-sobre-transporte-por-aplicativo-estao-sendo-finalizadas\/"},"wordCount":269,"publisher":{"@id":"https:\/\/www.notibras.com\/site\/#organization"},"image":{"@id":"https:\/\/www.notibras.com\/site\/normas-sobre-transporte-por-aplicativo-estao-sendo-finalizadas\/#primaryimage"},"thumbnailUrl":"https:\/\/www.notibras.com\/site\/wp-content\/uploads\/2022\/09\/motoboy-profissional-scaled-1.jpeg","articleSection":["Quadradinho em Foco"],"inLanguage":"pt-BR"},{"@type":"WebPage","@id":"https:\/\/www.notibras.com\/site\/normas-sobre-transporte-por-aplicativo-estao-sendo-finalizadas\/","url":"https:\/\/www.notibras.com\/site\/normas-sobre-transporte-por-aplicativo-estao-sendo-finalizadas\/","name":"Normas sobre transporte por aplicativo est\u00e3o sendo finalizadas - Notibras","isPartOf":{"@id":"https:\/\/www.notibras.com\/site\/#website"},"primaryImageOfPage":{"@id":"https:\/\/www.notibras.com\/site\/normas-sobre-transporte-por-aplicativo-estao-sendo-finalizadas\/#primaryimage"},"image":{"@id":"https:\/\/www.notibras.com\/site\/normas-sobre-transporte-por-aplicativo-estao-sendo-finalizadas\/#primaryimage"},"thumbnailUrl":"https:\/\/www.notibras.com\/site\/wp-content\/uploads\/2022\/09\/motoboy-profissional-scaled-1.jpeg","datePublished":"2023-10-24T03:00:39+00:00","dateModified":"2023-10-24T11:58:21+00:00","breadcrumb":{"@id":"https:\/\/www.notibras.com\/site\/normas-sobre-transporte-por-aplicativo-estao-sendo-finalizadas\/#breadcrumb"},"inLanguage":"pt-BR","potentialAction":[{"@type":"ReadAction","target":["https:\/\/www.notibras.com\/site\/normas-sobre-transporte-por-aplicativo-estao-sendo-finalizadas\/"]}]},{"@type":"ImageObject","inLanguage":"pt-BR","@id":"https:\/\/www.notibras.com\/site\/normas-sobre-transporte-por-aplicativo-estao-sendo-finalizadas\/#primaryimage","url":"https:\/\/www.notibras.com\/site\/wp-content\/uploads\/2022\/09\/motoboy-profissional-scaled-1.jpeg","contentUrl":"https:\/\/www.notibras.com\/site\/wp-content\/uploads\/2022\/09\/motoboy-profissional-scaled-1.jpeg","width":2560,"height":1707},{"@type":"BreadcrumbList","@id":"https:\/\/www.notibras.com\/site\/normas-sobre-transporte-por-aplicativo-estao-sendo-finalizadas\/#breadcrumb","itemListElement":[{"@type":"ListItem","position":1,"name":"In\u00edcio","item":"https:\/\/www.notibras.com\/site\/"},{"@type":"ListItem","position":2,"name":"Normas sobre transporte por aplicativo est\u00e3o sendo finalizadas"}]},{"@type":"WebSite","@id":"https:\/\/www.notibras.com\/site\/#website","url":"https:\/\/www.notibras.com\/site\/","name":"Notibras","description":"Not\u00edcias de Bras\u00edlia, do Brasil e do Mundo","publisher":{"@id":"https:\/\/www.notibras.com\/site\/#organization"},"potentialAction":[{"@type":"SearchAction","target":{"@type":"EntryPoint","urlTemplate":"https:\/\/www.notibras.com\/site\/?s={search_term_string}"},"query-input":{"@type":"PropertyValueSpecification","valueRequired":true,"valueName":"search_term_string"}}],"inLanguage":"pt-BR"},{"@type":"Organization","@id":"https:\/\/www.notibras.com\/site\/#organization","name":"Grupo Notibras de Comunica\u00e7\u00e3o","url":"https:\/\/www.notibras.com\/site\/","logo":{"@type":"ImageObject","inLanguage":"pt-BR","@id":"https:\/\/www.notibras.com\/site\/#\/schema\/logo\/image\/","url":"https:\/\/www.notibras.com\/site\/wp-content\/uploads\/2023\/01\/notibras23.png","contentUrl":"https:\/\/www.notibras.com\/site\/wp-content\/uploads\/2023\/01\/notibras23.png","width":350,"height":87,"caption":"Grupo Notibras de Comunica\u00e7\u00e3o"},"image":{"@id":"https:\/\/www.notibras.com\/site\/#\/schema\/logo\/image\/"},"sameAs":["https:\/\/www.facebook.com\/notibras\/","https:\/\/x.com\/Notibras","https:\/\/www.instagram.com\/notibras\/"]},{"@type":"Person","@id":"https:\/\/www.notibras.com\/site\/#\/schema\/person\/36ab0979449956132d3e5b517ea76ac8","name":"Reda\u00e7\u00e3o","image":{"@type":"ImageObject","inLanguage":"pt-BR","@id":"https:\/\/secure.gravatar.com\/avatar\/e0a867bdedb85fd243eadf09663511f96fc81e0720a4a42581f334ad4303aa6b?s=96&d=mm&r=g","url":"https:\/\/secure.gravatar.com\/avatar\/e0a867bdedb85fd243eadf09663511f96fc81e0720a4a42581f334ad4303aa6b?s=96&d=mm&r=g","contentUrl":"https:\/\/secure.gravatar.com\/avatar\/e0a867bdedb85fd243eadf09663511f96fc81e0720a4a42581f334ad4303aa6b?s=96&d=mm&r=g","caption":"Reda\u00e7\u00e3o"}}]}},"amp_enabled":true,"_links":{"self":[{"href":"https:\/\/www.notibras.com\/site\/wp-json\/wp\/v2\/posts\/315329","targetHints":{"allow":["GET"]}}],"collection":[{"href":"https:\/\/www.notibras.com\/site\/wp-json\/wp\/v2\/posts"}],"about":[{"href":"https:\/\/www.notibras.com\/site\/wp-json\/wp\/v2\/types\/post"}],"author":[{"embeddable":true,"href":"https:\/\/www.notibras.com\/site\/wp-json\/wp\/v2\/users\/2"}],"replies":[{"embeddable":true,"href":"https:\/\/www.notibras.com\/site\/wp-json\/wp\/v2\/comments?post=315329"}],"version-history":[{"count":1,"href":"https:\/\/www.notibras.com\/site\/wp-json\/wp\/v2\/posts\/315329\/revisions"}],"predecessor-version":[{"id":315330,"href":"https:\/\/www.notibras.com\/site\/wp-json\/wp\/v2\/posts\/315329\/revisions\/315330"}],"wp:featuredmedia":[{"embeddable":true,"href":"https:\/\/www.notibras.com\/site\/wp-json\/wp\/v2\/media\/291415"}],"wp:attachment":[{"href":"https:\/\/www.notibras.com\/site\/wp-json\/wp\/v2\/media?parent=315329"}],"wp:term":[{"taxonomy":"category","embeddable":true,"href":"https:\/\/www.notibras.com\/site\/wp-json\/wp\/v2\/categories?post=315329"},{"taxonomy":"post_tag","embeddable":true,"href":"https:\/\/www.notibras.com\/site\/wp-json\/wp\/v2\/tags?post=315329"}],"curies":[{"name":"wp","href":"https:\/\/api.w.org\/{rel}","templated":true}]}}