{"id":315331,"date":"2023-10-24T00:02:43","date_gmt":"2023-10-24T03:02:43","guid":{"rendered":"https:\/\/www.notibras.com\/site\/?p=315331"},"modified":"2023-10-24T09:04:33","modified_gmt":"2023-10-24T12:04:33","slug":"privado-de-liberdade-tem-ate-6a-para-se-inscrever-no-enem","status":"publish","type":"post","link":"https:\/\/www.notibras.com\/site\/privado-de-liberdade-tem-ate-6a-para-se-inscrever-no-enem\/","title":{"rendered":"Privado de liberdade tem at\u00e9 6\u00aa para se inscrever no Enem"},"content":{"rendered":"<p>Pessoas privadas de liberdade e jovens sob medida socioeducativa t\u00eam at\u00e9 sexta-feira (27) para efetivar a inscri\u00e7\u00e3o no Exame Nacional do Ensino M\u00e9dio para Pessoas Privadas de Liberdade ou sob Medida Socioeducativa que Inclua Priva\u00e7\u00e3o de Liberdade (Enem PPL). A inscri\u00e7\u00e3o deve ser solicitada ao respons\u00e1vel pedag\u00f3gico de cada unidade prisional ou socioeducativa. As provas ser\u00e3o aplicadas nos dias 12 e 13 de dezembro, e a divulga\u00e7\u00e3o do resultado no dia 16 de janeiro de 2024.<\/p>\n<p>Aplicado desde 2010, o Enem PPL avalia o desempenho do participante que concluiu o ensino m\u00e9dio e, a partir de crit\u00e9rios utilizados pelo Minist\u00e9rio da Educa\u00e7\u00e3o (MEC), permite o acesso ao ensino superior por meio de programas como Sisu, ProUni e Fies.<\/p>\n<p>O dia 27 tamb\u00e9m \u00e9 a data limite para que os \u00f3rg\u00e3os de administra\u00e7\u00e3o prisional e socioeducativa que desejam participar do Enem PPL 2023 indiquem as unidades para a aplica\u00e7\u00e3o da prova. A solicita\u00e7\u00e3o deve ser feita pelo e-mail do Instituto Nacional de Estudos e Pesquisas Educacionais An\u00edsio Teixeira (Inep).<\/p>\n<p>Para efetivar a participa\u00e7\u00e3o, os \u00f3rg\u00e3os de administra\u00e7\u00e3o prisional e socioeducativa devem firmar um termo de compromisso junto ao Inep, indicando o respons\u00e1vel pedag\u00f3gico que ter\u00e1 v\u00e1rias fun\u00e7\u00f5es nas etapas do exame.<\/p>\n<p>Entre as fun\u00e7\u00f5es do respons\u00e1vel pedag\u00f3gico, est\u00e3o o acesso ao sistema de inscri\u00e7\u00e3o e a divulga\u00e7\u00e3o das informa\u00e7\u00f5es sobre o exame aos participantes, inclusive informando ao Inep se o participante precisa de atendimento especializado ou tratamento por nome social e anexar a documenta\u00e7\u00e3o comprobat\u00f3ria no sistema do exame.<\/p>\n<p>O Inep informou que s\u00e3o disponibilizados atendimentos para participantes com baixa vis\u00e3o, cegueira, vis\u00e3o monocular, defici\u00eancia f\u00edsica, defici\u00eancia auditiva, surdez, defici\u00eancia intelectual (mental), surdocegueira, dislexia, d\u00e9ficit de aten\u00e7\u00e3o, transtorno do espectro autista e discalculia. Gestantes, lactantes, idosos e\/ou pessoas com outra condi\u00e7\u00e3o espec\u00edfica tamb\u00e9m podem solicitar atendimento.<\/p>\n<p>\u201cO tratamento pelo nome social \u00e9 destinado \u00e0 pessoa que se identifica e quer ser reconhecida socialmente em conson\u00e2ncia com sua identidade de g\u00eanero. O respons\u00e1vel pedag\u00f3gico dever\u00e1 apresentar documentos que comprovem a condi\u00e7\u00e3o que motiva o pedido, como c\u00f3pia digitalizada, frente e verso, de um dos documentos de identifica\u00e7\u00e3o oficiais com foto, v\u00e1lido, conforme previsto no edital do exame\u201d, informou o instituto.<\/p>\n<p>Caber\u00e1 ainda ao respons\u00e1vel determinar a sala de provas dos candidatos; transferir participantes entre as unidades, quando necess\u00e1rio, dentro do prazo previsto; excluir participantes que tiverem sua liberdade decretada. Al\u00e9m disso, ser\u00e1 respons\u00e1vel pela participa\u00e7\u00e3o dos candidatos no Sistema de Sele\u00e7\u00e3o Unificada (Sisu) e em outros programas de acesso \u00e0 educa\u00e7\u00e3o superior, se for o caso.<\/p>\n","protected":false},"excerpt":{"rendered":"<p>Pessoas privadas de liberdade e jovens sob medida socioeducativa t\u00eam at\u00e9 sexta-feira (27) para efetivar a inscri\u00e7\u00e3o no Exame Nacional do Ensino M\u00e9dio para Pessoas Privadas de Liberdade ou sob Medida Socioeducativa que Inclua Priva\u00e7\u00e3o de Liberdade (Enem PPL). A inscri\u00e7\u00e3o deve ser solicitada ao respons\u00e1vel pedag\u00f3gico de cada unidade prisional ou socioeducativa. As provas [&hellip;]<\/p>\n","protected":false},"author":2,"featured_media":315332,"comment_status":"closed","ping_status":"closed","sticky":false,"template":"","format":"standard","meta":{"_acf_changed":false,"footnotes":""},"categories":[161],"tags":[],"class_list":["post-315331","post","type-post","status-publish","format-standard","has-post-thumbnail","hentry","category-quadradinho-em-foco"],"acf":[],"yoast_head":"<!-- This site is optimized with the Yoast SEO plugin v27.2 - https:\/\/yoast.com\/product\/yoast-seo-wordpress\/ -->\n<title>Privado de liberdade tem at\u00e9 6\u00aa para se inscrever no Enem - Notibras<\/title>\n<meta name=\"robots\" content=\"index, follow, max-snippet:-1, max-image-preview:large, max-video-preview:-1\" \/>\n<link rel=\"canonical\" href=\"https:\/\/www.notibras.com\/site\/privado-de-liberdade-tem-ate-6a-para-se-inscrever-no-enem\/\" \/>\n<meta property=\"og:locale\" content=\"pt_BR\" \/>\n<meta property=\"og:type\" content=\"article\" \/>\n<meta property=\"og:title\" content=\"Privado de liberdade tem at\u00e9 6\u00aa para se inscrever no Enem - Notibras\" \/>\n<meta property=\"og:description\" content=\"Pessoas privadas de liberdade e jovens sob medida socioeducativa t\u00eam at\u00e9 sexta-feira (27) para efetivar a inscri\u00e7\u00e3o no Exame Nacional do Ensino M\u00e9dio para Pessoas Privadas de Liberdade ou sob Medida Socioeducativa que Inclua Priva\u00e7\u00e3o de Liberdade (Enem PPL). A inscri\u00e7\u00e3o deve ser solicitada ao respons\u00e1vel pedag\u00f3gico de cada unidade prisional ou socioeducativa. As provas [&hellip;]\" \/>\n<meta property=\"og:url\" content=\"https:\/\/www.notibras.com\/site\/privado-de-liberdade-tem-ate-6a-para-se-inscrever-no-enem\/\" \/>\n<meta property=\"og:site_name\" content=\"Notibras\" \/>\n<meta property=\"article:publisher\" content=\"https:\/\/www.facebook.com\/notibras\/\" \/>\n<meta property=\"article:published_time\" content=\"2023-10-24T03:02:43+00:00\" \/>\n<meta property=\"article:modified_time\" content=\"2023-10-24T12:04:33+00:00\" \/>\n<meta property=\"og:image\" content=\"https:\/\/www.notibras.com\/site\/wp-content\/uploads\/2023\/10\/penitenciaria-2.jpg\" \/>\n\t<meta property=\"og:image:width\" content=\"1170\" \/>\n\t<meta property=\"og:image:height\" content=\"700\" \/>\n\t<meta property=\"og:image:type\" content=\"image\/jpeg\" \/>\n<meta name=\"author\" content=\"Reda\u00e7\u00e3o\" \/>\n<meta name=\"twitter:card\" content=\"summary_large_image\" \/>\n<meta name=\"twitter:creator\" content=\"@Notibras\" \/>\n<meta name=\"twitter:site\" content=\"@Notibras\" \/>\n<meta name=\"twitter:label1\" content=\"Escrito por\" \/>\n\t<meta name=\"twitter:data1\" content=\"Reda\u00e7\u00e3o\" \/>\n\t<meta name=\"twitter:label2\" content=\"Est. tempo de leitura\" \/>\n\t<meta name=\"twitter:data2\" content=\"3 minutos\" \/>\n<script type=\"application\/ld+json\" class=\"yoast-schema-graph\">{\"@context\":\"https:\/\/schema.org\",\"@graph\":[{\"@type\":\"Article\",\"@id\":\"https:\/\/www.notibras.com\/site\/privado-de-liberdade-tem-ate-6a-para-se-inscrever-no-enem\/#article\",\"isPartOf\":{\"@id\":\"https:\/\/www.notibras.com\/site\/privado-de-liberdade-tem-ate-6a-para-se-inscrever-no-enem\/\"},\"author\":{\"name\":\"Reda\u00e7\u00e3o\",\"@id\":\"https:\/\/www.notibras.com\/site\/#\/schema\/person\/36ab0979449956132d3e5b517ea76ac8\"},\"headline\":\"Privado de liberdade tem at\u00e9 6\u00aa para se inscrever no Enem\",\"datePublished\":\"2023-10-24T03:02:43+00:00\",\"dateModified\":\"2023-10-24T12:04:33+00:00\",\"mainEntityOfPage\":{\"@id\":\"https:\/\/www.notibras.com\/site\/privado-de-liberdade-tem-ate-6a-para-se-inscrever-no-enem\/\"},\"wordCount\":475,\"publisher\":{\"@id\":\"https:\/\/www.notibras.com\/site\/#organization\"},\"image\":{\"@id\":\"https:\/\/www.notibras.com\/site\/privado-de-liberdade-tem-ate-6a-para-se-inscrever-no-enem\/#primaryimage\"},\"thumbnailUrl\":\"https:\/\/www.notibras.com\/site\/wp-content\/uploads\/2023\/10\/penitenciaria-2.jpg\",\"articleSection\":[\"Quadradinho em Foco\"],\"inLanguage\":\"pt-BR\"},{\"@type\":\"WebPage\",\"@id\":\"https:\/\/www.notibras.com\/site\/privado-de-liberdade-tem-ate-6a-para-se-inscrever-no-enem\/\",\"url\":\"https:\/\/www.notibras.com\/site\/privado-de-liberdade-tem-ate-6a-para-se-inscrever-no-enem\/\",\"name\":\"Privado de liberdade tem at\u00e9 6\u00aa para se inscrever no Enem - Notibras\",\"isPartOf\":{\"@id\":\"https:\/\/www.notibras.com\/site\/#website\"},\"primaryImageOfPage\":{\"@id\":\"https:\/\/www.notibras.com\/site\/privado-de-liberdade-tem-ate-6a-para-se-inscrever-no-enem\/#primaryimage\"},\"image\":{\"@id\":\"https:\/\/www.notibras.com\/site\/privado-de-liberdade-tem-ate-6a-para-se-inscrever-no-enem\/#primaryimage\"},\"thumbnailUrl\":\"https:\/\/www.notibras.com\/site\/wp-content\/uploads\/2023\/10\/penitenciaria-2.jpg\",\"datePublished\":\"2023-10-24T03:02:43+00:00\",\"dateModified\":\"2023-10-24T12:04:33+00:00\",\"breadcrumb\":{\"@id\":\"https:\/\/www.notibras.com\/site\/privado-de-liberdade-tem-ate-6a-para-se-inscrever-no-enem\/#breadcrumb\"},\"inLanguage\":\"pt-BR\",\"potentialAction\":[{\"@type\":\"ReadAction\",\"target\":[\"https:\/\/www.notibras.com\/site\/privado-de-liberdade-tem-ate-6a-para-se-inscrever-no-enem\/\"]}]},{\"@type\":\"ImageObject\",\"inLanguage\":\"pt-BR\",\"@id\":\"https:\/\/www.notibras.com\/site\/privado-de-liberdade-tem-ate-6a-para-se-inscrever-no-enem\/#primaryimage\",\"url\":\"https:\/\/www.notibras.com\/site\/wp-content\/uploads\/2023\/10\/penitenciaria-2.jpg\",\"contentUrl\":\"https:\/\/www.notibras.com\/site\/wp-content\/uploads\/2023\/10\/penitenciaria-2.jpg\",\"width\":1170,\"height\":700,\"caption\":\"Silhueta de presos em pres\u00eddio. Foto: Wilson Dias\/Ag\u00eancia Brasil\"},{\"@type\":\"BreadcrumbList\",\"@id\":\"https:\/\/www.notibras.com\/site\/privado-de-liberdade-tem-ate-6a-para-se-inscrever-no-enem\/#breadcrumb\",\"itemListElement\":[{\"@type\":\"ListItem\",\"position\":1,\"name\":\"In\u00edcio\",\"item\":\"https:\/\/www.notibras.com\/site\/\"},{\"@type\":\"ListItem\",\"position\":2,\"name\":\"Privado de liberdade tem at\u00e9 6\u00aa para se inscrever no Enem\"}]},{\"@type\":\"WebSite\",\"@id\":\"https:\/\/www.notibras.com\/site\/#website\",\"url\":\"https:\/\/www.notibras.com\/site\/\",\"name\":\"Notibras\",\"description\":\"Not\u00edcias de Bras\u00edlia, do Brasil e do Mundo\",\"publisher\":{\"@id\":\"https:\/\/www.notibras.com\/site\/#organization\"},\"potentialAction\":[{\"@type\":\"SearchAction\",\"target\":{\"@type\":\"EntryPoint\",\"urlTemplate\":\"https:\/\/www.notibras.com\/site\/?s={search_term_string}\"},\"query-input\":{\"@type\":\"PropertyValueSpecification\",\"valueRequired\":true,\"valueName\":\"search_term_string\"}}],\"inLanguage\":\"pt-BR\"},{\"@type\":\"Organization\",\"@id\":\"https:\/\/www.notibras.com\/site\/#organization\",\"name\":\"Grupo Notibras de Comunica\u00e7\u00e3o\",\"url\":\"https:\/\/www.notibras.com\/site\/\",\"logo\":{\"@type\":\"ImageObject\",\"inLanguage\":\"pt-BR\",\"@id\":\"https:\/\/www.notibras.com\/site\/#\/schema\/logo\/image\/\",\"url\":\"https:\/\/www.notibras.com\/site\/wp-content\/uploads\/2023\/01\/notibras23.png\",\"contentUrl\":\"https:\/\/www.notibras.com\/site\/wp-content\/uploads\/2023\/01\/notibras23.png\",\"width\":350,\"height\":87,\"caption\":\"Grupo Notibras de Comunica\u00e7\u00e3o\"},\"image\":{\"@id\":\"https:\/\/www.notibras.com\/site\/#\/schema\/logo\/image\/\"},\"sameAs\":[\"https:\/\/www.facebook.com\/notibras\/\",\"https:\/\/x.com\/Notibras\",\"https:\/\/www.instagram.com\/notibras\/\"]},{\"@type\":\"Person\",\"@id\":\"https:\/\/www.notibras.com\/site\/#\/schema\/person\/36ab0979449956132d3e5b517ea76ac8\",\"name\":\"Reda\u00e7\u00e3o\",\"image\":{\"@type\":\"ImageObject\",\"inLanguage\":\"pt-BR\",\"@id\":\"https:\/\/secure.gravatar.com\/avatar\/e0a867bdedb85fd243eadf09663511f96fc81e0720a4a42581f334ad4303aa6b?s=96&d=mm&r=g\",\"url\":\"https:\/\/secure.gravatar.com\/avatar\/e0a867bdedb85fd243eadf09663511f96fc81e0720a4a42581f334ad4303aa6b?s=96&d=mm&r=g\",\"contentUrl\":\"https:\/\/secure.gravatar.com\/avatar\/e0a867bdedb85fd243eadf09663511f96fc81e0720a4a42581f334ad4303aa6b?s=96&d=mm&r=g\",\"caption\":\"Reda\u00e7\u00e3o\"}}]}<\/script>\n<!-- \/ Yoast SEO plugin. -->","yoast_head_json":{"title":"Privado de liberdade tem at\u00e9 6\u00aa para se inscrever no Enem - Notibras","robots":{"index":"index","follow":"follow","max-snippet":"max-snippet:-1","max-image-preview":"max-image-preview:large","max-video-preview":"max-video-preview:-1"},"canonical":"https:\/\/www.notibras.com\/site\/privado-de-liberdade-tem-ate-6a-para-se-inscrever-no-enem\/","og_locale":"pt_BR","og_type":"article","og_title":"Privado de liberdade tem at\u00e9 6\u00aa para se inscrever no Enem - Notibras","og_description":"Pessoas privadas de liberdade e jovens sob medida socioeducativa t\u00eam at\u00e9 sexta-feira (27) para efetivar a inscri\u00e7\u00e3o no Exame Nacional do Ensino M\u00e9dio para Pessoas Privadas de Liberdade ou sob Medida Socioeducativa que Inclua Priva\u00e7\u00e3o de Liberdade (Enem PPL). A inscri\u00e7\u00e3o deve ser solicitada ao respons\u00e1vel pedag\u00f3gico de cada unidade prisional ou socioeducativa. As provas [&hellip;]","og_url":"https:\/\/www.notibras.com\/site\/privado-de-liberdade-tem-ate-6a-para-se-inscrever-no-enem\/","og_site_name":"Notibras","article_publisher":"https:\/\/www.facebook.com\/notibras\/","article_published_time":"2023-10-24T03:02:43+00:00","article_modified_time":"2023-10-24T12:04:33+00:00","og_image":[{"width":1170,"height":700,"url":"https:\/\/www.notibras.com\/site\/wp-content\/uploads\/2023\/10\/penitenciaria-2.jpg","type":"image\/jpeg"}],"author":"Reda\u00e7\u00e3o","twitter_card":"summary_large_image","twitter_creator":"@Notibras","twitter_site":"@Notibras","twitter_misc":{"Escrito por":"Reda\u00e7\u00e3o","Est. tempo de leitura":"3 minutos"},"schema":{"@context":"https:\/\/schema.org","@graph":[{"@type":"Article","@id":"https:\/\/www.notibras.com\/site\/privado-de-liberdade-tem-ate-6a-para-se-inscrever-no-enem\/#article","isPartOf":{"@id":"https:\/\/www.notibras.com\/site\/privado-de-liberdade-tem-ate-6a-para-se-inscrever-no-enem\/"},"author":{"name":"Reda\u00e7\u00e3o","@id":"https:\/\/www.notibras.com\/site\/#\/schema\/person\/36ab0979449956132d3e5b517ea76ac8"},"headline":"Privado de liberdade tem at\u00e9 6\u00aa para se inscrever no Enem","datePublished":"2023-10-24T03:02:43+00:00","dateModified":"2023-10-24T12:04:33+00:00","mainEntityOfPage":{"@id":"https:\/\/www.notibras.com\/site\/privado-de-liberdade-tem-ate-6a-para-se-inscrever-no-enem\/"},"wordCount":475,"publisher":{"@id":"https:\/\/www.notibras.com\/site\/#organization"},"image":{"@id":"https:\/\/www.notibras.com\/site\/privado-de-liberdade-tem-ate-6a-para-se-inscrever-no-enem\/#primaryimage"},"thumbnailUrl":"https:\/\/www.notibras.com\/site\/wp-content\/uploads\/2023\/10\/penitenciaria-2.jpg","articleSection":["Quadradinho em Foco"],"inLanguage":"pt-BR"},{"@type":"WebPage","@id":"https:\/\/www.notibras.com\/site\/privado-de-liberdade-tem-ate-6a-para-se-inscrever-no-enem\/","url":"https:\/\/www.notibras.com\/site\/privado-de-liberdade-tem-ate-6a-para-se-inscrever-no-enem\/","name":"Privado de liberdade tem at\u00e9 6\u00aa para se inscrever no Enem - Notibras","isPartOf":{"@id":"https:\/\/www.notibras.com\/site\/#website"},"primaryImageOfPage":{"@id":"https:\/\/www.notibras.com\/site\/privado-de-liberdade-tem-ate-6a-para-se-inscrever-no-enem\/#primaryimage"},"image":{"@id":"https:\/\/www.notibras.com\/site\/privado-de-liberdade-tem-ate-6a-para-se-inscrever-no-enem\/#primaryimage"},"thumbnailUrl":"https:\/\/www.notibras.com\/site\/wp-content\/uploads\/2023\/10\/penitenciaria-2.jpg","datePublished":"2023-10-24T03:02:43+00:00","dateModified":"2023-10-24T12:04:33+00:00","breadcrumb":{"@id":"https:\/\/www.notibras.com\/site\/privado-de-liberdade-tem-ate-6a-para-se-inscrever-no-enem\/#breadcrumb"},"inLanguage":"pt-BR","potentialAction":[{"@type":"ReadAction","target":["https:\/\/www.notibras.com\/site\/privado-de-liberdade-tem-ate-6a-para-se-inscrever-no-enem\/"]}]},{"@type":"ImageObject","inLanguage":"pt-BR","@id":"https:\/\/www.notibras.com\/site\/privado-de-liberdade-tem-ate-6a-para-se-inscrever-no-enem\/#primaryimage","url":"https:\/\/www.notibras.com\/site\/wp-content\/uploads\/2023\/10\/penitenciaria-2.jpg","contentUrl":"https:\/\/www.notibras.com\/site\/wp-content\/uploads\/2023\/10\/penitenciaria-2.jpg","width":1170,"height":700,"caption":"Silhueta de presos em pres\u00eddio. Foto: Wilson Dias\/Ag\u00eancia Brasil"},{"@type":"BreadcrumbList","@id":"https:\/\/www.notibras.com\/site\/privado-de-liberdade-tem-ate-6a-para-se-inscrever-no-enem\/#breadcrumb","itemListElement":[{"@type":"ListItem","position":1,"name":"In\u00edcio","item":"https:\/\/www.notibras.com\/site\/"},{"@type":"ListItem","position":2,"name":"Privado de liberdade tem at\u00e9 6\u00aa para se inscrever no Enem"}]},{"@type":"WebSite","@id":"https:\/\/www.notibras.com\/site\/#website","url":"https:\/\/www.notibras.com\/site\/","name":"Notibras","description":"Not\u00edcias de Bras\u00edlia, do Brasil e do Mundo","publisher":{"@id":"https:\/\/www.notibras.com\/site\/#organization"},"potentialAction":[{"@type":"SearchAction","target":{"@type":"EntryPoint","urlTemplate":"https:\/\/www.notibras.com\/site\/?s={search_term_string}"},"query-input":{"@type":"PropertyValueSpecification","valueRequired":true,"valueName":"search_term_string"}}],"inLanguage":"pt-BR"},{"@type":"Organization","@id":"https:\/\/www.notibras.com\/site\/#organization","name":"Grupo Notibras de Comunica\u00e7\u00e3o","url":"https:\/\/www.notibras.com\/site\/","logo":{"@type":"ImageObject","inLanguage":"pt-BR","@id":"https:\/\/www.notibras.com\/site\/#\/schema\/logo\/image\/","url":"https:\/\/www.notibras.com\/site\/wp-content\/uploads\/2023\/01\/notibras23.png","contentUrl":"https:\/\/www.notibras.com\/site\/wp-content\/uploads\/2023\/01\/notibras23.png","width":350,"height":87,"caption":"Grupo Notibras de Comunica\u00e7\u00e3o"},"image":{"@id":"https:\/\/www.notibras.com\/site\/#\/schema\/logo\/image\/"},"sameAs":["https:\/\/www.facebook.com\/notibras\/","https:\/\/x.com\/Notibras","https:\/\/www.instagram.com\/notibras\/"]},{"@type":"Person","@id":"https:\/\/www.notibras.com\/site\/#\/schema\/person\/36ab0979449956132d3e5b517ea76ac8","name":"Reda\u00e7\u00e3o","image":{"@type":"ImageObject","inLanguage":"pt-BR","@id":"https:\/\/secure.gravatar.com\/avatar\/e0a867bdedb85fd243eadf09663511f96fc81e0720a4a42581f334ad4303aa6b?s=96&d=mm&r=g","url":"https:\/\/secure.gravatar.com\/avatar\/e0a867bdedb85fd243eadf09663511f96fc81e0720a4a42581f334ad4303aa6b?s=96&d=mm&r=g","contentUrl":"https:\/\/secure.gravatar.com\/avatar\/e0a867bdedb85fd243eadf09663511f96fc81e0720a4a42581f334ad4303aa6b?s=96&d=mm&r=g","caption":"Reda\u00e7\u00e3o"}}]}},"amp_enabled":true,"_links":{"self":[{"href":"https:\/\/www.notibras.com\/site\/wp-json\/wp\/v2\/posts\/315331","targetHints":{"allow":["GET"]}}],"collection":[{"href":"https:\/\/www.notibras.com\/site\/wp-json\/wp\/v2\/posts"}],"about":[{"href":"https:\/\/www.notibras.com\/site\/wp-json\/wp\/v2\/types\/post"}],"author":[{"embeddable":true,"href":"https:\/\/www.notibras.com\/site\/wp-json\/wp\/v2\/users\/2"}],"replies":[{"embeddable":true,"href":"https:\/\/www.notibras.com\/site\/wp-json\/wp\/v2\/comments?post=315331"}],"version-history":[{"count":1,"href":"https:\/\/www.notibras.com\/site\/wp-json\/wp\/v2\/posts\/315331\/revisions"}],"predecessor-version":[{"id":315333,"href":"https:\/\/www.notibras.com\/site\/wp-json\/wp\/v2\/posts\/315331\/revisions\/315333"}],"wp:featuredmedia":[{"embeddable":true,"href":"https:\/\/www.notibras.com\/site\/wp-json\/wp\/v2\/media\/315332"}],"wp:attachment":[{"href":"https:\/\/www.notibras.com\/site\/wp-json\/wp\/v2\/media?parent=315331"}],"wp:term":[{"taxonomy":"category","embeddable":true,"href":"https:\/\/www.notibras.com\/site\/wp-json\/wp\/v2\/categories?post=315331"},{"taxonomy":"post_tag","embeddable":true,"href":"https:\/\/www.notibras.com\/site\/wp-json\/wp\/v2\/tags?post=315331"}],"curies":[{"name":"wp","href":"https:\/\/api.w.org\/{rel}","templated":true}]}}