{"id":315364,"date":"2023-10-24T19:52:56","date_gmt":"2023-10-24T22:52:56","guid":{"rendered":"https:\/\/www.notibras.com\/site\/?p=315364"},"modified":"2023-10-24T19:56:18","modified_gmt":"2023-10-24T22:56:18","slug":"lula-envia-ao-congresso-projeto-polemico-do-novo-ensino-medio","status":"publish","type":"post","link":"https:\/\/www.notibras.com\/site\/lula-envia-ao-congresso-projeto-polemico-do-novo-ensino-medio\/","title":{"rendered":"Lula envia ao Congresso projeto pol\u00eamico do novo ensino m\u00e9dio"},"content":{"rendered":"<p>O governo federal enviou nesta ter\u00e7a-feira (24) ao Congresso Nacional projeto de lei com diretrizes para a Pol\u00edtica Nacional de Ensino M\u00e9dio, que prop\u00f5e altera\u00e7\u00f5es no novo ensino m\u00e9dio, aprovado em 2017.<\/p>\n<p>O projeto de lei ocorre ap\u00f3s as mudan\u00e7as no curr\u00edculo dessa etapa de ensino terem sido criticadas por entidades, estudantes, professores e especialistas.<\/p>\n<p>A proposta foi apresentada pelo ministro da Educa\u00e7\u00e3o, Camilo Santana, e representantes de conselhos e entidades educacionais ao presidente Luiz In\u00e1cio Lula da Silva, em reuni\u00e3o na tarde desta ter\u00e7a-feira (24), no Pal\u00e1cio do Planalto.<\/p>\n<p>\u201cA proposta \u00e9 fruto de ampla consulta e debate p\u00fablico, como devem ser os processos democr\u00e1ticos. Na busca pelo consenso, o que nos une \u00e9 a certeza de que nossa juventude merece mais oportunidades, com ensino m\u00e9dio atrativo e de qualidade\u201d, disse Camilo Santana, nas redes sociais, ap\u00f3s apresentar o projeto ao presidente da Rep\u00fablica.<\/p>\n<p>Veja abaixo o que prev\u00ea o projeto de lei:<\/p>\n<p>&#8211; Retomada de 2,4 mil horas de Forma\u00e7\u00e3o B\u00e1sica para estudantes do ensino m\u00e9dio sem integra\u00e7\u00e3o com curso t\u00e9cnico. Atualmente, s\u00e3o 1,8 mil horas de forma\u00e7\u00e3o.<\/p>\n<p>&#8211; Volta de todas as disciplinas obrigat\u00f3rias do ensino m\u00e9dio \u2013 como sociologia, filosofia e artes \u2013 incluindo l\u00edngua espanhola em toda a rede no prazo de tr\u00eas anos.<\/p>\n<p>&#8211; Redes de ensino poder\u00e3o oferecer de forma excepcional a Forma\u00e7\u00e3o B\u00e1sica de 2,1 mil horas desde que articulada com um curso t\u00e9cnico de, no m\u00ednimo, 800 horas.<\/p>\n<p>&#8211; Defini\u00e7\u00e3o de quatro Percursos de Aprofundamento e Integra\u00e7\u00e3o de Estudos Proped\u00eauticos (itiner\u00e1rios). Cada percurso dever\u00e1 contemplar pelo menos tr\u00eas \u00e1reas de conhecimento<\/p>\n<p>&#8211; Cada escola ter\u00e1 de oferecer dois dos quatro percursos.<\/p>\n<p>&#8211; Constru\u00e7\u00e3o de par\u00e2metros nacionais para a organiza\u00e7\u00e3o dos percursos e integra\u00e7\u00e3o de estudos definindo quais componentes curriculares dever\u00e3o ser priorizados em cada um deles.<\/p>\n<p>&#8211; Veda\u00e7\u00e3o da oferta dos componentes curriculares da forma\u00e7\u00e3o geral b\u00e1sica na modalidade de educa\u00e7\u00e3o \u00e0 dist\u00e2ncia. A proposta \u00e9 regulamentar a oferta dessa modalidade em contextos espec\u00edficos para os percursos.<\/p>\n<p>&#8211; Revoga\u00e7\u00e3o da inclus\u00e3o de profissionais n\u00e3o licenciados, com reconhecimento not\u00f3rio saber, na categoria de magist\u00e9rio. Ser\u00e3o definidas as situa\u00e7\u00f5es nas quais esses profissionais poder\u00e3o atuar, excepcionalmente, na doc\u00eancia do ensino m\u00e9dio.<\/p>\n<p><strong>Entenda o novo ensino m\u00e9dio<\/strong><br \/>\nEm 2017, foi aprovado o novo ensino m\u00e9dio, com objetivo de tornar a etapa mais atrativa e evitar a evas\u00e3o escolar.<\/p>\n<p>Pelo modelo, parte das aulas \u00e9 comum a todos os estudantes, a partir da Base Nacional Comum Curricular (BNCC). Na outra parte da forma\u00e7\u00e3o, os pr\u00f3prios estudantes podem escolher um itiner\u00e1rio para aprofundar o aprendizado. As op\u00e7\u00f5es permitem \u00eanfase nas \u00e1reas de linguagens, matem\u00e1tica, ci\u00eancias da natureza, ci\u00eancias humanas e ensino t\u00e9cnico. A oferta de itiner\u00e1rios depende da capacidade das redes de ensino e das escolas.<\/p>\n<p>A implementa\u00e7\u00e3o dever\u00e1 ser feita de forma escalonada at\u00e9 2024. Em 2022, teve in\u00edcio a amplia\u00e7\u00e3o da carga hor\u00e1ria (para cinco horas di\u00e1rias) para os alunos do 1\u00ba ano do ensino m\u00e9dio. Pela lei atual, as escolas devem ampliar a carga hor\u00e1ria para 1,4 mil horas anuais, o equivalente a sete horas di\u00e1rias. Isso deve ocorrer aos poucos.<\/p>\n<p>No entanto, as mudan\u00e7as foram alvo de diversas cr\u00edticas, especialmente das entidades estudantis e de professores. O governo federal abriu, este ano, uma consulta em que foram ouvidos mais de 130 mil alunos, al\u00e9m de entidades de classe e governos estaduais, para reformular a pol\u00edtica.<\/p>\n","protected":false},"excerpt":{"rendered":"<p>O governo federal enviou nesta ter\u00e7a-feira (24) ao Congresso Nacional projeto de lei com diretrizes para a Pol\u00edtica Nacional de Ensino M\u00e9dio, que prop\u00f5e altera\u00e7\u00f5es no novo ensino m\u00e9dio, aprovado em 2017. O projeto de lei ocorre ap\u00f3s as mudan\u00e7as no curr\u00edculo dessa etapa de ensino terem sido criticadas por entidades, estudantes, professores e especialistas. [&hellip;]<\/p>\n","protected":false},"author":2,"featured_media":315365,"comment_status":"closed","ping_status":"closed","sticky":false,"template":"","format":"standard","meta":{"_acf_changed":false,"footnotes":""},"categories":[161],"tags":[95],"class_list":["post-315364","post","type-post","status-publish","format-standard","has-post-thumbnail","hentry","category-quadradinho-em-foco","tag-capa"],"acf":[],"yoast_head":"<!-- This site is optimized with the Yoast SEO plugin v27.2 - https:\/\/yoast.com\/product\/yoast-seo-wordpress\/ -->\n<title>Lula envia ao Congresso projeto pol\u00eamico do novo ensino m\u00e9dio - Notibras<\/title>\n<meta name=\"robots\" content=\"index, follow, max-snippet:-1, max-image-preview:large, max-video-preview:-1\" \/>\n<link rel=\"canonical\" href=\"https:\/\/www.notibras.com\/site\/lula-envia-ao-congresso-projeto-polemico-do-novo-ensino-medio\/\" \/>\n<meta property=\"og:locale\" content=\"pt_BR\" \/>\n<meta property=\"og:type\" content=\"article\" \/>\n<meta property=\"og:title\" content=\"Lula envia ao Congresso projeto pol\u00eamico do novo ensino m\u00e9dio - Notibras\" \/>\n<meta property=\"og:description\" content=\"O governo federal enviou nesta ter\u00e7a-feira (24) ao Congresso Nacional projeto de lei com diretrizes para a Pol\u00edtica Nacional de Ensino M\u00e9dio, que prop\u00f5e altera\u00e7\u00f5es no novo ensino m\u00e9dio, aprovado em 2017. O projeto de lei ocorre ap\u00f3s as mudan\u00e7as no curr\u00edculo dessa etapa de ensino terem sido criticadas por entidades, estudantes, professores e especialistas. [&hellip;]\" \/>\n<meta property=\"og:url\" content=\"https:\/\/www.notibras.com\/site\/lula-envia-ao-congresso-projeto-polemico-do-novo-ensino-medio\/\" \/>\n<meta property=\"og:site_name\" content=\"Notibras\" \/>\n<meta property=\"article:publisher\" content=\"https:\/\/www.facebook.com\/notibras\/\" \/>\n<meta property=\"article:published_time\" content=\"2023-10-24T22:52:56+00:00\" \/>\n<meta property=\"article:modified_time\" content=\"2023-10-24T22:56:18+00:00\" \/>\n<meta property=\"og:image\" content=\"https:\/\/www.notibras.com\/site\/wp-content\/uploads\/2023\/10\/img_9484.jpg\" \/>\n\t<meta property=\"og:image:width\" content=\"1170\" \/>\n\t<meta property=\"og:image:height\" content=\"700\" \/>\n\t<meta property=\"og:image:type\" content=\"image\/jpeg\" \/>\n<meta name=\"author\" content=\"Reda\u00e7\u00e3o\" \/>\n<meta name=\"twitter:card\" content=\"summary_large_image\" \/>\n<meta name=\"twitter:creator\" content=\"@Notibras\" \/>\n<meta name=\"twitter:site\" content=\"@Notibras\" \/>\n<meta name=\"twitter:label1\" content=\"Escrito por\" \/>\n\t<meta name=\"twitter:data1\" content=\"Reda\u00e7\u00e3o\" \/>\n\t<meta name=\"twitter:label2\" content=\"Est. tempo de leitura\" \/>\n\t<meta name=\"twitter:data2\" content=\"3 minutos\" \/>\n<script type=\"application\/ld+json\" class=\"yoast-schema-graph\">{\"@context\":\"https:\/\/schema.org\",\"@graph\":[{\"@type\":\"Article\",\"@id\":\"https:\/\/www.notibras.com\/site\/lula-envia-ao-congresso-projeto-polemico-do-novo-ensino-medio\/#article\",\"isPartOf\":{\"@id\":\"https:\/\/www.notibras.com\/site\/lula-envia-ao-congresso-projeto-polemico-do-novo-ensino-medio\/\"},\"author\":{\"name\":\"Reda\u00e7\u00e3o\",\"@id\":\"https:\/\/www.notibras.com\/site\/#\/schema\/person\/36ab0979449956132d3e5b517ea76ac8\"},\"headline\":\"Lula envia ao Congresso projeto pol\u00eamico do novo ensino m\u00e9dio\",\"datePublished\":\"2023-10-24T22:52:56+00:00\",\"dateModified\":\"2023-10-24T22:56:18+00:00\",\"mainEntityOfPage\":{\"@id\":\"https:\/\/www.notibras.com\/site\/lula-envia-ao-congresso-projeto-polemico-do-novo-ensino-medio\/\"},\"wordCount\":630,\"publisher\":{\"@id\":\"https:\/\/www.notibras.com\/site\/#organization\"},\"image\":{\"@id\":\"https:\/\/www.notibras.com\/site\/lula-envia-ao-congresso-projeto-polemico-do-novo-ensino-medio\/#primaryimage\"},\"thumbnailUrl\":\"https:\/\/www.notibras.com\/site\/wp-content\/uploads\/2023\/10\/img_9484.jpg\",\"keywords\":[\"capa\"],\"articleSection\":[\"Quadradinho em Foco\"],\"inLanguage\":\"pt-BR\"},{\"@type\":\"WebPage\",\"@id\":\"https:\/\/www.notibras.com\/site\/lula-envia-ao-congresso-projeto-polemico-do-novo-ensino-medio\/\",\"url\":\"https:\/\/www.notibras.com\/site\/lula-envia-ao-congresso-projeto-polemico-do-novo-ensino-medio\/\",\"name\":\"Lula envia ao Congresso projeto pol\u00eamico do novo ensino m\u00e9dio - Notibras\",\"isPartOf\":{\"@id\":\"https:\/\/www.notibras.com\/site\/#website\"},\"primaryImageOfPage\":{\"@id\":\"https:\/\/www.notibras.com\/site\/lula-envia-ao-congresso-projeto-polemico-do-novo-ensino-medio\/#primaryimage\"},\"image\":{\"@id\":\"https:\/\/www.notibras.com\/site\/lula-envia-ao-congresso-projeto-polemico-do-novo-ensino-medio\/#primaryimage\"},\"thumbnailUrl\":\"https:\/\/www.notibras.com\/site\/wp-content\/uploads\/2023\/10\/img_9484.jpg\",\"datePublished\":\"2023-10-24T22:52:56+00:00\",\"dateModified\":\"2023-10-24T22:56:18+00:00\",\"breadcrumb\":{\"@id\":\"https:\/\/www.notibras.com\/site\/lula-envia-ao-congresso-projeto-polemico-do-novo-ensino-medio\/#breadcrumb\"},\"inLanguage\":\"pt-BR\",\"potentialAction\":[{\"@type\":\"ReadAction\",\"target\":[\"https:\/\/www.notibras.com\/site\/lula-envia-ao-congresso-projeto-polemico-do-novo-ensino-medio\/\"]}]},{\"@type\":\"ImageObject\",\"inLanguage\":\"pt-BR\",\"@id\":\"https:\/\/www.notibras.com\/site\/lula-envia-ao-congresso-projeto-polemico-do-novo-ensino-medio\/#primaryimage\",\"url\":\"https:\/\/www.notibras.com\/site\/wp-content\/uploads\/2023\/10\/img_9484.jpg\",\"contentUrl\":\"https:\/\/www.notibras.com\/site\/wp-content\/uploads\/2023\/10\/img_9484.jpg\",\"width\":1170,\"height\":700,\"caption\":\"Ato pela Revoga\u00e7\u00e3o do Novo Ensino M\u00e9dio\"},{\"@type\":\"BreadcrumbList\",\"@id\":\"https:\/\/www.notibras.com\/site\/lula-envia-ao-congresso-projeto-polemico-do-novo-ensino-medio\/#breadcrumb\",\"itemListElement\":[{\"@type\":\"ListItem\",\"position\":1,\"name\":\"In\u00edcio\",\"item\":\"https:\/\/www.notibras.com\/site\/\"},{\"@type\":\"ListItem\",\"position\":2,\"name\":\"Lula envia ao Congresso projeto pol\u00eamico do novo ensino m\u00e9dio\"}]},{\"@type\":\"WebSite\",\"@id\":\"https:\/\/www.notibras.com\/site\/#website\",\"url\":\"https:\/\/www.notibras.com\/site\/\",\"name\":\"Notibras\",\"description\":\"Not\u00edcias de Bras\u00edlia, do Brasil e do Mundo\",\"publisher\":{\"@id\":\"https:\/\/www.notibras.com\/site\/#organization\"},\"potentialAction\":[{\"@type\":\"SearchAction\",\"target\":{\"@type\":\"EntryPoint\",\"urlTemplate\":\"https:\/\/www.notibras.com\/site\/?s={search_term_string}\"},\"query-input\":{\"@type\":\"PropertyValueSpecification\",\"valueRequired\":true,\"valueName\":\"search_term_string\"}}],\"inLanguage\":\"pt-BR\"},{\"@type\":\"Organization\",\"@id\":\"https:\/\/www.notibras.com\/site\/#organization\",\"name\":\"Grupo Notibras de Comunica\u00e7\u00e3o\",\"url\":\"https:\/\/www.notibras.com\/site\/\",\"logo\":{\"@type\":\"ImageObject\",\"inLanguage\":\"pt-BR\",\"@id\":\"https:\/\/www.notibras.com\/site\/#\/schema\/logo\/image\/\",\"url\":\"https:\/\/www.notibras.com\/site\/wp-content\/uploads\/2023\/01\/notibras23.png\",\"contentUrl\":\"https:\/\/www.notibras.com\/site\/wp-content\/uploads\/2023\/01\/notibras23.png\",\"width\":350,\"height\":87,\"caption\":\"Grupo Notibras de Comunica\u00e7\u00e3o\"},\"image\":{\"@id\":\"https:\/\/www.notibras.com\/site\/#\/schema\/logo\/image\/\"},\"sameAs\":[\"https:\/\/www.facebook.com\/notibras\/\",\"https:\/\/x.com\/Notibras\",\"https:\/\/www.instagram.com\/notibras\/\"]},{\"@type\":\"Person\",\"@id\":\"https:\/\/www.notibras.com\/site\/#\/schema\/person\/36ab0979449956132d3e5b517ea76ac8\",\"name\":\"Reda\u00e7\u00e3o\",\"image\":{\"@type\":\"ImageObject\",\"inLanguage\":\"pt-BR\",\"@id\":\"https:\/\/secure.gravatar.com\/avatar\/e0a867bdedb85fd243eadf09663511f96fc81e0720a4a42581f334ad4303aa6b?s=96&d=mm&r=g\",\"url\":\"https:\/\/secure.gravatar.com\/avatar\/e0a867bdedb85fd243eadf09663511f96fc81e0720a4a42581f334ad4303aa6b?s=96&d=mm&r=g\",\"contentUrl\":\"https:\/\/secure.gravatar.com\/avatar\/e0a867bdedb85fd243eadf09663511f96fc81e0720a4a42581f334ad4303aa6b?s=96&d=mm&r=g\",\"caption\":\"Reda\u00e7\u00e3o\"}}]}<\/script>\n<!-- \/ Yoast SEO plugin. -->","yoast_head_json":{"title":"Lula envia ao Congresso projeto pol\u00eamico do novo ensino m\u00e9dio - Notibras","robots":{"index":"index","follow":"follow","max-snippet":"max-snippet:-1","max-image-preview":"max-image-preview:large","max-video-preview":"max-video-preview:-1"},"canonical":"https:\/\/www.notibras.com\/site\/lula-envia-ao-congresso-projeto-polemico-do-novo-ensino-medio\/","og_locale":"pt_BR","og_type":"article","og_title":"Lula envia ao Congresso projeto pol\u00eamico do novo ensino m\u00e9dio - Notibras","og_description":"O governo federal enviou nesta ter\u00e7a-feira (24) ao Congresso Nacional projeto de lei com diretrizes para a Pol\u00edtica Nacional de Ensino M\u00e9dio, que prop\u00f5e altera\u00e7\u00f5es no novo ensino m\u00e9dio, aprovado em 2017. O projeto de lei ocorre ap\u00f3s as mudan\u00e7as no curr\u00edculo dessa etapa de ensino terem sido criticadas por entidades, estudantes, professores e especialistas. [&hellip;]","og_url":"https:\/\/www.notibras.com\/site\/lula-envia-ao-congresso-projeto-polemico-do-novo-ensino-medio\/","og_site_name":"Notibras","article_publisher":"https:\/\/www.facebook.com\/notibras\/","article_published_time":"2023-10-24T22:52:56+00:00","article_modified_time":"2023-10-24T22:56:18+00:00","og_image":[{"width":1170,"height":700,"url":"https:\/\/www.notibras.com\/site\/wp-content\/uploads\/2023\/10\/img_9484.jpg","type":"image\/jpeg"}],"author":"Reda\u00e7\u00e3o","twitter_card":"summary_large_image","twitter_creator":"@Notibras","twitter_site":"@Notibras","twitter_misc":{"Escrito por":"Reda\u00e7\u00e3o","Est. tempo de leitura":"3 minutos"},"schema":{"@context":"https:\/\/schema.org","@graph":[{"@type":"Article","@id":"https:\/\/www.notibras.com\/site\/lula-envia-ao-congresso-projeto-polemico-do-novo-ensino-medio\/#article","isPartOf":{"@id":"https:\/\/www.notibras.com\/site\/lula-envia-ao-congresso-projeto-polemico-do-novo-ensino-medio\/"},"author":{"name":"Reda\u00e7\u00e3o","@id":"https:\/\/www.notibras.com\/site\/#\/schema\/person\/36ab0979449956132d3e5b517ea76ac8"},"headline":"Lula envia ao Congresso projeto pol\u00eamico do novo ensino m\u00e9dio","datePublished":"2023-10-24T22:52:56+00:00","dateModified":"2023-10-24T22:56:18+00:00","mainEntityOfPage":{"@id":"https:\/\/www.notibras.com\/site\/lula-envia-ao-congresso-projeto-polemico-do-novo-ensino-medio\/"},"wordCount":630,"publisher":{"@id":"https:\/\/www.notibras.com\/site\/#organization"},"image":{"@id":"https:\/\/www.notibras.com\/site\/lula-envia-ao-congresso-projeto-polemico-do-novo-ensino-medio\/#primaryimage"},"thumbnailUrl":"https:\/\/www.notibras.com\/site\/wp-content\/uploads\/2023\/10\/img_9484.jpg","keywords":["capa"],"articleSection":["Quadradinho em Foco"],"inLanguage":"pt-BR"},{"@type":"WebPage","@id":"https:\/\/www.notibras.com\/site\/lula-envia-ao-congresso-projeto-polemico-do-novo-ensino-medio\/","url":"https:\/\/www.notibras.com\/site\/lula-envia-ao-congresso-projeto-polemico-do-novo-ensino-medio\/","name":"Lula envia ao Congresso projeto pol\u00eamico do novo ensino m\u00e9dio - Notibras","isPartOf":{"@id":"https:\/\/www.notibras.com\/site\/#website"},"primaryImageOfPage":{"@id":"https:\/\/www.notibras.com\/site\/lula-envia-ao-congresso-projeto-polemico-do-novo-ensino-medio\/#primaryimage"},"image":{"@id":"https:\/\/www.notibras.com\/site\/lula-envia-ao-congresso-projeto-polemico-do-novo-ensino-medio\/#primaryimage"},"thumbnailUrl":"https:\/\/www.notibras.com\/site\/wp-content\/uploads\/2023\/10\/img_9484.jpg","datePublished":"2023-10-24T22:52:56+00:00","dateModified":"2023-10-24T22:56:18+00:00","breadcrumb":{"@id":"https:\/\/www.notibras.com\/site\/lula-envia-ao-congresso-projeto-polemico-do-novo-ensino-medio\/#breadcrumb"},"inLanguage":"pt-BR","potentialAction":[{"@type":"ReadAction","target":["https:\/\/www.notibras.com\/site\/lula-envia-ao-congresso-projeto-polemico-do-novo-ensino-medio\/"]}]},{"@type":"ImageObject","inLanguage":"pt-BR","@id":"https:\/\/www.notibras.com\/site\/lula-envia-ao-congresso-projeto-polemico-do-novo-ensino-medio\/#primaryimage","url":"https:\/\/www.notibras.com\/site\/wp-content\/uploads\/2023\/10\/img_9484.jpg","contentUrl":"https:\/\/www.notibras.com\/site\/wp-content\/uploads\/2023\/10\/img_9484.jpg","width":1170,"height":700,"caption":"Ato pela Revoga\u00e7\u00e3o do Novo Ensino M\u00e9dio"},{"@type":"BreadcrumbList","@id":"https:\/\/www.notibras.com\/site\/lula-envia-ao-congresso-projeto-polemico-do-novo-ensino-medio\/#breadcrumb","itemListElement":[{"@type":"ListItem","position":1,"name":"In\u00edcio","item":"https:\/\/www.notibras.com\/site\/"},{"@type":"ListItem","position":2,"name":"Lula envia ao Congresso projeto pol\u00eamico do novo ensino m\u00e9dio"}]},{"@type":"WebSite","@id":"https:\/\/www.notibras.com\/site\/#website","url":"https:\/\/www.notibras.com\/site\/","name":"Notibras","description":"Not\u00edcias de Bras\u00edlia, do Brasil e do Mundo","publisher":{"@id":"https:\/\/www.notibras.com\/site\/#organization"},"potentialAction":[{"@type":"SearchAction","target":{"@type":"EntryPoint","urlTemplate":"https:\/\/www.notibras.com\/site\/?s={search_term_string}"},"query-input":{"@type":"PropertyValueSpecification","valueRequired":true,"valueName":"search_term_string"}}],"inLanguage":"pt-BR"},{"@type":"Organization","@id":"https:\/\/www.notibras.com\/site\/#organization","name":"Grupo Notibras de Comunica\u00e7\u00e3o","url":"https:\/\/www.notibras.com\/site\/","logo":{"@type":"ImageObject","inLanguage":"pt-BR","@id":"https:\/\/www.notibras.com\/site\/#\/schema\/logo\/image\/","url":"https:\/\/www.notibras.com\/site\/wp-content\/uploads\/2023\/01\/notibras23.png","contentUrl":"https:\/\/www.notibras.com\/site\/wp-content\/uploads\/2023\/01\/notibras23.png","width":350,"height":87,"caption":"Grupo Notibras de Comunica\u00e7\u00e3o"},"image":{"@id":"https:\/\/www.notibras.com\/site\/#\/schema\/logo\/image\/"},"sameAs":["https:\/\/www.facebook.com\/notibras\/","https:\/\/x.com\/Notibras","https:\/\/www.instagram.com\/notibras\/"]},{"@type":"Person","@id":"https:\/\/www.notibras.com\/site\/#\/schema\/person\/36ab0979449956132d3e5b517ea76ac8","name":"Reda\u00e7\u00e3o","image":{"@type":"ImageObject","inLanguage":"pt-BR","@id":"https:\/\/secure.gravatar.com\/avatar\/e0a867bdedb85fd243eadf09663511f96fc81e0720a4a42581f334ad4303aa6b?s=96&d=mm&r=g","url":"https:\/\/secure.gravatar.com\/avatar\/e0a867bdedb85fd243eadf09663511f96fc81e0720a4a42581f334ad4303aa6b?s=96&d=mm&r=g","contentUrl":"https:\/\/secure.gravatar.com\/avatar\/e0a867bdedb85fd243eadf09663511f96fc81e0720a4a42581f334ad4303aa6b?s=96&d=mm&r=g","caption":"Reda\u00e7\u00e3o"}}]}},"amp_enabled":true,"_links":{"self":[{"href":"https:\/\/www.notibras.com\/site\/wp-json\/wp\/v2\/posts\/315364","targetHints":{"allow":["GET"]}}],"collection":[{"href":"https:\/\/www.notibras.com\/site\/wp-json\/wp\/v2\/posts"}],"about":[{"href":"https:\/\/www.notibras.com\/site\/wp-json\/wp\/v2\/types\/post"}],"author":[{"embeddable":true,"href":"https:\/\/www.notibras.com\/site\/wp-json\/wp\/v2\/users\/2"}],"replies":[{"embeddable":true,"href":"https:\/\/www.notibras.com\/site\/wp-json\/wp\/v2\/comments?post=315364"}],"version-history":[{"count":4,"href":"https:\/\/www.notibras.com\/site\/wp-json\/wp\/v2\/posts\/315364\/revisions"}],"predecessor-version":[{"id":315369,"href":"https:\/\/www.notibras.com\/site\/wp-json\/wp\/v2\/posts\/315364\/revisions\/315369"}],"wp:featuredmedia":[{"embeddable":true,"href":"https:\/\/www.notibras.com\/site\/wp-json\/wp\/v2\/media\/315365"}],"wp:attachment":[{"href":"https:\/\/www.notibras.com\/site\/wp-json\/wp\/v2\/media?parent=315364"}],"wp:term":[{"taxonomy":"category","embeddable":true,"href":"https:\/\/www.notibras.com\/site\/wp-json\/wp\/v2\/categories?post=315364"},{"taxonomy":"post_tag","embeddable":true,"href":"https:\/\/www.notibras.com\/site\/wp-json\/wp\/v2\/tags?post=315364"}],"curies":[{"name":"wp","href":"https:\/\/api.w.org\/{rel}","templated":true}]}}