{"id":315379,"date":"2023-10-24T19:21:37","date_gmt":"2023-10-24T22:21:37","guid":{"rendered":"https:\/\/www.notibras.com\/site\/?p=315379"},"modified":"2023-10-24T20:24:27","modified_gmt":"2023-10-24T23:24:27","slug":"sem-teto-pedem-reforma-urbana-e-tomam-predio-antigo-da-prf","status":"publish","type":"post","link":"https:\/\/www.notibras.com\/site\/sem-teto-pedem-reforma-urbana-e-tomam-predio-antigo-da-prf\/","title":{"rendered":"Sem-teto pedem reforma urbana e tomam pr\u00e9dio antigo da PRF"},"content":{"rendered":"<p>Cerca de 80 fam\u00edlias do Movimento Nacional de Luta pela Moradia (MNLM) ocuparam um pr\u00e9dio da Uni\u00e3o, onde antes funcionava a Pol\u00edcia Rodovi\u00e1ria Federal. O patrim\u00f4nio estava desocupado desde 2012, quando o \u00f3rg\u00e3o foi transferido para o setor policial. As fam\u00edlias pedem que o im\u00f3vel seja destinado a moradias populares para reforma urbana.<\/p>\n<p>Segundo um dos dirigentes do movimento, Cristiano Schumacher, a ocupa\u00e7\u00e3o \u00e9 parte da Jornada Nacional de Luta pela Moradia, que envolve uma pauta de reivindica\u00e7\u00f5es para combater o d\u00e9ficit habitacional, como a amplia\u00e7\u00e3o do Programa Minha Casa Minha Vida para pessoas de baixa renda, destina\u00e7\u00e3o de im\u00f3veis desocupados da Uni\u00e3o, de estados e de munic\u00edpios para moradias populares e a cria\u00e7\u00e3o de grupos de trabalho que proponham pol\u00edticas p\u00fablicas para a solu\u00e7\u00e3o do problema habitacional no pa\u00eds.<\/p>\n<p>\u201cPrecisamos positivar o direito constitucional \u00e0 moradia e combater o d\u00e9ficit habitacional\u201d, refor\u00e7a.<\/p>\n<p>Cristiano Schumacher diz que a ocupa\u00e7\u00e3o em Bras\u00edlia \u00e9 um recorte do que vem sendo apontado pelas \u00faltimas pesquisas que indicam que o problema afeta principalmente fam\u00edlias lideradas por mulheres. \u201cS\u00e3o trabalhadoras do setor de limpeza e do com\u00e9rcio, com baixa renda e que enfrentam praticamente mais uma jornada de transporte para chegarem ao trabalho, moram de favor ou alugam moradias prec\u00e1rias muito longe de onde trabalham\u201d, explica.<\/p>\n<p>As informa\u00e7\u00f5es apontadas pelo movimento integram um levantamento realizado pela Funda\u00e7\u00e3o Jo\u00e3o Pinheiro que apontou estimativas sobre o d\u00e9ficit habitacional no Brasil, com base em dados do Instituto Brasileiro de Geografia e Estat\u00edsticas (IBGE) de 2016 a 2019.<\/p>\n<p>De acordo com o estudo, em 2019, a falta de moradias ultrapassou 5,8 milh\u00f5es de domic\u00edlios, nos quais as fam\u00edlias vivem em habita\u00e7\u00f5es prec\u00e1rias, coabita\u00e7\u00e3o ou t\u00eam \u00f4nus excessivo com aluguel. Os casos em que as mulheres s\u00e3o a pessoa de refer\u00eancia na fam\u00edlia ultrapassam 3,5 milh\u00f5es, o que representa 60% do total de domic\u00edlios que apresentaram essas condi\u00e7\u00f5es.<\/p>\n<p>De acordo com o dirigente, a ocupa\u00e7\u00e3o, nomeada Leidiane, em homenagem a uma integrante do movimento que faleceu, quer chamar a aten\u00e7\u00e3o da Secretaria do Patrim\u00f4nio da Uni\u00e3o para o abandono de im\u00f3veis que o Estado n\u00e3o faz mais uso e que est\u00e3o em condi\u00e7\u00f5es prec\u00e1rias, deteriorados, s\u00e3o locais usados para consumo de drogas ou que facilitam alguns tipos de crime e muitas vezes enfrentam infesta\u00e7\u00f5es de ratos ou outras pragas.<\/p>\n<p>\u201cS\u00e3o milhares de im\u00f3veis sem funcionalidade, mas, at\u00e9 agora o governo federal s\u00f3 destinou 50 deles para habita\u00e7\u00e3o. Queremos discutir a revitaliza\u00e7\u00e3o desses espa\u00e7os para moradia digna tamb\u00e9m com estados e munic\u00edpios\u201d, explica Cristiano Schumacher.<\/p>\n<p>A reportagem procurou a Secretaria de Patrim\u00f4nio da Uni\u00e3o, ligada ao Minist\u00e9rio da Gest\u00e3o e Inova\u00e7\u00e3o em Servi\u00e7os P\u00fablicos, e aguarda posicionamento da pasta sobre o tema.<\/p>\n<p><strong>Homenagem<\/strong><br \/>\nA dirigente que d\u00e1 nome \u00e0 ocupa\u00e7\u00e3o em Bras\u00edlia \u00e9 Leidiane Ribeiro, que desde os 12 anos de idade viveu em acampamentos lutando por moradia. Aos 18 anos passou a coordenar o MNLN no Distrito Federal e tornou-se refer\u00eancia nacional da luta por reforma urbana e moradia digna.<\/p>\n<p>Leidiane faleceu em 2022, ap\u00f3s muitos anos de tratamento contra o l\u00fapus, uma doen\u00e7a autoimune que n\u00e3o tem cura. \u201cSeu legado permanece presente em nosso cotidiano e em nossas a\u00e7\u00f5es por dias melhores\u201d, informou o movimento, por meio de nota.<\/p>\n","protected":false},"excerpt":{"rendered":"<p>Cerca de 80 fam\u00edlias do Movimento Nacional de Luta pela Moradia (MNLM) ocuparam um pr\u00e9dio da Uni\u00e3o, onde antes funcionava a Pol\u00edcia Rodovi\u00e1ria Federal. O patrim\u00f4nio estava desocupado desde 2012, quando o \u00f3rg\u00e3o foi transferido para o setor policial. As fam\u00edlias pedem que o im\u00f3vel seja destinado a moradias populares para reforma urbana. Segundo um [&hellip;]<\/p>\n","protected":false},"author":2,"featured_media":315380,"comment_status":"closed","ping_status":"closed","sticky":false,"template":"","format":"standard","meta":{"_acf_changed":false,"footnotes":""},"categories":[161],"tags":[95],"class_list":["post-315379","post","type-post","status-publish","format-standard","has-post-thumbnail","hentry","category-quadradinho-em-foco","tag-capa"],"acf":[],"yoast_head":"<!-- This site is optimized with the Yoast SEO plugin v27.2 - https:\/\/yoast.com\/product\/yoast-seo-wordpress\/ -->\n<title>Sem-teto pedem reforma urbana e tomam pr\u00e9dio antigo da PRF - Notibras<\/title>\n<meta name=\"robots\" content=\"index, follow, max-snippet:-1, max-image-preview:large, max-video-preview:-1\" \/>\n<link rel=\"canonical\" href=\"https:\/\/www.notibras.com\/site\/sem-teto-pedem-reforma-urbana-e-tomam-predio-antigo-da-prf\/\" \/>\n<meta property=\"og:locale\" content=\"pt_BR\" \/>\n<meta property=\"og:type\" content=\"article\" \/>\n<meta property=\"og:title\" content=\"Sem-teto pedem reforma urbana e tomam pr\u00e9dio antigo da PRF - Notibras\" \/>\n<meta property=\"og:description\" content=\"Cerca de 80 fam\u00edlias do Movimento Nacional de Luta pela Moradia (MNLM) ocuparam um pr\u00e9dio da Uni\u00e3o, onde antes funcionava a Pol\u00edcia Rodovi\u00e1ria Federal. O patrim\u00f4nio estava desocupado desde 2012, quando o \u00f3rg\u00e3o foi transferido para o setor policial. As fam\u00edlias pedem que o im\u00f3vel seja destinado a moradias populares para reforma urbana. Segundo um [&hellip;]\" \/>\n<meta property=\"og:url\" content=\"https:\/\/www.notibras.com\/site\/sem-teto-pedem-reforma-urbana-e-tomam-predio-antigo-da-prf\/\" \/>\n<meta property=\"og:site_name\" content=\"Notibras\" \/>\n<meta property=\"article:publisher\" content=\"https:\/\/www.facebook.com\/notibras\/\" \/>\n<meta property=\"article:published_time\" content=\"2023-10-24T22:21:37+00:00\" \/>\n<meta property=\"article:modified_time\" content=\"2023-10-24T23:24:27+00:00\" \/>\n<meta property=\"og:image\" content=\"https:\/\/www.notibras.com\/site\/wp-content\/uploads\/2023\/10\/predio.semteto.webp\" \/>\n\t<meta property=\"og:image:width\" content=\"754\" \/>\n\t<meta property=\"og:image:height\" content=\"503\" \/>\n\t<meta property=\"og:image:type\" content=\"image\/webp\" \/>\n<meta name=\"author\" content=\"Reda\u00e7\u00e3o\" \/>\n<meta name=\"twitter:card\" content=\"summary_large_image\" \/>\n<meta name=\"twitter:creator\" content=\"@Notibras\" \/>\n<meta name=\"twitter:site\" content=\"@Notibras\" \/>\n<meta name=\"twitter:label1\" content=\"Escrito por\" \/>\n\t<meta name=\"twitter:data1\" content=\"Reda\u00e7\u00e3o\" \/>\n\t<meta name=\"twitter:label2\" content=\"Est. tempo de leitura\" \/>\n\t<meta name=\"twitter:data2\" content=\"3 minutos\" \/>\n<script type=\"application\/ld+json\" class=\"yoast-schema-graph\">{\"@context\":\"https:\/\/schema.org\",\"@graph\":[{\"@type\":\"Article\",\"@id\":\"https:\/\/www.notibras.com\/site\/sem-teto-pedem-reforma-urbana-e-tomam-predio-antigo-da-prf\/#article\",\"isPartOf\":{\"@id\":\"https:\/\/www.notibras.com\/site\/sem-teto-pedem-reforma-urbana-e-tomam-predio-antigo-da-prf\/\"},\"author\":{\"name\":\"Reda\u00e7\u00e3o\",\"@id\":\"https:\/\/www.notibras.com\/site\/#\/schema\/person\/36ab0979449956132d3e5b517ea76ac8\"},\"headline\":\"Sem-teto pedem reforma urbana e tomam pr\u00e9dio antigo da PRF\",\"datePublished\":\"2023-10-24T22:21:37+00:00\",\"dateModified\":\"2023-10-24T23:24:27+00:00\",\"mainEntityOfPage\":{\"@id\":\"https:\/\/www.notibras.com\/site\/sem-teto-pedem-reforma-urbana-e-tomam-predio-antigo-da-prf\/\"},\"wordCount\":605,\"publisher\":{\"@id\":\"https:\/\/www.notibras.com\/site\/#organization\"},\"image\":{\"@id\":\"https:\/\/www.notibras.com\/site\/sem-teto-pedem-reforma-urbana-e-tomam-predio-antigo-da-prf\/#primaryimage\"},\"thumbnailUrl\":\"https:\/\/www.notibras.com\/site\/wp-content\/uploads\/2023\/10\/predio.semteto.webp\",\"keywords\":[\"capa\"],\"articleSection\":[\"Quadradinho em Foco\"],\"inLanguage\":\"pt-BR\"},{\"@type\":\"WebPage\",\"@id\":\"https:\/\/www.notibras.com\/site\/sem-teto-pedem-reforma-urbana-e-tomam-predio-antigo-da-prf\/\",\"url\":\"https:\/\/www.notibras.com\/site\/sem-teto-pedem-reforma-urbana-e-tomam-predio-antigo-da-prf\/\",\"name\":\"Sem-teto pedem reforma urbana e tomam pr\u00e9dio antigo da PRF - Notibras\",\"isPartOf\":{\"@id\":\"https:\/\/www.notibras.com\/site\/#website\"},\"primaryImageOfPage\":{\"@id\":\"https:\/\/www.notibras.com\/site\/sem-teto-pedem-reforma-urbana-e-tomam-predio-antigo-da-prf\/#primaryimage\"},\"image\":{\"@id\":\"https:\/\/www.notibras.com\/site\/sem-teto-pedem-reforma-urbana-e-tomam-predio-antigo-da-prf\/#primaryimage\"},\"thumbnailUrl\":\"https:\/\/www.notibras.com\/site\/wp-content\/uploads\/2023\/10\/predio.semteto.webp\",\"datePublished\":\"2023-10-24T22:21:37+00:00\",\"dateModified\":\"2023-10-24T23:24:27+00:00\",\"breadcrumb\":{\"@id\":\"https:\/\/www.notibras.com\/site\/sem-teto-pedem-reforma-urbana-e-tomam-predio-antigo-da-prf\/#breadcrumb\"},\"inLanguage\":\"pt-BR\",\"potentialAction\":[{\"@type\":\"ReadAction\",\"target\":[\"https:\/\/www.notibras.com\/site\/sem-teto-pedem-reforma-urbana-e-tomam-predio-antigo-da-prf\/\"]}]},{\"@type\":\"ImageObject\",\"inLanguage\":\"pt-BR\",\"@id\":\"https:\/\/www.notibras.com\/site\/sem-teto-pedem-reforma-urbana-e-tomam-predio-antigo-da-prf\/#primaryimage\",\"url\":\"https:\/\/www.notibras.com\/site\/wp-content\/uploads\/2023\/10\/predio.semteto.webp\",\"contentUrl\":\"https:\/\/www.notibras.com\/site\/wp-content\/uploads\/2023\/10\/predio.semteto.webp\",\"width\":754,\"height\":503},{\"@type\":\"BreadcrumbList\",\"@id\":\"https:\/\/www.notibras.com\/site\/sem-teto-pedem-reforma-urbana-e-tomam-predio-antigo-da-prf\/#breadcrumb\",\"itemListElement\":[{\"@type\":\"ListItem\",\"position\":1,\"name\":\"In\u00edcio\",\"item\":\"https:\/\/www.notibras.com\/site\/\"},{\"@type\":\"ListItem\",\"position\":2,\"name\":\"Sem-teto pedem reforma urbana e tomam pr\u00e9dio antigo da PRF\"}]},{\"@type\":\"WebSite\",\"@id\":\"https:\/\/www.notibras.com\/site\/#website\",\"url\":\"https:\/\/www.notibras.com\/site\/\",\"name\":\"Notibras\",\"description\":\"Not\u00edcias de Bras\u00edlia, do Brasil e do Mundo\",\"publisher\":{\"@id\":\"https:\/\/www.notibras.com\/site\/#organization\"},\"potentialAction\":[{\"@type\":\"SearchAction\",\"target\":{\"@type\":\"EntryPoint\",\"urlTemplate\":\"https:\/\/www.notibras.com\/site\/?s={search_term_string}\"},\"query-input\":{\"@type\":\"PropertyValueSpecification\",\"valueRequired\":true,\"valueName\":\"search_term_string\"}}],\"inLanguage\":\"pt-BR\"},{\"@type\":\"Organization\",\"@id\":\"https:\/\/www.notibras.com\/site\/#organization\",\"name\":\"Grupo Notibras de Comunica\u00e7\u00e3o\",\"url\":\"https:\/\/www.notibras.com\/site\/\",\"logo\":{\"@type\":\"ImageObject\",\"inLanguage\":\"pt-BR\",\"@id\":\"https:\/\/www.notibras.com\/site\/#\/schema\/logo\/image\/\",\"url\":\"https:\/\/www.notibras.com\/site\/wp-content\/uploads\/2023\/01\/notibras23.png\",\"contentUrl\":\"https:\/\/www.notibras.com\/site\/wp-content\/uploads\/2023\/01\/notibras23.png\",\"width\":350,\"height\":87,\"caption\":\"Grupo Notibras de Comunica\u00e7\u00e3o\"},\"image\":{\"@id\":\"https:\/\/www.notibras.com\/site\/#\/schema\/logo\/image\/\"},\"sameAs\":[\"https:\/\/www.facebook.com\/notibras\/\",\"https:\/\/x.com\/Notibras\",\"https:\/\/www.instagram.com\/notibras\/\"]},{\"@type\":\"Person\",\"@id\":\"https:\/\/www.notibras.com\/site\/#\/schema\/person\/36ab0979449956132d3e5b517ea76ac8\",\"name\":\"Reda\u00e7\u00e3o\",\"image\":{\"@type\":\"ImageObject\",\"inLanguage\":\"pt-BR\",\"@id\":\"https:\/\/secure.gravatar.com\/avatar\/e0a867bdedb85fd243eadf09663511f96fc81e0720a4a42581f334ad4303aa6b?s=96&d=mm&r=g\",\"url\":\"https:\/\/secure.gravatar.com\/avatar\/e0a867bdedb85fd243eadf09663511f96fc81e0720a4a42581f334ad4303aa6b?s=96&d=mm&r=g\",\"contentUrl\":\"https:\/\/secure.gravatar.com\/avatar\/e0a867bdedb85fd243eadf09663511f96fc81e0720a4a42581f334ad4303aa6b?s=96&d=mm&r=g\",\"caption\":\"Reda\u00e7\u00e3o\"}}]}<\/script>\n<!-- \/ Yoast SEO plugin. -->","yoast_head_json":{"title":"Sem-teto pedem reforma urbana e tomam pr\u00e9dio antigo da PRF - Notibras","robots":{"index":"index","follow":"follow","max-snippet":"max-snippet:-1","max-image-preview":"max-image-preview:large","max-video-preview":"max-video-preview:-1"},"canonical":"https:\/\/www.notibras.com\/site\/sem-teto-pedem-reforma-urbana-e-tomam-predio-antigo-da-prf\/","og_locale":"pt_BR","og_type":"article","og_title":"Sem-teto pedem reforma urbana e tomam pr\u00e9dio antigo da PRF - Notibras","og_description":"Cerca de 80 fam\u00edlias do Movimento Nacional de Luta pela Moradia (MNLM) ocuparam um pr\u00e9dio da Uni\u00e3o, onde antes funcionava a Pol\u00edcia Rodovi\u00e1ria Federal. O patrim\u00f4nio estava desocupado desde 2012, quando o \u00f3rg\u00e3o foi transferido para o setor policial. As fam\u00edlias pedem que o im\u00f3vel seja destinado a moradias populares para reforma urbana. Segundo um [&hellip;]","og_url":"https:\/\/www.notibras.com\/site\/sem-teto-pedem-reforma-urbana-e-tomam-predio-antigo-da-prf\/","og_site_name":"Notibras","article_publisher":"https:\/\/www.facebook.com\/notibras\/","article_published_time":"2023-10-24T22:21:37+00:00","article_modified_time":"2023-10-24T23:24:27+00:00","og_image":[{"width":754,"height":503,"url":"https:\/\/www.notibras.com\/site\/wp-content\/uploads\/2023\/10\/predio.semteto.webp","type":"image\/webp"}],"author":"Reda\u00e7\u00e3o","twitter_card":"summary_large_image","twitter_creator":"@Notibras","twitter_site":"@Notibras","twitter_misc":{"Escrito por":"Reda\u00e7\u00e3o","Est. tempo de leitura":"3 minutos"},"schema":{"@context":"https:\/\/schema.org","@graph":[{"@type":"Article","@id":"https:\/\/www.notibras.com\/site\/sem-teto-pedem-reforma-urbana-e-tomam-predio-antigo-da-prf\/#article","isPartOf":{"@id":"https:\/\/www.notibras.com\/site\/sem-teto-pedem-reforma-urbana-e-tomam-predio-antigo-da-prf\/"},"author":{"name":"Reda\u00e7\u00e3o","@id":"https:\/\/www.notibras.com\/site\/#\/schema\/person\/36ab0979449956132d3e5b517ea76ac8"},"headline":"Sem-teto pedem reforma urbana e tomam pr\u00e9dio antigo da PRF","datePublished":"2023-10-24T22:21:37+00:00","dateModified":"2023-10-24T23:24:27+00:00","mainEntityOfPage":{"@id":"https:\/\/www.notibras.com\/site\/sem-teto-pedem-reforma-urbana-e-tomam-predio-antigo-da-prf\/"},"wordCount":605,"publisher":{"@id":"https:\/\/www.notibras.com\/site\/#organization"},"image":{"@id":"https:\/\/www.notibras.com\/site\/sem-teto-pedem-reforma-urbana-e-tomam-predio-antigo-da-prf\/#primaryimage"},"thumbnailUrl":"https:\/\/www.notibras.com\/site\/wp-content\/uploads\/2023\/10\/predio.semteto.webp","keywords":["capa"],"articleSection":["Quadradinho em Foco"],"inLanguage":"pt-BR"},{"@type":"WebPage","@id":"https:\/\/www.notibras.com\/site\/sem-teto-pedem-reforma-urbana-e-tomam-predio-antigo-da-prf\/","url":"https:\/\/www.notibras.com\/site\/sem-teto-pedem-reforma-urbana-e-tomam-predio-antigo-da-prf\/","name":"Sem-teto pedem reforma urbana e tomam pr\u00e9dio antigo da PRF - Notibras","isPartOf":{"@id":"https:\/\/www.notibras.com\/site\/#website"},"primaryImageOfPage":{"@id":"https:\/\/www.notibras.com\/site\/sem-teto-pedem-reforma-urbana-e-tomam-predio-antigo-da-prf\/#primaryimage"},"image":{"@id":"https:\/\/www.notibras.com\/site\/sem-teto-pedem-reforma-urbana-e-tomam-predio-antigo-da-prf\/#primaryimage"},"thumbnailUrl":"https:\/\/www.notibras.com\/site\/wp-content\/uploads\/2023\/10\/predio.semteto.webp","datePublished":"2023-10-24T22:21:37+00:00","dateModified":"2023-10-24T23:24:27+00:00","breadcrumb":{"@id":"https:\/\/www.notibras.com\/site\/sem-teto-pedem-reforma-urbana-e-tomam-predio-antigo-da-prf\/#breadcrumb"},"inLanguage":"pt-BR","potentialAction":[{"@type":"ReadAction","target":["https:\/\/www.notibras.com\/site\/sem-teto-pedem-reforma-urbana-e-tomam-predio-antigo-da-prf\/"]}]},{"@type":"ImageObject","inLanguage":"pt-BR","@id":"https:\/\/www.notibras.com\/site\/sem-teto-pedem-reforma-urbana-e-tomam-predio-antigo-da-prf\/#primaryimage","url":"https:\/\/www.notibras.com\/site\/wp-content\/uploads\/2023\/10\/predio.semteto.webp","contentUrl":"https:\/\/www.notibras.com\/site\/wp-content\/uploads\/2023\/10\/predio.semteto.webp","width":754,"height":503},{"@type":"BreadcrumbList","@id":"https:\/\/www.notibras.com\/site\/sem-teto-pedem-reforma-urbana-e-tomam-predio-antigo-da-prf\/#breadcrumb","itemListElement":[{"@type":"ListItem","position":1,"name":"In\u00edcio","item":"https:\/\/www.notibras.com\/site\/"},{"@type":"ListItem","position":2,"name":"Sem-teto pedem reforma urbana e tomam pr\u00e9dio antigo da PRF"}]},{"@type":"WebSite","@id":"https:\/\/www.notibras.com\/site\/#website","url":"https:\/\/www.notibras.com\/site\/","name":"Notibras","description":"Not\u00edcias de Bras\u00edlia, do Brasil e do Mundo","publisher":{"@id":"https:\/\/www.notibras.com\/site\/#organization"},"potentialAction":[{"@type":"SearchAction","target":{"@type":"EntryPoint","urlTemplate":"https:\/\/www.notibras.com\/site\/?s={search_term_string}"},"query-input":{"@type":"PropertyValueSpecification","valueRequired":true,"valueName":"search_term_string"}}],"inLanguage":"pt-BR"},{"@type":"Organization","@id":"https:\/\/www.notibras.com\/site\/#organization","name":"Grupo Notibras de Comunica\u00e7\u00e3o","url":"https:\/\/www.notibras.com\/site\/","logo":{"@type":"ImageObject","inLanguage":"pt-BR","@id":"https:\/\/www.notibras.com\/site\/#\/schema\/logo\/image\/","url":"https:\/\/www.notibras.com\/site\/wp-content\/uploads\/2023\/01\/notibras23.png","contentUrl":"https:\/\/www.notibras.com\/site\/wp-content\/uploads\/2023\/01\/notibras23.png","width":350,"height":87,"caption":"Grupo Notibras de Comunica\u00e7\u00e3o"},"image":{"@id":"https:\/\/www.notibras.com\/site\/#\/schema\/logo\/image\/"},"sameAs":["https:\/\/www.facebook.com\/notibras\/","https:\/\/x.com\/Notibras","https:\/\/www.instagram.com\/notibras\/"]},{"@type":"Person","@id":"https:\/\/www.notibras.com\/site\/#\/schema\/person\/36ab0979449956132d3e5b517ea76ac8","name":"Reda\u00e7\u00e3o","image":{"@type":"ImageObject","inLanguage":"pt-BR","@id":"https:\/\/secure.gravatar.com\/avatar\/e0a867bdedb85fd243eadf09663511f96fc81e0720a4a42581f334ad4303aa6b?s=96&d=mm&r=g","url":"https:\/\/secure.gravatar.com\/avatar\/e0a867bdedb85fd243eadf09663511f96fc81e0720a4a42581f334ad4303aa6b?s=96&d=mm&r=g","contentUrl":"https:\/\/secure.gravatar.com\/avatar\/e0a867bdedb85fd243eadf09663511f96fc81e0720a4a42581f334ad4303aa6b?s=96&d=mm&r=g","caption":"Reda\u00e7\u00e3o"}}]}},"amp_enabled":true,"_links":{"self":[{"href":"https:\/\/www.notibras.com\/site\/wp-json\/wp\/v2\/posts\/315379","targetHints":{"allow":["GET"]}}],"collection":[{"href":"https:\/\/www.notibras.com\/site\/wp-json\/wp\/v2\/posts"}],"about":[{"href":"https:\/\/www.notibras.com\/site\/wp-json\/wp\/v2\/types\/post"}],"author":[{"embeddable":true,"href":"https:\/\/www.notibras.com\/site\/wp-json\/wp\/v2\/users\/2"}],"replies":[{"embeddable":true,"href":"https:\/\/www.notibras.com\/site\/wp-json\/wp\/v2\/comments?post=315379"}],"version-history":[{"count":1,"href":"https:\/\/www.notibras.com\/site\/wp-json\/wp\/v2\/posts\/315379\/revisions"}],"predecessor-version":[{"id":315381,"href":"https:\/\/www.notibras.com\/site\/wp-json\/wp\/v2\/posts\/315379\/revisions\/315381"}],"wp:featuredmedia":[{"embeddable":true,"href":"https:\/\/www.notibras.com\/site\/wp-json\/wp\/v2\/media\/315380"}],"wp:attachment":[{"href":"https:\/\/www.notibras.com\/site\/wp-json\/wp\/v2\/media?parent=315379"}],"wp:term":[{"taxonomy":"category","embeddable":true,"href":"https:\/\/www.notibras.com\/site\/wp-json\/wp\/v2\/categories?post=315379"},{"taxonomy":"post_tag","embeddable":true,"href":"https:\/\/www.notibras.com\/site\/wp-json\/wp\/v2\/tags?post=315379"}],"curies":[{"name":"wp","href":"https:\/\/api.w.org\/{rel}","templated":true}]}}