{"id":315383,"date":"2023-10-25T10:31:35","date_gmt":"2023-10-25T13:31:35","guid":{"rendered":"https:\/\/www.notibras.com\/site\/?p=315383"},"modified":"2023-10-25T10:31:52","modified_gmt":"2023-10-25T13:31:52","slug":"parem-esse-mundo-louco-que-quero-dele-descer","status":"publish","type":"post","link":"https:\/\/www.notibras.com\/site\/parem-esse-mundo-louco-que-quero-dele-descer\/","title":{"rendered":"Parem esse mundo louco que quero dele descer"},"content":{"rendered":"<p>Mundo louco, este. Quero dele descer. Vou pedir ao piloto que pare e abra a porta de emerg\u00eancia. Fora do tumulto, passarei um WhatsApp para o Leonardo da Vinci. Por certo aquele g\u00eanio renascentista tem guardada a sete chaves uma das suas muitas inven\u00e7\u00f5es. Minha certeza \u00e9 a de que seja um celular, mantido em segredo at\u00e9 hoje.<\/p>\n<p>Direi na mensagem que desejaria ter as asas imaginadas por ele. S\u00f3 assim, justificarei, poderei deixar esse mundo cheio de guerras, viol\u00eancia e a desigualdade social que provoca fome, cria os sem-terra e os sem-teto.<\/p>\n<p>L\u00e1 de cima, Leonardo (diria em minha mensagem) eu poderei ver tudo o que acontece aqui em baixo. Ainda assim, n\u00e3o me darei por satisfeito. E quero mais, caro Da Vinci. Um foguete para embarcar meus amigos com destino a para Marte ou J\u00fapiter. Essa, creio, \u00e9 uma boa ideia, om direito a um brinde de 51.<\/p>\n<p>Ao voltar para a Terra, direi \u00e0quele g\u00eanio indescrit\u00edvel que viveu na virada dos anos 1.400 para 1.500, espero que o quadro seja de cores vivas, mas n\u00e3o enigm\u00e1tico como o olhar da Mona Lisa.<\/p>\n<p>Penso c\u00e1 comigo, L\u00e9o. Ser\u00e1 que tudo estaria do mesmo jeito que deixei ao sair? Possivelmente n\u00e3o. Embora intrigante, essa pergunta pode ter sua l\u00f3gica, apesar de n\u00e3o sabermos o que acontecer\u00e1 amanh\u00e3.<\/p>\n<p>No &#8216;leia mais&#8217; que aparece em mensagens do Zap um pouco longas, direi que estamos vivendo o agora, e temos que aproveitar cada segundo que se passa, pois o tempo n\u00e3o volta atr\u00e1s.<\/p>\n<p>Por isso, devemos curtir nossas vidas com intensidade, enquanto podemos e estamos jovens. Porque, quando chegar a velhice, por certo teremos v\u00e1rias hist\u00f3rias para contar sobre nossos feitos, sobre nossa juventude.<\/p>\n<p>Vou mais al\u00e9m. No Zap, pedirei que Leonardo grave essas palavras e as transmita a italianos e franceses (povos origin\u00e1rios que viram seu nascimento e sua morte): \u201cTudo tem sua hora e local para acontecer\u201d.<\/p>\n<p>A verdade \u00e9 que a cada dia que se passa, estamos aprendendo mais com nossos erros do que com os acertos cotidianos. Genial. Essa a express\u00e3o para definimos o que \u00e9 viver a vida. Afinal, somos seres humanos e devemos nos portar como tal.<\/p>\n<p>Vamos viver e aprender de tudo, Da Vinci, compartilhando- nossas experi\u00eancias bem sucedidas com todos os que est\u00e3o \u00e0 nossa volta.<\/p>\n<p>E ent\u00e3o, Leonardo, leu a mensagem? Bons tempos os seus, particularmente os que passou em Floren\u00e7a. D\u00ea um abra\u00e7o no cl\u00e3 dos M\u00e9dicis. E n\u00e3o se esque\u00e7a de mandar o projeto do foguete. Mas aviso logo. Com ou sem seu imagin\u00e1rio equipamento voador, estou decidido realmente a mandar que parem o mundo, porque quero descer.<\/p>\n<p>Ah, L\u00e9o! Pode espalhar por a\u00ed que sou o Andr\u00e9, uma \u2018verdadeira montanha\u2019 de for\u00e7a de vontade. <strong>Notibras<\/strong> abriu este espa\u00e7o para pessoas como n\u00f3s, cadeirantes. O espa\u00e7o \u00e9 nosso. Quem desejar interagir, \u00e9 s\u00f3 encaminhar sugest\u00f5es, mandar textos. Meu contato (WhatsApp) \u00e9 +55 61 98425-4895.<\/p>\n","protected":false},"excerpt":{"rendered":"<p>Mundo louco, este. Quero dele descer. Vou pedir ao piloto que pare e abra a porta de emerg\u00eancia. Fora do tumulto, passarei um WhatsApp para o Leonardo da Vinci. Por certo aquele g\u00eanio renascentista tem guardada a sete chaves uma das suas muitas inven\u00e7\u00f5es. Minha certeza \u00e9 a de que seja um celular, mantido em [&hellip;]<\/p>\n","protected":false},"author":2,"featured_media":313437,"comment_status":"closed","ping_status":"closed","sticky":false,"template":"","format":"standard","meta":{"_acf_changed":false,"footnotes":""},"categories":[161],"tags":[],"class_list":["post-315383","post","type-post","status-publish","format-standard","has-post-thumbnail","hentry","category-quadradinho-em-foco"],"acf":[],"yoast_head":"<!-- This site is optimized with the Yoast SEO plugin v27.2 - https:\/\/yoast.com\/product\/yoast-seo-wordpress\/ -->\n<title>Parem esse mundo louco que quero dele descer - Notibras<\/title>\n<meta name=\"robots\" content=\"index, follow, max-snippet:-1, max-image-preview:large, max-video-preview:-1\" \/>\n<link rel=\"canonical\" href=\"https:\/\/www.notibras.com\/site\/parem-esse-mundo-louco-que-quero-dele-descer\/\" \/>\n<meta property=\"og:locale\" content=\"pt_BR\" \/>\n<meta property=\"og:type\" content=\"article\" \/>\n<meta property=\"og:title\" content=\"Parem esse mundo louco que quero dele descer - Notibras\" \/>\n<meta property=\"og:description\" content=\"Mundo louco, este. Quero dele descer. Vou pedir ao piloto que pare e abra a porta de emerg\u00eancia. Fora do tumulto, passarei um WhatsApp para o Leonardo da Vinci. Por certo aquele g\u00eanio renascentista tem guardada a sete chaves uma das suas muitas inven\u00e7\u00f5es. Minha certeza \u00e9 a de que seja um celular, mantido em [&hellip;]\" \/>\n<meta property=\"og:url\" content=\"https:\/\/www.notibras.com\/site\/parem-esse-mundo-louco-que-quero-dele-descer\/\" \/>\n<meta property=\"og:site_name\" content=\"Notibras\" \/>\n<meta property=\"article:publisher\" content=\"https:\/\/www.facebook.com\/notibras\/\" \/>\n<meta property=\"article:published_time\" content=\"2023-10-25T13:31:35+00:00\" \/>\n<meta property=\"article:modified_time\" content=\"2023-10-25T13:31:52+00:00\" \/>\n<meta property=\"og:image\" content=\"https:\/\/www.notibras.com\/site\/wp-content\/uploads\/2023\/09\/evitarguerra.webp\" \/>\n\t<meta property=\"og:image:width\" content=\"1920\" \/>\n\t<meta property=\"og:image:height\" content=\"1079\" \/>\n\t<meta property=\"og:image:type\" content=\"image\/webp\" \/>\n<meta name=\"author\" content=\"Reda\u00e7\u00e3o\" \/>\n<meta name=\"twitter:card\" content=\"summary_large_image\" \/>\n<meta name=\"twitter:creator\" content=\"@Notibras\" \/>\n<meta name=\"twitter:site\" content=\"@Notibras\" \/>\n<meta name=\"twitter:label1\" content=\"Escrito por\" \/>\n\t<meta name=\"twitter:data1\" content=\"Reda\u00e7\u00e3o\" \/>\n\t<meta name=\"twitter:label2\" content=\"Est. tempo de leitura\" \/>\n\t<meta name=\"twitter:data2\" content=\"3 minutos\" \/>\n<script type=\"application\/ld+json\" class=\"yoast-schema-graph\">{\"@context\":\"https:\/\/schema.org\",\"@graph\":[{\"@type\":\"Article\",\"@id\":\"https:\/\/www.notibras.com\/site\/parem-esse-mundo-louco-que-quero-dele-descer\/#article\",\"isPartOf\":{\"@id\":\"https:\/\/www.notibras.com\/site\/parem-esse-mundo-louco-que-quero-dele-descer\/\"},\"author\":{\"name\":\"Reda\u00e7\u00e3o\",\"@id\":\"https:\/\/www.notibras.com\/site\/#\/schema\/person\/36ab0979449956132d3e5b517ea76ac8\"},\"headline\":\"Parem esse mundo louco que quero dele descer\",\"datePublished\":\"2023-10-25T13:31:35+00:00\",\"dateModified\":\"2023-10-25T13:31:52+00:00\",\"mainEntityOfPage\":{\"@id\":\"https:\/\/www.notibras.com\/site\/parem-esse-mundo-louco-que-quero-dele-descer\/\"},\"wordCount\":514,\"publisher\":{\"@id\":\"https:\/\/www.notibras.com\/site\/#organization\"},\"image\":{\"@id\":\"https:\/\/www.notibras.com\/site\/parem-esse-mundo-louco-que-quero-dele-descer\/#primaryimage\"},\"thumbnailUrl\":\"https:\/\/www.notibras.com\/site\/wp-content\/uploads\/2023\/09\/evitarguerra.webp\",\"articleSection\":[\"Quadradinho em Foco\"],\"inLanguage\":\"pt-BR\"},{\"@type\":\"WebPage\",\"@id\":\"https:\/\/www.notibras.com\/site\/parem-esse-mundo-louco-que-quero-dele-descer\/\",\"url\":\"https:\/\/www.notibras.com\/site\/parem-esse-mundo-louco-que-quero-dele-descer\/\",\"name\":\"Parem esse mundo louco que quero dele descer - Notibras\",\"isPartOf\":{\"@id\":\"https:\/\/www.notibras.com\/site\/#website\"},\"primaryImageOfPage\":{\"@id\":\"https:\/\/www.notibras.com\/site\/parem-esse-mundo-louco-que-quero-dele-descer\/#primaryimage\"},\"image\":{\"@id\":\"https:\/\/www.notibras.com\/site\/parem-esse-mundo-louco-que-quero-dele-descer\/#primaryimage\"},\"thumbnailUrl\":\"https:\/\/www.notibras.com\/site\/wp-content\/uploads\/2023\/09\/evitarguerra.webp\",\"datePublished\":\"2023-10-25T13:31:35+00:00\",\"dateModified\":\"2023-10-25T13:31:52+00:00\",\"breadcrumb\":{\"@id\":\"https:\/\/www.notibras.com\/site\/parem-esse-mundo-louco-que-quero-dele-descer\/#breadcrumb\"},\"inLanguage\":\"pt-BR\",\"potentialAction\":[{\"@type\":\"ReadAction\",\"target\":[\"https:\/\/www.notibras.com\/site\/parem-esse-mundo-louco-que-quero-dele-descer\/\"]}]},{\"@type\":\"ImageObject\",\"inLanguage\":\"pt-BR\",\"@id\":\"https:\/\/www.notibras.com\/site\/parem-esse-mundo-louco-que-quero-dele-descer\/#primaryimage\",\"url\":\"https:\/\/www.notibras.com\/site\/wp-content\/uploads\/2023\/09\/evitarguerra.webp\",\"contentUrl\":\"https:\/\/www.notibras.com\/site\/wp-content\/uploads\/2023\/09\/evitarguerra.webp\",\"width\":1920,\"height\":1079},{\"@type\":\"BreadcrumbList\",\"@id\":\"https:\/\/www.notibras.com\/site\/parem-esse-mundo-louco-que-quero-dele-descer\/#breadcrumb\",\"itemListElement\":[{\"@type\":\"ListItem\",\"position\":1,\"name\":\"In\u00edcio\",\"item\":\"https:\/\/www.notibras.com\/site\/\"},{\"@type\":\"ListItem\",\"position\":2,\"name\":\"Parem esse mundo louco que quero dele descer\"}]},{\"@type\":\"WebSite\",\"@id\":\"https:\/\/www.notibras.com\/site\/#website\",\"url\":\"https:\/\/www.notibras.com\/site\/\",\"name\":\"Notibras\",\"description\":\"Not\u00edcias de Bras\u00edlia, do Brasil e do Mundo\",\"publisher\":{\"@id\":\"https:\/\/www.notibras.com\/site\/#organization\"},\"potentialAction\":[{\"@type\":\"SearchAction\",\"target\":{\"@type\":\"EntryPoint\",\"urlTemplate\":\"https:\/\/www.notibras.com\/site\/?s={search_term_string}\"},\"query-input\":{\"@type\":\"PropertyValueSpecification\",\"valueRequired\":true,\"valueName\":\"search_term_string\"}}],\"inLanguage\":\"pt-BR\"},{\"@type\":\"Organization\",\"@id\":\"https:\/\/www.notibras.com\/site\/#organization\",\"name\":\"Grupo Notibras de Comunica\u00e7\u00e3o\",\"url\":\"https:\/\/www.notibras.com\/site\/\",\"logo\":{\"@type\":\"ImageObject\",\"inLanguage\":\"pt-BR\",\"@id\":\"https:\/\/www.notibras.com\/site\/#\/schema\/logo\/image\/\",\"url\":\"https:\/\/www.notibras.com\/site\/wp-content\/uploads\/2023\/01\/notibras23.png\",\"contentUrl\":\"https:\/\/www.notibras.com\/site\/wp-content\/uploads\/2023\/01\/notibras23.png\",\"width\":350,\"height\":87,\"caption\":\"Grupo Notibras de Comunica\u00e7\u00e3o\"},\"image\":{\"@id\":\"https:\/\/www.notibras.com\/site\/#\/schema\/logo\/image\/\"},\"sameAs\":[\"https:\/\/www.facebook.com\/notibras\/\",\"https:\/\/x.com\/Notibras\",\"https:\/\/www.instagram.com\/notibras\/\"]},{\"@type\":\"Person\",\"@id\":\"https:\/\/www.notibras.com\/site\/#\/schema\/person\/36ab0979449956132d3e5b517ea76ac8\",\"name\":\"Reda\u00e7\u00e3o\",\"image\":{\"@type\":\"ImageObject\",\"inLanguage\":\"pt-BR\",\"@id\":\"https:\/\/secure.gravatar.com\/avatar\/e0a867bdedb85fd243eadf09663511f96fc81e0720a4a42581f334ad4303aa6b?s=96&d=mm&r=g\",\"url\":\"https:\/\/secure.gravatar.com\/avatar\/e0a867bdedb85fd243eadf09663511f96fc81e0720a4a42581f334ad4303aa6b?s=96&d=mm&r=g\",\"contentUrl\":\"https:\/\/secure.gravatar.com\/avatar\/e0a867bdedb85fd243eadf09663511f96fc81e0720a4a42581f334ad4303aa6b?s=96&d=mm&r=g\",\"caption\":\"Reda\u00e7\u00e3o\"}}]}<\/script>\n<!-- \/ Yoast SEO plugin. -->","yoast_head_json":{"title":"Parem esse mundo louco que quero dele descer - Notibras","robots":{"index":"index","follow":"follow","max-snippet":"max-snippet:-1","max-image-preview":"max-image-preview:large","max-video-preview":"max-video-preview:-1"},"canonical":"https:\/\/www.notibras.com\/site\/parem-esse-mundo-louco-que-quero-dele-descer\/","og_locale":"pt_BR","og_type":"article","og_title":"Parem esse mundo louco que quero dele descer - Notibras","og_description":"Mundo louco, este. Quero dele descer. Vou pedir ao piloto que pare e abra a porta de emerg\u00eancia. Fora do tumulto, passarei um WhatsApp para o Leonardo da Vinci. Por certo aquele g\u00eanio renascentista tem guardada a sete chaves uma das suas muitas inven\u00e7\u00f5es. Minha certeza \u00e9 a de que seja um celular, mantido em [&hellip;]","og_url":"https:\/\/www.notibras.com\/site\/parem-esse-mundo-louco-que-quero-dele-descer\/","og_site_name":"Notibras","article_publisher":"https:\/\/www.facebook.com\/notibras\/","article_published_time":"2023-10-25T13:31:35+00:00","article_modified_time":"2023-10-25T13:31:52+00:00","og_image":[{"width":1920,"height":1079,"url":"https:\/\/www.notibras.com\/site\/wp-content\/uploads\/2023\/09\/evitarguerra.webp","type":"image\/webp"}],"author":"Reda\u00e7\u00e3o","twitter_card":"summary_large_image","twitter_creator":"@Notibras","twitter_site":"@Notibras","twitter_misc":{"Escrito por":"Reda\u00e7\u00e3o","Est. tempo de leitura":"3 minutos"},"schema":{"@context":"https:\/\/schema.org","@graph":[{"@type":"Article","@id":"https:\/\/www.notibras.com\/site\/parem-esse-mundo-louco-que-quero-dele-descer\/#article","isPartOf":{"@id":"https:\/\/www.notibras.com\/site\/parem-esse-mundo-louco-que-quero-dele-descer\/"},"author":{"name":"Reda\u00e7\u00e3o","@id":"https:\/\/www.notibras.com\/site\/#\/schema\/person\/36ab0979449956132d3e5b517ea76ac8"},"headline":"Parem esse mundo louco que quero dele descer","datePublished":"2023-10-25T13:31:35+00:00","dateModified":"2023-10-25T13:31:52+00:00","mainEntityOfPage":{"@id":"https:\/\/www.notibras.com\/site\/parem-esse-mundo-louco-que-quero-dele-descer\/"},"wordCount":514,"publisher":{"@id":"https:\/\/www.notibras.com\/site\/#organization"},"image":{"@id":"https:\/\/www.notibras.com\/site\/parem-esse-mundo-louco-que-quero-dele-descer\/#primaryimage"},"thumbnailUrl":"https:\/\/www.notibras.com\/site\/wp-content\/uploads\/2023\/09\/evitarguerra.webp","articleSection":["Quadradinho em Foco"],"inLanguage":"pt-BR"},{"@type":"WebPage","@id":"https:\/\/www.notibras.com\/site\/parem-esse-mundo-louco-que-quero-dele-descer\/","url":"https:\/\/www.notibras.com\/site\/parem-esse-mundo-louco-que-quero-dele-descer\/","name":"Parem esse mundo louco que quero dele descer - Notibras","isPartOf":{"@id":"https:\/\/www.notibras.com\/site\/#website"},"primaryImageOfPage":{"@id":"https:\/\/www.notibras.com\/site\/parem-esse-mundo-louco-que-quero-dele-descer\/#primaryimage"},"image":{"@id":"https:\/\/www.notibras.com\/site\/parem-esse-mundo-louco-que-quero-dele-descer\/#primaryimage"},"thumbnailUrl":"https:\/\/www.notibras.com\/site\/wp-content\/uploads\/2023\/09\/evitarguerra.webp","datePublished":"2023-10-25T13:31:35+00:00","dateModified":"2023-10-25T13:31:52+00:00","breadcrumb":{"@id":"https:\/\/www.notibras.com\/site\/parem-esse-mundo-louco-que-quero-dele-descer\/#breadcrumb"},"inLanguage":"pt-BR","potentialAction":[{"@type":"ReadAction","target":["https:\/\/www.notibras.com\/site\/parem-esse-mundo-louco-que-quero-dele-descer\/"]}]},{"@type":"ImageObject","inLanguage":"pt-BR","@id":"https:\/\/www.notibras.com\/site\/parem-esse-mundo-louco-que-quero-dele-descer\/#primaryimage","url":"https:\/\/www.notibras.com\/site\/wp-content\/uploads\/2023\/09\/evitarguerra.webp","contentUrl":"https:\/\/www.notibras.com\/site\/wp-content\/uploads\/2023\/09\/evitarguerra.webp","width":1920,"height":1079},{"@type":"BreadcrumbList","@id":"https:\/\/www.notibras.com\/site\/parem-esse-mundo-louco-que-quero-dele-descer\/#breadcrumb","itemListElement":[{"@type":"ListItem","position":1,"name":"In\u00edcio","item":"https:\/\/www.notibras.com\/site\/"},{"@type":"ListItem","position":2,"name":"Parem esse mundo louco que quero dele descer"}]},{"@type":"WebSite","@id":"https:\/\/www.notibras.com\/site\/#website","url":"https:\/\/www.notibras.com\/site\/","name":"Notibras","description":"Not\u00edcias de Bras\u00edlia, do Brasil e do Mundo","publisher":{"@id":"https:\/\/www.notibras.com\/site\/#organization"},"potentialAction":[{"@type":"SearchAction","target":{"@type":"EntryPoint","urlTemplate":"https:\/\/www.notibras.com\/site\/?s={search_term_string}"},"query-input":{"@type":"PropertyValueSpecification","valueRequired":true,"valueName":"search_term_string"}}],"inLanguage":"pt-BR"},{"@type":"Organization","@id":"https:\/\/www.notibras.com\/site\/#organization","name":"Grupo Notibras de Comunica\u00e7\u00e3o","url":"https:\/\/www.notibras.com\/site\/","logo":{"@type":"ImageObject","inLanguage":"pt-BR","@id":"https:\/\/www.notibras.com\/site\/#\/schema\/logo\/image\/","url":"https:\/\/www.notibras.com\/site\/wp-content\/uploads\/2023\/01\/notibras23.png","contentUrl":"https:\/\/www.notibras.com\/site\/wp-content\/uploads\/2023\/01\/notibras23.png","width":350,"height":87,"caption":"Grupo Notibras de Comunica\u00e7\u00e3o"},"image":{"@id":"https:\/\/www.notibras.com\/site\/#\/schema\/logo\/image\/"},"sameAs":["https:\/\/www.facebook.com\/notibras\/","https:\/\/x.com\/Notibras","https:\/\/www.instagram.com\/notibras\/"]},{"@type":"Person","@id":"https:\/\/www.notibras.com\/site\/#\/schema\/person\/36ab0979449956132d3e5b517ea76ac8","name":"Reda\u00e7\u00e3o","image":{"@type":"ImageObject","inLanguage":"pt-BR","@id":"https:\/\/secure.gravatar.com\/avatar\/e0a867bdedb85fd243eadf09663511f96fc81e0720a4a42581f334ad4303aa6b?s=96&d=mm&r=g","url":"https:\/\/secure.gravatar.com\/avatar\/e0a867bdedb85fd243eadf09663511f96fc81e0720a4a42581f334ad4303aa6b?s=96&d=mm&r=g","contentUrl":"https:\/\/secure.gravatar.com\/avatar\/e0a867bdedb85fd243eadf09663511f96fc81e0720a4a42581f334ad4303aa6b?s=96&d=mm&r=g","caption":"Reda\u00e7\u00e3o"}}]}},"amp_enabled":true,"_links":{"self":[{"href":"https:\/\/www.notibras.com\/site\/wp-json\/wp\/v2\/posts\/315383","targetHints":{"allow":["GET"]}}],"collection":[{"href":"https:\/\/www.notibras.com\/site\/wp-json\/wp\/v2\/posts"}],"about":[{"href":"https:\/\/www.notibras.com\/site\/wp-json\/wp\/v2\/types\/post"}],"author":[{"embeddable":true,"href":"https:\/\/www.notibras.com\/site\/wp-json\/wp\/v2\/users\/2"}],"replies":[{"embeddable":true,"href":"https:\/\/www.notibras.com\/site\/wp-json\/wp\/v2\/comments?post=315383"}],"version-history":[{"count":2,"href":"https:\/\/www.notibras.com\/site\/wp-json\/wp\/v2\/posts\/315383\/revisions"}],"predecessor-version":[{"id":315397,"href":"https:\/\/www.notibras.com\/site\/wp-json\/wp\/v2\/posts\/315383\/revisions\/315397"}],"wp:featuredmedia":[{"embeddable":true,"href":"https:\/\/www.notibras.com\/site\/wp-json\/wp\/v2\/media\/313437"}],"wp:attachment":[{"href":"https:\/\/www.notibras.com\/site\/wp-json\/wp\/v2\/media?parent=315383"}],"wp:term":[{"taxonomy":"category","embeddable":true,"href":"https:\/\/www.notibras.com\/site\/wp-json\/wp\/v2\/categories?post=315383"},{"taxonomy":"post_tag","embeddable":true,"href":"https:\/\/www.notibras.com\/site\/wp-json\/wp\/v2\/tags?post=315383"}],"curies":[{"name":"wp","href":"https:\/\/api.w.org\/{rel}","templated":true}]}}