{"id":31543,"date":"2014-12-18T10:28:12","date_gmt":"2014-12-18T13:28:12","guid":{"rendered":"http:\/\/www.notibras.com\/site\/?p=31543"},"modified":"2014-12-18T13:59:22","modified_gmt":"2014-12-18T16:59:22","slug":"mais-de-7-milhoes-de-pessoas-ainda-passam-fome-no-brasil-segundo-ibge","status":"publish","type":"post","link":"https:\/\/www.notibras.com\/site\/mais-de-7-milhoes-de-pessoas-ainda-passam-fome-no-brasil-segundo-ibge\/","title":{"rendered":"Mais de 7 milh\u00f5es ainda passam fome no Brasil"},"content":{"rendered":"<p>O n\u00famero de domic\u00edlios em situa\u00e7\u00e3o de inseguran\u00e7a alimentar no Brasil continua caindo, mas ainda existem cerca de 52 milh\u00f5es de brasileiros sem acesso di\u00e1rio \u00e0 comida de qualidade e na quantidade satisfat\u00f3ria. Segundo o suplemento de Seguran\u00e7a Alimentar da Pesquisa Nacional por Amostra de Domic\u00edlios (Pnad) 2013, divulgado hoje (18) pelo Instituto Brasileiro de Geografia e Estat\u00edstica (IBGE), dos 65,3 milh\u00f5es de domic\u00edlios registrados, 22,6% estavam em situa\u00e7\u00e3o de inseguran\u00e7a alimentar. Esse percentual era 29,5% em 2009 e 34,8% em 2004, anos anteriores da pesquisa.<\/p>\n<blockquote><p>Dos 14,7 milh\u00f5es de domic\u00edlios com algum tipo de inseguran\u00e7a (22,6%), em 9,6 milh\u00f5es (14,8%) moravam 34,5 milh\u00f5es de pessoas (17,1%) da popula\u00e7\u00e3o residente em domic\u00edlios particulares em situa\u00e7\u00e3o de seguran\u00e7a alimentar leve. Nesses lares havia a preocupa\u00e7\u00e3o quanto ao acesso aos alimentos no futuro. Os domic\u00edlios com moradores vivendo em situa\u00e7\u00e3o de inseguran\u00e7a alimentar moderada representavam 4,6% do total. Ao todo 10,3 milh\u00f5es de pessoas nessa situa\u00e7\u00e3o ou 5,1% conviviam com limita\u00e7\u00e3o de acesso quantitativo aos alimentos. A preval\u00eancia de domic\u00edlios com pessoas em situa\u00e7\u00e3o de inseguran\u00e7a alimentar grave era 3,2%. Em n\u00fameros absolutos, 7,2 milh\u00f5es de pessoas ou 3,6% dos moradores de domic\u00edlios particulares reportaram alguma experi\u00eancia de fome no per\u00edodo investigado. Em 2009, esse percentual era 5% e em 2004, 6,9%.<\/p><\/blockquote>\n<p>O estudo mostra tamb\u00e9m que a preval\u00eancia dos tr\u00eas n\u00edveis de inseguran\u00e7a alimentar ca\u00edram entre 2009 e 2013. O n\u00famero de fam\u00edlias em situa\u00e7\u00e3o de seguran\u00e7a alimentar aumentou cerca de oito pontos percentuais em quatro anos ao alcan\u00e7ar 77,4% dos domic\u00edlios em 2013. Aproximadamente 150 milh\u00f5es de pessoas tinham acesso regular e permanente a alimentos de qualidade em quantidade suficiente, segundo o estudo.<\/p>\n<p>De acordo com a pesquisa, a \u00e1rea rural concentrava o maior n\u00famero de domic\u00edlios com indiv\u00edduos em situa\u00e7\u00e3o de inseguran\u00e7a alimentar: 35,3% (13,9% moderada ou grave). Na \u00e1rea urbana, esse percentual era 20,5% (6,8% moderada ou grave). Em 2009, o \u00edndice foi 43,7% e 29,3%, respectivamente. Nos domic\u00edlios particulares urbanos em situa\u00e7\u00e3o de inseguran\u00e7a alimentar moderada ou grave viviam 7,4% da popula\u00e7\u00e3o urbana, enquanto nos domic\u00edlios rurais moravam 15,8% da popula\u00e7\u00e3o.<\/p>\n<p>Em rela\u00e7\u00e3o \u00e0s regi\u00f5es do territ\u00f3rio nacional, o Norte e o Nordeste tinham o maior n\u00famero de domic\u00edlios com pessoas em situa\u00e7\u00e3o de inseguran\u00e7a alimentar (36,1% e 38,1%, respectivamente) no ano passado. Nas demais regi\u00f5es esse percentual n\u00e3o chegou a 20%. O Sudeste apresentou o menor \u00edndice, 14,5%. Norte e Nordeste tamb\u00e9m concentravam os maiores percentuais de domic\u00edlios com pessoas em situa\u00e7\u00e3o de inseguran\u00e7a alimentar grave (6,7% e 5,6%). No Sul e Sudeste, a preval\u00eancia ficou em 1,9% e 2,3%. Por outro lado, entre 2004 e 2013, o incremento mais expressivo do percentual de domic\u00edlios com pessoas comendo bem foi identificado no Nordeste (15,5 pontos percentual), com aumento de 46,4% para 61,9%.<\/p>\n<p>O Esp\u00edrito Santo foi o estado com o maior \u00edndice de seguran\u00e7a alimentar (89,65%), seguido de Santa Catarina (88,9%) e S\u00e3o Paulo (88,4%). As unidades da Federa\u00e7\u00e3o com as menores preval\u00eancias foram: Maranh\u00e3o (39,1%) e Piau\u00ed (39,1%), onde menos da metade dos domic\u00edlios particulares tinha alimenta\u00e7\u00e3o assegurada, apesar do aumento de 3,6 e 3,3 pontos percentuais. No Nordeste, todos os estados apresentaram taxas inferiores \u00e0 m\u00e9dia nacional (77,4%). Na Regi\u00e3o Norte, apenas Rond\u00f4nia registrou preval\u00eancia de seguran\u00e7a alimentar acima da m\u00e9dia nacional, 78,4%.<\/p>\n<p><strong>Fl\u00e1via Villela, ABr<\/strong><\/p>\n","protected":false},"excerpt":{"rendered":"<p>O n\u00famero de domic\u00edlios em situa\u00e7\u00e3o de inseguran\u00e7a alimentar no Brasil continua caindo, mas ainda existem cerca de 52 milh\u00f5es de brasileiros sem acesso di\u00e1rio \u00e0 comida de qualidade e na quantidade satisfat\u00f3ria. Segundo o suplemento de Seguran\u00e7a Alimentar da Pesquisa Nacional por Amostra de Domic\u00edlios (Pnad) 2013, divulgado hoje (18) pelo Instituto Brasileiro de [&hellip;]<\/p>\n","protected":false},"author":1,"featured_media":31544,"comment_status":"open","ping_status":"closed","sticky":false,"template":"","format":"standard","meta":{"_acf_changed":false,"footnotes":""},"categories":[16],"tags":[],"class_list":["post-31543","post","type-post","status-publish","format-standard","has-post-thumbnail","hentry","category-brasil"],"acf":[],"yoast_head":"<!-- This site is optimized with the Yoast SEO plugin v27.2 - https:\/\/yoast.com\/product\/yoast-seo-wordpress\/ -->\n<title>Mais de 7 milh\u00f5es ainda passam fome no Brasil - Notibras<\/title>\n<meta name=\"robots\" content=\"index, follow, max-snippet:-1, max-image-preview:large, max-video-preview:-1\" \/>\n<link rel=\"canonical\" href=\"https:\/\/www.notibras.com\/site\/mais-de-7-milhoes-de-pessoas-ainda-passam-fome-no-brasil-segundo-ibge\/\" \/>\n<meta property=\"og:locale\" content=\"pt_BR\" \/>\n<meta property=\"og:type\" content=\"article\" \/>\n<meta property=\"og:title\" content=\"Mais de 7 milh\u00f5es ainda passam fome no Brasil - Notibras\" \/>\n<meta property=\"og:description\" content=\"O n\u00famero de domic\u00edlios em situa\u00e7\u00e3o de inseguran\u00e7a alimentar no Brasil continua caindo, mas ainda existem cerca de 52 milh\u00f5es de brasileiros sem acesso di\u00e1rio \u00e0 comida de qualidade e na quantidade satisfat\u00f3ria. Segundo o suplemento de Seguran\u00e7a Alimentar da Pesquisa Nacional por Amostra de Domic\u00edlios (Pnad) 2013, divulgado hoje (18) pelo Instituto Brasileiro de [&hellip;]\" \/>\n<meta property=\"og:url\" content=\"https:\/\/www.notibras.com\/site\/mais-de-7-milhoes-de-pessoas-ainda-passam-fome-no-brasil-segundo-ibge\/\" \/>\n<meta property=\"og:site_name\" content=\"Notibras\" \/>\n<meta property=\"article:publisher\" content=\"https:\/\/www.facebook.com\/notibras\/\" \/>\n<meta property=\"article:published_time\" content=\"2014-12-18T13:28:12+00:00\" \/>\n<meta property=\"article:modified_time\" content=\"2014-12-18T16:59:22+00:00\" \/>\n<meta property=\"og:image\" content=\"https:\/\/www.notibras.com\/site\/wp-content\/uploads\/2014\/12\/Sem-t\u00edtulo-18.jpg\" \/>\n\t<meta property=\"og:image:width\" content=\"580\" \/>\n\t<meta property=\"og:image:height\" content=\"388\" \/>\n\t<meta property=\"og:image:type\" content=\"image\/jpeg\" \/>\n<meta name=\"author\" content=\"Reda\u00e7\u00e3o\" \/>\n<meta name=\"twitter:card\" content=\"summary_large_image\" \/>\n<meta name=\"twitter:creator\" content=\"@Notibras\" \/>\n<meta name=\"twitter:site\" content=\"@Notibras\" \/>\n<meta name=\"twitter:label1\" content=\"Escrito por\" \/>\n\t<meta name=\"twitter:data1\" content=\"Reda\u00e7\u00e3o\" \/>\n\t<meta name=\"twitter:label2\" content=\"Est. tempo de leitura\" \/>\n\t<meta name=\"twitter:data2\" content=\"3 minutos\" \/>\n<script type=\"application\/ld+json\" class=\"yoast-schema-graph\">{\"@context\":\"https:\/\/schema.org\",\"@graph\":[{\"@type\":\"Article\",\"@id\":\"https:\/\/www.notibras.com\/site\/mais-de-7-milhoes-de-pessoas-ainda-passam-fome-no-brasil-segundo-ibge\/#article\",\"isPartOf\":{\"@id\":\"https:\/\/www.notibras.com\/site\/mais-de-7-milhoes-de-pessoas-ainda-passam-fome-no-brasil-segundo-ibge\/\"},\"author\":{\"name\":\"Reda\u00e7\u00e3o\",\"@id\":\"https:\/\/www.notibras.com\/site\/#\/schema\/person\/00b8e1aa08f9ef6563e878c5159d01cf\"},\"headline\":\"Mais de 7 milh\u00f5es ainda passam fome no Brasil\",\"datePublished\":\"2014-12-18T13:28:12+00:00\",\"dateModified\":\"2014-12-18T16:59:22+00:00\",\"mainEntityOfPage\":{\"@id\":\"https:\/\/www.notibras.com\/site\/mais-de-7-milhoes-de-pessoas-ainda-passam-fome-no-brasil-segundo-ibge\/\"},\"wordCount\":581,\"commentCount\":0,\"publisher\":{\"@id\":\"https:\/\/www.notibras.com\/site\/#organization\"},\"image\":{\"@id\":\"https:\/\/www.notibras.com\/site\/mais-de-7-milhoes-de-pessoas-ainda-passam-fome-no-brasil-segundo-ibge\/#primaryimage\"},\"thumbnailUrl\":\"https:\/\/www.notibras.com\/site\/wp-content\/uploads\/2014\/12\/Sem-t\u00edtulo-18.jpg\",\"articleSection\":[\"Brasil\"],\"inLanguage\":\"pt-BR\",\"potentialAction\":[{\"@type\":\"CommentAction\",\"name\":\"Comment\",\"target\":[\"https:\/\/www.notibras.com\/site\/mais-de-7-milhoes-de-pessoas-ainda-passam-fome-no-brasil-segundo-ibge\/#respond\"]}]},{\"@type\":\"WebPage\",\"@id\":\"https:\/\/www.notibras.com\/site\/mais-de-7-milhoes-de-pessoas-ainda-passam-fome-no-brasil-segundo-ibge\/\",\"url\":\"https:\/\/www.notibras.com\/site\/mais-de-7-milhoes-de-pessoas-ainda-passam-fome-no-brasil-segundo-ibge\/\",\"name\":\"Mais de 7 milh\u00f5es ainda passam fome no Brasil - Notibras\",\"isPartOf\":{\"@id\":\"https:\/\/www.notibras.com\/site\/#website\"},\"primaryImageOfPage\":{\"@id\":\"https:\/\/www.notibras.com\/site\/mais-de-7-milhoes-de-pessoas-ainda-passam-fome-no-brasil-segundo-ibge\/#primaryimage\"},\"image\":{\"@id\":\"https:\/\/www.notibras.com\/site\/mais-de-7-milhoes-de-pessoas-ainda-passam-fome-no-brasil-segundo-ibge\/#primaryimage\"},\"thumbnailUrl\":\"https:\/\/www.notibras.com\/site\/wp-content\/uploads\/2014\/12\/Sem-t\u00edtulo-18.jpg\",\"datePublished\":\"2014-12-18T13:28:12+00:00\",\"dateModified\":\"2014-12-18T16:59:22+00:00\",\"breadcrumb\":{\"@id\":\"https:\/\/www.notibras.com\/site\/mais-de-7-milhoes-de-pessoas-ainda-passam-fome-no-brasil-segundo-ibge\/#breadcrumb\"},\"inLanguage\":\"pt-BR\",\"potentialAction\":[{\"@type\":\"ReadAction\",\"target\":[\"https:\/\/www.notibras.com\/site\/mais-de-7-milhoes-de-pessoas-ainda-passam-fome-no-brasil-segundo-ibge\/\"]}]},{\"@type\":\"ImageObject\",\"inLanguage\":\"pt-BR\",\"@id\":\"https:\/\/www.notibras.com\/site\/mais-de-7-milhoes-de-pessoas-ainda-passam-fome-no-brasil-segundo-ibge\/#primaryimage\",\"url\":\"https:\/\/www.notibras.com\/site\/wp-content\/uploads\/2014\/12\/Sem-t\u00edtulo-18.jpg\",\"contentUrl\":\"https:\/\/www.notibras.com\/site\/wp-content\/uploads\/2014\/12\/Sem-t\u00edtulo-18.jpg\",\"width\":580,\"height\":388},{\"@type\":\"BreadcrumbList\",\"@id\":\"https:\/\/www.notibras.com\/site\/mais-de-7-milhoes-de-pessoas-ainda-passam-fome-no-brasil-segundo-ibge\/#breadcrumb\",\"itemListElement\":[{\"@type\":\"ListItem\",\"position\":1,\"name\":\"In\u00edcio\",\"item\":\"https:\/\/www.notibras.com\/site\/\"},{\"@type\":\"ListItem\",\"position\":2,\"name\":\"Mais de 7 milh\u00f5es ainda passam fome no Brasil\"}]},{\"@type\":\"WebSite\",\"@id\":\"https:\/\/www.notibras.com\/site\/#website\",\"url\":\"https:\/\/www.notibras.com\/site\/\",\"name\":\"Notibras\",\"description\":\"Not\u00edcias de Bras\u00edlia, do Brasil e do Mundo\",\"publisher\":{\"@id\":\"https:\/\/www.notibras.com\/site\/#organization\"},\"potentialAction\":[{\"@type\":\"SearchAction\",\"target\":{\"@type\":\"EntryPoint\",\"urlTemplate\":\"https:\/\/www.notibras.com\/site\/?s={search_term_string}\"},\"query-input\":{\"@type\":\"PropertyValueSpecification\",\"valueRequired\":true,\"valueName\":\"search_term_string\"}}],\"inLanguage\":\"pt-BR\"},{\"@type\":\"Organization\",\"@id\":\"https:\/\/www.notibras.com\/site\/#organization\",\"name\":\"Grupo Notibras de Comunica\u00e7\u00e3o\",\"url\":\"https:\/\/www.notibras.com\/site\/\",\"logo\":{\"@type\":\"ImageObject\",\"inLanguage\":\"pt-BR\",\"@id\":\"https:\/\/www.notibras.com\/site\/#\/schema\/logo\/image\/\",\"url\":\"https:\/\/www.notibras.com\/site\/wp-content\/uploads\/2023\/01\/notibras23.png\",\"contentUrl\":\"https:\/\/www.notibras.com\/site\/wp-content\/uploads\/2023\/01\/notibras23.png\",\"width\":350,\"height\":87,\"caption\":\"Grupo Notibras de Comunica\u00e7\u00e3o\"},\"image\":{\"@id\":\"https:\/\/www.notibras.com\/site\/#\/schema\/logo\/image\/\"},\"sameAs\":[\"https:\/\/www.facebook.com\/notibras\/\",\"https:\/\/x.com\/Notibras\",\"https:\/\/www.instagram.com\/notibras\/\"]},{\"@type\":\"Person\",\"@id\":\"https:\/\/www.notibras.com\/site\/#\/schema\/person\/00b8e1aa08f9ef6563e878c5159d01cf\",\"name\":\"Reda\u00e7\u00e3o\",\"image\":{\"@type\":\"ImageObject\",\"inLanguage\":\"pt-BR\",\"@id\":\"https:\/\/secure.gravatar.com\/avatar\/ac5a707d5b47784a5ed426c6e213e201423c750890f64e4c379114dade67dfb9?s=96&d=mm&r=g\",\"url\":\"https:\/\/secure.gravatar.com\/avatar\/ac5a707d5b47784a5ed426c6e213e201423c750890f64e4c379114dade67dfb9?s=96&d=mm&r=g\",\"contentUrl\":\"https:\/\/secure.gravatar.com\/avatar\/ac5a707d5b47784a5ed426c6e213e201423c750890f64e4c379114dade67dfb9?s=96&d=mm&r=g\",\"caption\":\"Reda\u00e7\u00e3o\"}}]}<\/script>\n<!-- \/ Yoast SEO plugin. -->","yoast_head_json":{"title":"Mais de 7 milh\u00f5es ainda passam fome no Brasil - Notibras","robots":{"index":"index","follow":"follow","max-snippet":"max-snippet:-1","max-image-preview":"max-image-preview:large","max-video-preview":"max-video-preview:-1"},"canonical":"https:\/\/www.notibras.com\/site\/mais-de-7-milhoes-de-pessoas-ainda-passam-fome-no-brasil-segundo-ibge\/","og_locale":"pt_BR","og_type":"article","og_title":"Mais de 7 milh\u00f5es ainda passam fome no Brasil - Notibras","og_description":"O n\u00famero de domic\u00edlios em situa\u00e7\u00e3o de inseguran\u00e7a alimentar no Brasil continua caindo, mas ainda existem cerca de 52 milh\u00f5es de brasileiros sem acesso di\u00e1rio \u00e0 comida de qualidade e na quantidade satisfat\u00f3ria. Segundo o suplemento de Seguran\u00e7a Alimentar da Pesquisa Nacional por Amostra de Domic\u00edlios (Pnad) 2013, divulgado hoje (18) pelo Instituto Brasileiro de [&hellip;]","og_url":"https:\/\/www.notibras.com\/site\/mais-de-7-milhoes-de-pessoas-ainda-passam-fome-no-brasil-segundo-ibge\/","og_site_name":"Notibras","article_publisher":"https:\/\/www.facebook.com\/notibras\/","article_published_time":"2014-12-18T13:28:12+00:00","article_modified_time":"2014-12-18T16:59:22+00:00","og_image":[{"width":580,"height":388,"url":"https:\/\/www.notibras.com\/site\/wp-content\/uploads\/2014\/12\/Sem-t\u00edtulo-18.jpg","type":"image\/jpeg"}],"author":"Reda\u00e7\u00e3o","twitter_card":"summary_large_image","twitter_creator":"@Notibras","twitter_site":"@Notibras","twitter_misc":{"Escrito por":"Reda\u00e7\u00e3o","Est. tempo de leitura":"3 minutos"},"schema":{"@context":"https:\/\/schema.org","@graph":[{"@type":"Article","@id":"https:\/\/www.notibras.com\/site\/mais-de-7-milhoes-de-pessoas-ainda-passam-fome-no-brasil-segundo-ibge\/#article","isPartOf":{"@id":"https:\/\/www.notibras.com\/site\/mais-de-7-milhoes-de-pessoas-ainda-passam-fome-no-brasil-segundo-ibge\/"},"author":{"name":"Reda\u00e7\u00e3o","@id":"https:\/\/www.notibras.com\/site\/#\/schema\/person\/00b8e1aa08f9ef6563e878c5159d01cf"},"headline":"Mais de 7 milh\u00f5es ainda passam fome no Brasil","datePublished":"2014-12-18T13:28:12+00:00","dateModified":"2014-12-18T16:59:22+00:00","mainEntityOfPage":{"@id":"https:\/\/www.notibras.com\/site\/mais-de-7-milhoes-de-pessoas-ainda-passam-fome-no-brasil-segundo-ibge\/"},"wordCount":581,"commentCount":0,"publisher":{"@id":"https:\/\/www.notibras.com\/site\/#organization"},"image":{"@id":"https:\/\/www.notibras.com\/site\/mais-de-7-milhoes-de-pessoas-ainda-passam-fome-no-brasil-segundo-ibge\/#primaryimage"},"thumbnailUrl":"https:\/\/www.notibras.com\/site\/wp-content\/uploads\/2014\/12\/Sem-t\u00edtulo-18.jpg","articleSection":["Brasil"],"inLanguage":"pt-BR","potentialAction":[{"@type":"CommentAction","name":"Comment","target":["https:\/\/www.notibras.com\/site\/mais-de-7-milhoes-de-pessoas-ainda-passam-fome-no-brasil-segundo-ibge\/#respond"]}]},{"@type":"WebPage","@id":"https:\/\/www.notibras.com\/site\/mais-de-7-milhoes-de-pessoas-ainda-passam-fome-no-brasil-segundo-ibge\/","url":"https:\/\/www.notibras.com\/site\/mais-de-7-milhoes-de-pessoas-ainda-passam-fome-no-brasil-segundo-ibge\/","name":"Mais de 7 milh\u00f5es ainda passam fome no Brasil - Notibras","isPartOf":{"@id":"https:\/\/www.notibras.com\/site\/#website"},"primaryImageOfPage":{"@id":"https:\/\/www.notibras.com\/site\/mais-de-7-milhoes-de-pessoas-ainda-passam-fome-no-brasil-segundo-ibge\/#primaryimage"},"image":{"@id":"https:\/\/www.notibras.com\/site\/mais-de-7-milhoes-de-pessoas-ainda-passam-fome-no-brasil-segundo-ibge\/#primaryimage"},"thumbnailUrl":"https:\/\/www.notibras.com\/site\/wp-content\/uploads\/2014\/12\/Sem-t\u00edtulo-18.jpg","datePublished":"2014-12-18T13:28:12+00:00","dateModified":"2014-12-18T16:59:22+00:00","breadcrumb":{"@id":"https:\/\/www.notibras.com\/site\/mais-de-7-milhoes-de-pessoas-ainda-passam-fome-no-brasil-segundo-ibge\/#breadcrumb"},"inLanguage":"pt-BR","potentialAction":[{"@type":"ReadAction","target":["https:\/\/www.notibras.com\/site\/mais-de-7-milhoes-de-pessoas-ainda-passam-fome-no-brasil-segundo-ibge\/"]}]},{"@type":"ImageObject","inLanguage":"pt-BR","@id":"https:\/\/www.notibras.com\/site\/mais-de-7-milhoes-de-pessoas-ainda-passam-fome-no-brasil-segundo-ibge\/#primaryimage","url":"https:\/\/www.notibras.com\/site\/wp-content\/uploads\/2014\/12\/Sem-t\u00edtulo-18.jpg","contentUrl":"https:\/\/www.notibras.com\/site\/wp-content\/uploads\/2014\/12\/Sem-t\u00edtulo-18.jpg","width":580,"height":388},{"@type":"BreadcrumbList","@id":"https:\/\/www.notibras.com\/site\/mais-de-7-milhoes-de-pessoas-ainda-passam-fome-no-brasil-segundo-ibge\/#breadcrumb","itemListElement":[{"@type":"ListItem","position":1,"name":"In\u00edcio","item":"https:\/\/www.notibras.com\/site\/"},{"@type":"ListItem","position":2,"name":"Mais de 7 milh\u00f5es ainda passam fome no Brasil"}]},{"@type":"WebSite","@id":"https:\/\/www.notibras.com\/site\/#website","url":"https:\/\/www.notibras.com\/site\/","name":"Notibras","description":"Not\u00edcias de Bras\u00edlia, do Brasil e do Mundo","publisher":{"@id":"https:\/\/www.notibras.com\/site\/#organization"},"potentialAction":[{"@type":"SearchAction","target":{"@type":"EntryPoint","urlTemplate":"https:\/\/www.notibras.com\/site\/?s={search_term_string}"},"query-input":{"@type":"PropertyValueSpecification","valueRequired":true,"valueName":"search_term_string"}}],"inLanguage":"pt-BR"},{"@type":"Organization","@id":"https:\/\/www.notibras.com\/site\/#organization","name":"Grupo Notibras de Comunica\u00e7\u00e3o","url":"https:\/\/www.notibras.com\/site\/","logo":{"@type":"ImageObject","inLanguage":"pt-BR","@id":"https:\/\/www.notibras.com\/site\/#\/schema\/logo\/image\/","url":"https:\/\/www.notibras.com\/site\/wp-content\/uploads\/2023\/01\/notibras23.png","contentUrl":"https:\/\/www.notibras.com\/site\/wp-content\/uploads\/2023\/01\/notibras23.png","width":350,"height":87,"caption":"Grupo Notibras de Comunica\u00e7\u00e3o"},"image":{"@id":"https:\/\/www.notibras.com\/site\/#\/schema\/logo\/image\/"},"sameAs":["https:\/\/www.facebook.com\/notibras\/","https:\/\/x.com\/Notibras","https:\/\/www.instagram.com\/notibras\/"]},{"@type":"Person","@id":"https:\/\/www.notibras.com\/site\/#\/schema\/person\/00b8e1aa08f9ef6563e878c5159d01cf","name":"Reda\u00e7\u00e3o","image":{"@type":"ImageObject","inLanguage":"pt-BR","@id":"https:\/\/secure.gravatar.com\/avatar\/ac5a707d5b47784a5ed426c6e213e201423c750890f64e4c379114dade67dfb9?s=96&d=mm&r=g","url":"https:\/\/secure.gravatar.com\/avatar\/ac5a707d5b47784a5ed426c6e213e201423c750890f64e4c379114dade67dfb9?s=96&d=mm&r=g","contentUrl":"https:\/\/secure.gravatar.com\/avatar\/ac5a707d5b47784a5ed426c6e213e201423c750890f64e4c379114dade67dfb9?s=96&d=mm&r=g","caption":"Reda\u00e7\u00e3o"}}]}},"amp_enabled":true,"_links":{"self":[{"href":"https:\/\/www.notibras.com\/site\/wp-json\/wp\/v2\/posts\/31543","targetHints":{"allow":["GET"]}}],"collection":[{"href":"https:\/\/www.notibras.com\/site\/wp-json\/wp\/v2\/posts"}],"about":[{"href":"https:\/\/www.notibras.com\/site\/wp-json\/wp\/v2\/types\/post"}],"author":[{"embeddable":true,"href":"https:\/\/www.notibras.com\/site\/wp-json\/wp\/v2\/users\/1"}],"replies":[{"embeddable":true,"href":"https:\/\/www.notibras.com\/site\/wp-json\/wp\/v2\/comments?post=31543"}],"version-history":[{"count":0,"href":"https:\/\/www.notibras.com\/site\/wp-json\/wp\/v2\/posts\/31543\/revisions"}],"wp:featuredmedia":[{"embeddable":true,"href":"https:\/\/www.notibras.com\/site\/wp-json\/wp\/v2\/media\/31544"}],"wp:attachment":[{"href":"https:\/\/www.notibras.com\/site\/wp-json\/wp\/v2\/media?parent=31543"}],"wp:term":[{"taxonomy":"category","embeddable":true,"href":"https:\/\/www.notibras.com\/site\/wp-json\/wp\/v2\/categories?post=31543"},{"taxonomy":"post_tag","embeddable":true,"href":"https:\/\/www.notibras.com\/site\/wp-json\/wp\/v2\/tags?post=31543"}],"curies":[{"name":"wp","href":"https:\/\/api.w.org\/{rel}","templated":true}]}}