{"id":315469,"date":"2023-10-26T00:02:51","date_gmt":"2023-10-26T03:02:51","guid":{"rendered":"https:\/\/www.notibras.com\/site\/?p=315469"},"modified":"2023-10-26T08:06:35","modified_gmt":"2023-10-26T11:06:35","slug":"supremo-julga-validade-da-retomada-extrajudicial-de-imovel","status":"publish","type":"post","link":"https:\/\/www.notibras.com\/site\/supremo-julga-validade-da-retomada-extrajudicial-de-imovel\/","title":{"rendered":"Supremo julga validade da retomada extrajudicial de im\u00f3vel"},"content":{"rendered":"<p>O Supremo Tribunal Federal (STF) come\u00e7ou a discutir nesta quarta-feira (25) a constitucionalidade da lei que permite a retomada de im\u00f3veis de devedores sem necessidade de decis\u00e3o judicial.<\/p>\n<p>A quest\u00e3o \u00e9 discutida no processo de um devedor de Praia Grande (SP), que assinou um contrato com a Caixa para pagar um im\u00f3vel de R$ 66 mil, mas deixou de pagar parcelas mensais de R$ 687,38.<\/p>\n<p>A defesa do devedor recorreu \u00e0 Justi\u00e7a para contestar a validade da Lei 9.514\/1997, norma que estabeleceu a execu\u00e7\u00e3o extrajudicial do im\u00f3vel em contratos m\u00fatuos de aliena\u00e7\u00e3o fiduci\u00e1ria pelo Sistema Financeiro Imobili\u00e1rio (SFI).<\/p>\n<p>Pelas regras, o im\u00f3vel \u00e9 uma garantia pelo pagamento de d\u00edvida e pode ser tomado pelo banco no caso de inadimpl\u00eancia sem decis\u00e3o judicial. Segundo os advogados, a lei n\u00e3o permite a ampla defesa e o contradit\u00f3rio.<\/p>\n<p><strong>5&#215;0<\/strong><br \/>\nO placar do julgamento est\u00e1 5 votos a 0 pela manuten\u00e7\u00e3o de lei. Na sess\u00e3o de quarta, o relator do processo, ministro Luiz Fux, votou pela constitucionalidade das regras.<\/p>\n<p>Para o ministro, mesmo com a medida extrajudicial, o devedor pode entrar na Justi\u00e7a para contestar a cobran\u00e7a e impedir a tomada do im\u00f3vel. Na avalia\u00e7\u00e3o do ministro, a aliena\u00e7\u00e3o fiduci\u00e1ria permitiu uma &#8220;revolu\u00e7\u00e3o&#8221; do mercado imobili\u00e1rio do Brasil.<\/p>\n<p>&#8220;O procedimento executivo previsto na lei constitui medida adequada na regula\u00e7\u00e3o legislativa de balanceamento entre os riscos assumidos pela institui\u00e7\u00e3o credora e preserva\u00e7\u00e3o dos direitos do devedor&#8221;, afirmou.<\/p>\n<p>O voto do relator foi seguido pelos ministros Cristiano Zanin, Andr\u00e9 Mendon\u00e7a, Alexandre de Moraes e Dias Toffoli. Os demais ministros v\u00e3o votar na sess\u00e3o desta quinta (26).<\/p>\n<p><strong>Bancos x mutu\u00e1rios<\/strong><br \/>\nDurante o julgamento, a Federa\u00e7\u00e3o Brasileira de Bancos (Febraban) defendeu o modelo de aliena\u00e7\u00e3o fiduci\u00e1ria e afirmou que a garantia permite o pagamento de juros menores em rela\u00e7\u00e3o a outras opera\u00e7\u00f5es.<\/p>\n<p>Segundo o advogado Gustavo Cesar de Souza Mour\u00e3o, representante da entidade, existem cerca de 7 milh\u00f5es de contratos de empr\u00e9stimo imobili\u00e1rio na modalidade, n\u00famero que representa R$ 730 bilh\u00f5es negociados.<\/p>\n<p>&#8220;A taxa m\u00e9dia de juros em contatos imobili\u00e1rios garantidos por aliena\u00e7\u00e3o fiduci\u00e1ria \u00e9 menor do que aquelas de opera\u00e7\u00f5es equivalentes&#8221;, afirmou.<\/p>\n<p>Por outro lado, o defensor-p\u00fablico da Uni\u00e3o Gustavo Zortea da Silva defendeu os devedores e afirmou que a lei n\u00e3o d\u00e1 espa\u00e7o para o contradit\u00f3rio e reduz os poderes do consumidor.<\/p>\n<p>&#8220;N\u00e3o h\u00e1 espa\u00e7o para apresentar raz\u00f5es que possam questionar os valores exigidos pelo credor ou para descaracterizar a mora. Ou se paga os valores exigidos pelo credor ou h\u00e1 consolida\u00e7\u00e3o da propriedade em favor do credor&#8221;, afirmou.<\/p>\n","protected":false},"excerpt":{"rendered":"<p>O Supremo Tribunal Federal (STF) come\u00e7ou a discutir nesta quarta-feira (25) a constitucionalidade da lei que permite a retomada de im\u00f3veis de devedores sem necessidade de decis\u00e3o judicial. A quest\u00e3o \u00e9 discutida no processo de um devedor de Praia Grande (SP), que assinou um contrato com a Caixa para pagar um im\u00f3vel de R$ 66 [&hellip;]<\/p>\n","protected":false},"author":2,"featured_media":279116,"comment_status":"closed","ping_status":"closed","sticky":false,"template":"","format":"standard","meta":{"_acf_changed":false,"footnotes":""},"categories":[161],"tags":[],"class_list":["post-315469","post","type-post","status-publish","format-standard","has-post-thumbnail","hentry","category-quadradinho-em-foco"],"acf":[],"yoast_head":"<!-- This site is optimized with the Yoast SEO plugin v27.2 - https:\/\/yoast.com\/product\/yoast-seo-wordpress\/ -->\n<title>Supremo julga validade da retomada extrajudicial de im\u00f3vel - Notibras<\/title>\n<meta name=\"robots\" content=\"index, follow, max-snippet:-1, max-image-preview:large, max-video-preview:-1\" \/>\n<link rel=\"canonical\" href=\"https:\/\/www.notibras.com\/site\/supremo-julga-validade-da-retomada-extrajudicial-de-imovel\/\" \/>\n<meta property=\"og:locale\" content=\"pt_BR\" \/>\n<meta property=\"og:type\" content=\"article\" \/>\n<meta property=\"og:title\" content=\"Supremo julga validade da retomada extrajudicial de im\u00f3vel - Notibras\" \/>\n<meta property=\"og:description\" content=\"O Supremo Tribunal Federal (STF) come\u00e7ou a discutir nesta quarta-feira (25) a constitucionalidade da lei que permite a retomada de im\u00f3veis de devedores sem necessidade de decis\u00e3o judicial. A quest\u00e3o \u00e9 discutida no processo de um devedor de Praia Grande (SP), que assinou um contrato com a Caixa para pagar um im\u00f3vel de R$ 66 [&hellip;]\" \/>\n<meta property=\"og:url\" content=\"https:\/\/www.notibras.com\/site\/supremo-julga-validade-da-retomada-extrajudicial-de-imovel\/\" \/>\n<meta property=\"og:site_name\" content=\"Notibras\" \/>\n<meta property=\"article:publisher\" content=\"https:\/\/www.facebook.com\/notibras\/\" \/>\n<meta property=\"article:published_time\" content=\"2023-10-26T03:02:51+00:00\" \/>\n<meta property=\"article:modified_time\" content=\"2023-10-26T11:06:35+00:00\" \/>\n<meta property=\"og:image\" content=\"https:\/\/www.notibras.com\/site\/wp-content\/uploads\/2022\/01\/brasilia-andre-borges.jpg\" \/>\n\t<meta property=\"og:image:width\" content=\"1170\" \/>\n\t<meta property=\"og:image:height\" content=\"700\" \/>\n\t<meta property=\"og:image:type\" content=\"image\/jpeg\" \/>\n<meta name=\"author\" content=\"Reda\u00e7\u00e3o\" \/>\n<meta name=\"twitter:card\" content=\"summary_large_image\" \/>\n<meta name=\"twitter:creator\" content=\"@Notibras\" \/>\n<meta name=\"twitter:site\" content=\"@Notibras\" \/>\n<meta name=\"twitter:label1\" content=\"Escrito por\" \/>\n\t<meta name=\"twitter:data1\" content=\"Reda\u00e7\u00e3o\" \/>\n\t<meta name=\"twitter:label2\" content=\"Est. tempo de leitura\" \/>\n\t<meta name=\"twitter:data2\" content=\"3 minutos\" \/>\n<script type=\"application\/ld+json\" class=\"yoast-schema-graph\">{\"@context\":\"https:\/\/schema.org\",\"@graph\":[{\"@type\":\"Article\",\"@id\":\"https:\/\/www.notibras.com\/site\/supremo-julga-validade-da-retomada-extrajudicial-de-imovel\/#article\",\"isPartOf\":{\"@id\":\"https:\/\/www.notibras.com\/site\/supremo-julga-validade-da-retomada-extrajudicial-de-imovel\/\"},\"author\":{\"name\":\"Reda\u00e7\u00e3o\",\"@id\":\"https:\/\/www.notibras.com\/site\/#\/schema\/person\/36ab0979449956132d3e5b517ea76ac8\"},\"headline\":\"Supremo julga validade da retomada extrajudicial de im\u00f3vel\",\"datePublished\":\"2023-10-26T03:02:51+00:00\",\"dateModified\":\"2023-10-26T11:06:35+00:00\",\"mainEntityOfPage\":{\"@id\":\"https:\/\/www.notibras.com\/site\/supremo-julga-validade-da-retomada-extrajudicial-de-imovel\/\"},\"wordCount\":469,\"publisher\":{\"@id\":\"https:\/\/www.notibras.com\/site\/#organization\"},\"image\":{\"@id\":\"https:\/\/www.notibras.com\/site\/supremo-julga-validade-da-retomada-extrajudicial-de-imovel\/#primaryimage\"},\"thumbnailUrl\":\"https:\/\/www.notibras.com\/site\/wp-content\/uploads\/2022\/01\/brasilia-andre-borges.jpg\",\"articleSection\":[\"Quadradinho em Foco\"],\"inLanguage\":\"pt-BR\"},{\"@type\":\"WebPage\",\"@id\":\"https:\/\/www.notibras.com\/site\/supremo-julga-validade-da-retomada-extrajudicial-de-imovel\/\",\"url\":\"https:\/\/www.notibras.com\/site\/supremo-julga-validade-da-retomada-extrajudicial-de-imovel\/\",\"name\":\"Supremo julga validade da retomada extrajudicial de im\u00f3vel - Notibras\",\"isPartOf\":{\"@id\":\"https:\/\/www.notibras.com\/site\/#website\"},\"primaryImageOfPage\":{\"@id\":\"https:\/\/www.notibras.com\/site\/supremo-julga-validade-da-retomada-extrajudicial-de-imovel\/#primaryimage\"},\"image\":{\"@id\":\"https:\/\/www.notibras.com\/site\/supremo-julga-validade-da-retomada-extrajudicial-de-imovel\/#primaryimage\"},\"thumbnailUrl\":\"https:\/\/www.notibras.com\/site\/wp-content\/uploads\/2022\/01\/brasilia-andre-borges.jpg\",\"datePublished\":\"2023-10-26T03:02:51+00:00\",\"dateModified\":\"2023-10-26T11:06:35+00:00\",\"breadcrumb\":{\"@id\":\"https:\/\/www.notibras.com\/site\/supremo-julga-validade-da-retomada-extrajudicial-de-imovel\/#breadcrumb\"},\"inLanguage\":\"pt-BR\",\"potentialAction\":[{\"@type\":\"ReadAction\",\"target\":[\"https:\/\/www.notibras.com\/site\/supremo-julga-validade-da-retomada-extrajudicial-de-imovel\/\"]}]},{\"@type\":\"ImageObject\",\"inLanguage\":\"pt-BR\",\"@id\":\"https:\/\/www.notibras.com\/site\/supremo-julga-validade-da-retomada-extrajudicial-de-imovel\/#primaryimage\",\"url\":\"https:\/\/www.notibras.com\/site\/wp-content\/uploads\/2022\/01\/brasilia-andre-borges.jpg\",\"contentUrl\":\"https:\/\/www.notibras.com\/site\/wp-content\/uploads\/2022\/01\/brasilia-andre-borges.jpg\",\"width\":1170,\"height\":700,\"caption\":\"\u00c1guas Claras, Bras\u00edlia DF, Brasil 1\/5\/2018 Foto: Andre Borges\/Ag\u00eancia Bras\u00edlia. Uma das regi\u00f5es administrativas que mais cresce no Distrito Federal, \u00c1guas Claras completa 15 anos em 6 de maio. A programa\u00e7\u00e3o de anivers\u00e1rio se estende por todo o m\u00eas com eventos esportivos e culturais para todas as idades. De 4 a 31 de maio, os moradores ter\u00e3o diversos pontos da cidade ocupados com m\u00fasica, arte, corridas e campeonatos de futev\u00f4lei e de society.\"},{\"@type\":\"BreadcrumbList\",\"@id\":\"https:\/\/www.notibras.com\/site\/supremo-julga-validade-da-retomada-extrajudicial-de-imovel\/#breadcrumb\",\"itemListElement\":[{\"@type\":\"ListItem\",\"position\":1,\"name\":\"In\u00edcio\",\"item\":\"https:\/\/www.notibras.com\/site\/\"},{\"@type\":\"ListItem\",\"position\":2,\"name\":\"Supremo julga validade da retomada extrajudicial de im\u00f3vel\"}]},{\"@type\":\"WebSite\",\"@id\":\"https:\/\/www.notibras.com\/site\/#website\",\"url\":\"https:\/\/www.notibras.com\/site\/\",\"name\":\"Notibras\",\"description\":\"Not\u00edcias de Bras\u00edlia, do Brasil e do Mundo\",\"publisher\":{\"@id\":\"https:\/\/www.notibras.com\/site\/#organization\"},\"potentialAction\":[{\"@type\":\"SearchAction\",\"target\":{\"@type\":\"EntryPoint\",\"urlTemplate\":\"https:\/\/www.notibras.com\/site\/?s={search_term_string}\"},\"query-input\":{\"@type\":\"PropertyValueSpecification\",\"valueRequired\":true,\"valueName\":\"search_term_string\"}}],\"inLanguage\":\"pt-BR\"},{\"@type\":\"Organization\",\"@id\":\"https:\/\/www.notibras.com\/site\/#organization\",\"name\":\"Grupo Notibras de Comunica\u00e7\u00e3o\",\"url\":\"https:\/\/www.notibras.com\/site\/\",\"logo\":{\"@type\":\"ImageObject\",\"inLanguage\":\"pt-BR\",\"@id\":\"https:\/\/www.notibras.com\/site\/#\/schema\/logo\/image\/\",\"url\":\"https:\/\/www.notibras.com\/site\/wp-content\/uploads\/2023\/01\/notibras23.png\",\"contentUrl\":\"https:\/\/www.notibras.com\/site\/wp-content\/uploads\/2023\/01\/notibras23.png\",\"width\":350,\"height\":87,\"caption\":\"Grupo Notibras de Comunica\u00e7\u00e3o\"},\"image\":{\"@id\":\"https:\/\/www.notibras.com\/site\/#\/schema\/logo\/image\/\"},\"sameAs\":[\"https:\/\/www.facebook.com\/notibras\/\",\"https:\/\/x.com\/Notibras\",\"https:\/\/www.instagram.com\/notibras\/\"]},{\"@type\":\"Person\",\"@id\":\"https:\/\/www.notibras.com\/site\/#\/schema\/person\/36ab0979449956132d3e5b517ea76ac8\",\"name\":\"Reda\u00e7\u00e3o\",\"image\":{\"@type\":\"ImageObject\",\"inLanguage\":\"pt-BR\",\"@id\":\"https:\/\/secure.gravatar.com\/avatar\/e0a867bdedb85fd243eadf09663511f96fc81e0720a4a42581f334ad4303aa6b?s=96&d=mm&r=g\",\"url\":\"https:\/\/secure.gravatar.com\/avatar\/e0a867bdedb85fd243eadf09663511f96fc81e0720a4a42581f334ad4303aa6b?s=96&d=mm&r=g\",\"contentUrl\":\"https:\/\/secure.gravatar.com\/avatar\/e0a867bdedb85fd243eadf09663511f96fc81e0720a4a42581f334ad4303aa6b?s=96&d=mm&r=g\",\"caption\":\"Reda\u00e7\u00e3o\"}}]}<\/script>\n<!-- \/ Yoast SEO plugin. -->","yoast_head_json":{"title":"Supremo julga validade da retomada extrajudicial de im\u00f3vel - Notibras","robots":{"index":"index","follow":"follow","max-snippet":"max-snippet:-1","max-image-preview":"max-image-preview:large","max-video-preview":"max-video-preview:-1"},"canonical":"https:\/\/www.notibras.com\/site\/supremo-julga-validade-da-retomada-extrajudicial-de-imovel\/","og_locale":"pt_BR","og_type":"article","og_title":"Supremo julga validade da retomada extrajudicial de im\u00f3vel - Notibras","og_description":"O Supremo Tribunal Federal (STF) come\u00e7ou a discutir nesta quarta-feira (25) a constitucionalidade da lei que permite a retomada de im\u00f3veis de devedores sem necessidade de decis\u00e3o judicial. A quest\u00e3o \u00e9 discutida no processo de um devedor de Praia Grande (SP), que assinou um contrato com a Caixa para pagar um im\u00f3vel de R$ 66 [&hellip;]","og_url":"https:\/\/www.notibras.com\/site\/supremo-julga-validade-da-retomada-extrajudicial-de-imovel\/","og_site_name":"Notibras","article_publisher":"https:\/\/www.facebook.com\/notibras\/","article_published_time":"2023-10-26T03:02:51+00:00","article_modified_time":"2023-10-26T11:06:35+00:00","og_image":[{"width":1170,"height":700,"url":"https:\/\/www.notibras.com\/site\/wp-content\/uploads\/2022\/01\/brasilia-andre-borges.jpg","type":"image\/jpeg"}],"author":"Reda\u00e7\u00e3o","twitter_card":"summary_large_image","twitter_creator":"@Notibras","twitter_site":"@Notibras","twitter_misc":{"Escrito por":"Reda\u00e7\u00e3o","Est. tempo de leitura":"3 minutos"},"schema":{"@context":"https:\/\/schema.org","@graph":[{"@type":"Article","@id":"https:\/\/www.notibras.com\/site\/supremo-julga-validade-da-retomada-extrajudicial-de-imovel\/#article","isPartOf":{"@id":"https:\/\/www.notibras.com\/site\/supremo-julga-validade-da-retomada-extrajudicial-de-imovel\/"},"author":{"name":"Reda\u00e7\u00e3o","@id":"https:\/\/www.notibras.com\/site\/#\/schema\/person\/36ab0979449956132d3e5b517ea76ac8"},"headline":"Supremo julga validade da retomada extrajudicial de im\u00f3vel","datePublished":"2023-10-26T03:02:51+00:00","dateModified":"2023-10-26T11:06:35+00:00","mainEntityOfPage":{"@id":"https:\/\/www.notibras.com\/site\/supremo-julga-validade-da-retomada-extrajudicial-de-imovel\/"},"wordCount":469,"publisher":{"@id":"https:\/\/www.notibras.com\/site\/#organization"},"image":{"@id":"https:\/\/www.notibras.com\/site\/supremo-julga-validade-da-retomada-extrajudicial-de-imovel\/#primaryimage"},"thumbnailUrl":"https:\/\/www.notibras.com\/site\/wp-content\/uploads\/2022\/01\/brasilia-andre-borges.jpg","articleSection":["Quadradinho em Foco"],"inLanguage":"pt-BR"},{"@type":"WebPage","@id":"https:\/\/www.notibras.com\/site\/supremo-julga-validade-da-retomada-extrajudicial-de-imovel\/","url":"https:\/\/www.notibras.com\/site\/supremo-julga-validade-da-retomada-extrajudicial-de-imovel\/","name":"Supremo julga validade da retomada extrajudicial de im\u00f3vel - Notibras","isPartOf":{"@id":"https:\/\/www.notibras.com\/site\/#website"},"primaryImageOfPage":{"@id":"https:\/\/www.notibras.com\/site\/supremo-julga-validade-da-retomada-extrajudicial-de-imovel\/#primaryimage"},"image":{"@id":"https:\/\/www.notibras.com\/site\/supremo-julga-validade-da-retomada-extrajudicial-de-imovel\/#primaryimage"},"thumbnailUrl":"https:\/\/www.notibras.com\/site\/wp-content\/uploads\/2022\/01\/brasilia-andre-borges.jpg","datePublished":"2023-10-26T03:02:51+00:00","dateModified":"2023-10-26T11:06:35+00:00","breadcrumb":{"@id":"https:\/\/www.notibras.com\/site\/supremo-julga-validade-da-retomada-extrajudicial-de-imovel\/#breadcrumb"},"inLanguage":"pt-BR","potentialAction":[{"@type":"ReadAction","target":["https:\/\/www.notibras.com\/site\/supremo-julga-validade-da-retomada-extrajudicial-de-imovel\/"]}]},{"@type":"ImageObject","inLanguage":"pt-BR","@id":"https:\/\/www.notibras.com\/site\/supremo-julga-validade-da-retomada-extrajudicial-de-imovel\/#primaryimage","url":"https:\/\/www.notibras.com\/site\/wp-content\/uploads\/2022\/01\/brasilia-andre-borges.jpg","contentUrl":"https:\/\/www.notibras.com\/site\/wp-content\/uploads\/2022\/01\/brasilia-andre-borges.jpg","width":1170,"height":700,"caption":"\u00c1guas Claras, Bras\u00edlia DF, Brasil 1\/5\/2018 Foto: Andre Borges\/Ag\u00eancia Bras\u00edlia. Uma das regi\u00f5es administrativas que mais cresce no Distrito Federal, \u00c1guas Claras completa 15 anos em 6 de maio. A programa\u00e7\u00e3o de anivers\u00e1rio se estende por todo o m\u00eas com eventos esportivos e culturais para todas as idades. De 4 a 31 de maio, os moradores ter\u00e3o diversos pontos da cidade ocupados com m\u00fasica, arte, corridas e campeonatos de futev\u00f4lei e de society."},{"@type":"BreadcrumbList","@id":"https:\/\/www.notibras.com\/site\/supremo-julga-validade-da-retomada-extrajudicial-de-imovel\/#breadcrumb","itemListElement":[{"@type":"ListItem","position":1,"name":"In\u00edcio","item":"https:\/\/www.notibras.com\/site\/"},{"@type":"ListItem","position":2,"name":"Supremo julga validade da retomada extrajudicial de im\u00f3vel"}]},{"@type":"WebSite","@id":"https:\/\/www.notibras.com\/site\/#website","url":"https:\/\/www.notibras.com\/site\/","name":"Notibras","description":"Not\u00edcias de Bras\u00edlia, do Brasil e do Mundo","publisher":{"@id":"https:\/\/www.notibras.com\/site\/#organization"},"potentialAction":[{"@type":"SearchAction","target":{"@type":"EntryPoint","urlTemplate":"https:\/\/www.notibras.com\/site\/?s={search_term_string}"},"query-input":{"@type":"PropertyValueSpecification","valueRequired":true,"valueName":"search_term_string"}}],"inLanguage":"pt-BR"},{"@type":"Organization","@id":"https:\/\/www.notibras.com\/site\/#organization","name":"Grupo Notibras de Comunica\u00e7\u00e3o","url":"https:\/\/www.notibras.com\/site\/","logo":{"@type":"ImageObject","inLanguage":"pt-BR","@id":"https:\/\/www.notibras.com\/site\/#\/schema\/logo\/image\/","url":"https:\/\/www.notibras.com\/site\/wp-content\/uploads\/2023\/01\/notibras23.png","contentUrl":"https:\/\/www.notibras.com\/site\/wp-content\/uploads\/2023\/01\/notibras23.png","width":350,"height":87,"caption":"Grupo Notibras de Comunica\u00e7\u00e3o"},"image":{"@id":"https:\/\/www.notibras.com\/site\/#\/schema\/logo\/image\/"},"sameAs":["https:\/\/www.facebook.com\/notibras\/","https:\/\/x.com\/Notibras","https:\/\/www.instagram.com\/notibras\/"]},{"@type":"Person","@id":"https:\/\/www.notibras.com\/site\/#\/schema\/person\/36ab0979449956132d3e5b517ea76ac8","name":"Reda\u00e7\u00e3o","image":{"@type":"ImageObject","inLanguage":"pt-BR","@id":"https:\/\/secure.gravatar.com\/avatar\/e0a867bdedb85fd243eadf09663511f96fc81e0720a4a42581f334ad4303aa6b?s=96&d=mm&r=g","url":"https:\/\/secure.gravatar.com\/avatar\/e0a867bdedb85fd243eadf09663511f96fc81e0720a4a42581f334ad4303aa6b?s=96&d=mm&r=g","contentUrl":"https:\/\/secure.gravatar.com\/avatar\/e0a867bdedb85fd243eadf09663511f96fc81e0720a4a42581f334ad4303aa6b?s=96&d=mm&r=g","caption":"Reda\u00e7\u00e3o"}}]}},"amp_enabled":true,"_links":{"self":[{"href":"https:\/\/www.notibras.com\/site\/wp-json\/wp\/v2\/posts\/315469","targetHints":{"allow":["GET"]}}],"collection":[{"href":"https:\/\/www.notibras.com\/site\/wp-json\/wp\/v2\/posts"}],"about":[{"href":"https:\/\/www.notibras.com\/site\/wp-json\/wp\/v2\/types\/post"}],"author":[{"embeddable":true,"href":"https:\/\/www.notibras.com\/site\/wp-json\/wp\/v2\/users\/2"}],"replies":[{"embeddable":true,"href":"https:\/\/www.notibras.com\/site\/wp-json\/wp\/v2\/comments?post=315469"}],"version-history":[{"count":1,"href":"https:\/\/www.notibras.com\/site\/wp-json\/wp\/v2\/posts\/315469\/revisions"}],"predecessor-version":[{"id":315470,"href":"https:\/\/www.notibras.com\/site\/wp-json\/wp\/v2\/posts\/315469\/revisions\/315470"}],"wp:featuredmedia":[{"embeddable":true,"href":"https:\/\/www.notibras.com\/site\/wp-json\/wp\/v2\/media\/279116"}],"wp:attachment":[{"href":"https:\/\/www.notibras.com\/site\/wp-json\/wp\/v2\/media?parent=315469"}],"wp:term":[{"taxonomy":"category","embeddable":true,"href":"https:\/\/www.notibras.com\/site\/wp-json\/wp\/v2\/categories?post=315469"},{"taxonomy":"post_tag","embeddable":true,"href":"https:\/\/www.notibras.com\/site\/wp-json\/wp\/v2\/tags?post=315469"}],"curies":[{"name":"wp","href":"https:\/\/api.w.org\/{rel}","templated":true}]}}