{"id":315474,"date":"2023-10-26T00:00:28","date_gmt":"2023-10-26T03:00:28","guid":{"rendered":"https:\/\/www.notibras.com\/site\/?p=315474"},"modified":"2023-10-26T08:23:29","modified_gmt":"2023-10-26T11:23:29","slug":"saude-corre-para-voltar-com-a-caderneta-da-crianca","status":"publish","type":"post","link":"https:\/\/www.notibras.com\/site\/saude-corre-para-voltar-com-a-caderneta-da-crianca\/","title":{"rendered":"Sa\u00fade corre para voltar com a Caderneta da Crian\u00e7a"},"content":{"rendered":"<p>Com a distribui\u00e7\u00e3o por parte do governo federal suspensa h\u00e1 tr\u00eas anos, a Caderneta da Crian\u00e7a pode voltar a ser impressa e direcionada pela pasta ainda este ano. De acordo com a coordenadora de Sa\u00fade da Crian\u00e7a e do Adolescente, S\u00f4nia Ven\u00e2ncio, o minist\u00e9rio est\u00e1 \u201cem vias\u201d de fechar contrato com a empresa que ficar\u00e1 respons\u00e1vel por ambos os processos.<\/p>\n<p>Ao longo dos \u00faltimos tr\u00eas anos, alguns estados e munic\u00edpios chegaram a solicitar o arquivo da caderneta e arcaram com a impress\u00e3o e distribui\u00e7\u00e3o. O problema, segundo a coordenadora, \u00e9 que, muitas vezes, no intuito de reduzir os gastos, secretarias estaduais e municipais de sa\u00fade priorizam apenas as p\u00e1ginas onde s\u00e3o registradas as doses aplicadas na crian\u00e7a e os gr\u00e1ficos de crescimento, enquanto o conte\u00fado sobre desenvolvimento infantil n\u00e3o \u00e9 contemplado.<\/p>\n<p>\u201c\u00c9 uma perda muito grande\u201d, avalia S\u00f4nia em entrevista coletiva, ao destacar que o material, como um todo, foi formulado de forma a incentivar a participa\u00e7\u00e3o da fam\u00edlia no cuidado com a crian\u00e7a nos marcos do desenvolvimento infantil. Segundo ela, a pasta planeja ainda capacitar profissionais da aten\u00e7\u00e3o prim\u00e1ria para que a caderneta, uma vez retomada a distribui\u00e7\u00e3o, possa ser utilizada \u201cem sua plenitude\u201d.<\/p>\n<p><strong>Entenda<\/strong><br \/>\nTodo cidad\u00e3o tem direito \u00e0 caderneta, instrumento que auxilia no acompanhamento do crescimento e desenvolvimento infantil. No documento, constam os marcos de desenvolvimento neuropsicomotor, afetivo e cognitivo\/linguagem para acompanhamento dos profissionais que atendem a crian\u00e7a. \u00c9 nela que se registram as vacinas para prote\u00e7\u00e3o da sa\u00fade da crian\u00e7a. H\u00e1 ainda informa\u00e7\u00f5es sobre aleitamento materno, alimenta\u00e7\u00e3o saud\u00e1vel, preven\u00e7\u00e3o de acidentes e orienta\u00e7\u00f5es sobre educa\u00e7\u00e3o sem uso de castigos f\u00edsicos, direitos dos pais e da crian\u00e7a, alertas sobre o uso de aparelhos eletr\u00f4nicos e orienta\u00e7\u00f5es para o est\u00edmulo ao desenvolvimento infantil com afeto.<\/p>\n<p>O material cont\u00e9m espa\u00e7os para registro de informa\u00e7\u00f5es sobre programas de assist\u00eancia social, educa\u00e7\u00e3o e vida escolar, al\u00e9m de espa\u00e7os mais detalhados para os registros das consultas de rotina e gr\u00e1ficos de crescimento para o acompanhamento de crian\u00e7as nascidas prematuras.<\/p>\n<p>A Caderneta da Crian\u00e7a teve a impress\u00e3o e distribui\u00e7\u00e3o suspensas durante a pandemia de covid-19. A empresa com a qual o minist\u00e9rio havia firmado contrato, na \u00e9poca, alegou dificuldades para conseguir mat\u00e9ria-prima e, eventualmente, entrou em situa\u00e7\u00e3o de desativa\u00e7\u00e3o, o que causou o rompimento do contrato. \u201cTivemos de come\u00e7ar do zero\u201d, explicou S\u00f4nia.<\/p>\n","protected":false},"excerpt":{"rendered":"<p>Com a distribui\u00e7\u00e3o por parte do governo federal suspensa h\u00e1 tr\u00eas anos, a Caderneta da Crian\u00e7a pode voltar a ser impressa e direcionada pela pasta ainda este ano. De acordo com a coordenadora de Sa\u00fade da Crian\u00e7a e do Adolescente, S\u00f4nia Ven\u00e2ncio, o minist\u00e9rio est\u00e1 \u201cem vias\u201d de fechar contrato com a empresa que ficar\u00e1 [&hellip;]<\/p>\n","protected":false},"author":2,"featured_media":315475,"comment_status":"closed","ping_status":"closed","sticky":false,"template":"","format":"standard","meta":{"_acf_changed":false,"footnotes":""},"categories":[161],"tags":[],"class_list":["post-315474","post","type-post","status-publish","format-standard","has-post-thumbnail","hentry","category-quadradinho-em-foco"],"acf":[],"yoast_head":"<!-- This site is optimized with the Yoast SEO plugin v27.2 - https:\/\/yoast.com\/product\/yoast-seo-wordpress\/ -->\n<title>Sa\u00fade corre para voltar com a Caderneta da Crian\u00e7a - Notibras<\/title>\n<meta name=\"robots\" content=\"index, follow, max-snippet:-1, max-image-preview:large, max-video-preview:-1\" \/>\n<link rel=\"canonical\" href=\"https:\/\/www.notibras.com\/site\/saude-corre-para-voltar-com-a-caderneta-da-crianca\/\" \/>\n<meta property=\"og:locale\" content=\"pt_BR\" \/>\n<meta property=\"og:type\" content=\"article\" \/>\n<meta property=\"og:title\" content=\"Sa\u00fade corre para voltar com a Caderneta da Crian\u00e7a - Notibras\" \/>\n<meta property=\"og:description\" content=\"Com a distribui\u00e7\u00e3o por parte do governo federal suspensa h\u00e1 tr\u00eas anos, a Caderneta da Crian\u00e7a pode voltar a ser impressa e direcionada pela pasta ainda este ano. De acordo com a coordenadora de Sa\u00fade da Crian\u00e7a e do Adolescente, S\u00f4nia Ven\u00e2ncio, o minist\u00e9rio est\u00e1 \u201cem vias\u201d de fechar contrato com a empresa que ficar\u00e1 [&hellip;]\" \/>\n<meta property=\"og:url\" content=\"https:\/\/www.notibras.com\/site\/saude-corre-para-voltar-com-a-caderneta-da-crianca\/\" \/>\n<meta property=\"og:site_name\" content=\"Notibras\" \/>\n<meta property=\"article:publisher\" content=\"https:\/\/www.facebook.com\/notibras\/\" \/>\n<meta property=\"article:published_time\" content=\"2023-10-26T03:00:28+00:00\" \/>\n<meta property=\"article:modified_time\" content=\"2023-10-26T11:23:29+00:00\" \/>\n<meta property=\"og:image\" content=\"https:\/\/www.notibras.com\/site\/wp-content\/uploads\/2023\/10\/caderneta.saude_.webp\" \/>\n\t<meta property=\"og:image:width\" content=\"1170\" \/>\n\t<meta property=\"og:image:height\" content=\"700\" \/>\n\t<meta property=\"og:image:type\" content=\"image\/webp\" \/>\n<meta name=\"author\" content=\"Reda\u00e7\u00e3o\" \/>\n<meta name=\"twitter:card\" content=\"summary_large_image\" \/>\n<meta name=\"twitter:creator\" content=\"@Notibras\" \/>\n<meta name=\"twitter:site\" content=\"@Notibras\" \/>\n<meta name=\"twitter:label1\" content=\"Escrito por\" \/>\n\t<meta name=\"twitter:data1\" content=\"Reda\u00e7\u00e3o\" \/>\n\t<meta name=\"twitter:label2\" content=\"Est. tempo de leitura\" \/>\n\t<meta name=\"twitter:data2\" content=\"3 minutos\" \/>\n<script type=\"application\/ld+json\" class=\"yoast-schema-graph\">{\"@context\":\"https:\/\/schema.org\",\"@graph\":[{\"@type\":\"Article\",\"@id\":\"https:\/\/www.notibras.com\/site\/saude-corre-para-voltar-com-a-caderneta-da-crianca\/#article\",\"isPartOf\":{\"@id\":\"https:\/\/www.notibras.com\/site\/saude-corre-para-voltar-com-a-caderneta-da-crianca\/\"},\"author\":{\"name\":\"Reda\u00e7\u00e3o\",\"@id\":\"https:\/\/www.notibras.com\/site\/#\/schema\/person\/36ab0979449956132d3e5b517ea76ac8\"},\"headline\":\"Sa\u00fade corre para voltar com a Caderneta da Crian\u00e7a\",\"datePublished\":\"2023-10-26T03:00:28+00:00\",\"dateModified\":\"2023-10-26T11:23:29+00:00\",\"mainEntityOfPage\":{\"@id\":\"https:\/\/www.notibras.com\/site\/saude-corre-para-voltar-com-a-caderneta-da-crianca\/\"},\"wordCount\":448,\"publisher\":{\"@id\":\"https:\/\/www.notibras.com\/site\/#organization\"},\"image\":{\"@id\":\"https:\/\/www.notibras.com\/site\/saude-corre-para-voltar-com-a-caderneta-da-crianca\/#primaryimage\"},\"thumbnailUrl\":\"https:\/\/www.notibras.com\/site\/wp-content\/uploads\/2023\/10\/caderneta.saude_.webp\",\"articleSection\":[\"Quadradinho em Foco\"],\"inLanguage\":\"pt-BR\"},{\"@type\":\"WebPage\",\"@id\":\"https:\/\/www.notibras.com\/site\/saude-corre-para-voltar-com-a-caderneta-da-crianca\/\",\"url\":\"https:\/\/www.notibras.com\/site\/saude-corre-para-voltar-com-a-caderneta-da-crianca\/\",\"name\":\"Sa\u00fade corre para voltar com a Caderneta da Crian\u00e7a - Notibras\",\"isPartOf\":{\"@id\":\"https:\/\/www.notibras.com\/site\/#website\"},\"primaryImageOfPage\":{\"@id\":\"https:\/\/www.notibras.com\/site\/saude-corre-para-voltar-com-a-caderneta-da-crianca\/#primaryimage\"},\"image\":{\"@id\":\"https:\/\/www.notibras.com\/site\/saude-corre-para-voltar-com-a-caderneta-da-crianca\/#primaryimage\"},\"thumbnailUrl\":\"https:\/\/www.notibras.com\/site\/wp-content\/uploads\/2023\/10\/caderneta.saude_.webp\",\"datePublished\":\"2023-10-26T03:00:28+00:00\",\"dateModified\":\"2023-10-26T11:23:29+00:00\",\"breadcrumb\":{\"@id\":\"https:\/\/www.notibras.com\/site\/saude-corre-para-voltar-com-a-caderneta-da-crianca\/#breadcrumb\"},\"inLanguage\":\"pt-BR\",\"potentialAction\":[{\"@type\":\"ReadAction\",\"target\":[\"https:\/\/www.notibras.com\/site\/saude-corre-para-voltar-com-a-caderneta-da-crianca\/\"]}]},{\"@type\":\"ImageObject\",\"inLanguage\":\"pt-BR\",\"@id\":\"https:\/\/www.notibras.com\/site\/saude-corre-para-voltar-com-a-caderneta-da-crianca\/#primaryimage\",\"url\":\"https:\/\/www.notibras.com\/site\/wp-content\/uploads\/2023\/10\/caderneta.saude_.webp\",\"contentUrl\":\"https:\/\/www.notibras.com\/site\/wp-content\/uploads\/2023\/10\/caderneta.saude_.webp\",\"width\":1170,\"height\":700},{\"@type\":\"BreadcrumbList\",\"@id\":\"https:\/\/www.notibras.com\/site\/saude-corre-para-voltar-com-a-caderneta-da-crianca\/#breadcrumb\",\"itemListElement\":[{\"@type\":\"ListItem\",\"position\":1,\"name\":\"In\u00edcio\",\"item\":\"https:\/\/www.notibras.com\/site\/\"},{\"@type\":\"ListItem\",\"position\":2,\"name\":\"Sa\u00fade corre para voltar com a Caderneta da Crian\u00e7a\"}]},{\"@type\":\"WebSite\",\"@id\":\"https:\/\/www.notibras.com\/site\/#website\",\"url\":\"https:\/\/www.notibras.com\/site\/\",\"name\":\"Notibras\",\"description\":\"Not\u00edcias de Bras\u00edlia, do Brasil e do Mundo\",\"publisher\":{\"@id\":\"https:\/\/www.notibras.com\/site\/#organization\"},\"potentialAction\":[{\"@type\":\"SearchAction\",\"target\":{\"@type\":\"EntryPoint\",\"urlTemplate\":\"https:\/\/www.notibras.com\/site\/?s={search_term_string}\"},\"query-input\":{\"@type\":\"PropertyValueSpecification\",\"valueRequired\":true,\"valueName\":\"search_term_string\"}}],\"inLanguage\":\"pt-BR\"},{\"@type\":\"Organization\",\"@id\":\"https:\/\/www.notibras.com\/site\/#organization\",\"name\":\"Grupo Notibras de Comunica\u00e7\u00e3o\",\"url\":\"https:\/\/www.notibras.com\/site\/\",\"logo\":{\"@type\":\"ImageObject\",\"inLanguage\":\"pt-BR\",\"@id\":\"https:\/\/www.notibras.com\/site\/#\/schema\/logo\/image\/\",\"url\":\"https:\/\/www.notibras.com\/site\/wp-content\/uploads\/2023\/01\/notibras23.png\",\"contentUrl\":\"https:\/\/www.notibras.com\/site\/wp-content\/uploads\/2023\/01\/notibras23.png\",\"width\":350,\"height\":87,\"caption\":\"Grupo Notibras de Comunica\u00e7\u00e3o\"},\"image\":{\"@id\":\"https:\/\/www.notibras.com\/site\/#\/schema\/logo\/image\/\"},\"sameAs\":[\"https:\/\/www.facebook.com\/notibras\/\",\"https:\/\/x.com\/Notibras\",\"https:\/\/www.instagram.com\/notibras\/\"]},{\"@type\":\"Person\",\"@id\":\"https:\/\/www.notibras.com\/site\/#\/schema\/person\/36ab0979449956132d3e5b517ea76ac8\",\"name\":\"Reda\u00e7\u00e3o\",\"image\":{\"@type\":\"ImageObject\",\"inLanguage\":\"pt-BR\",\"@id\":\"https:\/\/secure.gravatar.com\/avatar\/e0a867bdedb85fd243eadf09663511f96fc81e0720a4a42581f334ad4303aa6b?s=96&d=mm&r=g\",\"url\":\"https:\/\/secure.gravatar.com\/avatar\/e0a867bdedb85fd243eadf09663511f96fc81e0720a4a42581f334ad4303aa6b?s=96&d=mm&r=g\",\"contentUrl\":\"https:\/\/secure.gravatar.com\/avatar\/e0a867bdedb85fd243eadf09663511f96fc81e0720a4a42581f334ad4303aa6b?s=96&d=mm&r=g\",\"caption\":\"Reda\u00e7\u00e3o\"}}]}<\/script>\n<!-- \/ Yoast SEO plugin. -->","yoast_head_json":{"title":"Sa\u00fade corre para voltar com a Caderneta da Crian\u00e7a - Notibras","robots":{"index":"index","follow":"follow","max-snippet":"max-snippet:-1","max-image-preview":"max-image-preview:large","max-video-preview":"max-video-preview:-1"},"canonical":"https:\/\/www.notibras.com\/site\/saude-corre-para-voltar-com-a-caderneta-da-crianca\/","og_locale":"pt_BR","og_type":"article","og_title":"Sa\u00fade corre para voltar com a Caderneta da Crian\u00e7a - Notibras","og_description":"Com a distribui\u00e7\u00e3o por parte do governo federal suspensa h\u00e1 tr\u00eas anos, a Caderneta da Crian\u00e7a pode voltar a ser impressa e direcionada pela pasta ainda este ano. De acordo com a coordenadora de Sa\u00fade da Crian\u00e7a e do Adolescente, S\u00f4nia Ven\u00e2ncio, o minist\u00e9rio est\u00e1 \u201cem vias\u201d de fechar contrato com a empresa que ficar\u00e1 [&hellip;]","og_url":"https:\/\/www.notibras.com\/site\/saude-corre-para-voltar-com-a-caderneta-da-crianca\/","og_site_name":"Notibras","article_publisher":"https:\/\/www.facebook.com\/notibras\/","article_published_time":"2023-10-26T03:00:28+00:00","article_modified_time":"2023-10-26T11:23:29+00:00","og_image":[{"width":1170,"height":700,"url":"https:\/\/www.notibras.com\/site\/wp-content\/uploads\/2023\/10\/caderneta.saude_.webp","type":"image\/webp"}],"author":"Reda\u00e7\u00e3o","twitter_card":"summary_large_image","twitter_creator":"@Notibras","twitter_site":"@Notibras","twitter_misc":{"Escrito por":"Reda\u00e7\u00e3o","Est. tempo de leitura":"3 minutos"},"schema":{"@context":"https:\/\/schema.org","@graph":[{"@type":"Article","@id":"https:\/\/www.notibras.com\/site\/saude-corre-para-voltar-com-a-caderneta-da-crianca\/#article","isPartOf":{"@id":"https:\/\/www.notibras.com\/site\/saude-corre-para-voltar-com-a-caderneta-da-crianca\/"},"author":{"name":"Reda\u00e7\u00e3o","@id":"https:\/\/www.notibras.com\/site\/#\/schema\/person\/36ab0979449956132d3e5b517ea76ac8"},"headline":"Sa\u00fade corre para voltar com a Caderneta da Crian\u00e7a","datePublished":"2023-10-26T03:00:28+00:00","dateModified":"2023-10-26T11:23:29+00:00","mainEntityOfPage":{"@id":"https:\/\/www.notibras.com\/site\/saude-corre-para-voltar-com-a-caderneta-da-crianca\/"},"wordCount":448,"publisher":{"@id":"https:\/\/www.notibras.com\/site\/#organization"},"image":{"@id":"https:\/\/www.notibras.com\/site\/saude-corre-para-voltar-com-a-caderneta-da-crianca\/#primaryimage"},"thumbnailUrl":"https:\/\/www.notibras.com\/site\/wp-content\/uploads\/2023\/10\/caderneta.saude_.webp","articleSection":["Quadradinho em Foco"],"inLanguage":"pt-BR"},{"@type":"WebPage","@id":"https:\/\/www.notibras.com\/site\/saude-corre-para-voltar-com-a-caderneta-da-crianca\/","url":"https:\/\/www.notibras.com\/site\/saude-corre-para-voltar-com-a-caderneta-da-crianca\/","name":"Sa\u00fade corre para voltar com a Caderneta da Crian\u00e7a - Notibras","isPartOf":{"@id":"https:\/\/www.notibras.com\/site\/#website"},"primaryImageOfPage":{"@id":"https:\/\/www.notibras.com\/site\/saude-corre-para-voltar-com-a-caderneta-da-crianca\/#primaryimage"},"image":{"@id":"https:\/\/www.notibras.com\/site\/saude-corre-para-voltar-com-a-caderneta-da-crianca\/#primaryimage"},"thumbnailUrl":"https:\/\/www.notibras.com\/site\/wp-content\/uploads\/2023\/10\/caderneta.saude_.webp","datePublished":"2023-10-26T03:00:28+00:00","dateModified":"2023-10-26T11:23:29+00:00","breadcrumb":{"@id":"https:\/\/www.notibras.com\/site\/saude-corre-para-voltar-com-a-caderneta-da-crianca\/#breadcrumb"},"inLanguage":"pt-BR","potentialAction":[{"@type":"ReadAction","target":["https:\/\/www.notibras.com\/site\/saude-corre-para-voltar-com-a-caderneta-da-crianca\/"]}]},{"@type":"ImageObject","inLanguage":"pt-BR","@id":"https:\/\/www.notibras.com\/site\/saude-corre-para-voltar-com-a-caderneta-da-crianca\/#primaryimage","url":"https:\/\/www.notibras.com\/site\/wp-content\/uploads\/2023\/10\/caderneta.saude_.webp","contentUrl":"https:\/\/www.notibras.com\/site\/wp-content\/uploads\/2023\/10\/caderneta.saude_.webp","width":1170,"height":700},{"@type":"BreadcrumbList","@id":"https:\/\/www.notibras.com\/site\/saude-corre-para-voltar-com-a-caderneta-da-crianca\/#breadcrumb","itemListElement":[{"@type":"ListItem","position":1,"name":"In\u00edcio","item":"https:\/\/www.notibras.com\/site\/"},{"@type":"ListItem","position":2,"name":"Sa\u00fade corre para voltar com a Caderneta da Crian\u00e7a"}]},{"@type":"WebSite","@id":"https:\/\/www.notibras.com\/site\/#website","url":"https:\/\/www.notibras.com\/site\/","name":"Notibras","description":"Not\u00edcias de Bras\u00edlia, do Brasil e do Mundo","publisher":{"@id":"https:\/\/www.notibras.com\/site\/#organization"},"potentialAction":[{"@type":"SearchAction","target":{"@type":"EntryPoint","urlTemplate":"https:\/\/www.notibras.com\/site\/?s={search_term_string}"},"query-input":{"@type":"PropertyValueSpecification","valueRequired":true,"valueName":"search_term_string"}}],"inLanguage":"pt-BR"},{"@type":"Organization","@id":"https:\/\/www.notibras.com\/site\/#organization","name":"Grupo Notibras de Comunica\u00e7\u00e3o","url":"https:\/\/www.notibras.com\/site\/","logo":{"@type":"ImageObject","inLanguage":"pt-BR","@id":"https:\/\/www.notibras.com\/site\/#\/schema\/logo\/image\/","url":"https:\/\/www.notibras.com\/site\/wp-content\/uploads\/2023\/01\/notibras23.png","contentUrl":"https:\/\/www.notibras.com\/site\/wp-content\/uploads\/2023\/01\/notibras23.png","width":350,"height":87,"caption":"Grupo Notibras de Comunica\u00e7\u00e3o"},"image":{"@id":"https:\/\/www.notibras.com\/site\/#\/schema\/logo\/image\/"},"sameAs":["https:\/\/www.facebook.com\/notibras\/","https:\/\/x.com\/Notibras","https:\/\/www.instagram.com\/notibras\/"]},{"@type":"Person","@id":"https:\/\/www.notibras.com\/site\/#\/schema\/person\/36ab0979449956132d3e5b517ea76ac8","name":"Reda\u00e7\u00e3o","image":{"@type":"ImageObject","inLanguage":"pt-BR","@id":"https:\/\/secure.gravatar.com\/avatar\/e0a867bdedb85fd243eadf09663511f96fc81e0720a4a42581f334ad4303aa6b?s=96&d=mm&r=g","url":"https:\/\/secure.gravatar.com\/avatar\/e0a867bdedb85fd243eadf09663511f96fc81e0720a4a42581f334ad4303aa6b?s=96&d=mm&r=g","contentUrl":"https:\/\/secure.gravatar.com\/avatar\/e0a867bdedb85fd243eadf09663511f96fc81e0720a4a42581f334ad4303aa6b?s=96&d=mm&r=g","caption":"Reda\u00e7\u00e3o"}}]}},"amp_enabled":true,"_links":{"self":[{"href":"https:\/\/www.notibras.com\/site\/wp-json\/wp\/v2\/posts\/315474","targetHints":{"allow":["GET"]}}],"collection":[{"href":"https:\/\/www.notibras.com\/site\/wp-json\/wp\/v2\/posts"}],"about":[{"href":"https:\/\/www.notibras.com\/site\/wp-json\/wp\/v2\/types\/post"}],"author":[{"embeddable":true,"href":"https:\/\/www.notibras.com\/site\/wp-json\/wp\/v2\/users\/2"}],"replies":[{"embeddable":true,"href":"https:\/\/www.notibras.com\/site\/wp-json\/wp\/v2\/comments?post=315474"}],"version-history":[{"count":1,"href":"https:\/\/www.notibras.com\/site\/wp-json\/wp\/v2\/posts\/315474\/revisions"}],"predecessor-version":[{"id":315476,"href":"https:\/\/www.notibras.com\/site\/wp-json\/wp\/v2\/posts\/315474\/revisions\/315476"}],"wp:featuredmedia":[{"embeddable":true,"href":"https:\/\/www.notibras.com\/site\/wp-json\/wp\/v2\/media\/315475"}],"wp:attachment":[{"href":"https:\/\/www.notibras.com\/site\/wp-json\/wp\/v2\/media?parent=315474"}],"wp:term":[{"taxonomy":"category","embeddable":true,"href":"https:\/\/www.notibras.com\/site\/wp-json\/wp\/v2\/categories?post=315474"},{"taxonomy":"post_tag","embeddable":true,"href":"https:\/\/www.notibras.com\/site\/wp-json\/wp\/v2\/tags?post=315474"}],"curies":[{"name":"wp","href":"https:\/\/api.w.org\/{rel}","templated":true}]}}