{"id":315627,"date":"2023-10-28T08:18:33","date_gmt":"2023-10-28T11:18:33","guid":{"rendered":"https:\/\/www.notibras.com\/site\/?p=315627"},"modified":"2023-10-28T08:18:33","modified_gmt":"2023-10-28T11:18:33","slug":"projeto-quer-garantir-acesso-aos-locais-de-provas-do-enem","status":"publish","type":"post","link":"https:\/\/www.notibras.com\/site\/projeto-quer-garantir-acesso-aos-locais-de-provas-do-enem\/","title":{"rendered":"Projeto quer garantir acesso aos locais de provas do Enem"},"content":{"rendered":"<p>Parlamentares que comp\u00f5em a Bancada da Educa\u00e7\u00e3o apresentaram, na C\u00e2mara dos Deputados, um projeto de lei para garantir que todos os candidatos do Exame Nacional do Ensino M\u00e9dio (Enem) tenham acesso aos locais de prova. Caso n\u00e3o seja poss\u00edvel que o local seja perto da resid\u00eancia e nem haja transporte p\u00fablico dispon\u00edvel, o poder p\u00fablico dever\u00e1 arcar com o transporte dos participantes.<\/p>\n<p>Nesta semana, os estudantes tiveram acesso aos locais onde far\u00e3o as provas do Enem 2023 e alguns reclamaram que ficaram muito distantes dos locais onde vivem, o que poder\u00e1, inclusive, fazer com que desistam de fazer as provas este ano.<\/p>\n<p>A bancada enviou um requerimento de informa\u00e7\u00f5es ao Minist\u00e9rio da Educa\u00e7\u00e3o (MEC), pedindo esclarecimentos sobre as provid\u00eancias que est\u00e3o sendo tomadas pela pasta em rela\u00e7\u00e3o a esses casos e, tamb\u00e9m, informa\u00e7\u00f5es sobre a quantidade de estudantes que precisar\u00e3o se deslocar mais do que 30 quil\u00f4metros de dist\u00e2ncia do local onde moram e daqueles que precisar\u00e3o fazer provas em outros munic\u00edpios.<\/p>\n<p>\u201cA urg\u00eancia deste requerimento \u00e9 impulsionada por relatos na imprensa, como o caso de Luciana Souza, que foi alocada a um local de prova a mais de 280 km de sua resid\u00eancia, levando-a a desistir do exame. Este caso ilustra uma preocupa\u00e7\u00e3o maior sobre o acesso equitativo ao ensino superior no Brasil. H\u00e1 relatos na imprensa de outros casos semelhantes\u201d, argumentam os deputados no requerimento.<\/p>\n<p><strong>Projeto de lei<\/strong><br \/>\nO projeto de lei ainda tramitar\u00e1 no Congresso Nacional e, n\u00e3o deve, portanto, impactar o Enem 2023.<\/p>\n<p>Pela proposta, a defini\u00e7\u00e3o de locais de prova e aloca\u00e7\u00e3o dos estudantes dever\u00e1 considerar as especificidades regionais e de grupos vulner\u00e1veis, em especial dos candidatos pretos, pardos, com defici\u00eancia, m\u00e3es, quilombolas e ind\u00edgenas.<\/p>\n<p>Al\u00e9m disso, a defini\u00e7\u00e3o dos locais de realiza\u00e7\u00e3o de prova do Enem dever\u00e1 obedecer a crit\u00e9rios que considerem a menor dist\u00e2ncia, preferentemente no mesmo munic\u00edpio, entre esses locais e os locais de resid\u00eancia dos inscritos, informados no ato de inscri\u00e7\u00e3o, e a disponibilidade de meios de transporte p\u00fablico para tr\u00e2nsito entre ambos.<\/p>\n<p>Caso n\u00e3o seja poss\u00edvel oferecer locais de prova a dist\u00e2ncias e acesso considerados razo\u00e1veis, o poder p\u00fablico dever\u00e1 garantir o transporte, com a utiliza\u00e7\u00e3o de ve\u00edculos de transporte escolar ou de passe estudantil mantidos com recursos do Programa Nacional de Transporte do Escolar, do MEC.<\/p>\n<p>\u201cO Exame Nacional do Ensino M\u00e9dio (Enem) \u00e9 uma das principais portas de entrada para o ensino superior no Brasil. No entanto, o acesso a essa oportunidade ainda \u00e9 marcado por in\u00fameras desigualdades, incluindo barreiras geogr\u00e1ficas que afetam diretamente a participa\u00e7\u00e3o de candidatos\u201d, justificam os parlamentares no texto protocolado na C\u00e2mara.<\/p>\n<p>Na justificativa do PL, citam tamb\u00e9m o caso da candidata Luciana Souza. \u201cEsse caso n\u00e3o \u00e9 isolado e reflete uma realidade enfrentada por muitos jovens brasileiros, especialmente aqueles em situa\u00e7\u00e3o de vulnerabilidade socioecon\u00f4mica. A situa\u00e7\u00e3o \u00e9 ainda mais grave para grupos historicamente marginalizados, como candidatos pretos, pardos, com defici\u00eancia, m\u00e3es, quilombolas, ind\u00edgenas, e outros\u201d.<\/p>\n<p>O Enem 2023 ser\u00e1 aplicado nos dias 5 e 12 de novembro. As notas das provas podem ser usadas para concorrer a vagas no ensino superior p\u00fablico, pelo Sistema de Sele\u00e7\u00e3o Unificada (Sisu), a bolsas de estudo em institui\u00e7\u00f5es privadas de ensino superior pelo Programa Universidade para Todos (ProUni) e a financiamentos do Fundo de Financiamento Estudantil (Fies).<\/p>\n<p>As notas tamb\u00e9m podem ser usadas para vagas em institui\u00e7\u00f5es estrangeiras que t\u00eam conv\u00eanio com o Instituto Nacional de Estudos e Pesquisas Educacionais An\u00edsio Teixeira (Inep).<\/p>\n<p><strong>Locais de prova<\/strong><br \/>\nEm nota, o Instituto Nacional de Estudos e Pesquisas Educacionais An\u00edsio Teixeira (Inep) afirma que todas as medidas necess\u00e1rias \u201cest\u00e3o sendo adotadas para garantir que os participantes inscritos fa\u00e7am as provas sem intercorr\u00eancias\u201d. A autarquia diz ainda que fiscaliza o trabalho do Cebraspe, institui\u00e7\u00e3o vencedora da licita\u00e7\u00e3o para aplica\u00e7\u00e3o da edi\u00e7\u00e3o, e atua para que a aplicadora adote todas as provid\u00eancias que garantam os direitos dos inscritos no Enem 2023.<\/p>\n<p>O Instituto acrescenta que monitora o trabalho e realiza um mapeamento ativo para \u201cassegurar o cumprimento das normas e protocolos do exame. Vale lembrar que n\u00e3o houve nenhuma mudan\u00e7a nos crit\u00e9rios de aloca\u00e7\u00e3o de participantes neste ano\u201d, diz a nota.<\/p>\n","protected":false},"excerpt":{"rendered":"<p>Parlamentares que comp\u00f5em a Bancada da Educa\u00e7\u00e3o apresentaram, na C\u00e2mara dos Deputados, um projeto de lei para garantir que todos os candidatos do Exame Nacional do Ensino M\u00e9dio (Enem) tenham acesso aos locais de prova. Caso n\u00e3o seja poss\u00edvel que o local seja perto da resid\u00eancia e nem haja transporte p\u00fablico dispon\u00edvel, o poder p\u00fablico [&hellip;]<\/p>\n","protected":false},"author":2,"featured_media":315628,"comment_status":"closed","ping_status":"closed","sticky":false,"template":"","format":"standard","meta":{"_acf_changed":false,"footnotes":""},"categories":[161],"tags":[],"class_list":["post-315627","post","type-post","status-publish","format-standard","has-post-thumbnail","hentry","category-quadradinho-em-foco"],"acf":[],"yoast_head":"<!-- This site is optimized with the Yoast SEO plugin v27.2 - https:\/\/yoast.com\/product\/yoast-seo-wordpress\/ -->\n<title>Projeto quer garantir acesso aos locais de provas do Enem - Notibras<\/title>\n<meta name=\"robots\" content=\"index, follow, max-snippet:-1, max-image-preview:large, max-video-preview:-1\" \/>\n<link rel=\"canonical\" href=\"https:\/\/www.notibras.com\/site\/projeto-quer-garantir-acesso-aos-locais-de-provas-do-enem\/\" \/>\n<meta property=\"og:locale\" content=\"pt_BR\" \/>\n<meta property=\"og:type\" content=\"article\" \/>\n<meta property=\"og:title\" content=\"Projeto quer garantir acesso aos locais de provas do Enem - Notibras\" \/>\n<meta property=\"og:description\" content=\"Parlamentares que comp\u00f5em a Bancada da Educa\u00e7\u00e3o apresentaram, na C\u00e2mara dos Deputados, um projeto de lei para garantir que todos os candidatos do Exame Nacional do Ensino M\u00e9dio (Enem) tenham acesso aos locais de prova. Caso n\u00e3o seja poss\u00edvel que o local seja perto da resid\u00eancia e nem haja transporte p\u00fablico dispon\u00edvel, o poder p\u00fablico [&hellip;]\" \/>\n<meta property=\"og:url\" content=\"https:\/\/www.notibras.com\/site\/projeto-quer-garantir-acesso-aos-locais-de-provas-do-enem\/\" \/>\n<meta property=\"og:site_name\" content=\"Notibras\" \/>\n<meta property=\"article:publisher\" content=\"https:\/\/www.facebook.com\/notibras\/\" \/>\n<meta property=\"article:published_time\" content=\"2023-10-28T11:18:33+00:00\" \/>\n<meta property=\"og:image\" content=\"https:\/\/www.notibras.com\/site\/wp-content\/uploads\/2023\/10\/enem.abr_.webp\" \/>\n\t<meta property=\"og:image:width\" content=\"1170\" \/>\n\t<meta property=\"og:image:height\" content=\"700\" \/>\n\t<meta property=\"og:image:type\" content=\"image\/webp\" \/>\n<meta name=\"author\" content=\"Reda\u00e7\u00e3o\" \/>\n<meta name=\"twitter:card\" content=\"summary_large_image\" \/>\n<meta name=\"twitter:creator\" content=\"@Notibras\" \/>\n<meta name=\"twitter:site\" content=\"@Notibras\" \/>\n<meta name=\"twitter:label1\" content=\"Escrito por\" \/>\n\t<meta name=\"twitter:data1\" content=\"Reda\u00e7\u00e3o\" \/>\n\t<meta name=\"twitter:label2\" content=\"Est. tempo de leitura\" \/>\n\t<meta name=\"twitter:data2\" content=\"4 minutos\" \/>\n<script type=\"application\/ld+json\" class=\"yoast-schema-graph\">{\"@context\":\"https:\/\/schema.org\",\"@graph\":[{\"@type\":\"Article\",\"@id\":\"https:\/\/www.notibras.com\/site\/projeto-quer-garantir-acesso-aos-locais-de-provas-do-enem\/#article\",\"isPartOf\":{\"@id\":\"https:\/\/www.notibras.com\/site\/projeto-quer-garantir-acesso-aos-locais-de-provas-do-enem\/\"},\"author\":{\"name\":\"Reda\u00e7\u00e3o\",\"@id\":\"https:\/\/www.notibras.com\/site\/#\/schema\/person\/36ab0979449956132d3e5b517ea76ac8\"},\"headline\":\"Projeto quer garantir acesso aos locais de provas do Enem\",\"datePublished\":\"2023-10-28T11:18:33+00:00\",\"mainEntityOfPage\":{\"@id\":\"https:\/\/www.notibras.com\/site\/projeto-quer-garantir-acesso-aos-locais-de-provas-do-enem\/\"},\"wordCount\":762,\"publisher\":{\"@id\":\"https:\/\/www.notibras.com\/site\/#organization\"},\"image\":{\"@id\":\"https:\/\/www.notibras.com\/site\/projeto-quer-garantir-acesso-aos-locais-de-provas-do-enem\/#primaryimage\"},\"thumbnailUrl\":\"https:\/\/www.notibras.com\/site\/wp-content\/uploads\/2023\/10\/enem.abr_.webp\",\"articleSection\":[\"Quadradinho em Foco\"],\"inLanguage\":\"pt-BR\"},{\"@type\":\"WebPage\",\"@id\":\"https:\/\/www.notibras.com\/site\/projeto-quer-garantir-acesso-aos-locais-de-provas-do-enem\/\",\"url\":\"https:\/\/www.notibras.com\/site\/projeto-quer-garantir-acesso-aos-locais-de-provas-do-enem\/\",\"name\":\"Projeto quer garantir acesso aos locais de provas do Enem - Notibras\",\"isPartOf\":{\"@id\":\"https:\/\/www.notibras.com\/site\/#website\"},\"primaryImageOfPage\":{\"@id\":\"https:\/\/www.notibras.com\/site\/projeto-quer-garantir-acesso-aos-locais-de-provas-do-enem\/#primaryimage\"},\"image\":{\"@id\":\"https:\/\/www.notibras.com\/site\/projeto-quer-garantir-acesso-aos-locais-de-provas-do-enem\/#primaryimage\"},\"thumbnailUrl\":\"https:\/\/www.notibras.com\/site\/wp-content\/uploads\/2023\/10\/enem.abr_.webp\",\"datePublished\":\"2023-10-28T11:18:33+00:00\",\"breadcrumb\":{\"@id\":\"https:\/\/www.notibras.com\/site\/projeto-quer-garantir-acesso-aos-locais-de-provas-do-enem\/#breadcrumb\"},\"inLanguage\":\"pt-BR\",\"potentialAction\":[{\"@type\":\"ReadAction\",\"target\":[\"https:\/\/www.notibras.com\/site\/projeto-quer-garantir-acesso-aos-locais-de-provas-do-enem\/\"]}]},{\"@type\":\"ImageObject\",\"inLanguage\":\"pt-BR\",\"@id\":\"https:\/\/www.notibras.com\/site\/projeto-quer-garantir-acesso-aos-locais-de-provas-do-enem\/#primaryimage\",\"url\":\"https:\/\/www.notibras.com\/site\/wp-content\/uploads\/2023\/10\/enem.abr_.webp\",\"contentUrl\":\"https:\/\/www.notibras.com\/site\/wp-content\/uploads\/2023\/10\/enem.abr_.webp\",\"width\":1170,\"height\":700},{\"@type\":\"BreadcrumbList\",\"@id\":\"https:\/\/www.notibras.com\/site\/projeto-quer-garantir-acesso-aos-locais-de-provas-do-enem\/#breadcrumb\",\"itemListElement\":[{\"@type\":\"ListItem\",\"position\":1,\"name\":\"In\u00edcio\",\"item\":\"https:\/\/www.notibras.com\/site\/\"},{\"@type\":\"ListItem\",\"position\":2,\"name\":\"Projeto quer garantir acesso aos locais de provas do Enem\"}]},{\"@type\":\"WebSite\",\"@id\":\"https:\/\/www.notibras.com\/site\/#website\",\"url\":\"https:\/\/www.notibras.com\/site\/\",\"name\":\"Notibras\",\"description\":\"Not\u00edcias de Bras\u00edlia, do Brasil e do Mundo\",\"publisher\":{\"@id\":\"https:\/\/www.notibras.com\/site\/#organization\"},\"potentialAction\":[{\"@type\":\"SearchAction\",\"target\":{\"@type\":\"EntryPoint\",\"urlTemplate\":\"https:\/\/www.notibras.com\/site\/?s={search_term_string}\"},\"query-input\":{\"@type\":\"PropertyValueSpecification\",\"valueRequired\":true,\"valueName\":\"search_term_string\"}}],\"inLanguage\":\"pt-BR\"},{\"@type\":\"Organization\",\"@id\":\"https:\/\/www.notibras.com\/site\/#organization\",\"name\":\"Grupo Notibras de Comunica\u00e7\u00e3o\",\"url\":\"https:\/\/www.notibras.com\/site\/\",\"logo\":{\"@type\":\"ImageObject\",\"inLanguage\":\"pt-BR\",\"@id\":\"https:\/\/www.notibras.com\/site\/#\/schema\/logo\/image\/\",\"url\":\"https:\/\/www.notibras.com\/site\/wp-content\/uploads\/2023\/01\/notibras23.png\",\"contentUrl\":\"https:\/\/www.notibras.com\/site\/wp-content\/uploads\/2023\/01\/notibras23.png\",\"width\":350,\"height\":87,\"caption\":\"Grupo Notibras de Comunica\u00e7\u00e3o\"},\"image\":{\"@id\":\"https:\/\/www.notibras.com\/site\/#\/schema\/logo\/image\/\"},\"sameAs\":[\"https:\/\/www.facebook.com\/notibras\/\",\"https:\/\/x.com\/Notibras\",\"https:\/\/www.instagram.com\/notibras\/\"]},{\"@type\":\"Person\",\"@id\":\"https:\/\/www.notibras.com\/site\/#\/schema\/person\/36ab0979449956132d3e5b517ea76ac8\",\"name\":\"Reda\u00e7\u00e3o\",\"image\":{\"@type\":\"ImageObject\",\"inLanguage\":\"pt-BR\",\"@id\":\"https:\/\/secure.gravatar.com\/avatar\/e0a867bdedb85fd243eadf09663511f96fc81e0720a4a42581f334ad4303aa6b?s=96&d=mm&r=g\",\"url\":\"https:\/\/secure.gravatar.com\/avatar\/e0a867bdedb85fd243eadf09663511f96fc81e0720a4a42581f334ad4303aa6b?s=96&d=mm&r=g\",\"contentUrl\":\"https:\/\/secure.gravatar.com\/avatar\/e0a867bdedb85fd243eadf09663511f96fc81e0720a4a42581f334ad4303aa6b?s=96&d=mm&r=g\",\"caption\":\"Reda\u00e7\u00e3o\"}}]}<\/script>\n<!-- \/ Yoast SEO plugin. -->","yoast_head_json":{"title":"Projeto quer garantir acesso aos locais de provas do Enem - Notibras","robots":{"index":"index","follow":"follow","max-snippet":"max-snippet:-1","max-image-preview":"max-image-preview:large","max-video-preview":"max-video-preview:-1"},"canonical":"https:\/\/www.notibras.com\/site\/projeto-quer-garantir-acesso-aos-locais-de-provas-do-enem\/","og_locale":"pt_BR","og_type":"article","og_title":"Projeto quer garantir acesso aos locais de provas do Enem - Notibras","og_description":"Parlamentares que comp\u00f5em a Bancada da Educa\u00e7\u00e3o apresentaram, na C\u00e2mara dos Deputados, um projeto de lei para garantir que todos os candidatos do Exame Nacional do Ensino M\u00e9dio (Enem) tenham acesso aos locais de prova. Caso n\u00e3o seja poss\u00edvel que o local seja perto da resid\u00eancia e nem haja transporte p\u00fablico dispon\u00edvel, o poder p\u00fablico [&hellip;]","og_url":"https:\/\/www.notibras.com\/site\/projeto-quer-garantir-acesso-aos-locais-de-provas-do-enem\/","og_site_name":"Notibras","article_publisher":"https:\/\/www.facebook.com\/notibras\/","article_published_time":"2023-10-28T11:18:33+00:00","og_image":[{"width":1170,"height":700,"url":"https:\/\/www.notibras.com\/site\/wp-content\/uploads\/2023\/10\/enem.abr_.webp","type":"image\/webp"}],"author":"Reda\u00e7\u00e3o","twitter_card":"summary_large_image","twitter_creator":"@Notibras","twitter_site":"@Notibras","twitter_misc":{"Escrito por":"Reda\u00e7\u00e3o","Est. tempo de leitura":"4 minutos"},"schema":{"@context":"https:\/\/schema.org","@graph":[{"@type":"Article","@id":"https:\/\/www.notibras.com\/site\/projeto-quer-garantir-acesso-aos-locais-de-provas-do-enem\/#article","isPartOf":{"@id":"https:\/\/www.notibras.com\/site\/projeto-quer-garantir-acesso-aos-locais-de-provas-do-enem\/"},"author":{"name":"Reda\u00e7\u00e3o","@id":"https:\/\/www.notibras.com\/site\/#\/schema\/person\/36ab0979449956132d3e5b517ea76ac8"},"headline":"Projeto quer garantir acesso aos locais de provas do Enem","datePublished":"2023-10-28T11:18:33+00:00","mainEntityOfPage":{"@id":"https:\/\/www.notibras.com\/site\/projeto-quer-garantir-acesso-aos-locais-de-provas-do-enem\/"},"wordCount":762,"publisher":{"@id":"https:\/\/www.notibras.com\/site\/#organization"},"image":{"@id":"https:\/\/www.notibras.com\/site\/projeto-quer-garantir-acesso-aos-locais-de-provas-do-enem\/#primaryimage"},"thumbnailUrl":"https:\/\/www.notibras.com\/site\/wp-content\/uploads\/2023\/10\/enem.abr_.webp","articleSection":["Quadradinho em Foco"],"inLanguage":"pt-BR"},{"@type":"WebPage","@id":"https:\/\/www.notibras.com\/site\/projeto-quer-garantir-acesso-aos-locais-de-provas-do-enem\/","url":"https:\/\/www.notibras.com\/site\/projeto-quer-garantir-acesso-aos-locais-de-provas-do-enem\/","name":"Projeto quer garantir acesso aos locais de provas do Enem - Notibras","isPartOf":{"@id":"https:\/\/www.notibras.com\/site\/#website"},"primaryImageOfPage":{"@id":"https:\/\/www.notibras.com\/site\/projeto-quer-garantir-acesso-aos-locais-de-provas-do-enem\/#primaryimage"},"image":{"@id":"https:\/\/www.notibras.com\/site\/projeto-quer-garantir-acesso-aos-locais-de-provas-do-enem\/#primaryimage"},"thumbnailUrl":"https:\/\/www.notibras.com\/site\/wp-content\/uploads\/2023\/10\/enem.abr_.webp","datePublished":"2023-10-28T11:18:33+00:00","breadcrumb":{"@id":"https:\/\/www.notibras.com\/site\/projeto-quer-garantir-acesso-aos-locais-de-provas-do-enem\/#breadcrumb"},"inLanguage":"pt-BR","potentialAction":[{"@type":"ReadAction","target":["https:\/\/www.notibras.com\/site\/projeto-quer-garantir-acesso-aos-locais-de-provas-do-enem\/"]}]},{"@type":"ImageObject","inLanguage":"pt-BR","@id":"https:\/\/www.notibras.com\/site\/projeto-quer-garantir-acesso-aos-locais-de-provas-do-enem\/#primaryimage","url":"https:\/\/www.notibras.com\/site\/wp-content\/uploads\/2023\/10\/enem.abr_.webp","contentUrl":"https:\/\/www.notibras.com\/site\/wp-content\/uploads\/2023\/10\/enem.abr_.webp","width":1170,"height":700},{"@type":"BreadcrumbList","@id":"https:\/\/www.notibras.com\/site\/projeto-quer-garantir-acesso-aos-locais-de-provas-do-enem\/#breadcrumb","itemListElement":[{"@type":"ListItem","position":1,"name":"In\u00edcio","item":"https:\/\/www.notibras.com\/site\/"},{"@type":"ListItem","position":2,"name":"Projeto quer garantir acesso aos locais de provas do Enem"}]},{"@type":"WebSite","@id":"https:\/\/www.notibras.com\/site\/#website","url":"https:\/\/www.notibras.com\/site\/","name":"Notibras","description":"Not\u00edcias de Bras\u00edlia, do Brasil e do Mundo","publisher":{"@id":"https:\/\/www.notibras.com\/site\/#organization"},"potentialAction":[{"@type":"SearchAction","target":{"@type":"EntryPoint","urlTemplate":"https:\/\/www.notibras.com\/site\/?s={search_term_string}"},"query-input":{"@type":"PropertyValueSpecification","valueRequired":true,"valueName":"search_term_string"}}],"inLanguage":"pt-BR"},{"@type":"Organization","@id":"https:\/\/www.notibras.com\/site\/#organization","name":"Grupo Notibras de Comunica\u00e7\u00e3o","url":"https:\/\/www.notibras.com\/site\/","logo":{"@type":"ImageObject","inLanguage":"pt-BR","@id":"https:\/\/www.notibras.com\/site\/#\/schema\/logo\/image\/","url":"https:\/\/www.notibras.com\/site\/wp-content\/uploads\/2023\/01\/notibras23.png","contentUrl":"https:\/\/www.notibras.com\/site\/wp-content\/uploads\/2023\/01\/notibras23.png","width":350,"height":87,"caption":"Grupo Notibras de Comunica\u00e7\u00e3o"},"image":{"@id":"https:\/\/www.notibras.com\/site\/#\/schema\/logo\/image\/"},"sameAs":["https:\/\/www.facebook.com\/notibras\/","https:\/\/x.com\/Notibras","https:\/\/www.instagram.com\/notibras\/"]},{"@type":"Person","@id":"https:\/\/www.notibras.com\/site\/#\/schema\/person\/36ab0979449956132d3e5b517ea76ac8","name":"Reda\u00e7\u00e3o","image":{"@type":"ImageObject","inLanguage":"pt-BR","@id":"https:\/\/secure.gravatar.com\/avatar\/e0a867bdedb85fd243eadf09663511f96fc81e0720a4a42581f334ad4303aa6b?s=96&d=mm&r=g","url":"https:\/\/secure.gravatar.com\/avatar\/e0a867bdedb85fd243eadf09663511f96fc81e0720a4a42581f334ad4303aa6b?s=96&d=mm&r=g","contentUrl":"https:\/\/secure.gravatar.com\/avatar\/e0a867bdedb85fd243eadf09663511f96fc81e0720a4a42581f334ad4303aa6b?s=96&d=mm&r=g","caption":"Reda\u00e7\u00e3o"}}]}},"amp_enabled":true,"_links":{"self":[{"href":"https:\/\/www.notibras.com\/site\/wp-json\/wp\/v2\/posts\/315627","targetHints":{"allow":["GET"]}}],"collection":[{"href":"https:\/\/www.notibras.com\/site\/wp-json\/wp\/v2\/posts"}],"about":[{"href":"https:\/\/www.notibras.com\/site\/wp-json\/wp\/v2\/types\/post"}],"author":[{"embeddable":true,"href":"https:\/\/www.notibras.com\/site\/wp-json\/wp\/v2\/users\/2"}],"replies":[{"embeddable":true,"href":"https:\/\/www.notibras.com\/site\/wp-json\/wp\/v2\/comments?post=315627"}],"version-history":[{"count":1,"href":"https:\/\/www.notibras.com\/site\/wp-json\/wp\/v2\/posts\/315627\/revisions"}],"predecessor-version":[{"id":315629,"href":"https:\/\/www.notibras.com\/site\/wp-json\/wp\/v2\/posts\/315627\/revisions\/315629"}],"wp:featuredmedia":[{"embeddable":true,"href":"https:\/\/www.notibras.com\/site\/wp-json\/wp\/v2\/media\/315628"}],"wp:attachment":[{"href":"https:\/\/www.notibras.com\/site\/wp-json\/wp\/v2\/media?parent=315627"}],"wp:term":[{"taxonomy":"category","embeddable":true,"href":"https:\/\/www.notibras.com\/site\/wp-json\/wp\/v2\/categories?post=315627"},{"taxonomy":"post_tag","embeddable":true,"href":"https:\/\/www.notibras.com\/site\/wp-json\/wp\/v2\/tags?post=315627"}],"curies":[{"name":"wp","href":"https:\/\/api.w.org\/{rel}","templated":true}]}}