{"id":315630,"date":"2023-10-28T00:21:26","date_gmt":"2023-10-28T03:21:26","guid":{"rendered":"https:\/\/www.notibras.com\/site\/?p=315630"},"modified":"2023-10-28T08:23:16","modified_gmt":"2023-10-28T11:23:16","slug":"operacao-resgata-53-trabalhadores-em-situacao-de-escravidao","status":"publish","type":"post","link":"https:\/\/www.notibras.com\/site\/operacao-resgata-53-trabalhadores-em-situacao-de-escravidao\/","title":{"rendered":"Opera\u00e7\u00e3o resgata 53 trabalhadores em situa\u00e7\u00e3o de escravid\u00e3o"},"content":{"rendered":"<p>Auditores fiscais do Minist\u00e9rio do Trabalho e Emprego resgataram 53 cortadores de cana-de-a\u00e7\u00facar em condi\u00e7\u00f5es de trabalho an\u00e1logas \u00e0 escravid\u00e3o no munic\u00edpio de Inhumas (GO). Os trabalhadores foram localizados no \u00e2mbito da Opera\u00e7\u00e3o Cana Queimada, que envolveu, ainda, agentes do Minist\u00e9rio P\u00fablico do Trabalho (MPT), Minist\u00e9rio P\u00fablico Federal (MPF) e da Pol\u00edcia Rodovi\u00e1ria Federal (PRF).<\/p>\n<p>Para recrutar os trabalhadores, figuras chamadas, no contexto, de &#8220;gatos&#8221; atuavam nos estados do Maranh\u00e3o, Piau\u00ed e Bahia. Os aliciadores ganhavam R$ 43 mensais por cada trabalhador que conseguiam atrair para os empregadores.<\/p>\n<p>Os trabalhadores eram obrigados a alugar um lugar onde morar em cidades goianas pr\u00f3ximas a Inhumas, como Ara\u00e7u e Itabera\u00ed. Ap\u00f3s garantir a moradia, tinham que apresentar um comprovante de endere\u00e7o aos empregadores, para que fossem tratados como moradores da regi\u00e3o, o que livrava os patr\u00f5es de fornecer alojamento e alimenta\u00e7\u00e3o.<\/p>\n<p>Os im\u00f3veis onde dormiam eram antigos e sem ventila\u00e7\u00e3o, n\u00e3o dispondo de camas e, em alguns casos, nem sequer de colch\u00f5es. Nos barracos, tamb\u00e9m n\u00e3o havia cozinha.<\/p>\n<p>Durante o expediente, tamb\u00e9m faltavam banheiros dispon\u00edveis aos trabalhadores. Outra irregularidade vista pelos auditores fiscais foi a aus\u00eancia de pausas para descanso e de equipamentos de prote\u00e7\u00e3o individual em boas condi\u00e7\u00f5es de uso.<\/p>\n<p>Os representantes da empresa que contratou os trabalhadores, cujo nome n\u00e3o foi revelado, receberam notifica\u00e7\u00e3o dos auditores fiscais do trabalho para que providenciem rescis\u00e3o e coloquem em dia todas as verbas rescis\u00f3rias, que totalizam R$ 950 mil. Como a empresa se recusou a pagar a quantia devida, ser\u00e1 necess\u00e1rio que se garanta a medida por meio da Justi\u00e7a, atrav\u00e9s de processo a ser movido pelo MPT.<\/p>\n<p>As v\u00edtimas ganharam passagens de \u00f4nibus, compradas com recursos da Uni\u00e3o, para poder retornar \u00e0s suas cidades de origem, e foram cadastradas no sistema de \u201cseguro-desemprego de trabalhador resgatado\u201d, o que possibilita que recebam tr\u00eas parcelas de um sal\u00e1rio m\u00ednimo cada, conforme determina a lei. Os bilhetes foram adquiridos pelos auditores fiscais.<\/p>\n<p>A empresa que explorou os trabalhadores ser\u00e1 autuada por todas as infra\u00e7\u00f5es constatadas pela equipe de fiscaliza\u00e7\u00e3o e pode ter o nome inserido na lista de empregadores que submetem seus empregados a condi\u00e7\u00f5es an\u00e1logas \u00e0s de escravid\u00e3o. Al\u00e9m disso, os respons\u00e1veis podem responder criminalmente, por promover \u201credu\u00e7\u00e3o \u00e0 condi\u00e7\u00e3o an\u00e1loga \u00e0 de escravo\u201d, crime cuja pena pode chegar a at\u00e9 oito anos de pris\u00e3o e multa.<\/p>\n","protected":false},"excerpt":{"rendered":"<p>Auditores fiscais do Minist\u00e9rio do Trabalho e Emprego resgataram 53 cortadores de cana-de-a\u00e7\u00facar em condi\u00e7\u00f5es de trabalho an\u00e1logas \u00e0 escravid\u00e3o no munic\u00edpio de Inhumas (GO). Os trabalhadores foram localizados no \u00e2mbito da Opera\u00e7\u00e3o Cana Queimada, que envolveu, ainda, agentes do Minist\u00e9rio P\u00fablico do Trabalho (MPT), Minist\u00e9rio P\u00fablico Federal (MPF) e da Pol\u00edcia Rodovi\u00e1ria Federal (PRF). [&hellip;]<\/p>\n","protected":false},"author":2,"featured_media":315631,"comment_status":"closed","ping_status":"closed","sticky":false,"template":"","format":"standard","meta":{"_acf_changed":false,"footnotes":""},"categories":[161],"tags":[],"class_list":["post-315630","post","type-post","status-publish","format-standard","has-post-thumbnail","hentry","category-quadradinho-em-foco"],"acf":[],"yoast_head":"<!-- This site is optimized with the Yoast SEO plugin v27.2 - https:\/\/yoast.com\/product\/yoast-seo-wordpress\/ -->\n<title>Opera\u00e7\u00e3o resgata 53 trabalhadores em situa\u00e7\u00e3o de escravid\u00e3o - Notibras<\/title>\n<meta name=\"robots\" content=\"index, follow, max-snippet:-1, max-image-preview:large, max-video-preview:-1\" \/>\n<link rel=\"canonical\" href=\"https:\/\/www.notibras.com\/site\/operacao-resgata-53-trabalhadores-em-situacao-de-escravidao\/\" \/>\n<meta property=\"og:locale\" content=\"pt_BR\" \/>\n<meta property=\"og:type\" content=\"article\" \/>\n<meta property=\"og:title\" content=\"Opera\u00e7\u00e3o resgata 53 trabalhadores em situa\u00e7\u00e3o de escravid\u00e3o - Notibras\" \/>\n<meta property=\"og:description\" content=\"Auditores fiscais do Minist\u00e9rio do Trabalho e Emprego resgataram 53 cortadores de cana-de-a\u00e7\u00facar em condi\u00e7\u00f5es de trabalho an\u00e1logas \u00e0 escravid\u00e3o no munic\u00edpio de Inhumas (GO). Os trabalhadores foram localizados no \u00e2mbito da Opera\u00e7\u00e3o Cana Queimada, que envolveu, ainda, agentes do Minist\u00e9rio P\u00fablico do Trabalho (MPT), Minist\u00e9rio P\u00fablico Federal (MPF) e da Pol\u00edcia Rodovi\u00e1ria Federal (PRF). [&hellip;]\" \/>\n<meta property=\"og:url\" content=\"https:\/\/www.notibras.com\/site\/operacao-resgata-53-trabalhadores-em-situacao-de-escravidao\/\" \/>\n<meta property=\"og:site_name\" content=\"Notibras\" \/>\n<meta property=\"article:publisher\" content=\"https:\/\/www.facebook.com\/notibras\/\" \/>\n<meta property=\"article:published_time\" content=\"2023-10-28T03:21:26+00:00\" \/>\n<meta property=\"article:modified_time\" content=\"2023-10-28T11:23:16+00:00\" \/>\n<meta property=\"og:image\" content=\"https:\/\/www.notibras.com\/site\/wp-content\/uploads\/2023\/10\/image_6487327.jpg\" \/>\n\t<meta property=\"og:image:width\" content=\"1170\" \/>\n\t<meta property=\"og:image:height\" content=\"700\" \/>\n\t<meta property=\"og:image:type\" content=\"image\/jpeg\" \/>\n<meta name=\"author\" content=\"Reda\u00e7\u00e3o\" \/>\n<meta name=\"twitter:card\" content=\"summary_large_image\" \/>\n<meta name=\"twitter:creator\" content=\"@Notibras\" \/>\n<meta name=\"twitter:site\" content=\"@Notibras\" \/>\n<meta name=\"twitter:label1\" content=\"Escrito por\" \/>\n\t<meta name=\"twitter:data1\" content=\"Reda\u00e7\u00e3o\" \/>\n\t<meta name=\"twitter:label2\" content=\"Est. tempo de leitura\" \/>\n\t<meta name=\"twitter:data2\" content=\"3 minutos\" \/>\n<script type=\"application\/ld+json\" class=\"yoast-schema-graph\">{\"@context\":\"https:\/\/schema.org\",\"@graph\":[{\"@type\":\"Article\",\"@id\":\"https:\/\/www.notibras.com\/site\/operacao-resgata-53-trabalhadores-em-situacao-de-escravidao\/#article\",\"isPartOf\":{\"@id\":\"https:\/\/www.notibras.com\/site\/operacao-resgata-53-trabalhadores-em-situacao-de-escravidao\/\"},\"author\":{\"name\":\"Reda\u00e7\u00e3o\",\"@id\":\"https:\/\/www.notibras.com\/site\/#\/schema\/person\/36ab0979449956132d3e5b517ea76ac8\"},\"headline\":\"Opera\u00e7\u00e3o resgata 53 trabalhadores em situa\u00e7\u00e3o de escravid\u00e3o\",\"datePublished\":\"2023-10-28T03:21:26+00:00\",\"dateModified\":\"2023-10-28T11:23:16+00:00\",\"mainEntityOfPage\":{\"@id\":\"https:\/\/www.notibras.com\/site\/operacao-resgata-53-trabalhadores-em-situacao-de-escravidao\/\"},\"wordCount\":442,\"publisher\":{\"@id\":\"https:\/\/www.notibras.com\/site\/#organization\"},\"image\":{\"@id\":\"https:\/\/www.notibras.com\/site\/operacao-resgata-53-trabalhadores-em-situacao-de-escravidao\/#primaryimage\"},\"thumbnailUrl\":\"https:\/\/www.notibras.com\/site\/wp-content\/uploads\/2023\/10\/image_6487327.jpg\",\"articleSection\":[\"Quadradinho em Foco\"],\"inLanguage\":\"pt-BR\"},{\"@type\":\"WebPage\",\"@id\":\"https:\/\/www.notibras.com\/site\/operacao-resgata-53-trabalhadores-em-situacao-de-escravidao\/\",\"url\":\"https:\/\/www.notibras.com\/site\/operacao-resgata-53-trabalhadores-em-situacao-de-escravidao\/\",\"name\":\"Opera\u00e7\u00e3o resgata 53 trabalhadores em situa\u00e7\u00e3o de escravid\u00e3o - Notibras\",\"isPartOf\":{\"@id\":\"https:\/\/www.notibras.com\/site\/#website\"},\"primaryImageOfPage\":{\"@id\":\"https:\/\/www.notibras.com\/site\/operacao-resgata-53-trabalhadores-em-situacao-de-escravidao\/#primaryimage\"},\"image\":{\"@id\":\"https:\/\/www.notibras.com\/site\/operacao-resgata-53-trabalhadores-em-situacao-de-escravidao\/#primaryimage\"},\"thumbnailUrl\":\"https:\/\/www.notibras.com\/site\/wp-content\/uploads\/2023\/10\/image_6487327.jpg\",\"datePublished\":\"2023-10-28T03:21:26+00:00\",\"dateModified\":\"2023-10-28T11:23:16+00:00\",\"breadcrumb\":{\"@id\":\"https:\/\/www.notibras.com\/site\/operacao-resgata-53-trabalhadores-em-situacao-de-escravidao\/#breadcrumb\"},\"inLanguage\":\"pt-BR\",\"potentialAction\":[{\"@type\":\"ReadAction\",\"target\":[\"https:\/\/www.notibras.com\/site\/operacao-resgata-53-trabalhadores-em-situacao-de-escravidao\/\"]}]},{\"@type\":\"ImageObject\",\"inLanguage\":\"pt-BR\",\"@id\":\"https:\/\/www.notibras.com\/site\/operacao-resgata-53-trabalhadores-em-situacao-de-escravidao\/#primaryimage\",\"url\":\"https:\/\/www.notibras.com\/site\/wp-content\/uploads\/2023\/10\/image_6487327.jpg\",\"contentUrl\":\"https:\/\/www.notibras.com\/site\/wp-content\/uploads\/2023\/10\/image_6487327.jpg\",\"width\":1170,\"height\":700,\"caption\":\"Bom Jardim de MInas (MG) 05.03.2023 - Opera\u00e7\u00e3o resgata tr\u00eas trabalhadores em condi\u00e7\u00f5es an\u00e1logas \u00e0 escravid\u00e3ono S\u00edtio Serra Verde, em Bom Jardim de Minas (MG). Foto: Minst\u00e9rio do Trabalho\/Divulga\u00e7\u00e3o\"},{\"@type\":\"BreadcrumbList\",\"@id\":\"https:\/\/www.notibras.com\/site\/operacao-resgata-53-trabalhadores-em-situacao-de-escravidao\/#breadcrumb\",\"itemListElement\":[{\"@type\":\"ListItem\",\"position\":1,\"name\":\"In\u00edcio\",\"item\":\"https:\/\/www.notibras.com\/site\/\"},{\"@type\":\"ListItem\",\"position\":2,\"name\":\"Opera\u00e7\u00e3o resgata 53 trabalhadores em situa\u00e7\u00e3o de escravid\u00e3o\"}]},{\"@type\":\"WebSite\",\"@id\":\"https:\/\/www.notibras.com\/site\/#website\",\"url\":\"https:\/\/www.notibras.com\/site\/\",\"name\":\"Notibras\",\"description\":\"Not\u00edcias de Bras\u00edlia, do Brasil e do Mundo\",\"publisher\":{\"@id\":\"https:\/\/www.notibras.com\/site\/#organization\"},\"potentialAction\":[{\"@type\":\"SearchAction\",\"target\":{\"@type\":\"EntryPoint\",\"urlTemplate\":\"https:\/\/www.notibras.com\/site\/?s={search_term_string}\"},\"query-input\":{\"@type\":\"PropertyValueSpecification\",\"valueRequired\":true,\"valueName\":\"search_term_string\"}}],\"inLanguage\":\"pt-BR\"},{\"@type\":\"Organization\",\"@id\":\"https:\/\/www.notibras.com\/site\/#organization\",\"name\":\"Grupo Notibras de Comunica\u00e7\u00e3o\",\"url\":\"https:\/\/www.notibras.com\/site\/\",\"logo\":{\"@type\":\"ImageObject\",\"inLanguage\":\"pt-BR\",\"@id\":\"https:\/\/www.notibras.com\/site\/#\/schema\/logo\/image\/\",\"url\":\"https:\/\/www.notibras.com\/site\/wp-content\/uploads\/2023\/01\/notibras23.png\",\"contentUrl\":\"https:\/\/www.notibras.com\/site\/wp-content\/uploads\/2023\/01\/notibras23.png\",\"width\":350,\"height\":87,\"caption\":\"Grupo Notibras de Comunica\u00e7\u00e3o\"},\"image\":{\"@id\":\"https:\/\/www.notibras.com\/site\/#\/schema\/logo\/image\/\"},\"sameAs\":[\"https:\/\/www.facebook.com\/notibras\/\",\"https:\/\/x.com\/Notibras\",\"https:\/\/www.instagram.com\/notibras\/\"]},{\"@type\":\"Person\",\"@id\":\"https:\/\/www.notibras.com\/site\/#\/schema\/person\/36ab0979449956132d3e5b517ea76ac8\",\"name\":\"Reda\u00e7\u00e3o\",\"image\":{\"@type\":\"ImageObject\",\"inLanguage\":\"pt-BR\",\"@id\":\"https:\/\/secure.gravatar.com\/avatar\/e0a867bdedb85fd243eadf09663511f96fc81e0720a4a42581f334ad4303aa6b?s=96&d=mm&r=g\",\"url\":\"https:\/\/secure.gravatar.com\/avatar\/e0a867bdedb85fd243eadf09663511f96fc81e0720a4a42581f334ad4303aa6b?s=96&d=mm&r=g\",\"contentUrl\":\"https:\/\/secure.gravatar.com\/avatar\/e0a867bdedb85fd243eadf09663511f96fc81e0720a4a42581f334ad4303aa6b?s=96&d=mm&r=g\",\"caption\":\"Reda\u00e7\u00e3o\"}}]}<\/script>\n<!-- \/ Yoast SEO plugin. -->","yoast_head_json":{"title":"Opera\u00e7\u00e3o resgata 53 trabalhadores em situa\u00e7\u00e3o de escravid\u00e3o - Notibras","robots":{"index":"index","follow":"follow","max-snippet":"max-snippet:-1","max-image-preview":"max-image-preview:large","max-video-preview":"max-video-preview:-1"},"canonical":"https:\/\/www.notibras.com\/site\/operacao-resgata-53-trabalhadores-em-situacao-de-escravidao\/","og_locale":"pt_BR","og_type":"article","og_title":"Opera\u00e7\u00e3o resgata 53 trabalhadores em situa\u00e7\u00e3o de escravid\u00e3o - Notibras","og_description":"Auditores fiscais do Minist\u00e9rio do Trabalho e Emprego resgataram 53 cortadores de cana-de-a\u00e7\u00facar em condi\u00e7\u00f5es de trabalho an\u00e1logas \u00e0 escravid\u00e3o no munic\u00edpio de Inhumas (GO). Os trabalhadores foram localizados no \u00e2mbito da Opera\u00e7\u00e3o Cana Queimada, que envolveu, ainda, agentes do Minist\u00e9rio P\u00fablico do Trabalho (MPT), Minist\u00e9rio P\u00fablico Federal (MPF) e da Pol\u00edcia Rodovi\u00e1ria Federal (PRF). [&hellip;]","og_url":"https:\/\/www.notibras.com\/site\/operacao-resgata-53-trabalhadores-em-situacao-de-escravidao\/","og_site_name":"Notibras","article_publisher":"https:\/\/www.facebook.com\/notibras\/","article_published_time":"2023-10-28T03:21:26+00:00","article_modified_time":"2023-10-28T11:23:16+00:00","og_image":[{"width":1170,"height":700,"url":"https:\/\/www.notibras.com\/site\/wp-content\/uploads\/2023\/10\/image_6487327.jpg","type":"image\/jpeg"}],"author":"Reda\u00e7\u00e3o","twitter_card":"summary_large_image","twitter_creator":"@Notibras","twitter_site":"@Notibras","twitter_misc":{"Escrito por":"Reda\u00e7\u00e3o","Est. tempo de leitura":"3 minutos"},"schema":{"@context":"https:\/\/schema.org","@graph":[{"@type":"Article","@id":"https:\/\/www.notibras.com\/site\/operacao-resgata-53-trabalhadores-em-situacao-de-escravidao\/#article","isPartOf":{"@id":"https:\/\/www.notibras.com\/site\/operacao-resgata-53-trabalhadores-em-situacao-de-escravidao\/"},"author":{"name":"Reda\u00e7\u00e3o","@id":"https:\/\/www.notibras.com\/site\/#\/schema\/person\/36ab0979449956132d3e5b517ea76ac8"},"headline":"Opera\u00e7\u00e3o resgata 53 trabalhadores em situa\u00e7\u00e3o de escravid\u00e3o","datePublished":"2023-10-28T03:21:26+00:00","dateModified":"2023-10-28T11:23:16+00:00","mainEntityOfPage":{"@id":"https:\/\/www.notibras.com\/site\/operacao-resgata-53-trabalhadores-em-situacao-de-escravidao\/"},"wordCount":442,"publisher":{"@id":"https:\/\/www.notibras.com\/site\/#organization"},"image":{"@id":"https:\/\/www.notibras.com\/site\/operacao-resgata-53-trabalhadores-em-situacao-de-escravidao\/#primaryimage"},"thumbnailUrl":"https:\/\/www.notibras.com\/site\/wp-content\/uploads\/2023\/10\/image_6487327.jpg","articleSection":["Quadradinho em Foco"],"inLanguage":"pt-BR"},{"@type":"WebPage","@id":"https:\/\/www.notibras.com\/site\/operacao-resgata-53-trabalhadores-em-situacao-de-escravidao\/","url":"https:\/\/www.notibras.com\/site\/operacao-resgata-53-trabalhadores-em-situacao-de-escravidao\/","name":"Opera\u00e7\u00e3o resgata 53 trabalhadores em situa\u00e7\u00e3o de escravid\u00e3o - Notibras","isPartOf":{"@id":"https:\/\/www.notibras.com\/site\/#website"},"primaryImageOfPage":{"@id":"https:\/\/www.notibras.com\/site\/operacao-resgata-53-trabalhadores-em-situacao-de-escravidao\/#primaryimage"},"image":{"@id":"https:\/\/www.notibras.com\/site\/operacao-resgata-53-trabalhadores-em-situacao-de-escravidao\/#primaryimage"},"thumbnailUrl":"https:\/\/www.notibras.com\/site\/wp-content\/uploads\/2023\/10\/image_6487327.jpg","datePublished":"2023-10-28T03:21:26+00:00","dateModified":"2023-10-28T11:23:16+00:00","breadcrumb":{"@id":"https:\/\/www.notibras.com\/site\/operacao-resgata-53-trabalhadores-em-situacao-de-escravidao\/#breadcrumb"},"inLanguage":"pt-BR","potentialAction":[{"@type":"ReadAction","target":["https:\/\/www.notibras.com\/site\/operacao-resgata-53-trabalhadores-em-situacao-de-escravidao\/"]}]},{"@type":"ImageObject","inLanguage":"pt-BR","@id":"https:\/\/www.notibras.com\/site\/operacao-resgata-53-trabalhadores-em-situacao-de-escravidao\/#primaryimage","url":"https:\/\/www.notibras.com\/site\/wp-content\/uploads\/2023\/10\/image_6487327.jpg","contentUrl":"https:\/\/www.notibras.com\/site\/wp-content\/uploads\/2023\/10\/image_6487327.jpg","width":1170,"height":700,"caption":"Bom Jardim de MInas (MG) 05.03.2023 - Opera\u00e7\u00e3o resgata tr\u00eas trabalhadores em condi\u00e7\u00f5es an\u00e1logas \u00e0 escravid\u00e3ono S\u00edtio Serra Verde, em Bom Jardim de Minas (MG). Foto: Minst\u00e9rio do Trabalho\/Divulga\u00e7\u00e3o"},{"@type":"BreadcrumbList","@id":"https:\/\/www.notibras.com\/site\/operacao-resgata-53-trabalhadores-em-situacao-de-escravidao\/#breadcrumb","itemListElement":[{"@type":"ListItem","position":1,"name":"In\u00edcio","item":"https:\/\/www.notibras.com\/site\/"},{"@type":"ListItem","position":2,"name":"Opera\u00e7\u00e3o resgata 53 trabalhadores em situa\u00e7\u00e3o de escravid\u00e3o"}]},{"@type":"WebSite","@id":"https:\/\/www.notibras.com\/site\/#website","url":"https:\/\/www.notibras.com\/site\/","name":"Notibras","description":"Not\u00edcias de Bras\u00edlia, do Brasil e do Mundo","publisher":{"@id":"https:\/\/www.notibras.com\/site\/#organization"},"potentialAction":[{"@type":"SearchAction","target":{"@type":"EntryPoint","urlTemplate":"https:\/\/www.notibras.com\/site\/?s={search_term_string}"},"query-input":{"@type":"PropertyValueSpecification","valueRequired":true,"valueName":"search_term_string"}}],"inLanguage":"pt-BR"},{"@type":"Organization","@id":"https:\/\/www.notibras.com\/site\/#organization","name":"Grupo Notibras de Comunica\u00e7\u00e3o","url":"https:\/\/www.notibras.com\/site\/","logo":{"@type":"ImageObject","inLanguage":"pt-BR","@id":"https:\/\/www.notibras.com\/site\/#\/schema\/logo\/image\/","url":"https:\/\/www.notibras.com\/site\/wp-content\/uploads\/2023\/01\/notibras23.png","contentUrl":"https:\/\/www.notibras.com\/site\/wp-content\/uploads\/2023\/01\/notibras23.png","width":350,"height":87,"caption":"Grupo Notibras de Comunica\u00e7\u00e3o"},"image":{"@id":"https:\/\/www.notibras.com\/site\/#\/schema\/logo\/image\/"},"sameAs":["https:\/\/www.facebook.com\/notibras\/","https:\/\/x.com\/Notibras","https:\/\/www.instagram.com\/notibras\/"]},{"@type":"Person","@id":"https:\/\/www.notibras.com\/site\/#\/schema\/person\/36ab0979449956132d3e5b517ea76ac8","name":"Reda\u00e7\u00e3o","image":{"@type":"ImageObject","inLanguage":"pt-BR","@id":"https:\/\/secure.gravatar.com\/avatar\/e0a867bdedb85fd243eadf09663511f96fc81e0720a4a42581f334ad4303aa6b?s=96&d=mm&r=g","url":"https:\/\/secure.gravatar.com\/avatar\/e0a867bdedb85fd243eadf09663511f96fc81e0720a4a42581f334ad4303aa6b?s=96&d=mm&r=g","contentUrl":"https:\/\/secure.gravatar.com\/avatar\/e0a867bdedb85fd243eadf09663511f96fc81e0720a4a42581f334ad4303aa6b?s=96&d=mm&r=g","caption":"Reda\u00e7\u00e3o"}}]}},"amp_enabled":true,"_links":{"self":[{"href":"https:\/\/www.notibras.com\/site\/wp-json\/wp\/v2\/posts\/315630","targetHints":{"allow":["GET"]}}],"collection":[{"href":"https:\/\/www.notibras.com\/site\/wp-json\/wp\/v2\/posts"}],"about":[{"href":"https:\/\/www.notibras.com\/site\/wp-json\/wp\/v2\/types\/post"}],"author":[{"embeddable":true,"href":"https:\/\/www.notibras.com\/site\/wp-json\/wp\/v2\/users\/2"}],"replies":[{"embeddable":true,"href":"https:\/\/www.notibras.com\/site\/wp-json\/wp\/v2\/comments?post=315630"}],"version-history":[{"count":1,"href":"https:\/\/www.notibras.com\/site\/wp-json\/wp\/v2\/posts\/315630\/revisions"}],"predecessor-version":[{"id":315632,"href":"https:\/\/www.notibras.com\/site\/wp-json\/wp\/v2\/posts\/315630\/revisions\/315632"}],"wp:featuredmedia":[{"embeddable":true,"href":"https:\/\/www.notibras.com\/site\/wp-json\/wp\/v2\/media\/315631"}],"wp:attachment":[{"href":"https:\/\/www.notibras.com\/site\/wp-json\/wp\/v2\/media?parent=315630"}],"wp:term":[{"taxonomy":"category","embeddable":true,"href":"https:\/\/www.notibras.com\/site\/wp-json\/wp\/v2\/categories?post=315630"},{"taxonomy":"post_tag","embeddable":true,"href":"https:\/\/www.notibras.com\/site\/wp-json\/wp\/v2\/tags?post=315630"}],"curies":[{"name":"wp","href":"https:\/\/api.w.org\/{rel}","templated":true}]}}