{"id":315633,"date":"2023-10-28T00:27:01","date_gmt":"2023-10-28T03:27:01","guid":{"rendered":"https:\/\/www.notibras.com\/site\/?p=315633"},"modified":"2023-10-28T08:29:00","modified_gmt":"2023-10-28T11:29:00","slug":"barroso-diz-que-educacao-e-caminho-contra-criminalidade","status":"publish","type":"post","link":"https:\/\/www.notibras.com\/site\/barroso-diz-que-educacao-e-caminho-contra-criminalidade\/","title":{"rendered":"Barroso diz que educa\u00e7\u00e3o \u00e9 caminho contra criminalidade"},"content":{"rendered":"<p>O presidente do Supremo Tribunal Federal (STF) e do Conselho Nacional de Justi\u00e7a (CNJ), ministro Lu\u00eds Roberto Barroso, disse nesta sexta-feira (27) que a educa\u00e7\u00e3o \u00e9 o que faz diferen\u00e7a na vida das pessoas. Ele destacou que 57% dos internos no sistema penitenci\u00e1rio n\u00e3o completaram o ensino fundamental.<\/p>\n<p>\u201cPortanto, h\u00e1 uma conex\u00e3o direta entre baixa escolaridade e presen\u00e7a no sistema prisional. O mais importante para combater a criminalidade e o encarceramento \u00e9 investir em educa\u00e7\u00e3o b\u00e1sica. O mais importante que um pa\u00eds pode fazer pelos seus filhos \u00e9 dar educa\u00e7\u00e3o b\u00e1sica de qualidade desde a primeira idade. Com isso, n\u00e3o precisaremos aumentar vagas no sistema penitenci\u00e1rio\u201d, afirmou Barroso ao participar do evento A leitura nos espa\u00e7os de priva\u00e7\u00e3o de liberdade \u2013 Encontro nacional de gestores de leitura em ambientes prisionais, na Biblioteca Nacional do Rio de Janeiro.<\/p>\n<p>Ele lembrou que, pela leitura, a pessoa encarcerada pode diminuir a pena. Pelo direito brasileiro, a cada livro lido, o interno reduz em 4 dias a sua perman\u00eancia na pris\u00e3o at\u00e9 o m\u00e1ximo de 48 dias por ano.<\/p>\n<p>Na quinta-feira (26), foi divulgado o Censo Nacional de Leitura em Pris\u00f5es. Segundo a pesquisa, pouca gente consegue ter acesso \u00e0 remi\u00e7\u00e3o da pena. O estudo mostra que as atividades de leitura nos pres\u00eddios enfrentam uma s\u00e9rie de dificuldades, como a proibi\u00e7\u00e3o de t\u00edtulos, exclus\u00e3o de pessoas presas com baixa escolaridade e migrantes e falta transpar\u00eancia em rela\u00e7\u00e3o \u00e0 remi\u00e7\u00e3o da pena.<\/p>\n<p>\u201cEstamos falando de um censo que visa a estimular os internos do sistema penitenci\u00e1rio a ler, n\u00e3o apenas para se aprimorarem como pessoas, mas para terem novas oportunidades fora da pris\u00e3o\u201d, disse Barroso. \u201cNos \u00faltimos anos, passamos de 46 mil pessoas que obtinham a remi\u00e7\u00e3o da pena pela leitura para mais de 250 mil pessoas\u201d.<\/p>\n","protected":false},"excerpt":{"rendered":"<p>O presidente do Supremo Tribunal Federal (STF) e do Conselho Nacional de Justi\u00e7a (CNJ), ministro Lu\u00eds Roberto Barroso, disse nesta sexta-feira (27) que a educa\u00e7\u00e3o \u00e9 o que faz diferen\u00e7a na vida das pessoas. Ele destacou que 57% dos internos no sistema penitenci\u00e1rio n\u00e3o completaram o ensino fundamental. \u201cPortanto, h\u00e1 uma conex\u00e3o direta entre baixa [&hellip;]<\/p>\n","protected":false},"author":2,"featured_media":315634,"comment_status":"closed","ping_status":"closed","sticky":false,"template":"","format":"standard","meta":{"_acf_changed":false,"footnotes":""},"categories":[161],"tags":[],"class_list":["post-315633","post","type-post","status-publish","format-standard","has-post-thumbnail","hentry","category-quadradinho-em-foco"],"acf":[],"yoast_head":"<!-- This site is optimized with the Yoast SEO plugin v27.2 - https:\/\/yoast.com\/product\/yoast-seo-wordpress\/ -->\n<title>Barroso diz que educa\u00e7\u00e3o \u00e9 caminho contra criminalidade - Notibras<\/title>\n<meta name=\"robots\" content=\"index, follow, max-snippet:-1, max-image-preview:large, max-video-preview:-1\" \/>\n<link rel=\"canonical\" href=\"https:\/\/www.notibras.com\/site\/barroso-diz-que-educacao-e-caminho-contra-criminalidade\/\" \/>\n<meta property=\"og:locale\" content=\"pt_BR\" \/>\n<meta property=\"og:type\" content=\"article\" \/>\n<meta property=\"og:title\" content=\"Barroso diz que educa\u00e7\u00e3o \u00e9 caminho contra criminalidade - Notibras\" \/>\n<meta property=\"og:description\" content=\"O presidente do Supremo Tribunal Federal (STF) e do Conselho Nacional de Justi\u00e7a (CNJ), ministro Lu\u00eds Roberto Barroso, disse nesta sexta-feira (27) que a educa\u00e7\u00e3o \u00e9 o que faz diferen\u00e7a na vida das pessoas. Ele destacou que 57% dos internos no sistema penitenci\u00e1rio n\u00e3o completaram o ensino fundamental. \u201cPortanto, h\u00e1 uma conex\u00e3o direta entre baixa [&hellip;]\" \/>\n<meta property=\"og:url\" content=\"https:\/\/www.notibras.com\/site\/barroso-diz-que-educacao-e-caminho-contra-criminalidade\/\" \/>\n<meta property=\"og:site_name\" content=\"Notibras\" \/>\n<meta property=\"article:publisher\" content=\"https:\/\/www.facebook.com\/notibras\/\" \/>\n<meta property=\"article:published_time\" content=\"2023-10-28T03:27:01+00:00\" \/>\n<meta property=\"article:modified_time\" content=\"2023-10-28T11:29:00+00:00\" \/>\n<meta property=\"og:image\" content=\"https:\/\/www.notibras.com\/site\/wp-content\/uploads\/2023\/10\/tmazs_edit_17051807873.jpg\" \/>\n\t<meta property=\"og:image:width\" content=\"1170\" \/>\n\t<meta property=\"og:image:height\" content=\"700\" \/>\n\t<meta property=\"og:image:type\" content=\"image\/jpeg\" \/>\n<meta name=\"author\" content=\"Reda\u00e7\u00e3o\" \/>\n<meta name=\"twitter:card\" content=\"summary_large_image\" \/>\n<meta name=\"twitter:creator\" content=\"@Notibras\" \/>\n<meta name=\"twitter:site\" content=\"@Notibras\" \/>\n<meta name=\"twitter:label1\" content=\"Escrito por\" \/>\n\t<meta name=\"twitter:data1\" content=\"Reda\u00e7\u00e3o\" \/>\n\t<meta name=\"twitter:label2\" content=\"Est. tempo de leitura\" \/>\n\t<meta name=\"twitter:data2\" content=\"2 minutos\" \/>\n<script type=\"application\/ld+json\" class=\"yoast-schema-graph\">{\"@context\":\"https:\/\/schema.org\",\"@graph\":[{\"@type\":\"Article\",\"@id\":\"https:\/\/www.notibras.com\/site\/barroso-diz-que-educacao-e-caminho-contra-criminalidade\/#article\",\"isPartOf\":{\"@id\":\"https:\/\/www.notibras.com\/site\/barroso-diz-que-educacao-e-caminho-contra-criminalidade\/\"},\"author\":{\"name\":\"Reda\u00e7\u00e3o\",\"@id\":\"https:\/\/www.notibras.com\/site\/#\/schema\/person\/36ab0979449956132d3e5b517ea76ac8\"},\"headline\":\"Barroso diz que educa\u00e7\u00e3o \u00e9 caminho contra criminalidade\",\"datePublished\":\"2023-10-28T03:27:01+00:00\",\"dateModified\":\"2023-10-28T11:29:00+00:00\",\"mainEntityOfPage\":{\"@id\":\"https:\/\/www.notibras.com\/site\/barroso-diz-que-educacao-e-caminho-contra-criminalidade\/\"},\"wordCount\":321,\"publisher\":{\"@id\":\"https:\/\/www.notibras.com\/site\/#organization\"},\"image\":{\"@id\":\"https:\/\/www.notibras.com\/site\/barroso-diz-que-educacao-e-caminho-contra-criminalidade\/#primaryimage\"},\"thumbnailUrl\":\"https:\/\/www.notibras.com\/site\/wp-content\/uploads\/2023\/10\/tmazs_edit_17051807873.jpg\",\"articleSection\":[\"Quadradinho em Foco\"],\"inLanguage\":\"pt-BR\"},{\"@type\":\"WebPage\",\"@id\":\"https:\/\/www.notibras.com\/site\/barroso-diz-que-educacao-e-caminho-contra-criminalidade\/\",\"url\":\"https:\/\/www.notibras.com\/site\/barroso-diz-que-educacao-e-caminho-contra-criminalidade\/\",\"name\":\"Barroso diz que educa\u00e7\u00e3o \u00e9 caminho contra criminalidade - Notibras\",\"isPartOf\":{\"@id\":\"https:\/\/www.notibras.com\/site\/#website\"},\"primaryImageOfPage\":{\"@id\":\"https:\/\/www.notibras.com\/site\/barroso-diz-que-educacao-e-caminho-contra-criminalidade\/#primaryimage\"},\"image\":{\"@id\":\"https:\/\/www.notibras.com\/site\/barroso-diz-que-educacao-e-caminho-contra-criminalidade\/#primaryimage\"},\"thumbnailUrl\":\"https:\/\/www.notibras.com\/site\/wp-content\/uploads\/2023\/10\/tmazs_edit_17051807873.jpg\",\"datePublished\":\"2023-10-28T03:27:01+00:00\",\"dateModified\":\"2023-10-28T11:29:00+00:00\",\"breadcrumb\":{\"@id\":\"https:\/\/www.notibras.com\/site\/barroso-diz-que-educacao-e-caminho-contra-criminalidade\/#breadcrumb\"},\"inLanguage\":\"pt-BR\",\"potentialAction\":[{\"@type\":\"ReadAction\",\"target\":[\"https:\/\/www.notibras.com\/site\/barroso-diz-que-educacao-e-caminho-contra-criminalidade\/\"]}]},{\"@type\":\"ImageObject\",\"inLanguage\":\"pt-BR\",\"@id\":\"https:\/\/www.notibras.com\/site\/barroso-diz-que-educacao-e-caminho-contra-criminalidade\/#primaryimage\",\"url\":\"https:\/\/www.notibras.com\/site\/wp-content\/uploads\/2023\/10\/tmazs_edit_17051807873.jpg\",\"contentUrl\":\"https:\/\/www.notibras.com\/site\/wp-content\/uploads\/2023\/10\/tmazs_edit_17051807873.jpg\",\"width\":1170,\"height\":700,\"caption\":\"Estudantes participam do Ler - Sal\u00e3o Carioca do Livro, na Biblioteca Parque, no centro do Rio.\"},{\"@type\":\"BreadcrumbList\",\"@id\":\"https:\/\/www.notibras.com\/site\/barroso-diz-que-educacao-e-caminho-contra-criminalidade\/#breadcrumb\",\"itemListElement\":[{\"@type\":\"ListItem\",\"position\":1,\"name\":\"In\u00edcio\",\"item\":\"https:\/\/www.notibras.com\/site\/\"},{\"@type\":\"ListItem\",\"position\":2,\"name\":\"Barroso diz que educa\u00e7\u00e3o \u00e9 caminho contra criminalidade\"}]},{\"@type\":\"WebSite\",\"@id\":\"https:\/\/www.notibras.com\/site\/#website\",\"url\":\"https:\/\/www.notibras.com\/site\/\",\"name\":\"Notibras\",\"description\":\"Not\u00edcias de Bras\u00edlia, do Brasil e do Mundo\",\"publisher\":{\"@id\":\"https:\/\/www.notibras.com\/site\/#organization\"},\"potentialAction\":[{\"@type\":\"SearchAction\",\"target\":{\"@type\":\"EntryPoint\",\"urlTemplate\":\"https:\/\/www.notibras.com\/site\/?s={search_term_string}\"},\"query-input\":{\"@type\":\"PropertyValueSpecification\",\"valueRequired\":true,\"valueName\":\"search_term_string\"}}],\"inLanguage\":\"pt-BR\"},{\"@type\":\"Organization\",\"@id\":\"https:\/\/www.notibras.com\/site\/#organization\",\"name\":\"Grupo Notibras de Comunica\u00e7\u00e3o\",\"url\":\"https:\/\/www.notibras.com\/site\/\",\"logo\":{\"@type\":\"ImageObject\",\"inLanguage\":\"pt-BR\",\"@id\":\"https:\/\/www.notibras.com\/site\/#\/schema\/logo\/image\/\",\"url\":\"https:\/\/www.notibras.com\/site\/wp-content\/uploads\/2023\/01\/notibras23.png\",\"contentUrl\":\"https:\/\/www.notibras.com\/site\/wp-content\/uploads\/2023\/01\/notibras23.png\",\"width\":350,\"height\":87,\"caption\":\"Grupo Notibras de Comunica\u00e7\u00e3o\"},\"image\":{\"@id\":\"https:\/\/www.notibras.com\/site\/#\/schema\/logo\/image\/\"},\"sameAs\":[\"https:\/\/www.facebook.com\/notibras\/\",\"https:\/\/x.com\/Notibras\",\"https:\/\/www.instagram.com\/notibras\/\"]},{\"@type\":\"Person\",\"@id\":\"https:\/\/www.notibras.com\/site\/#\/schema\/person\/36ab0979449956132d3e5b517ea76ac8\",\"name\":\"Reda\u00e7\u00e3o\",\"image\":{\"@type\":\"ImageObject\",\"inLanguage\":\"pt-BR\",\"@id\":\"https:\/\/secure.gravatar.com\/avatar\/e0a867bdedb85fd243eadf09663511f96fc81e0720a4a42581f334ad4303aa6b?s=96&d=mm&r=g\",\"url\":\"https:\/\/secure.gravatar.com\/avatar\/e0a867bdedb85fd243eadf09663511f96fc81e0720a4a42581f334ad4303aa6b?s=96&d=mm&r=g\",\"contentUrl\":\"https:\/\/secure.gravatar.com\/avatar\/e0a867bdedb85fd243eadf09663511f96fc81e0720a4a42581f334ad4303aa6b?s=96&d=mm&r=g\",\"caption\":\"Reda\u00e7\u00e3o\"}}]}<\/script>\n<!-- \/ Yoast SEO plugin. -->","yoast_head_json":{"title":"Barroso diz que educa\u00e7\u00e3o \u00e9 caminho contra criminalidade - Notibras","robots":{"index":"index","follow":"follow","max-snippet":"max-snippet:-1","max-image-preview":"max-image-preview:large","max-video-preview":"max-video-preview:-1"},"canonical":"https:\/\/www.notibras.com\/site\/barroso-diz-que-educacao-e-caminho-contra-criminalidade\/","og_locale":"pt_BR","og_type":"article","og_title":"Barroso diz que educa\u00e7\u00e3o \u00e9 caminho contra criminalidade - Notibras","og_description":"O presidente do Supremo Tribunal Federal (STF) e do Conselho Nacional de Justi\u00e7a (CNJ), ministro Lu\u00eds Roberto Barroso, disse nesta sexta-feira (27) que a educa\u00e7\u00e3o \u00e9 o que faz diferen\u00e7a na vida das pessoas. Ele destacou que 57% dos internos no sistema penitenci\u00e1rio n\u00e3o completaram o ensino fundamental. \u201cPortanto, h\u00e1 uma conex\u00e3o direta entre baixa [&hellip;]","og_url":"https:\/\/www.notibras.com\/site\/barroso-diz-que-educacao-e-caminho-contra-criminalidade\/","og_site_name":"Notibras","article_publisher":"https:\/\/www.facebook.com\/notibras\/","article_published_time":"2023-10-28T03:27:01+00:00","article_modified_time":"2023-10-28T11:29:00+00:00","og_image":[{"width":1170,"height":700,"url":"https:\/\/www.notibras.com\/site\/wp-content\/uploads\/2023\/10\/tmazs_edit_17051807873.jpg","type":"image\/jpeg"}],"author":"Reda\u00e7\u00e3o","twitter_card":"summary_large_image","twitter_creator":"@Notibras","twitter_site":"@Notibras","twitter_misc":{"Escrito por":"Reda\u00e7\u00e3o","Est. tempo de leitura":"2 minutos"},"schema":{"@context":"https:\/\/schema.org","@graph":[{"@type":"Article","@id":"https:\/\/www.notibras.com\/site\/barroso-diz-que-educacao-e-caminho-contra-criminalidade\/#article","isPartOf":{"@id":"https:\/\/www.notibras.com\/site\/barroso-diz-que-educacao-e-caminho-contra-criminalidade\/"},"author":{"name":"Reda\u00e7\u00e3o","@id":"https:\/\/www.notibras.com\/site\/#\/schema\/person\/36ab0979449956132d3e5b517ea76ac8"},"headline":"Barroso diz que educa\u00e7\u00e3o \u00e9 caminho contra criminalidade","datePublished":"2023-10-28T03:27:01+00:00","dateModified":"2023-10-28T11:29:00+00:00","mainEntityOfPage":{"@id":"https:\/\/www.notibras.com\/site\/barroso-diz-que-educacao-e-caminho-contra-criminalidade\/"},"wordCount":321,"publisher":{"@id":"https:\/\/www.notibras.com\/site\/#organization"},"image":{"@id":"https:\/\/www.notibras.com\/site\/barroso-diz-que-educacao-e-caminho-contra-criminalidade\/#primaryimage"},"thumbnailUrl":"https:\/\/www.notibras.com\/site\/wp-content\/uploads\/2023\/10\/tmazs_edit_17051807873.jpg","articleSection":["Quadradinho em Foco"],"inLanguage":"pt-BR"},{"@type":"WebPage","@id":"https:\/\/www.notibras.com\/site\/barroso-diz-que-educacao-e-caminho-contra-criminalidade\/","url":"https:\/\/www.notibras.com\/site\/barroso-diz-que-educacao-e-caminho-contra-criminalidade\/","name":"Barroso diz que educa\u00e7\u00e3o \u00e9 caminho contra criminalidade - Notibras","isPartOf":{"@id":"https:\/\/www.notibras.com\/site\/#website"},"primaryImageOfPage":{"@id":"https:\/\/www.notibras.com\/site\/barroso-diz-que-educacao-e-caminho-contra-criminalidade\/#primaryimage"},"image":{"@id":"https:\/\/www.notibras.com\/site\/barroso-diz-que-educacao-e-caminho-contra-criminalidade\/#primaryimage"},"thumbnailUrl":"https:\/\/www.notibras.com\/site\/wp-content\/uploads\/2023\/10\/tmazs_edit_17051807873.jpg","datePublished":"2023-10-28T03:27:01+00:00","dateModified":"2023-10-28T11:29:00+00:00","breadcrumb":{"@id":"https:\/\/www.notibras.com\/site\/barroso-diz-que-educacao-e-caminho-contra-criminalidade\/#breadcrumb"},"inLanguage":"pt-BR","potentialAction":[{"@type":"ReadAction","target":["https:\/\/www.notibras.com\/site\/barroso-diz-que-educacao-e-caminho-contra-criminalidade\/"]}]},{"@type":"ImageObject","inLanguage":"pt-BR","@id":"https:\/\/www.notibras.com\/site\/barroso-diz-que-educacao-e-caminho-contra-criminalidade\/#primaryimage","url":"https:\/\/www.notibras.com\/site\/wp-content\/uploads\/2023\/10\/tmazs_edit_17051807873.jpg","contentUrl":"https:\/\/www.notibras.com\/site\/wp-content\/uploads\/2023\/10\/tmazs_edit_17051807873.jpg","width":1170,"height":700,"caption":"Estudantes participam do Ler - Sal\u00e3o Carioca do Livro, na Biblioteca Parque, no centro do Rio."},{"@type":"BreadcrumbList","@id":"https:\/\/www.notibras.com\/site\/barroso-diz-que-educacao-e-caminho-contra-criminalidade\/#breadcrumb","itemListElement":[{"@type":"ListItem","position":1,"name":"In\u00edcio","item":"https:\/\/www.notibras.com\/site\/"},{"@type":"ListItem","position":2,"name":"Barroso diz que educa\u00e7\u00e3o \u00e9 caminho contra criminalidade"}]},{"@type":"WebSite","@id":"https:\/\/www.notibras.com\/site\/#website","url":"https:\/\/www.notibras.com\/site\/","name":"Notibras","description":"Not\u00edcias de Bras\u00edlia, do Brasil e do Mundo","publisher":{"@id":"https:\/\/www.notibras.com\/site\/#organization"},"potentialAction":[{"@type":"SearchAction","target":{"@type":"EntryPoint","urlTemplate":"https:\/\/www.notibras.com\/site\/?s={search_term_string}"},"query-input":{"@type":"PropertyValueSpecification","valueRequired":true,"valueName":"search_term_string"}}],"inLanguage":"pt-BR"},{"@type":"Organization","@id":"https:\/\/www.notibras.com\/site\/#organization","name":"Grupo Notibras de Comunica\u00e7\u00e3o","url":"https:\/\/www.notibras.com\/site\/","logo":{"@type":"ImageObject","inLanguage":"pt-BR","@id":"https:\/\/www.notibras.com\/site\/#\/schema\/logo\/image\/","url":"https:\/\/www.notibras.com\/site\/wp-content\/uploads\/2023\/01\/notibras23.png","contentUrl":"https:\/\/www.notibras.com\/site\/wp-content\/uploads\/2023\/01\/notibras23.png","width":350,"height":87,"caption":"Grupo Notibras de Comunica\u00e7\u00e3o"},"image":{"@id":"https:\/\/www.notibras.com\/site\/#\/schema\/logo\/image\/"},"sameAs":["https:\/\/www.facebook.com\/notibras\/","https:\/\/x.com\/Notibras","https:\/\/www.instagram.com\/notibras\/"]},{"@type":"Person","@id":"https:\/\/www.notibras.com\/site\/#\/schema\/person\/36ab0979449956132d3e5b517ea76ac8","name":"Reda\u00e7\u00e3o","image":{"@type":"ImageObject","inLanguage":"pt-BR","@id":"https:\/\/secure.gravatar.com\/avatar\/e0a867bdedb85fd243eadf09663511f96fc81e0720a4a42581f334ad4303aa6b?s=96&d=mm&r=g","url":"https:\/\/secure.gravatar.com\/avatar\/e0a867bdedb85fd243eadf09663511f96fc81e0720a4a42581f334ad4303aa6b?s=96&d=mm&r=g","contentUrl":"https:\/\/secure.gravatar.com\/avatar\/e0a867bdedb85fd243eadf09663511f96fc81e0720a4a42581f334ad4303aa6b?s=96&d=mm&r=g","caption":"Reda\u00e7\u00e3o"}}]}},"amp_enabled":true,"_links":{"self":[{"href":"https:\/\/www.notibras.com\/site\/wp-json\/wp\/v2\/posts\/315633","targetHints":{"allow":["GET"]}}],"collection":[{"href":"https:\/\/www.notibras.com\/site\/wp-json\/wp\/v2\/posts"}],"about":[{"href":"https:\/\/www.notibras.com\/site\/wp-json\/wp\/v2\/types\/post"}],"author":[{"embeddable":true,"href":"https:\/\/www.notibras.com\/site\/wp-json\/wp\/v2\/users\/2"}],"replies":[{"embeddable":true,"href":"https:\/\/www.notibras.com\/site\/wp-json\/wp\/v2\/comments?post=315633"}],"version-history":[{"count":1,"href":"https:\/\/www.notibras.com\/site\/wp-json\/wp\/v2\/posts\/315633\/revisions"}],"predecessor-version":[{"id":315635,"href":"https:\/\/www.notibras.com\/site\/wp-json\/wp\/v2\/posts\/315633\/revisions\/315635"}],"wp:featuredmedia":[{"embeddable":true,"href":"https:\/\/www.notibras.com\/site\/wp-json\/wp\/v2\/media\/315634"}],"wp:attachment":[{"href":"https:\/\/www.notibras.com\/site\/wp-json\/wp\/v2\/media?parent=315633"}],"wp:term":[{"taxonomy":"category","embeddable":true,"href":"https:\/\/www.notibras.com\/site\/wp-json\/wp\/v2\/categories?post=315633"},{"taxonomy":"post_tag","embeddable":true,"href":"https:\/\/www.notibras.com\/site\/wp-json\/wp\/v2\/tags?post=315633"}],"curies":[{"name":"wp","href":"https:\/\/api.w.org\/{rel}","templated":true}]}}