{"id":315639,"date":"2023-10-28T08:44:22","date_gmt":"2023-10-28T11:44:22","guid":{"rendered":"https:\/\/www.notibras.com\/site\/?p=315639"},"modified":"2023-10-28T08:44:22","modified_gmt":"2023-10-28T11:44:22","slug":"corda-mi-inexistente-e-prova-de-amor-e-carinho","status":"publish","type":"post","link":"https:\/\/www.notibras.com\/site\/corda-mi-inexistente-e-prova-de-amor-e-carinho\/","title":{"rendered":"Corda mi, inexistente, \u00e9 prova de amor e carinho"},"content":{"rendered":"<p>Apesar de arriscar uns acordes no viol\u00e3o, n\u00e3o sou m\u00fasico. No entanto, uma coisa sempre me intrigou na m\u00fasica &#8220;Prova de carinho&#8221;, do Adoniran Barbosa. \u00c9 que nela h\u00e1 uma frase sobre uma corda mi do cavaquinho, coisa que n\u00e3o existe. Pois \u00e9, ou ele retirou a tal corda de um viol\u00e3o, que n\u00e3o possui apenas uma corda mi, mas duas, ou, ent\u00e3o, o Adoniran mentiu para a amada.<\/p>\n<p>N\u00e3o acredito que esse g\u00eanio, at\u00e9 mais famoso por &#8220;Trem das onze&#8221;, tenha se enganado sobre a verdadeira nota dessa corda. Prefiro pensar que ele, sabedor que o cavaquinho n\u00e3o tem uma corda mi, tenha feito de prop\u00f3sito para, assim, continuar levando a vida bo\u00eamia pela noite paulistana. Isso mesmo, imagino que o Adoniran, artista de primeira linha, tenha retirado a sexta corda do viol\u00e3o, que \u00e9 mais grossa e, sim, ela \u00e9 mi, e tenha pedido a m\u00e3o da mo\u00e7a em casamento.<\/p>\n<p>Mas eis que a minha amada, a linda Dona Irene, est\u00e1 aqui ao meu lado me falando de uma outra possibilidade, muito mais interessante. A tal corda era mesmo mi, mas a futura esposa do artista sabia que o cavaquinho s\u00f3 tem as cordas d\u00f3, si, sol e r\u00e9. No entanto, ela tamb\u00e9m saberia da paix\u00e3o do Adoniran pela m\u00fasica e, dessa forma, se deixou enganar para que o futuro marido n\u00e3o ficasse triste. Pois \u00e9, vou levar para a vida a vers\u00e3o da minha mulher!<\/p>\n","protected":false},"excerpt":{"rendered":"<p>Apesar de arriscar uns acordes no viol\u00e3o, n\u00e3o sou m\u00fasico. No entanto, uma coisa sempre me intrigou na m\u00fasica &#8220;Prova de carinho&#8221;, do Adoniran Barbosa. \u00c9 que nela h\u00e1 uma frase sobre uma corda mi do cavaquinho, coisa que n\u00e3o existe. Pois \u00e9, ou ele retirou a tal corda de um viol\u00e3o, que n\u00e3o possui [&hellip;]<\/p>\n","protected":false},"author":2,"featured_media":315641,"comment_status":"closed","ping_status":"closed","sticky":false,"template":"","format":"standard","meta":{"_acf_changed":false,"footnotes":""},"categories":[161],"tags":[],"class_list":["post-315639","post","type-post","status-publish","format-standard","has-post-thumbnail","hentry","category-quadradinho-em-foco"],"acf":[],"yoast_head":"<!-- This site is optimized with the Yoast SEO plugin v27.2 - https:\/\/yoast.com\/product\/yoast-seo-wordpress\/ -->\n<title>Corda mi, inexistente, \u00e9 prova de amor e carinho - Notibras<\/title>\n<meta name=\"robots\" content=\"index, follow, max-snippet:-1, max-image-preview:large, max-video-preview:-1\" \/>\n<link rel=\"canonical\" href=\"https:\/\/www.notibras.com\/site\/corda-mi-inexistente-e-prova-de-amor-e-carinho\/\" \/>\n<meta property=\"og:locale\" content=\"pt_BR\" \/>\n<meta property=\"og:type\" content=\"article\" \/>\n<meta property=\"og:title\" content=\"Corda mi, inexistente, \u00e9 prova de amor e carinho - Notibras\" \/>\n<meta property=\"og:description\" content=\"Apesar de arriscar uns acordes no viol\u00e3o, n\u00e3o sou m\u00fasico. No entanto, uma coisa sempre me intrigou na m\u00fasica &#8220;Prova de carinho&#8221;, do Adoniran Barbosa. \u00c9 que nela h\u00e1 uma frase sobre uma corda mi do cavaquinho, coisa que n\u00e3o existe. Pois \u00e9, ou ele retirou a tal corda de um viol\u00e3o, que n\u00e3o possui [&hellip;]\" \/>\n<meta property=\"og:url\" content=\"https:\/\/www.notibras.com\/site\/corda-mi-inexistente-e-prova-de-amor-e-carinho\/\" \/>\n<meta property=\"og:site_name\" content=\"Notibras\" \/>\n<meta property=\"article:publisher\" content=\"https:\/\/www.facebook.com\/notibras\/\" \/>\n<meta property=\"article:published_time\" content=\"2023-10-28T11:44:22+00:00\" \/>\n<meta property=\"og:image\" content=\"https:\/\/www.notibras.com\/site\/wp-content\/uploads\/2023\/10\/d3dd175fb289449b8b4da1f2533ab4f3.jpeg\" \/>\n\t<meta property=\"og:image:width\" content=\"1100\" \/>\n\t<meta property=\"og:image:height\" content=\"734\" \/>\n\t<meta property=\"og:image:type\" content=\"image\/jpeg\" \/>\n<meta name=\"author\" content=\"Reda\u00e7\u00e3o\" \/>\n<meta name=\"twitter:card\" content=\"summary_large_image\" \/>\n<meta name=\"twitter:creator\" content=\"@Notibras\" \/>\n<meta name=\"twitter:site\" content=\"@Notibras\" \/>\n<meta name=\"twitter:label1\" content=\"Escrito por\" \/>\n\t<meta name=\"twitter:data1\" content=\"Reda\u00e7\u00e3o\" \/>\n\t<meta name=\"twitter:label2\" content=\"Est. tempo de leitura\" \/>\n\t<meta name=\"twitter:data2\" content=\"2 minutos\" \/>\n<script type=\"application\/ld+json\" class=\"yoast-schema-graph\">{\"@context\":\"https:\/\/schema.org\",\"@graph\":[{\"@type\":\"Article\",\"@id\":\"https:\/\/www.notibras.com\/site\/corda-mi-inexistente-e-prova-de-amor-e-carinho\/#article\",\"isPartOf\":{\"@id\":\"https:\/\/www.notibras.com\/site\/corda-mi-inexistente-e-prova-de-amor-e-carinho\/\"},\"author\":{\"name\":\"Reda\u00e7\u00e3o\",\"@id\":\"https:\/\/www.notibras.com\/site\/#\/schema\/person\/36ab0979449956132d3e5b517ea76ac8\"},\"headline\":\"Corda mi, inexistente, \u00e9 prova de amor e carinho\",\"datePublished\":\"2023-10-28T11:44:22+00:00\",\"mainEntityOfPage\":{\"@id\":\"https:\/\/www.notibras.com\/site\/corda-mi-inexistente-e-prova-de-amor-e-carinho\/\"},\"wordCount\":262,\"publisher\":{\"@id\":\"https:\/\/www.notibras.com\/site\/#organization\"},\"image\":{\"@id\":\"https:\/\/www.notibras.com\/site\/corda-mi-inexistente-e-prova-de-amor-e-carinho\/#primaryimage\"},\"thumbnailUrl\":\"https:\/\/www.notibras.com\/site\/wp-content\/uploads\/2023\/10\/d3dd175fb289449b8b4da1f2533ab4f3.jpeg\",\"articleSection\":[\"Quadradinho em Foco\"],\"inLanguage\":\"pt-BR\"},{\"@type\":\"WebPage\",\"@id\":\"https:\/\/www.notibras.com\/site\/corda-mi-inexistente-e-prova-de-amor-e-carinho\/\",\"url\":\"https:\/\/www.notibras.com\/site\/corda-mi-inexistente-e-prova-de-amor-e-carinho\/\",\"name\":\"Corda mi, inexistente, \u00e9 prova de amor e carinho - Notibras\",\"isPartOf\":{\"@id\":\"https:\/\/www.notibras.com\/site\/#website\"},\"primaryImageOfPage\":{\"@id\":\"https:\/\/www.notibras.com\/site\/corda-mi-inexistente-e-prova-de-amor-e-carinho\/#primaryimage\"},\"image\":{\"@id\":\"https:\/\/www.notibras.com\/site\/corda-mi-inexistente-e-prova-de-amor-e-carinho\/#primaryimage\"},\"thumbnailUrl\":\"https:\/\/www.notibras.com\/site\/wp-content\/uploads\/2023\/10\/d3dd175fb289449b8b4da1f2533ab4f3.jpeg\",\"datePublished\":\"2023-10-28T11:44:22+00:00\",\"breadcrumb\":{\"@id\":\"https:\/\/www.notibras.com\/site\/corda-mi-inexistente-e-prova-de-amor-e-carinho\/#breadcrumb\"},\"inLanguage\":\"pt-BR\",\"potentialAction\":[{\"@type\":\"ReadAction\",\"target\":[\"https:\/\/www.notibras.com\/site\/corda-mi-inexistente-e-prova-de-amor-e-carinho\/\"]}]},{\"@type\":\"ImageObject\",\"inLanguage\":\"pt-BR\",\"@id\":\"https:\/\/www.notibras.com\/site\/corda-mi-inexistente-e-prova-de-amor-e-carinho\/#primaryimage\",\"url\":\"https:\/\/www.notibras.com\/site\/wp-content\/uploads\/2023\/10\/d3dd175fb289449b8b4da1f2533ab4f3.jpeg\",\"contentUrl\":\"https:\/\/www.notibras.com\/site\/wp-content\/uploads\/2023\/10\/d3dd175fb289449b8b4da1f2533ab4f3.jpeg\",\"width\":1100,\"height\":734},{\"@type\":\"BreadcrumbList\",\"@id\":\"https:\/\/www.notibras.com\/site\/corda-mi-inexistente-e-prova-de-amor-e-carinho\/#breadcrumb\",\"itemListElement\":[{\"@type\":\"ListItem\",\"position\":1,\"name\":\"In\u00edcio\",\"item\":\"https:\/\/www.notibras.com\/site\/\"},{\"@type\":\"ListItem\",\"position\":2,\"name\":\"Corda mi, inexistente, \u00e9 prova de amor e carinho\"}]},{\"@type\":\"WebSite\",\"@id\":\"https:\/\/www.notibras.com\/site\/#website\",\"url\":\"https:\/\/www.notibras.com\/site\/\",\"name\":\"Notibras\",\"description\":\"Not\u00edcias de Bras\u00edlia, do Brasil e do Mundo\",\"publisher\":{\"@id\":\"https:\/\/www.notibras.com\/site\/#organization\"},\"potentialAction\":[{\"@type\":\"SearchAction\",\"target\":{\"@type\":\"EntryPoint\",\"urlTemplate\":\"https:\/\/www.notibras.com\/site\/?s={search_term_string}\"},\"query-input\":{\"@type\":\"PropertyValueSpecification\",\"valueRequired\":true,\"valueName\":\"search_term_string\"}}],\"inLanguage\":\"pt-BR\"},{\"@type\":\"Organization\",\"@id\":\"https:\/\/www.notibras.com\/site\/#organization\",\"name\":\"Grupo Notibras de Comunica\u00e7\u00e3o\",\"url\":\"https:\/\/www.notibras.com\/site\/\",\"logo\":{\"@type\":\"ImageObject\",\"inLanguage\":\"pt-BR\",\"@id\":\"https:\/\/www.notibras.com\/site\/#\/schema\/logo\/image\/\",\"url\":\"https:\/\/www.notibras.com\/site\/wp-content\/uploads\/2023\/01\/notibras23.png\",\"contentUrl\":\"https:\/\/www.notibras.com\/site\/wp-content\/uploads\/2023\/01\/notibras23.png\",\"width\":350,\"height\":87,\"caption\":\"Grupo Notibras de Comunica\u00e7\u00e3o\"},\"image\":{\"@id\":\"https:\/\/www.notibras.com\/site\/#\/schema\/logo\/image\/\"},\"sameAs\":[\"https:\/\/www.facebook.com\/notibras\/\",\"https:\/\/x.com\/Notibras\",\"https:\/\/www.instagram.com\/notibras\/\"]},{\"@type\":\"Person\",\"@id\":\"https:\/\/www.notibras.com\/site\/#\/schema\/person\/36ab0979449956132d3e5b517ea76ac8\",\"name\":\"Reda\u00e7\u00e3o\",\"image\":{\"@type\":\"ImageObject\",\"inLanguage\":\"pt-BR\",\"@id\":\"https:\/\/secure.gravatar.com\/avatar\/e0a867bdedb85fd243eadf09663511f96fc81e0720a4a42581f334ad4303aa6b?s=96&d=mm&r=g\",\"url\":\"https:\/\/secure.gravatar.com\/avatar\/e0a867bdedb85fd243eadf09663511f96fc81e0720a4a42581f334ad4303aa6b?s=96&d=mm&r=g\",\"contentUrl\":\"https:\/\/secure.gravatar.com\/avatar\/e0a867bdedb85fd243eadf09663511f96fc81e0720a4a42581f334ad4303aa6b?s=96&d=mm&r=g\",\"caption\":\"Reda\u00e7\u00e3o\"}}]}<\/script>\n<!-- \/ Yoast SEO plugin. -->","yoast_head_json":{"title":"Corda mi, inexistente, \u00e9 prova de amor e carinho - Notibras","robots":{"index":"index","follow":"follow","max-snippet":"max-snippet:-1","max-image-preview":"max-image-preview:large","max-video-preview":"max-video-preview:-1"},"canonical":"https:\/\/www.notibras.com\/site\/corda-mi-inexistente-e-prova-de-amor-e-carinho\/","og_locale":"pt_BR","og_type":"article","og_title":"Corda mi, inexistente, \u00e9 prova de amor e carinho - Notibras","og_description":"Apesar de arriscar uns acordes no viol\u00e3o, n\u00e3o sou m\u00fasico. No entanto, uma coisa sempre me intrigou na m\u00fasica &#8220;Prova de carinho&#8221;, do Adoniran Barbosa. \u00c9 que nela h\u00e1 uma frase sobre uma corda mi do cavaquinho, coisa que n\u00e3o existe. Pois \u00e9, ou ele retirou a tal corda de um viol\u00e3o, que n\u00e3o possui [&hellip;]","og_url":"https:\/\/www.notibras.com\/site\/corda-mi-inexistente-e-prova-de-amor-e-carinho\/","og_site_name":"Notibras","article_publisher":"https:\/\/www.facebook.com\/notibras\/","article_published_time":"2023-10-28T11:44:22+00:00","og_image":[{"width":1100,"height":734,"url":"https:\/\/www.notibras.com\/site\/wp-content\/uploads\/2023\/10\/d3dd175fb289449b8b4da1f2533ab4f3.jpeg","type":"image\/jpeg"}],"author":"Reda\u00e7\u00e3o","twitter_card":"summary_large_image","twitter_creator":"@Notibras","twitter_site":"@Notibras","twitter_misc":{"Escrito por":"Reda\u00e7\u00e3o","Est. tempo de leitura":"2 minutos"},"schema":{"@context":"https:\/\/schema.org","@graph":[{"@type":"Article","@id":"https:\/\/www.notibras.com\/site\/corda-mi-inexistente-e-prova-de-amor-e-carinho\/#article","isPartOf":{"@id":"https:\/\/www.notibras.com\/site\/corda-mi-inexistente-e-prova-de-amor-e-carinho\/"},"author":{"name":"Reda\u00e7\u00e3o","@id":"https:\/\/www.notibras.com\/site\/#\/schema\/person\/36ab0979449956132d3e5b517ea76ac8"},"headline":"Corda mi, inexistente, \u00e9 prova de amor e carinho","datePublished":"2023-10-28T11:44:22+00:00","mainEntityOfPage":{"@id":"https:\/\/www.notibras.com\/site\/corda-mi-inexistente-e-prova-de-amor-e-carinho\/"},"wordCount":262,"publisher":{"@id":"https:\/\/www.notibras.com\/site\/#organization"},"image":{"@id":"https:\/\/www.notibras.com\/site\/corda-mi-inexistente-e-prova-de-amor-e-carinho\/#primaryimage"},"thumbnailUrl":"https:\/\/www.notibras.com\/site\/wp-content\/uploads\/2023\/10\/d3dd175fb289449b8b4da1f2533ab4f3.jpeg","articleSection":["Quadradinho em Foco"],"inLanguage":"pt-BR"},{"@type":"WebPage","@id":"https:\/\/www.notibras.com\/site\/corda-mi-inexistente-e-prova-de-amor-e-carinho\/","url":"https:\/\/www.notibras.com\/site\/corda-mi-inexistente-e-prova-de-amor-e-carinho\/","name":"Corda mi, inexistente, \u00e9 prova de amor e carinho - Notibras","isPartOf":{"@id":"https:\/\/www.notibras.com\/site\/#website"},"primaryImageOfPage":{"@id":"https:\/\/www.notibras.com\/site\/corda-mi-inexistente-e-prova-de-amor-e-carinho\/#primaryimage"},"image":{"@id":"https:\/\/www.notibras.com\/site\/corda-mi-inexistente-e-prova-de-amor-e-carinho\/#primaryimage"},"thumbnailUrl":"https:\/\/www.notibras.com\/site\/wp-content\/uploads\/2023\/10\/d3dd175fb289449b8b4da1f2533ab4f3.jpeg","datePublished":"2023-10-28T11:44:22+00:00","breadcrumb":{"@id":"https:\/\/www.notibras.com\/site\/corda-mi-inexistente-e-prova-de-amor-e-carinho\/#breadcrumb"},"inLanguage":"pt-BR","potentialAction":[{"@type":"ReadAction","target":["https:\/\/www.notibras.com\/site\/corda-mi-inexistente-e-prova-de-amor-e-carinho\/"]}]},{"@type":"ImageObject","inLanguage":"pt-BR","@id":"https:\/\/www.notibras.com\/site\/corda-mi-inexistente-e-prova-de-amor-e-carinho\/#primaryimage","url":"https:\/\/www.notibras.com\/site\/wp-content\/uploads\/2023\/10\/d3dd175fb289449b8b4da1f2533ab4f3.jpeg","contentUrl":"https:\/\/www.notibras.com\/site\/wp-content\/uploads\/2023\/10\/d3dd175fb289449b8b4da1f2533ab4f3.jpeg","width":1100,"height":734},{"@type":"BreadcrumbList","@id":"https:\/\/www.notibras.com\/site\/corda-mi-inexistente-e-prova-de-amor-e-carinho\/#breadcrumb","itemListElement":[{"@type":"ListItem","position":1,"name":"In\u00edcio","item":"https:\/\/www.notibras.com\/site\/"},{"@type":"ListItem","position":2,"name":"Corda mi, inexistente, \u00e9 prova de amor e carinho"}]},{"@type":"WebSite","@id":"https:\/\/www.notibras.com\/site\/#website","url":"https:\/\/www.notibras.com\/site\/","name":"Notibras","description":"Not\u00edcias de Bras\u00edlia, do Brasil e do Mundo","publisher":{"@id":"https:\/\/www.notibras.com\/site\/#organization"},"potentialAction":[{"@type":"SearchAction","target":{"@type":"EntryPoint","urlTemplate":"https:\/\/www.notibras.com\/site\/?s={search_term_string}"},"query-input":{"@type":"PropertyValueSpecification","valueRequired":true,"valueName":"search_term_string"}}],"inLanguage":"pt-BR"},{"@type":"Organization","@id":"https:\/\/www.notibras.com\/site\/#organization","name":"Grupo Notibras de Comunica\u00e7\u00e3o","url":"https:\/\/www.notibras.com\/site\/","logo":{"@type":"ImageObject","inLanguage":"pt-BR","@id":"https:\/\/www.notibras.com\/site\/#\/schema\/logo\/image\/","url":"https:\/\/www.notibras.com\/site\/wp-content\/uploads\/2023\/01\/notibras23.png","contentUrl":"https:\/\/www.notibras.com\/site\/wp-content\/uploads\/2023\/01\/notibras23.png","width":350,"height":87,"caption":"Grupo Notibras de Comunica\u00e7\u00e3o"},"image":{"@id":"https:\/\/www.notibras.com\/site\/#\/schema\/logo\/image\/"},"sameAs":["https:\/\/www.facebook.com\/notibras\/","https:\/\/x.com\/Notibras","https:\/\/www.instagram.com\/notibras\/"]},{"@type":"Person","@id":"https:\/\/www.notibras.com\/site\/#\/schema\/person\/36ab0979449956132d3e5b517ea76ac8","name":"Reda\u00e7\u00e3o","image":{"@type":"ImageObject","inLanguage":"pt-BR","@id":"https:\/\/secure.gravatar.com\/avatar\/e0a867bdedb85fd243eadf09663511f96fc81e0720a4a42581f334ad4303aa6b?s=96&d=mm&r=g","url":"https:\/\/secure.gravatar.com\/avatar\/e0a867bdedb85fd243eadf09663511f96fc81e0720a4a42581f334ad4303aa6b?s=96&d=mm&r=g","contentUrl":"https:\/\/secure.gravatar.com\/avatar\/e0a867bdedb85fd243eadf09663511f96fc81e0720a4a42581f334ad4303aa6b?s=96&d=mm&r=g","caption":"Reda\u00e7\u00e3o"}}]}},"amp_enabled":true,"_links":{"self":[{"href":"https:\/\/www.notibras.com\/site\/wp-json\/wp\/v2\/posts\/315639","targetHints":{"allow":["GET"]}}],"collection":[{"href":"https:\/\/www.notibras.com\/site\/wp-json\/wp\/v2\/posts"}],"about":[{"href":"https:\/\/www.notibras.com\/site\/wp-json\/wp\/v2\/types\/post"}],"author":[{"embeddable":true,"href":"https:\/\/www.notibras.com\/site\/wp-json\/wp\/v2\/users\/2"}],"replies":[{"embeddable":true,"href":"https:\/\/www.notibras.com\/site\/wp-json\/wp\/v2\/comments?post=315639"}],"version-history":[{"count":1,"href":"https:\/\/www.notibras.com\/site\/wp-json\/wp\/v2\/posts\/315639\/revisions"}],"predecessor-version":[{"id":315642,"href":"https:\/\/www.notibras.com\/site\/wp-json\/wp\/v2\/posts\/315639\/revisions\/315642"}],"wp:featuredmedia":[{"embeddable":true,"href":"https:\/\/www.notibras.com\/site\/wp-json\/wp\/v2\/media\/315641"}],"wp:attachment":[{"href":"https:\/\/www.notibras.com\/site\/wp-json\/wp\/v2\/media?parent=315639"}],"wp:term":[{"taxonomy":"category","embeddable":true,"href":"https:\/\/www.notibras.com\/site\/wp-json\/wp\/v2\/categories?post=315639"},{"taxonomy":"post_tag","embeddable":true,"href":"https:\/\/www.notibras.com\/site\/wp-json\/wp\/v2\/tags?post=315639"}],"curies":[{"name":"wp","href":"https:\/\/api.w.org\/{rel}","templated":true}]}}