{"id":315662,"date":"2023-10-29T00:06:50","date_gmt":"2023-10-29T03:06:50","guid":{"rendered":"https:\/\/www.notibras.com\/site\/?p=315662"},"modified":"2023-10-29T08:09:37","modified_gmt":"2023-10-29T11:09:37","slug":"preconceito-racial-impacta-saude-mental-da-populacao-negra","status":"publish","type":"post","link":"https:\/\/www.notibras.com\/site\/preconceito-racial-impacta-saude-mental-da-populacao-negra\/","title":{"rendered":"Preconceito racial impacta sa\u00fade mental da popula\u00e7\u00e3o negra"},"content":{"rendered":"<p>Quem j\u00e1 fez sess\u00f5es de psicoterapia ou psican\u00e1lise sabe qu\u00e3o fundamental \u00e9 ter, diante de si, um profissional capaz de efetivamente exercer a escuta das queixas e dos relatos e que saiba acolher. E, no caso de pacientes negros, isso tem rela\u00e7\u00e3o com o reconhecimento, por parte do psic\u00f3logo ou psicanalista, de como o racismo estrutural interfere na vida dos pacientes.<\/p>\n<p>Com o objetivo de entender como o passado escravagista e o presente racista do Brasil continuam se desdobrando em vulnerabiliza\u00e7\u00e3o, marginaliza\u00e7\u00e3o e agress\u00f5es cometidas contra jovens negros, a enfermeira e pesquisadora Bruna de Paula Candido analisou o atendimento em um Centro de Aten\u00e7\u00e3o Psicossocial (Caps).<\/p>\n<p>Na unidade, ela e colegas que atuam na mesma \u00e1rea profissional constataram que, dos 220 prontu\u00e1rios dos pacientes autodeclarados pretos e pardos, 60 prontu\u00e1rios (27%) indicavam epis\u00f3dios de viol\u00eancia infantil. As viol\u00eancias identificadas foram abuso psicol\u00f3gico (54%), viol\u00eancia f\u00edsica (23%), abuso sexual (14%) e maus-tratos em geral (9%).<\/p>\n<p>Ao todo, nove crian\u00e7as\/adolescentes (4%) foram alvo de atos de racismo em escolas. Algumas das crian\u00e7as e dos jovens contaram ter sido xingados por meio de ofensas de cunho racial, como &#8220;escravo&#8221;, &#8220;macaco&#8221; e &#8220;preto sujo&#8221;.<\/p>\n<p><strong>Protagonismo negro<\/strong><br \/>\nComo forma de estimul\u00e1-los a melhorar a vis\u00e3o que tinham de si mesmos e n\u00e3o deixar que as atitudes de racismo jogassem a autoestima para baixo, a equipe de profissionais do Caps buscou promover atividades que ressaltassem o protagonismo negro e contribu\u00edssem para a representatividade negra.<\/p>\n<p>Nesse sentido, de ampliar refer\u00eancias negras e o espa\u00e7o para di\u00e1logo, aproxima-se do que a milit\u00e2ncia negra chama de &#8220;aquilombar&#8221;.<\/p>\n<p>Mulher retinta, ou seja, de pele mais escura, Bruna Candido destaca que a repeti\u00e7\u00e3o da discrimina\u00e7\u00e3o racial pode realmente fazer com que as pessoas negras, sejam pardas ou pretas, duvidem de sua pr\u00f3pria capacidade, se anulem ou adotem outras posturas que s\u00e3o reflexo da desvaloriza\u00e7\u00e3o por que passam nas rela\u00e7\u00f5es interpessoais e profissionais.<\/p>\n<p>&#8220;Uma crian\u00e7a, quando sofre racismo, n\u00e3o consegue se identificar como pessoa e isso, no decorrer dos anos, na juventude e na vida adulta, provoca sentimento de exclus\u00e3o, de tristeza profunda&#8221;, afirma.<\/p>\n<p><strong>Capacita\u00e7\u00e3o profissional<\/strong><br \/>\nPara a enfermeira, um dos \u00edndices que provam como a s\u00e9rie de viol\u00eancias que atinge a popula\u00e7\u00e3o negra chega at\u00e9 ela \u00e9 o de suic\u00eddios, que supera o de pessoas brancas e amarelas. &#8220;Isso [os preju\u00edzos \u00e0 sa\u00fade mental] fica mais forte nas crian\u00e7as negras, justamente por elas reprimirem tanto os sentimentos, sofrerem tamanha viol\u00eancia, tanto institucional como estrutural&#8221;, diz.<\/p>\n<p>Bruna Candido ainda observa que \u00e9 preciso que o profissional, seja negro ou n\u00e3o, trate a sa\u00fade mental como algo que depende de outros fatores externos ao paciente, e considere o quadro social em que ele est\u00e1 inserido, al\u00e9m de procurar compreender de que forma o racismo o pressiona.<\/p>\n<p>A solu\u00e7\u00e3o, acrescenta ela, seria abordar essa tem\u00e1tica do recorte racial desde a gradua\u00e7\u00e3o dos profissionais de sa\u00fade e que evitem individualizar excessivamente quest\u00f5es que os pacientes compartilhem com eles, j\u00e1 que s\u00e3o provenientes de uma dimens\u00e3o coletiva.<\/p>\n<p>&#8220;\u00c9 necess\u00e1rio que o profissional consiga ler nas entrelinhas. Afinal, o que \u00e9 o cuidado em sa\u00fade mental? \u00c9 exatamente esse. Voc\u00ea tem a quest\u00e3o dos transtornos mentais, mas a sa\u00fade mental \u00e9 o bem-estar tamb\u00e9m. Ent\u00e3o, o profissional deve conseguir enxergar que tem uma estrutura por tr\u00e1s, que pode fazer com que a pessoa n\u00e3o se sinta bem, inclusive com um profissional negro. S\u00e3o casos e casos&#8221;, pontua.<\/p>\n<p><strong>N\u00fameros do racismo<\/strong><br \/>\nA popula\u00e7\u00e3o negra \u00e9 a principal v\u00edtima de mortes decorrentes de interven\u00e7\u00f5es policiais. Representou 83,1% dos casos registrados em 2022, conforme o Anu\u00e1rio Brasileiro de Seguran\u00e7a P\u00fablica 2023, do F\u00f3rum Brasileiro de Seguran\u00e7a P\u00fablica (FBSP).<\/p>\n<p>Al\u00e9m da trucul\u00eancia da pol\u00edcia, o mesmo levantamento aponta que as crian\u00e7as e adolescentes negros entre zero e 17 anos s\u00e3o tamb\u00e9m quem mais sofre estupro, com exce\u00e7\u00e3o na faixa at\u00e9 3 anos. Tais n\u00fameros mostram que a viol\u00eancia come\u00e7a logo cedo na vida de muitos brasileiros negros.<\/p>\n<p>Mulheres negras, por exemplo, t\u00eam menos chance de atingir mobilidade social, ou seja, de ascender profissionalmente. Quando melhoram de vida, sentem, muitas vezes, que n\u00e3o s\u00e3o merecedoras ou deslocadas em ambientes com maior predomin\u00e2ncia de pessoas brancas.<\/p>\n<p>De acordo com o Instituto Brasileiro de Geografia e Estat\u00edstica (IBGE), no primeiro trimestre deste ano, a taxa de desemprego entre as mulheres ficou em 10,8%, contra 7,2% dos homens. No recorte \u00e9tnico-racial, os desempregados somam 11,3% entre os que se autodeclararam pretos, 10,1% entre os pardos e 6,8% entre os brancos.<\/p>\n<p>Ainda segundo o IBGE, mais da metade (53,8%) dos trabalhadores do pa\u00eds em 2021 eram pretos ou pardos e, apesar disso, somados, ocupavam apenas 29,5% dos cargos gerenciais, enquanto os brancos ocupavam 69%.<\/p>\n<p>Juntamente com esse contexto, h\u00e1 inseguran\u00e7a quanto a se ter um teto. O IBGE apurou que, ao mesmo tempo que 20,8% das pessoas pardas e 19,7% das pessoas pretas residentes em domic\u00edlios pr\u00f3prios n\u00e3o tinham documenta\u00e7\u00e3o da propriedade, a parcela de pessoas brancas era de 10,1%.<\/p>\n","protected":false},"excerpt":{"rendered":"<p>Quem j\u00e1 fez sess\u00f5es de psicoterapia ou psican\u00e1lise sabe qu\u00e3o fundamental \u00e9 ter, diante de si, um profissional capaz de efetivamente exercer a escuta das queixas e dos relatos e que saiba acolher. E, no caso de pacientes negros, isso tem rela\u00e7\u00e3o com o reconhecimento, por parte do psic\u00f3logo ou psicanalista, de como o racismo [&hellip;]<\/p>\n","protected":false},"author":2,"featured_media":315663,"comment_status":"closed","ping_status":"closed","sticky":false,"template":"","format":"standard","meta":{"_acf_changed":false,"footnotes":""},"categories":[161],"tags":[95],"class_list":["post-315662","post","type-post","status-publish","format-standard","has-post-thumbnail","hentry","category-quadradinho-em-foco","tag-capa"],"acf":[],"yoast_head":"<!-- This site is optimized with the Yoast SEO plugin v27.2 - https:\/\/yoast.com\/product\/yoast-seo-wordpress\/ -->\n<title>Preconceito racial impacta sa\u00fade mental da popula\u00e7\u00e3o negra - Notibras<\/title>\n<meta name=\"robots\" content=\"index, follow, max-snippet:-1, max-image-preview:large, max-video-preview:-1\" \/>\n<link rel=\"canonical\" href=\"https:\/\/www.notibras.com\/site\/preconceito-racial-impacta-saude-mental-da-populacao-negra\/\" \/>\n<meta property=\"og:locale\" content=\"pt_BR\" \/>\n<meta property=\"og:type\" content=\"article\" \/>\n<meta property=\"og:title\" content=\"Preconceito racial impacta sa\u00fade mental da popula\u00e7\u00e3o negra - Notibras\" \/>\n<meta property=\"og:description\" content=\"Quem j\u00e1 fez sess\u00f5es de psicoterapia ou psican\u00e1lise sabe qu\u00e3o fundamental \u00e9 ter, diante de si, um profissional capaz de efetivamente exercer a escuta das queixas e dos relatos e que saiba acolher. E, no caso de pacientes negros, isso tem rela\u00e7\u00e3o com o reconhecimento, por parte do psic\u00f3logo ou psicanalista, de como o racismo [&hellip;]\" \/>\n<meta property=\"og:url\" content=\"https:\/\/www.notibras.com\/site\/preconceito-racial-impacta-saude-mental-da-populacao-negra\/\" \/>\n<meta property=\"og:site_name\" content=\"Notibras\" \/>\n<meta property=\"article:publisher\" content=\"https:\/\/www.facebook.com\/notibras\/\" \/>\n<meta property=\"article:published_time\" content=\"2023-10-29T03:06:50+00:00\" \/>\n<meta property=\"article:modified_time\" content=\"2023-10-29T11:09:37+00:00\" \/>\n<meta property=\"og:image\" content=\"https:\/\/www.notibras.com\/site\/wp-content\/uploads\/2023\/10\/negros.pp_.webp\" \/>\n\t<meta property=\"og:image:width\" content=\"770\" \/>\n\t<meta property=\"og:image:height\" content=\"513\" \/>\n\t<meta property=\"og:image:type\" content=\"image\/webp\" \/>\n<meta name=\"author\" content=\"Reda\u00e7\u00e3o\" \/>\n<meta name=\"twitter:card\" content=\"summary_large_image\" \/>\n<meta name=\"twitter:creator\" content=\"@Notibras\" \/>\n<meta name=\"twitter:site\" content=\"@Notibras\" \/>\n<meta name=\"twitter:label1\" content=\"Escrito por\" \/>\n\t<meta name=\"twitter:data1\" content=\"Reda\u00e7\u00e3o\" \/>\n\t<meta name=\"twitter:label2\" content=\"Est. tempo de leitura\" \/>\n\t<meta name=\"twitter:data2\" content=\"5 minutos\" \/>\n<script type=\"application\/ld+json\" class=\"yoast-schema-graph\">{\"@context\":\"https:\/\/schema.org\",\"@graph\":[{\"@type\":\"Article\",\"@id\":\"https:\/\/www.notibras.com\/site\/preconceito-racial-impacta-saude-mental-da-populacao-negra\/#article\",\"isPartOf\":{\"@id\":\"https:\/\/www.notibras.com\/site\/preconceito-racial-impacta-saude-mental-da-populacao-negra\/\"},\"author\":{\"name\":\"Reda\u00e7\u00e3o\",\"@id\":\"https:\/\/www.notibras.com\/site\/#\/schema\/person\/36ab0979449956132d3e5b517ea76ac8\"},\"headline\":\"Preconceito racial impacta sa\u00fade mental da popula\u00e7\u00e3o negra\",\"datePublished\":\"2023-10-29T03:06:50+00:00\",\"dateModified\":\"2023-10-29T11:09:37+00:00\",\"mainEntityOfPage\":{\"@id\":\"https:\/\/www.notibras.com\/site\/preconceito-racial-impacta-saude-mental-da-populacao-negra\/\"},\"wordCount\":886,\"publisher\":{\"@id\":\"https:\/\/www.notibras.com\/site\/#organization\"},\"image\":{\"@id\":\"https:\/\/www.notibras.com\/site\/preconceito-racial-impacta-saude-mental-da-populacao-negra\/#primaryimage\"},\"thumbnailUrl\":\"https:\/\/www.notibras.com\/site\/wp-content\/uploads\/2023\/10\/negros.pp_.webp\",\"keywords\":[\"capa\"],\"articleSection\":[\"Quadradinho em Foco\"],\"inLanguage\":\"pt-BR\"},{\"@type\":\"WebPage\",\"@id\":\"https:\/\/www.notibras.com\/site\/preconceito-racial-impacta-saude-mental-da-populacao-negra\/\",\"url\":\"https:\/\/www.notibras.com\/site\/preconceito-racial-impacta-saude-mental-da-populacao-negra\/\",\"name\":\"Preconceito racial impacta sa\u00fade mental da popula\u00e7\u00e3o negra - Notibras\",\"isPartOf\":{\"@id\":\"https:\/\/www.notibras.com\/site\/#website\"},\"primaryImageOfPage\":{\"@id\":\"https:\/\/www.notibras.com\/site\/preconceito-racial-impacta-saude-mental-da-populacao-negra\/#primaryimage\"},\"image\":{\"@id\":\"https:\/\/www.notibras.com\/site\/preconceito-racial-impacta-saude-mental-da-populacao-negra\/#primaryimage\"},\"thumbnailUrl\":\"https:\/\/www.notibras.com\/site\/wp-content\/uploads\/2023\/10\/negros.pp_.webp\",\"datePublished\":\"2023-10-29T03:06:50+00:00\",\"dateModified\":\"2023-10-29T11:09:37+00:00\",\"breadcrumb\":{\"@id\":\"https:\/\/www.notibras.com\/site\/preconceito-racial-impacta-saude-mental-da-populacao-negra\/#breadcrumb\"},\"inLanguage\":\"pt-BR\",\"potentialAction\":[{\"@type\":\"ReadAction\",\"target\":[\"https:\/\/www.notibras.com\/site\/preconceito-racial-impacta-saude-mental-da-populacao-negra\/\"]}]},{\"@type\":\"ImageObject\",\"inLanguage\":\"pt-BR\",\"@id\":\"https:\/\/www.notibras.com\/site\/preconceito-racial-impacta-saude-mental-da-populacao-negra\/#primaryimage\",\"url\":\"https:\/\/www.notibras.com\/site\/wp-content\/uploads\/2023\/10\/negros.pp_.webp\",\"contentUrl\":\"https:\/\/www.notibras.com\/site\/wp-content\/uploads\/2023\/10\/negros.pp_.webp\",\"width\":770,\"height\":513},{\"@type\":\"BreadcrumbList\",\"@id\":\"https:\/\/www.notibras.com\/site\/preconceito-racial-impacta-saude-mental-da-populacao-negra\/#breadcrumb\",\"itemListElement\":[{\"@type\":\"ListItem\",\"position\":1,\"name\":\"In\u00edcio\",\"item\":\"https:\/\/www.notibras.com\/site\/\"},{\"@type\":\"ListItem\",\"position\":2,\"name\":\"Preconceito racial impacta sa\u00fade mental da popula\u00e7\u00e3o negra\"}]},{\"@type\":\"WebSite\",\"@id\":\"https:\/\/www.notibras.com\/site\/#website\",\"url\":\"https:\/\/www.notibras.com\/site\/\",\"name\":\"Notibras\",\"description\":\"Not\u00edcias de Bras\u00edlia, do Brasil e do Mundo\",\"publisher\":{\"@id\":\"https:\/\/www.notibras.com\/site\/#organization\"},\"potentialAction\":[{\"@type\":\"SearchAction\",\"target\":{\"@type\":\"EntryPoint\",\"urlTemplate\":\"https:\/\/www.notibras.com\/site\/?s={search_term_string}\"},\"query-input\":{\"@type\":\"PropertyValueSpecification\",\"valueRequired\":true,\"valueName\":\"search_term_string\"}}],\"inLanguage\":\"pt-BR\"},{\"@type\":\"Organization\",\"@id\":\"https:\/\/www.notibras.com\/site\/#organization\",\"name\":\"Grupo Notibras de Comunica\u00e7\u00e3o\",\"url\":\"https:\/\/www.notibras.com\/site\/\",\"logo\":{\"@type\":\"ImageObject\",\"inLanguage\":\"pt-BR\",\"@id\":\"https:\/\/www.notibras.com\/site\/#\/schema\/logo\/image\/\",\"url\":\"https:\/\/www.notibras.com\/site\/wp-content\/uploads\/2023\/01\/notibras23.png\",\"contentUrl\":\"https:\/\/www.notibras.com\/site\/wp-content\/uploads\/2023\/01\/notibras23.png\",\"width\":350,\"height\":87,\"caption\":\"Grupo Notibras de Comunica\u00e7\u00e3o\"},\"image\":{\"@id\":\"https:\/\/www.notibras.com\/site\/#\/schema\/logo\/image\/\"},\"sameAs\":[\"https:\/\/www.facebook.com\/notibras\/\",\"https:\/\/x.com\/Notibras\",\"https:\/\/www.instagram.com\/notibras\/\"]},{\"@type\":\"Person\",\"@id\":\"https:\/\/www.notibras.com\/site\/#\/schema\/person\/36ab0979449956132d3e5b517ea76ac8\",\"name\":\"Reda\u00e7\u00e3o\",\"image\":{\"@type\":\"ImageObject\",\"inLanguage\":\"pt-BR\",\"@id\":\"https:\/\/secure.gravatar.com\/avatar\/e0a867bdedb85fd243eadf09663511f96fc81e0720a4a42581f334ad4303aa6b?s=96&d=mm&r=g\",\"url\":\"https:\/\/secure.gravatar.com\/avatar\/e0a867bdedb85fd243eadf09663511f96fc81e0720a4a42581f334ad4303aa6b?s=96&d=mm&r=g\",\"contentUrl\":\"https:\/\/secure.gravatar.com\/avatar\/e0a867bdedb85fd243eadf09663511f96fc81e0720a4a42581f334ad4303aa6b?s=96&d=mm&r=g\",\"caption\":\"Reda\u00e7\u00e3o\"}}]}<\/script>\n<!-- \/ Yoast SEO plugin. -->","yoast_head_json":{"title":"Preconceito racial impacta sa\u00fade mental da popula\u00e7\u00e3o negra - Notibras","robots":{"index":"index","follow":"follow","max-snippet":"max-snippet:-1","max-image-preview":"max-image-preview:large","max-video-preview":"max-video-preview:-1"},"canonical":"https:\/\/www.notibras.com\/site\/preconceito-racial-impacta-saude-mental-da-populacao-negra\/","og_locale":"pt_BR","og_type":"article","og_title":"Preconceito racial impacta sa\u00fade mental da popula\u00e7\u00e3o negra - Notibras","og_description":"Quem j\u00e1 fez sess\u00f5es de psicoterapia ou psican\u00e1lise sabe qu\u00e3o fundamental \u00e9 ter, diante de si, um profissional capaz de efetivamente exercer a escuta das queixas e dos relatos e que saiba acolher. E, no caso de pacientes negros, isso tem rela\u00e7\u00e3o com o reconhecimento, por parte do psic\u00f3logo ou psicanalista, de como o racismo [&hellip;]","og_url":"https:\/\/www.notibras.com\/site\/preconceito-racial-impacta-saude-mental-da-populacao-negra\/","og_site_name":"Notibras","article_publisher":"https:\/\/www.facebook.com\/notibras\/","article_published_time":"2023-10-29T03:06:50+00:00","article_modified_time":"2023-10-29T11:09:37+00:00","og_image":[{"width":770,"height":513,"url":"https:\/\/www.notibras.com\/site\/wp-content\/uploads\/2023\/10\/negros.pp_.webp","type":"image\/webp"}],"author":"Reda\u00e7\u00e3o","twitter_card":"summary_large_image","twitter_creator":"@Notibras","twitter_site":"@Notibras","twitter_misc":{"Escrito por":"Reda\u00e7\u00e3o","Est. tempo de leitura":"5 minutos"},"schema":{"@context":"https:\/\/schema.org","@graph":[{"@type":"Article","@id":"https:\/\/www.notibras.com\/site\/preconceito-racial-impacta-saude-mental-da-populacao-negra\/#article","isPartOf":{"@id":"https:\/\/www.notibras.com\/site\/preconceito-racial-impacta-saude-mental-da-populacao-negra\/"},"author":{"name":"Reda\u00e7\u00e3o","@id":"https:\/\/www.notibras.com\/site\/#\/schema\/person\/36ab0979449956132d3e5b517ea76ac8"},"headline":"Preconceito racial impacta sa\u00fade mental da popula\u00e7\u00e3o negra","datePublished":"2023-10-29T03:06:50+00:00","dateModified":"2023-10-29T11:09:37+00:00","mainEntityOfPage":{"@id":"https:\/\/www.notibras.com\/site\/preconceito-racial-impacta-saude-mental-da-populacao-negra\/"},"wordCount":886,"publisher":{"@id":"https:\/\/www.notibras.com\/site\/#organization"},"image":{"@id":"https:\/\/www.notibras.com\/site\/preconceito-racial-impacta-saude-mental-da-populacao-negra\/#primaryimage"},"thumbnailUrl":"https:\/\/www.notibras.com\/site\/wp-content\/uploads\/2023\/10\/negros.pp_.webp","keywords":["capa"],"articleSection":["Quadradinho em Foco"],"inLanguage":"pt-BR"},{"@type":"WebPage","@id":"https:\/\/www.notibras.com\/site\/preconceito-racial-impacta-saude-mental-da-populacao-negra\/","url":"https:\/\/www.notibras.com\/site\/preconceito-racial-impacta-saude-mental-da-populacao-negra\/","name":"Preconceito racial impacta sa\u00fade mental da popula\u00e7\u00e3o negra - Notibras","isPartOf":{"@id":"https:\/\/www.notibras.com\/site\/#website"},"primaryImageOfPage":{"@id":"https:\/\/www.notibras.com\/site\/preconceito-racial-impacta-saude-mental-da-populacao-negra\/#primaryimage"},"image":{"@id":"https:\/\/www.notibras.com\/site\/preconceito-racial-impacta-saude-mental-da-populacao-negra\/#primaryimage"},"thumbnailUrl":"https:\/\/www.notibras.com\/site\/wp-content\/uploads\/2023\/10\/negros.pp_.webp","datePublished":"2023-10-29T03:06:50+00:00","dateModified":"2023-10-29T11:09:37+00:00","breadcrumb":{"@id":"https:\/\/www.notibras.com\/site\/preconceito-racial-impacta-saude-mental-da-populacao-negra\/#breadcrumb"},"inLanguage":"pt-BR","potentialAction":[{"@type":"ReadAction","target":["https:\/\/www.notibras.com\/site\/preconceito-racial-impacta-saude-mental-da-populacao-negra\/"]}]},{"@type":"ImageObject","inLanguage":"pt-BR","@id":"https:\/\/www.notibras.com\/site\/preconceito-racial-impacta-saude-mental-da-populacao-negra\/#primaryimage","url":"https:\/\/www.notibras.com\/site\/wp-content\/uploads\/2023\/10\/negros.pp_.webp","contentUrl":"https:\/\/www.notibras.com\/site\/wp-content\/uploads\/2023\/10\/negros.pp_.webp","width":770,"height":513},{"@type":"BreadcrumbList","@id":"https:\/\/www.notibras.com\/site\/preconceito-racial-impacta-saude-mental-da-populacao-negra\/#breadcrumb","itemListElement":[{"@type":"ListItem","position":1,"name":"In\u00edcio","item":"https:\/\/www.notibras.com\/site\/"},{"@type":"ListItem","position":2,"name":"Preconceito racial impacta sa\u00fade mental da popula\u00e7\u00e3o negra"}]},{"@type":"WebSite","@id":"https:\/\/www.notibras.com\/site\/#website","url":"https:\/\/www.notibras.com\/site\/","name":"Notibras","description":"Not\u00edcias de Bras\u00edlia, do Brasil e do Mundo","publisher":{"@id":"https:\/\/www.notibras.com\/site\/#organization"},"potentialAction":[{"@type":"SearchAction","target":{"@type":"EntryPoint","urlTemplate":"https:\/\/www.notibras.com\/site\/?s={search_term_string}"},"query-input":{"@type":"PropertyValueSpecification","valueRequired":true,"valueName":"search_term_string"}}],"inLanguage":"pt-BR"},{"@type":"Organization","@id":"https:\/\/www.notibras.com\/site\/#organization","name":"Grupo Notibras de Comunica\u00e7\u00e3o","url":"https:\/\/www.notibras.com\/site\/","logo":{"@type":"ImageObject","inLanguage":"pt-BR","@id":"https:\/\/www.notibras.com\/site\/#\/schema\/logo\/image\/","url":"https:\/\/www.notibras.com\/site\/wp-content\/uploads\/2023\/01\/notibras23.png","contentUrl":"https:\/\/www.notibras.com\/site\/wp-content\/uploads\/2023\/01\/notibras23.png","width":350,"height":87,"caption":"Grupo Notibras de Comunica\u00e7\u00e3o"},"image":{"@id":"https:\/\/www.notibras.com\/site\/#\/schema\/logo\/image\/"},"sameAs":["https:\/\/www.facebook.com\/notibras\/","https:\/\/x.com\/Notibras","https:\/\/www.instagram.com\/notibras\/"]},{"@type":"Person","@id":"https:\/\/www.notibras.com\/site\/#\/schema\/person\/36ab0979449956132d3e5b517ea76ac8","name":"Reda\u00e7\u00e3o","image":{"@type":"ImageObject","inLanguage":"pt-BR","@id":"https:\/\/secure.gravatar.com\/avatar\/e0a867bdedb85fd243eadf09663511f96fc81e0720a4a42581f334ad4303aa6b?s=96&d=mm&r=g","url":"https:\/\/secure.gravatar.com\/avatar\/e0a867bdedb85fd243eadf09663511f96fc81e0720a4a42581f334ad4303aa6b?s=96&d=mm&r=g","contentUrl":"https:\/\/secure.gravatar.com\/avatar\/e0a867bdedb85fd243eadf09663511f96fc81e0720a4a42581f334ad4303aa6b?s=96&d=mm&r=g","caption":"Reda\u00e7\u00e3o"}}]}},"amp_enabled":true,"_links":{"self":[{"href":"https:\/\/www.notibras.com\/site\/wp-json\/wp\/v2\/posts\/315662","targetHints":{"allow":["GET"]}}],"collection":[{"href":"https:\/\/www.notibras.com\/site\/wp-json\/wp\/v2\/posts"}],"about":[{"href":"https:\/\/www.notibras.com\/site\/wp-json\/wp\/v2\/types\/post"}],"author":[{"embeddable":true,"href":"https:\/\/www.notibras.com\/site\/wp-json\/wp\/v2\/users\/2"}],"replies":[{"embeddable":true,"href":"https:\/\/www.notibras.com\/site\/wp-json\/wp\/v2\/comments?post=315662"}],"version-history":[{"count":1,"href":"https:\/\/www.notibras.com\/site\/wp-json\/wp\/v2\/posts\/315662\/revisions"}],"predecessor-version":[{"id":315664,"href":"https:\/\/www.notibras.com\/site\/wp-json\/wp\/v2\/posts\/315662\/revisions\/315664"}],"wp:featuredmedia":[{"embeddable":true,"href":"https:\/\/www.notibras.com\/site\/wp-json\/wp\/v2\/media\/315663"}],"wp:attachment":[{"href":"https:\/\/www.notibras.com\/site\/wp-json\/wp\/v2\/media?parent=315662"}],"wp:term":[{"taxonomy":"category","embeddable":true,"href":"https:\/\/www.notibras.com\/site\/wp-json\/wp\/v2\/categories?post=315662"},{"taxonomy":"post_tag","embeddable":true,"href":"https:\/\/www.notibras.com\/site\/wp-json\/wp\/v2\/tags?post=315662"}],"curies":[{"name":"wp","href":"https:\/\/api.w.org\/{rel}","templated":true}]}}