{"id":315677,"date":"2023-10-29T09:45:59","date_gmt":"2023-10-29T12:45:59","guid":{"rendered":"https:\/\/www.notibras.com\/site\/?p=315677"},"modified":"2023-10-29T09:45:48","modified_gmt":"2023-10-29T12:45:48","slug":"cavalo-dado-buraco-e-chegada-ao-japao","status":"publish","type":"post","link":"https:\/\/www.notibras.com\/site\/cavalo-dado-buraco-e-chegada-ao-japao\/","title":{"rendered":"Cavalo dado, buraco e chegada ao Jap\u00e3o"},"content":{"rendered":"<p>Birigui levava tudo ao p\u00e9 da letra. Se ouvia dizer que algu\u00e9m era que nem chiclete, ele imaginava a pessoa sendo mastigada at\u00e9 que lhe fizesse de bola, que estouraria de tanto assopr\u00e1-la. N\u00e3o tardaria, seria cuspida. O moleque n\u00e3o entendia as met\u00e1foras da vida, mesmo por mais absurdas que fossem.<\/p>\n<p>Os amiguinhos de Birigui, sabendo dessa sua caracter\u00edstica, adoravam lhe pregar pe\u00e7as. Vale aqui lembrar da vez que ele ganhou de presente uma camisa do Fluminense. Ele, que era Botafogo, fez cara de poucos amigos, at\u00e9 que a sua m\u00e3e lhe disse: &#8220;Meu filho, cavalo dado n\u00e3o se olha os dentes!&#8221; Pra qu\u00ea? Dizem que o menino ficou no quintal por tr\u00eas dias esperando algu\u00e9m entrar port\u00e3o adentro com um belo alaz\u00e3o.<\/p>\n<p>Outra hist\u00f3ria que aconteceu foi quando ele assistia a uma aula de geografia. A professora disse para a turma que, caso fosse poss\u00edvel cavar um buraco at\u00e9 o outro lado do planeta, se chegaria ao Jap\u00e3o. Esse foi o estopim para que Birigui arquitetasse sua nova empreitada.<\/p>\n<p>Mal chegou \u00e0 sua casa, pegou seu baldinho e sua p\u00e1 de pl\u00e1stico e foi direto pro quintal. Sua m\u00e3e parece que gostou de ver o filho entretido com aquela brincadeira, que ela mal sabia no que iria dar. A mulher at\u00e9 pensou em perguntar pro garoto o que ele estava fazendo, mas o feij\u00e3o no fogo a impediu de faz\u00ea-lo.<\/p>\n<p>Birigui come\u00e7ou a cavar um buraco, que, a princ\u00edpio, mal dava para colocar o pequeno vira-lata da casa. No entanto, com o passar dos dias, j\u00e1 era poss\u00edvel o pr\u00f3prio menino se esconder ali com certo conforto. N\u00e3o satisfeito, continuou a aprofundar ainda mais aquele buraco.<\/p>\n<p>Cavou tanto, que chegou do outro lado do planeta. Olhou aquele monte de gente de olhos puxados e pensou que estivesse na Liberdade, famoso bairro de S\u00e3o Paulo. Por mais incr\u00edvel que aquilo fosse, Birigui havia chegado ao Jap\u00e3o. Se era realidade ou sonho, talvez at\u00e9 devaneio, n\u00e3o importava. Isto \u00e9, at\u00e9 que o menino come\u00e7ou a ficar incomodado com o pr\u00f3prio xixi, que agora ficara gelado e, ent\u00e3o, despertou.<\/p>\n","protected":false},"excerpt":{"rendered":"<p>Birigui levava tudo ao p\u00e9 da letra. Se ouvia dizer que algu\u00e9m era que nem chiclete, ele imaginava a pessoa sendo mastigada at\u00e9 que lhe fizesse de bola, que estouraria de tanto assopr\u00e1-la. N\u00e3o tardaria, seria cuspida. O moleque n\u00e3o entendia as met\u00e1foras da vida, mesmo por mais absurdas que fossem. Os amiguinhos de Birigui, [&hellip;]<\/p>\n","protected":false},"author":2,"featured_media":315678,"comment_status":"closed","ping_status":"closed","sticky":false,"template":"","format":"standard","meta":{"_acf_changed":false,"footnotes":""},"categories":[161],"tags":[],"class_list":["post-315677","post","type-post","status-publish","format-standard","has-post-thumbnail","hentry","category-quadradinho-em-foco"],"acf":[],"yoast_head":"<!-- This site is optimized with the Yoast SEO plugin v27.2 - https:\/\/yoast.com\/product\/yoast-seo-wordpress\/ -->\n<title>Cavalo dado, buraco e chegada ao Jap\u00e3o - Notibras<\/title>\n<meta name=\"robots\" content=\"index, follow, max-snippet:-1, max-image-preview:large, max-video-preview:-1\" \/>\n<link rel=\"canonical\" href=\"https:\/\/www.notibras.com\/site\/cavalo-dado-buraco-e-chegada-ao-japao\/\" \/>\n<meta property=\"og:locale\" content=\"pt_BR\" \/>\n<meta property=\"og:type\" content=\"article\" \/>\n<meta property=\"og:title\" content=\"Cavalo dado, buraco e chegada ao Jap\u00e3o - Notibras\" \/>\n<meta property=\"og:description\" content=\"Birigui levava tudo ao p\u00e9 da letra. Se ouvia dizer que algu\u00e9m era que nem chiclete, ele imaginava a pessoa sendo mastigada at\u00e9 que lhe fizesse de bola, que estouraria de tanto assopr\u00e1-la. N\u00e3o tardaria, seria cuspida. O moleque n\u00e3o entendia as met\u00e1foras da vida, mesmo por mais absurdas que fossem. Os amiguinhos de Birigui, [&hellip;]\" \/>\n<meta property=\"og:url\" content=\"https:\/\/www.notibras.com\/site\/cavalo-dado-buraco-e-chegada-ao-japao\/\" \/>\n<meta property=\"og:site_name\" content=\"Notibras\" \/>\n<meta property=\"article:publisher\" content=\"https:\/\/www.facebook.com\/notibras\/\" \/>\n<meta property=\"article:published_time\" content=\"2023-10-29T12:45:59+00:00\" \/>\n<meta property=\"og:image\" content=\"https:\/\/www.notibras.com\/site\/wp-content\/uploads\/2023\/10\/364b2a72-9a31-4fec-939c-3e51e2f6f740.jpeg\" \/>\n\t<meta property=\"og:image:width\" content=\"1024\" \/>\n\t<meta property=\"og:image:height\" content=\"713\" \/>\n\t<meta property=\"og:image:type\" content=\"image\/jpeg\" \/>\n<meta name=\"author\" content=\"Reda\u00e7\u00e3o\" \/>\n<meta name=\"twitter:card\" content=\"summary_large_image\" \/>\n<meta name=\"twitter:creator\" content=\"@Notibras\" \/>\n<meta name=\"twitter:site\" content=\"@Notibras\" \/>\n<meta name=\"twitter:label1\" content=\"Escrito por\" \/>\n\t<meta name=\"twitter:data1\" content=\"Reda\u00e7\u00e3o\" \/>\n\t<meta name=\"twitter:label2\" content=\"Est. tempo de leitura\" \/>\n\t<meta name=\"twitter:data2\" content=\"2 minutos\" \/>\n<script type=\"application\/ld+json\" class=\"yoast-schema-graph\">{\"@context\":\"https:\/\/schema.org\",\"@graph\":[{\"@type\":\"Article\",\"@id\":\"https:\/\/www.notibras.com\/site\/cavalo-dado-buraco-e-chegada-ao-japao\/#article\",\"isPartOf\":{\"@id\":\"https:\/\/www.notibras.com\/site\/cavalo-dado-buraco-e-chegada-ao-japao\/\"},\"author\":{\"name\":\"Reda\u00e7\u00e3o\",\"@id\":\"https:\/\/www.notibras.com\/site\/#\/schema\/person\/36ab0979449956132d3e5b517ea76ac8\"},\"headline\":\"Cavalo dado, buraco e chegada ao Jap\u00e3o\",\"datePublished\":\"2023-10-29T12:45:59+00:00\",\"mainEntityOfPage\":{\"@id\":\"https:\/\/www.notibras.com\/site\/cavalo-dado-buraco-e-chegada-ao-japao\/\"},\"wordCount\":385,\"publisher\":{\"@id\":\"https:\/\/www.notibras.com\/site\/#organization\"},\"image\":{\"@id\":\"https:\/\/www.notibras.com\/site\/cavalo-dado-buraco-e-chegada-ao-japao\/#primaryimage\"},\"thumbnailUrl\":\"https:\/\/www.notibras.com\/site\/wp-content\/uploads\/2023\/10\/364b2a72-9a31-4fec-939c-3e51e2f6f740.jpeg\",\"articleSection\":[\"Quadradinho em Foco\"],\"inLanguage\":\"pt-BR\"},{\"@type\":\"WebPage\",\"@id\":\"https:\/\/www.notibras.com\/site\/cavalo-dado-buraco-e-chegada-ao-japao\/\",\"url\":\"https:\/\/www.notibras.com\/site\/cavalo-dado-buraco-e-chegada-ao-japao\/\",\"name\":\"Cavalo dado, buraco e chegada ao Jap\u00e3o - Notibras\",\"isPartOf\":{\"@id\":\"https:\/\/www.notibras.com\/site\/#website\"},\"primaryImageOfPage\":{\"@id\":\"https:\/\/www.notibras.com\/site\/cavalo-dado-buraco-e-chegada-ao-japao\/#primaryimage\"},\"image\":{\"@id\":\"https:\/\/www.notibras.com\/site\/cavalo-dado-buraco-e-chegada-ao-japao\/#primaryimage\"},\"thumbnailUrl\":\"https:\/\/www.notibras.com\/site\/wp-content\/uploads\/2023\/10\/364b2a72-9a31-4fec-939c-3e51e2f6f740.jpeg\",\"datePublished\":\"2023-10-29T12:45:59+00:00\",\"breadcrumb\":{\"@id\":\"https:\/\/www.notibras.com\/site\/cavalo-dado-buraco-e-chegada-ao-japao\/#breadcrumb\"},\"inLanguage\":\"pt-BR\",\"potentialAction\":[{\"@type\":\"ReadAction\",\"target\":[\"https:\/\/www.notibras.com\/site\/cavalo-dado-buraco-e-chegada-ao-japao\/\"]}]},{\"@type\":\"ImageObject\",\"inLanguage\":\"pt-BR\",\"@id\":\"https:\/\/www.notibras.com\/site\/cavalo-dado-buraco-e-chegada-ao-japao\/#primaryimage\",\"url\":\"https:\/\/www.notibras.com\/site\/wp-content\/uploads\/2023\/10\/364b2a72-9a31-4fec-939c-3e51e2f6f740.jpeg\",\"contentUrl\":\"https:\/\/www.notibras.com\/site\/wp-content\/uploads\/2023\/10\/364b2a72-9a31-4fec-939c-3e51e2f6f740.jpeg\",\"width\":1024,\"height\":713},{\"@type\":\"BreadcrumbList\",\"@id\":\"https:\/\/www.notibras.com\/site\/cavalo-dado-buraco-e-chegada-ao-japao\/#breadcrumb\",\"itemListElement\":[{\"@type\":\"ListItem\",\"position\":1,\"name\":\"In\u00edcio\",\"item\":\"https:\/\/www.notibras.com\/site\/\"},{\"@type\":\"ListItem\",\"position\":2,\"name\":\"Cavalo dado, buraco e chegada ao Jap\u00e3o\"}]},{\"@type\":\"WebSite\",\"@id\":\"https:\/\/www.notibras.com\/site\/#website\",\"url\":\"https:\/\/www.notibras.com\/site\/\",\"name\":\"Notibras\",\"description\":\"Not\u00edcias de Bras\u00edlia, do Brasil e do Mundo\",\"publisher\":{\"@id\":\"https:\/\/www.notibras.com\/site\/#organization\"},\"potentialAction\":[{\"@type\":\"SearchAction\",\"target\":{\"@type\":\"EntryPoint\",\"urlTemplate\":\"https:\/\/www.notibras.com\/site\/?s={search_term_string}\"},\"query-input\":{\"@type\":\"PropertyValueSpecification\",\"valueRequired\":true,\"valueName\":\"search_term_string\"}}],\"inLanguage\":\"pt-BR\"},{\"@type\":\"Organization\",\"@id\":\"https:\/\/www.notibras.com\/site\/#organization\",\"name\":\"Grupo Notibras de Comunica\u00e7\u00e3o\",\"url\":\"https:\/\/www.notibras.com\/site\/\",\"logo\":{\"@type\":\"ImageObject\",\"inLanguage\":\"pt-BR\",\"@id\":\"https:\/\/www.notibras.com\/site\/#\/schema\/logo\/image\/\",\"url\":\"https:\/\/www.notibras.com\/site\/wp-content\/uploads\/2023\/01\/notibras23.png\",\"contentUrl\":\"https:\/\/www.notibras.com\/site\/wp-content\/uploads\/2023\/01\/notibras23.png\",\"width\":350,\"height\":87,\"caption\":\"Grupo Notibras de Comunica\u00e7\u00e3o\"},\"image\":{\"@id\":\"https:\/\/www.notibras.com\/site\/#\/schema\/logo\/image\/\"},\"sameAs\":[\"https:\/\/www.facebook.com\/notibras\/\",\"https:\/\/x.com\/Notibras\",\"https:\/\/www.instagram.com\/notibras\/\"]},{\"@type\":\"Person\",\"@id\":\"https:\/\/www.notibras.com\/site\/#\/schema\/person\/36ab0979449956132d3e5b517ea76ac8\",\"name\":\"Reda\u00e7\u00e3o\",\"image\":{\"@type\":\"ImageObject\",\"inLanguage\":\"pt-BR\",\"@id\":\"https:\/\/secure.gravatar.com\/avatar\/e0a867bdedb85fd243eadf09663511f96fc81e0720a4a42581f334ad4303aa6b?s=96&d=mm&r=g\",\"url\":\"https:\/\/secure.gravatar.com\/avatar\/e0a867bdedb85fd243eadf09663511f96fc81e0720a4a42581f334ad4303aa6b?s=96&d=mm&r=g\",\"contentUrl\":\"https:\/\/secure.gravatar.com\/avatar\/e0a867bdedb85fd243eadf09663511f96fc81e0720a4a42581f334ad4303aa6b?s=96&d=mm&r=g\",\"caption\":\"Reda\u00e7\u00e3o\"}}]}<\/script>\n<!-- \/ Yoast SEO plugin. -->","yoast_head_json":{"title":"Cavalo dado, buraco e chegada ao Jap\u00e3o - Notibras","robots":{"index":"index","follow":"follow","max-snippet":"max-snippet:-1","max-image-preview":"max-image-preview:large","max-video-preview":"max-video-preview:-1"},"canonical":"https:\/\/www.notibras.com\/site\/cavalo-dado-buraco-e-chegada-ao-japao\/","og_locale":"pt_BR","og_type":"article","og_title":"Cavalo dado, buraco e chegada ao Jap\u00e3o - Notibras","og_description":"Birigui levava tudo ao p\u00e9 da letra. Se ouvia dizer que algu\u00e9m era que nem chiclete, ele imaginava a pessoa sendo mastigada at\u00e9 que lhe fizesse de bola, que estouraria de tanto assopr\u00e1-la. N\u00e3o tardaria, seria cuspida. O moleque n\u00e3o entendia as met\u00e1foras da vida, mesmo por mais absurdas que fossem. Os amiguinhos de Birigui, [&hellip;]","og_url":"https:\/\/www.notibras.com\/site\/cavalo-dado-buraco-e-chegada-ao-japao\/","og_site_name":"Notibras","article_publisher":"https:\/\/www.facebook.com\/notibras\/","article_published_time":"2023-10-29T12:45:59+00:00","og_image":[{"width":1024,"height":713,"url":"https:\/\/www.notibras.com\/site\/wp-content\/uploads\/2023\/10\/364b2a72-9a31-4fec-939c-3e51e2f6f740.jpeg","type":"image\/jpeg"}],"author":"Reda\u00e7\u00e3o","twitter_card":"summary_large_image","twitter_creator":"@Notibras","twitter_site":"@Notibras","twitter_misc":{"Escrito por":"Reda\u00e7\u00e3o","Est. tempo de leitura":"2 minutos"},"schema":{"@context":"https:\/\/schema.org","@graph":[{"@type":"Article","@id":"https:\/\/www.notibras.com\/site\/cavalo-dado-buraco-e-chegada-ao-japao\/#article","isPartOf":{"@id":"https:\/\/www.notibras.com\/site\/cavalo-dado-buraco-e-chegada-ao-japao\/"},"author":{"name":"Reda\u00e7\u00e3o","@id":"https:\/\/www.notibras.com\/site\/#\/schema\/person\/36ab0979449956132d3e5b517ea76ac8"},"headline":"Cavalo dado, buraco e chegada ao Jap\u00e3o","datePublished":"2023-10-29T12:45:59+00:00","mainEntityOfPage":{"@id":"https:\/\/www.notibras.com\/site\/cavalo-dado-buraco-e-chegada-ao-japao\/"},"wordCount":385,"publisher":{"@id":"https:\/\/www.notibras.com\/site\/#organization"},"image":{"@id":"https:\/\/www.notibras.com\/site\/cavalo-dado-buraco-e-chegada-ao-japao\/#primaryimage"},"thumbnailUrl":"https:\/\/www.notibras.com\/site\/wp-content\/uploads\/2023\/10\/364b2a72-9a31-4fec-939c-3e51e2f6f740.jpeg","articleSection":["Quadradinho em Foco"],"inLanguage":"pt-BR"},{"@type":"WebPage","@id":"https:\/\/www.notibras.com\/site\/cavalo-dado-buraco-e-chegada-ao-japao\/","url":"https:\/\/www.notibras.com\/site\/cavalo-dado-buraco-e-chegada-ao-japao\/","name":"Cavalo dado, buraco e chegada ao Jap\u00e3o - Notibras","isPartOf":{"@id":"https:\/\/www.notibras.com\/site\/#website"},"primaryImageOfPage":{"@id":"https:\/\/www.notibras.com\/site\/cavalo-dado-buraco-e-chegada-ao-japao\/#primaryimage"},"image":{"@id":"https:\/\/www.notibras.com\/site\/cavalo-dado-buraco-e-chegada-ao-japao\/#primaryimage"},"thumbnailUrl":"https:\/\/www.notibras.com\/site\/wp-content\/uploads\/2023\/10\/364b2a72-9a31-4fec-939c-3e51e2f6f740.jpeg","datePublished":"2023-10-29T12:45:59+00:00","breadcrumb":{"@id":"https:\/\/www.notibras.com\/site\/cavalo-dado-buraco-e-chegada-ao-japao\/#breadcrumb"},"inLanguage":"pt-BR","potentialAction":[{"@type":"ReadAction","target":["https:\/\/www.notibras.com\/site\/cavalo-dado-buraco-e-chegada-ao-japao\/"]}]},{"@type":"ImageObject","inLanguage":"pt-BR","@id":"https:\/\/www.notibras.com\/site\/cavalo-dado-buraco-e-chegada-ao-japao\/#primaryimage","url":"https:\/\/www.notibras.com\/site\/wp-content\/uploads\/2023\/10\/364b2a72-9a31-4fec-939c-3e51e2f6f740.jpeg","contentUrl":"https:\/\/www.notibras.com\/site\/wp-content\/uploads\/2023\/10\/364b2a72-9a31-4fec-939c-3e51e2f6f740.jpeg","width":1024,"height":713},{"@type":"BreadcrumbList","@id":"https:\/\/www.notibras.com\/site\/cavalo-dado-buraco-e-chegada-ao-japao\/#breadcrumb","itemListElement":[{"@type":"ListItem","position":1,"name":"In\u00edcio","item":"https:\/\/www.notibras.com\/site\/"},{"@type":"ListItem","position":2,"name":"Cavalo dado, buraco e chegada ao Jap\u00e3o"}]},{"@type":"WebSite","@id":"https:\/\/www.notibras.com\/site\/#website","url":"https:\/\/www.notibras.com\/site\/","name":"Notibras","description":"Not\u00edcias de Bras\u00edlia, do Brasil e do Mundo","publisher":{"@id":"https:\/\/www.notibras.com\/site\/#organization"},"potentialAction":[{"@type":"SearchAction","target":{"@type":"EntryPoint","urlTemplate":"https:\/\/www.notibras.com\/site\/?s={search_term_string}"},"query-input":{"@type":"PropertyValueSpecification","valueRequired":true,"valueName":"search_term_string"}}],"inLanguage":"pt-BR"},{"@type":"Organization","@id":"https:\/\/www.notibras.com\/site\/#organization","name":"Grupo Notibras de Comunica\u00e7\u00e3o","url":"https:\/\/www.notibras.com\/site\/","logo":{"@type":"ImageObject","inLanguage":"pt-BR","@id":"https:\/\/www.notibras.com\/site\/#\/schema\/logo\/image\/","url":"https:\/\/www.notibras.com\/site\/wp-content\/uploads\/2023\/01\/notibras23.png","contentUrl":"https:\/\/www.notibras.com\/site\/wp-content\/uploads\/2023\/01\/notibras23.png","width":350,"height":87,"caption":"Grupo Notibras de Comunica\u00e7\u00e3o"},"image":{"@id":"https:\/\/www.notibras.com\/site\/#\/schema\/logo\/image\/"},"sameAs":["https:\/\/www.facebook.com\/notibras\/","https:\/\/x.com\/Notibras","https:\/\/www.instagram.com\/notibras\/"]},{"@type":"Person","@id":"https:\/\/www.notibras.com\/site\/#\/schema\/person\/36ab0979449956132d3e5b517ea76ac8","name":"Reda\u00e7\u00e3o","image":{"@type":"ImageObject","inLanguage":"pt-BR","@id":"https:\/\/secure.gravatar.com\/avatar\/e0a867bdedb85fd243eadf09663511f96fc81e0720a4a42581f334ad4303aa6b?s=96&d=mm&r=g","url":"https:\/\/secure.gravatar.com\/avatar\/e0a867bdedb85fd243eadf09663511f96fc81e0720a4a42581f334ad4303aa6b?s=96&d=mm&r=g","contentUrl":"https:\/\/secure.gravatar.com\/avatar\/e0a867bdedb85fd243eadf09663511f96fc81e0720a4a42581f334ad4303aa6b?s=96&d=mm&r=g","caption":"Reda\u00e7\u00e3o"}}]}},"amp_enabled":true,"_links":{"self":[{"href":"https:\/\/www.notibras.com\/site\/wp-json\/wp\/v2\/posts\/315677","targetHints":{"allow":["GET"]}}],"collection":[{"href":"https:\/\/www.notibras.com\/site\/wp-json\/wp\/v2\/posts"}],"about":[{"href":"https:\/\/www.notibras.com\/site\/wp-json\/wp\/v2\/types\/post"}],"author":[{"embeddable":true,"href":"https:\/\/www.notibras.com\/site\/wp-json\/wp\/v2\/users\/2"}],"replies":[{"embeddable":true,"href":"https:\/\/www.notibras.com\/site\/wp-json\/wp\/v2\/comments?post=315677"}],"version-history":[{"count":1,"href":"https:\/\/www.notibras.com\/site\/wp-json\/wp\/v2\/posts\/315677\/revisions"}],"predecessor-version":[{"id":315679,"href":"https:\/\/www.notibras.com\/site\/wp-json\/wp\/v2\/posts\/315677\/revisions\/315679"}],"wp:featuredmedia":[{"embeddable":true,"href":"https:\/\/www.notibras.com\/site\/wp-json\/wp\/v2\/media\/315678"}],"wp:attachment":[{"href":"https:\/\/www.notibras.com\/site\/wp-json\/wp\/v2\/media?parent=315677"}],"wp:term":[{"taxonomy":"category","embeddable":true,"href":"https:\/\/www.notibras.com\/site\/wp-json\/wp\/v2\/categories?post=315677"},{"taxonomy":"post_tag","embeddable":true,"href":"https:\/\/www.notibras.com\/site\/wp-json\/wp\/v2\/tags?post=315677"}],"curies":[{"name":"wp","href":"https:\/\/api.w.org\/{rel}","templated":true}]}}