{"id":315680,"date":"2023-10-29T10:29:03","date_gmt":"2023-10-29T13:29:03","guid":{"rendered":"https:\/\/www.notibras.com\/site\/?p=315680"},"modified":"2023-10-29T12:52:17","modified_gmt":"2023-10-29T15:52:17","slug":"rosas-se-falassem-diriam-que-sao-perfeitas","status":"publish","type":"post","link":"https:\/\/www.notibras.com\/site\/rosas-se-falassem-diriam-que-sao-perfeitas\/","title":{"rendered":"Rosas, se falassem, diriam que s\u00e3o perfeitas"},"content":{"rendered":"<p>Vira e mexe, o homem sai em busca da perfei\u00e7\u00e3o. Imposs\u00edvel, responde minha amiga Ia, a um meu questionamento. O que mais se aproximaria do perfeito, repliquei, seria o milagroso achado de uma agulha num palheiro de propor\u00e7\u00f5es imensas como silos que armazenam gr\u00e3os de soja.<\/p>\n<p>Ia me transporta a palavras de minha av\u00f3. &#8220;N\u00e3o tem perfeito sem defeito\u201d. \u00c9 verdade. Se para alguns algo \u00e9 certo, para outros pode parecer diferente. Sorrindo, fixo os olhos no brilho dos olhos dela, e cito Cartola. As rosas n\u00e3o falam, mas se tivessem esse dom, diriam que s\u00e3o perfeitas. &#8220;Inclusive no perfume que roubam de ti&#8221;.<\/p>\n<p>Essa busca fremente por excel\u00eancia e aprimoramento, vem desde a Gr\u00e9cia. Era a \u00e9poca dos deuses do Olimpo e sua jornada constante na tentativa de alcan\u00e7ar a perfei\u00e7\u00e3o como sinal de vit\u00f3ria.<\/p>\n<p>N\u00e3o sabiam os m\u00edticos atenienses, espartanos e seus vizinhos, por\u00e9m, que a imperfei\u00e7\u00e3o faz parte da condi\u00e7\u00e3o humana, e muitas vezes, \u00e9 nas falhas que encontramos oportunidades de crescimento e aprendizado.<\/p>\n<p>At\u00e9 para servir de uma ilustrativa inspira\u00e7\u00e3o, pondero com Ia que a verdadeira beleza est\u00e1 na singularidade e na autenticidade de cada indiv\u00edduo. Portanto, ao inv\u00e9s de busc\u00e1-la, enfatizo, devemos valorizar nossa jornada, a resili\u00eancia e a aceita\u00e7\u00e3o de n\u00f3s mesmos. E minha amiga concorda.<\/p>\n<p>J\u00e1 que citei o poeta que escrevia como quem acaricia p\u00e9talas cobertas pelo orvalho, n\u00e3o posso deixar de lembrar Renato Russo, no refr\u00e3o da m\u00fasica Perfei\u00e7\u00e3o. \u201cVenha, meu cora\u00e7\u00e3o est\u00e1 com pressa\/Quando a esperan\u00e7a est\u00e1 dispersa\/S\u00f3 a verdade me liberta\/Chega de maldade e ilus\u00e3o\/Venha, o amor tem sempre a porta aberta\/E vem chegando a primavera\/Nosso futuro recome\u00e7a\/Venha, que o que vem \u00e9 perfei\u00e7\u00e3o.<\/p>\n<p>Voltando \u00e0 Gr\u00e9cia antiga, onde &#8211; lembro como ensina a mitologia -, os deuses faziam suas esculturas com corpos veross\u00edmeis aos seus modelos, masculinos e femininos. Havia, por\u00e9m, um desarranjo nisso. \u00c9 o exemplo de Hefesto, (deus da metalurgia) o criador da cadeira de rodas. Ele tinha um corpo disforme, imperfeito perante aqueles que se diziam perfeitos, como os pr\u00f3prios Zeus, Hera, Poseidon, Atena, Ares, Dem\u00e9ter, Apolo, \u00c1rtemis, Afrodite, Hermes e Dion\u00edsio.<\/p>\n<p>Sin\u00f4nimo e ant\u00f4nimo, perfei\u00e7\u00e3o, como se v\u00ea, nem no Olimpo tinha lugar. Hoje \u00e9 modismo pessoas com corpos bem definidos e musculosos, em muitos casos de famosos, que respiram academias, crossfit, fisiculturistas. Mas n\u00f3s, reles mortais, que temos outra conduta e outros costumes, devemos nos ater apenas ao que sentenciou o fil\u00f3sofo Descartes: \u201cPenso, logo existo\u201d.<\/p>\n<p>Resumindo, sugiro uma reflex\u00e3o a Ia: a busca da perfei\u00e7\u00e3o, mesmo que n\u00e3o seja alcan\u00e7ada, deve estar na valoriza\u00e7\u00e3o do exerc\u00edcio da nossa mente, para nos aprimorarmos cada vez mais.<\/p>\n<p>Ia mais uma vez sorriu. E o sol, que a tudo assistia, escondeu-se por tr\u00e1s de nuvens, entendendo que o brilho dos olhos de minha amiga ofuscava os seus raios.<\/p>\n<p><strong>Post scriptum &#8211; <em>Notibras<\/em>\u00a0abriu este espa\u00e7o editorial para o segmento PcD. Para que possamos interagir, mostrarmos que somos pessoas comuns. Encaminhe sugest\u00f5es, mande seus textos. Prometo que tudo ser\u00e1 bem recebido e aproveitado. Meu WhasApp \u00e9\u00a0+55 61 98425-4895.<\/strong><\/p>\n","protected":false},"excerpt":{"rendered":"<p>Vira e mexe, o homem sai em busca da perfei\u00e7\u00e3o. Imposs\u00edvel, responde minha amiga Ia, a um meu questionamento. O que mais se aproximaria do perfeito, repliquei, seria o milagroso achado de uma agulha num palheiro de propor\u00e7\u00f5es imensas como silos que armazenam gr\u00e3os de soja. Ia me transporta a palavras de minha av\u00f3. &#8220;N\u00e3o [&hellip;]<\/p>\n","protected":false},"author":2,"featured_media":315681,"comment_status":"closed","ping_status":"closed","sticky":false,"template":"","format":"standard","meta":{"_acf_changed":false,"footnotes":""},"categories":[161],"tags":[],"class_list":["post-315680","post","type-post","status-publish","format-standard","has-post-thumbnail","hentry","category-quadradinho-em-foco"],"acf":[],"yoast_head":"<!-- This site is optimized with the Yoast SEO plugin v27.2 - https:\/\/yoast.com\/product\/yoast-seo-wordpress\/ -->\n<title>Rosas, se falassem, diriam que s\u00e3o perfeitas - Notibras<\/title>\n<meta name=\"robots\" content=\"index, follow, max-snippet:-1, max-image-preview:large, max-video-preview:-1\" \/>\n<link rel=\"canonical\" href=\"https:\/\/www.notibras.com\/site\/rosas-se-falassem-diriam-que-sao-perfeitas\/\" \/>\n<meta property=\"og:locale\" content=\"pt_BR\" \/>\n<meta property=\"og:type\" content=\"article\" \/>\n<meta property=\"og:title\" content=\"Rosas, se falassem, diriam que s\u00e3o perfeitas - Notibras\" \/>\n<meta property=\"og:description\" content=\"Vira e mexe, o homem sai em busca da perfei\u00e7\u00e3o. Imposs\u00edvel, responde minha amiga Ia, a um meu questionamento. O que mais se aproximaria do perfeito, repliquei, seria o milagroso achado de uma agulha num palheiro de propor\u00e7\u00f5es imensas como silos que armazenam gr\u00e3os de soja. Ia me transporta a palavras de minha av\u00f3. &#8220;N\u00e3o [&hellip;]\" \/>\n<meta property=\"og:url\" content=\"https:\/\/www.notibras.com\/site\/rosas-se-falassem-diriam-que-sao-perfeitas\/\" \/>\n<meta property=\"og:site_name\" content=\"Notibras\" \/>\n<meta property=\"article:publisher\" content=\"https:\/\/www.facebook.com\/notibras\/\" \/>\n<meta property=\"article:published_time\" content=\"2023-10-29T13:29:03+00:00\" \/>\n<meta property=\"article:modified_time\" content=\"2023-10-29T15:52:17+00:00\" \/>\n<meta property=\"og:image\" content=\"https:\/\/www.notibras.com\/site\/wp-content\/uploads\/2023\/10\/a000c030-9410-0135-17ab-6231c35b6685-minified.jpeg\" \/>\n\t<meta property=\"og:image:width\" content=\"1125\" \/>\n\t<meta property=\"og:image:height\" content=\"750\" \/>\n\t<meta property=\"og:image:type\" content=\"image\/jpeg\" \/>\n<meta name=\"author\" content=\"Reda\u00e7\u00e3o\" \/>\n<meta name=\"twitter:card\" content=\"summary_large_image\" \/>\n<meta name=\"twitter:creator\" content=\"@Notibras\" \/>\n<meta name=\"twitter:site\" content=\"@Notibras\" \/>\n<meta name=\"twitter:label1\" content=\"Escrito por\" \/>\n\t<meta name=\"twitter:data1\" content=\"Reda\u00e7\u00e3o\" \/>\n\t<meta name=\"twitter:label2\" content=\"Est. tempo de leitura\" \/>\n\t<meta name=\"twitter:data2\" content=\"3 minutos\" \/>\n<script type=\"application\/ld+json\" class=\"yoast-schema-graph\">{\"@context\":\"https:\/\/schema.org\",\"@graph\":[{\"@type\":\"Article\",\"@id\":\"https:\/\/www.notibras.com\/site\/rosas-se-falassem-diriam-que-sao-perfeitas\/#article\",\"isPartOf\":{\"@id\":\"https:\/\/www.notibras.com\/site\/rosas-se-falassem-diriam-que-sao-perfeitas\/\"},\"author\":{\"name\":\"Reda\u00e7\u00e3o\",\"@id\":\"https:\/\/www.notibras.com\/site\/#\/schema\/person\/36ab0979449956132d3e5b517ea76ac8\"},\"headline\":\"Rosas, se falassem, diriam que s\u00e3o perfeitas\",\"datePublished\":\"2023-10-29T13:29:03+00:00\",\"dateModified\":\"2023-10-29T15:52:17+00:00\",\"mainEntityOfPage\":{\"@id\":\"https:\/\/www.notibras.com\/site\/rosas-se-falassem-diriam-que-sao-perfeitas\/\"},\"wordCount\":562,\"publisher\":{\"@id\":\"https:\/\/www.notibras.com\/site\/#organization\"},\"image\":{\"@id\":\"https:\/\/www.notibras.com\/site\/rosas-se-falassem-diriam-que-sao-perfeitas\/#primaryimage\"},\"thumbnailUrl\":\"https:\/\/www.notibras.com\/site\/wp-content\/uploads\/2023\/10\/a000c030-9410-0135-17ab-6231c35b6685-minified.jpeg\",\"articleSection\":[\"Quadradinho em Foco\"],\"inLanguage\":\"pt-BR\"},{\"@type\":\"WebPage\",\"@id\":\"https:\/\/www.notibras.com\/site\/rosas-se-falassem-diriam-que-sao-perfeitas\/\",\"url\":\"https:\/\/www.notibras.com\/site\/rosas-se-falassem-diriam-que-sao-perfeitas\/\",\"name\":\"Rosas, se falassem, diriam que s\u00e3o perfeitas - Notibras\",\"isPartOf\":{\"@id\":\"https:\/\/www.notibras.com\/site\/#website\"},\"primaryImageOfPage\":{\"@id\":\"https:\/\/www.notibras.com\/site\/rosas-se-falassem-diriam-que-sao-perfeitas\/#primaryimage\"},\"image\":{\"@id\":\"https:\/\/www.notibras.com\/site\/rosas-se-falassem-diriam-que-sao-perfeitas\/#primaryimage\"},\"thumbnailUrl\":\"https:\/\/www.notibras.com\/site\/wp-content\/uploads\/2023\/10\/a000c030-9410-0135-17ab-6231c35b6685-minified.jpeg\",\"datePublished\":\"2023-10-29T13:29:03+00:00\",\"dateModified\":\"2023-10-29T15:52:17+00:00\",\"breadcrumb\":{\"@id\":\"https:\/\/www.notibras.com\/site\/rosas-se-falassem-diriam-que-sao-perfeitas\/#breadcrumb\"},\"inLanguage\":\"pt-BR\",\"potentialAction\":[{\"@type\":\"ReadAction\",\"target\":[\"https:\/\/www.notibras.com\/site\/rosas-se-falassem-diriam-que-sao-perfeitas\/\"]}]},{\"@type\":\"ImageObject\",\"inLanguage\":\"pt-BR\",\"@id\":\"https:\/\/www.notibras.com\/site\/rosas-se-falassem-diriam-que-sao-perfeitas\/#primaryimage\",\"url\":\"https:\/\/www.notibras.com\/site\/wp-content\/uploads\/2023\/10\/a000c030-9410-0135-17ab-6231c35b6685-minified.jpeg\",\"contentUrl\":\"https:\/\/www.notibras.com\/site\/wp-content\/uploads\/2023\/10\/a000c030-9410-0135-17ab-6231c35b6685-minified.jpeg\",\"width\":1125,\"height\":750},{\"@type\":\"BreadcrumbList\",\"@id\":\"https:\/\/www.notibras.com\/site\/rosas-se-falassem-diriam-que-sao-perfeitas\/#breadcrumb\",\"itemListElement\":[{\"@type\":\"ListItem\",\"position\":1,\"name\":\"In\u00edcio\",\"item\":\"https:\/\/www.notibras.com\/site\/\"},{\"@type\":\"ListItem\",\"position\":2,\"name\":\"Rosas, se falassem, diriam que s\u00e3o perfeitas\"}]},{\"@type\":\"WebSite\",\"@id\":\"https:\/\/www.notibras.com\/site\/#website\",\"url\":\"https:\/\/www.notibras.com\/site\/\",\"name\":\"Notibras\",\"description\":\"Not\u00edcias de Bras\u00edlia, do Brasil e do Mundo\",\"publisher\":{\"@id\":\"https:\/\/www.notibras.com\/site\/#organization\"},\"potentialAction\":[{\"@type\":\"SearchAction\",\"target\":{\"@type\":\"EntryPoint\",\"urlTemplate\":\"https:\/\/www.notibras.com\/site\/?s={search_term_string}\"},\"query-input\":{\"@type\":\"PropertyValueSpecification\",\"valueRequired\":true,\"valueName\":\"search_term_string\"}}],\"inLanguage\":\"pt-BR\"},{\"@type\":\"Organization\",\"@id\":\"https:\/\/www.notibras.com\/site\/#organization\",\"name\":\"Grupo Notibras de Comunica\u00e7\u00e3o\",\"url\":\"https:\/\/www.notibras.com\/site\/\",\"logo\":{\"@type\":\"ImageObject\",\"inLanguage\":\"pt-BR\",\"@id\":\"https:\/\/www.notibras.com\/site\/#\/schema\/logo\/image\/\",\"url\":\"https:\/\/www.notibras.com\/site\/wp-content\/uploads\/2023\/01\/notibras23.png\",\"contentUrl\":\"https:\/\/www.notibras.com\/site\/wp-content\/uploads\/2023\/01\/notibras23.png\",\"width\":350,\"height\":87,\"caption\":\"Grupo Notibras de Comunica\u00e7\u00e3o\"},\"image\":{\"@id\":\"https:\/\/www.notibras.com\/site\/#\/schema\/logo\/image\/\"},\"sameAs\":[\"https:\/\/www.facebook.com\/notibras\/\",\"https:\/\/x.com\/Notibras\",\"https:\/\/www.instagram.com\/notibras\/\"]},{\"@type\":\"Person\",\"@id\":\"https:\/\/www.notibras.com\/site\/#\/schema\/person\/36ab0979449956132d3e5b517ea76ac8\",\"name\":\"Reda\u00e7\u00e3o\",\"image\":{\"@type\":\"ImageObject\",\"inLanguage\":\"pt-BR\",\"@id\":\"https:\/\/secure.gravatar.com\/avatar\/e0a867bdedb85fd243eadf09663511f96fc81e0720a4a42581f334ad4303aa6b?s=96&d=mm&r=g\",\"url\":\"https:\/\/secure.gravatar.com\/avatar\/e0a867bdedb85fd243eadf09663511f96fc81e0720a4a42581f334ad4303aa6b?s=96&d=mm&r=g\",\"contentUrl\":\"https:\/\/secure.gravatar.com\/avatar\/e0a867bdedb85fd243eadf09663511f96fc81e0720a4a42581f334ad4303aa6b?s=96&d=mm&r=g\",\"caption\":\"Reda\u00e7\u00e3o\"}}]}<\/script>\n<!-- \/ Yoast SEO plugin. -->","yoast_head_json":{"title":"Rosas, se falassem, diriam que s\u00e3o perfeitas - Notibras","robots":{"index":"index","follow":"follow","max-snippet":"max-snippet:-1","max-image-preview":"max-image-preview:large","max-video-preview":"max-video-preview:-1"},"canonical":"https:\/\/www.notibras.com\/site\/rosas-se-falassem-diriam-que-sao-perfeitas\/","og_locale":"pt_BR","og_type":"article","og_title":"Rosas, se falassem, diriam que s\u00e3o perfeitas - Notibras","og_description":"Vira e mexe, o homem sai em busca da perfei\u00e7\u00e3o. Imposs\u00edvel, responde minha amiga Ia, a um meu questionamento. O que mais se aproximaria do perfeito, repliquei, seria o milagroso achado de uma agulha num palheiro de propor\u00e7\u00f5es imensas como silos que armazenam gr\u00e3os de soja. Ia me transporta a palavras de minha av\u00f3. &#8220;N\u00e3o [&hellip;]","og_url":"https:\/\/www.notibras.com\/site\/rosas-se-falassem-diriam-que-sao-perfeitas\/","og_site_name":"Notibras","article_publisher":"https:\/\/www.facebook.com\/notibras\/","article_published_time":"2023-10-29T13:29:03+00:00","article_modified_time":"2023-10-29T15:52:17+00:00","og_image":[{"width":1125,"height":750,"url":"https:\/\/www.notibras.com\/site\/wp-content\/uploads\/2023\/10\/a000c030-9410-0135-17ab-6231c35b6685-minified.jpeg","type":"image\/jpeg"}],"author":"Reda\u00e7\u00e3o","twitter_card":"summary_large_image","twitter_creator":"@Notibras","twitter_site":"@Notibras","twitter_misc":{"Escrito por":"Reda\u00e7\u00e3o","Est. tempo de leitura":"3 minutos"},"schema":{"@context":"https:\/\/schema.org","@graph":[{"@type":"Article","@id":"https:\/\/www.notibras.com\/site\/rosas-se-falassem-diriam-que-sao-perfeitas\/#article","isPartOf":{"@id":"https:\/\/www.notibras.com\/site\/rosas-se-falassem-diriam-que-sao-perfeitas\/"},"author":{"name":"Reda\u00e7\u00e3o","@id":"https:\/\/www.notibras.com\/site\/#\/schema\/person\/36ab0979449956132d3e5b517ea76ac8"},"headline":"Rosas, se falassem, diriam que s\u00e3o perfeitas","datePublished":"2023-10-29T13:29:03+00:00","dateModified":"2023-10-29T15:52:17+00:00","mainEntityOfPage":{"@id":"https:\/\/www.notibras.com\/site\/rosas-se-falassem-diriam-que-sao-perfeitas\/"},"wordCount":562,"publisher":{"@id":"https:\/\/www.notibras.com\/site\/#organization"},"image":{"@id":"https:\/\/www.notibras.com\/site\/rosas-se-falassem-diriam-que-sao-perfeitas\/#primaryimage"},"thumbnailUrl":"https:\/\/www.notibras.com\/site\/wp-content\/uploads\/2023\/10\/a000c030-9410-0135-17ab-6231c35b6685-minified.jpeg","articleSection":["Quadradinho em Foco"],"inLanguage":"pt-BR"},{"@type":"WebPage","@id":"https:\/\/www.notibras.com\/site\/rosas-se-falassem-diriam-que-sao-perfeitas\/","url":"https:\/\/www.notibras.com\/site\/rosas-se-falassem-diriam-que-sao-perfeitas\/","name":"Rosas, se falassem, diriam que s\u00e3o perfeitas - Notibras","isPartOf":{"@id":"https:\/\/www.notibras.com\/site\/#website"},"primaryImageOfPage":{"@id":"https:\/\/www.notibras.com\/site\/rosas-se-falassem-diriam-que-sao-perfeitas\/#primaryimage"},"image":{"@id":"https:\/\/www.notibras.com\/site\/rosas-se-falassem-diriam-que-sao-perfeitas\/#primaryimage"},"thumbnailUrl":"https:\/\/www.notibras.com\/site\/wp-content\/uploads\/2023\/10\/a000c030-9410-0135-17ab-6231c35b6685-minified.jpeg","datePublished":"2023-10-29T13:29:03+00:00","dateModified":"2023-10-29T15:52:17+00:00","breadcrumb":{"@id":"https:\/\/www.notibras.com\/site\/rosas-se-falassem-diriam-que-sao-perfeitas\/#breadcrumb"},"inLanguage":"pt-BR","potentialAction":[{"@type":"ReadAction","target":["https:\/\/www.notibras.com\/site\/rosas-se-falassem-diriam-que-sao-perfeitas\/"]}]},{"@type":"ImageObject","inLanguage":"pt-BR","@id":"https:\/\/www.notibras.com\/site\/rosas-se-falassem-diriam-que-sao-perfeitas\/#primaryimage","url":"https:\/\/www.notibras.com\/site\/wp-content\/uploads\/2023\/10\/a000c030-9410-0135-17ab-6231c35b6685-minified.jpeg","contentUrl":"https:\/\/www.notibras.com\/site\/wp-content\/uploads\/2023\/10\/a000c030-9410-0135-17ab-6231c35b6685-minified.jpeg","width":1125,"height":750},{"@type":"BreadcrumbList","@id":"https:\/\/www.notibras.com\/site\/rosas-se-falassem-diriam-que-sao-perfeitas\/#breadcrumb","itemListElement":[{"@type":"ListItem","position":1,"name":"In\u00edcio","item":"https:\/\/www.notibras.com\/site\/"},{"@type":"ListItem","position":2,"name":"Rosas, se falassem, diriam que s\u00e3o perfeitas"}]},{"@type":"WebSite","@id":"https:\/\/www.notibras.com\/site\/#website","url":"https:\/\/www.notibras.com\/site\/","name":"Notibras","description":"Not\u00edcias de Bras\u00edlia, do Brasil e do Mundo","publisher":{"@id":"https:\/\/www.notibras.com\/site\/#organization"},"potentialAction":[{"@type":"SearchAction","target":{"@type":"EntryPoint","urlTemplate":"https:\/\/www.notibras.com\/site\/?s={search_term_string}"},"query-input":{"@type":"PropertyValueSpecification","valueRequired":true,"valueName":"search_term_string"}}],"inLanguage":"pt-BR"},{"@type":"Organization","@id":"https:\/\/www.notibras.com\/site\/#organization","name":"Grupo Notibras de Comunica\u00e7\u00e3o","url":"https:\/\/www.notibras.com\/site\/","logo":{"@type":"ImageObject","inLanguage":"pt-BR","@id":"https:\/\/www.notibras.com\/site\/#\/schema\/logo\/image\/","url":"https:\/\/www.notibras.com\/site\/wp-content\/uploads\/2023\/01\/notibras23.png","contentUrl":"https:\/\/www.notibras.com\/site\/wp-content\/uploads\/2023\/01\/notibras23.png","width":350,"height":87,"caption":"Grupo Notibras de Comunica\u00e7\u00e3o"},"image":{"@id":"https:\/\/www.notibras.com\/site\/#\/schema\/logo\/image\/"},"sameAs":["https:\/\/www.facebook.com\/notibras\/","https:\/\/x.com\/Notibras","https:\/\/www.instagram.com\/notibras\/"]},{"@type":"Person","@id":"https:\/\/www.notibras.com\/site\/#\/schema\/person\/36ab0979449956132d3e5b517ea76ac8","name":"Reda\u00e7\u00e3o","image":{"@type":"ImageObject","inLanguage":"pt-BR","@id":"https:\/\/secure.gravatar.com\/avatar\/e0a867bdedb85fd243eadf09663511f96fc81e0720a4a42581f334ad4303aa6b?s=96&d=mm&r=g","url":"https:\/\/secure.gravatar.com\/avatar\/e0a867bdedb85fd243eadf09663511f96fc81e0720a4a42581f334ad4303aa6b?s=96&d=mm&r=g","contentUrl":"https:\/\/secure.gravatar.com\/avatar\/e0a867bdedb85fd243eadf09663511f96fc81e0720a4a42581f334ad4303aa6b?s=96&d=mm&r=g","caption":"Reda\u00e7\u00e3o"}}]}},"amp_enabled":true,"_links":{"self":[{"href":"https:\/\/www.notibras.com\/site\/wp-json\/wp\/v2\/posts\/315680","targetHints":{"allow":["GET"]}}],"collection":[{"href":"https:\/\/www.notibras.com\/site\/wp-json\/wp\/v2\/posts"}],"about":[{"href":"https:\/\/www.notibras.com\/site\/wp-json\/wp\/v2\/types\/post"}],"author":[{"embeddable":true,"href":"https:\/\/www.notibras.com\/site\/wp-json\/wp\/v2\/users\/2"}],"replies":[{"embeddable":true,"href":"https:\/\/www.notibras.com\/site\/wp-json\/wp\/v2\/comments?post=315680"}],"version-history":[{"count":5,"href":"https:\/\/www.notibras.com\/site\/wp-json\/wp\/v2\/posts\/315680\/revisions"}],"predecessor-version":[{"id":315686,"href":"https:\/\/www.notibras.com\/site\/wp-json\/wp\/v2\/posts\/315680\/revisions\/315686"}],"wp:featuredmedia":[{"embeddable":true,"href":"https:\/\/www.notibras.com\/site\/wp-json\/wp\/v2\/media\/315681"}],"wp:attachment":[{"href":"https:\/\/www.notibras.com\/site\/wp-json\/wp\/v2\/media?parent=315680"}],"wp:term":[{"taxonomy":"category","embeddable":true,"href":"https:\/\/www.notibras.com\/site\/wp-json\/wp\/v2\/categories?post=315680"},{"taxonomy":"post_tag","embeddable":true,"href":"https:\/\/www.notibras.com\/site\/wp-json\/wp\/v2\/tags?post=315680"}],"curies":[{"name":"wp","href":"https:\/\/api.w.org\/{rel}","templated":true}]}}