{"id":315693,"date":"2023-10-30T02:07:20","date_gmt":"2023-10-30T05:07:20","guid":{"rendered":"https:\/\/www.notibras.com\/site\/?p=315693"},"modified":"2023-10-30T02:07:20","modified_gmt":"2023-10-30T05:07:20","slug":"vestibular-e-enem-trazem-ansiedade-na-mochila","status":"publish","type":"post","link":"https:\/\/www.notibras.com\/site\/vestibular-e-enem-trazem-ansiedade-na-mochila\/","title":{"rendered":"Vestibular e Enem trazem ansiedade na mochila"},"content":{"rendered":"<p>Est\u00e1 chegando a \u00e9poca dos vestibulares, e j\u00e1 nos dias 5 e 12 de novembro, acontece o exame do Enem. Diante disso, alunos do ensino m\u00e9dio e rec\u00e9m formados que desejam a aprova\u00e7\u00e3o no ensino superior se deparam com a proximidade das provas, situa\u00e7\u00e3o que pode gerar mais nervosismo e ansiedade.<\/p>\n<p>Atualmente no Brasil, cerca de 19 milh\u00f5es de brasileiros sofrem com a ansiedade, algo em torno de 10% da popula\u00e7\u00e3o, colocando o pa\u00eds no topo do ranking mundial de acordo com a OMS. Ainda segundo a OMS, a depress\u00e3o e a ansiedade aumentaram mais de 25% apenas no primeiro ano da pandemia.<\/p>\n<p>Esses n\u00fameros sinalizam que muitas pessoas sofrem com crises, por sentirem essa emo\u00e7\u00e3o em um n\u00edvel mais alto que pode vir a gerar preju\u00edzos no dia a dia, como ins\u00f4nia, dificuldade de concentra\u00e7\u00e3o, medo com o futuro, preocupa\u00e7\u00e3o constante, pessimismo e procrastina\u00e7\u00e3o de afazeres.<\/p>\n<p>\u00c9 importante lembrar que a ansiedade \u00e9 uma emo\u00e7\u00e3o que faz parte da vida, em algum momento todos iremos sentir. No caso dos estudantes, saber lidar com ela antes e durante a prova pode ser o diferencial para a aprova\u00e7\u00e3o.<\/p>\n<p>\u00c9 preciso estar atento aos nossos pensamentos, sentimentos e comportamentos como forma de cuidar da nossa sa\u00fade emocional. Conforme aprendemos a lidar com as nossas emo\u00e7\u00f5es, dentre elas a ansiedade, podemos vir a sentir menos preocupa\u00e7\u00e3o, tens\u00e3o e cansa\u00e7o, sendo poss\u00edvel aproveitar mais os momentos presentes e n\u00e3o ficar t\u00e3o preso ao futuro.<\/p>\n<p>Em 2021 foi realizada uma pesquisa pelo Comit\u00ea de Coordena\u00e7\u00e3o das A\u00e7\u00f5es de Recupera\u00e7\u00e3o (Ccar) da Universidade de Bras\u00edlia (UnB), apontando que 78,7% dos estudantes de gradua\u00e7\u00e3o da institui\u00e7\u00e3o enfrentaram algum problema emocional nesse ano. Falta de energia e motiva\u00e7\u00e3o, esgotamento f\u00edsico e mental, foram algumas das queixas entre alunos e professores.<\/p>\n<p>Ent\u00e3o, aqui v\u00e3o algumas dicas b\u00e1sicas:<\/p>\n<p><strong>1)<\/strong> N\u00e3o tente controlar seus pensamentos. Entenda que a ansiedade \u00e9 uma emo\u00e7\u00e3o que voc\u00ea vai sentir, em fun\u00e7\u00e3o do nervosismo, mas que voc\u00ea pode colocar mais aten\u00e7\u00e3o em coisas que te tragam mais tranquilidade. Pensar que voc\u00ea est\u00e1 preparado(a) e que est\u00e1 fazendo o seu melhor, ir\u00e3o te deixar bem mais seguro (a). E isso te trar\u00e1 mais tranquilidade.<\/p>\n<p><strong>2)<\/strong> Caso perceba que o nervosismo est\u00e1 te incomodando muito e te trazendo a sensa\u00e7\u00e3o do \u201cbranco\u201d, tente fazer exerc\u00edcios de respira\u00e7\u00e3o, como se imaginasse um elevador que sobe e desce: puxa o ar quando sobe e solta o ar quando desce. Isso lhe far\u00e1 colocar mais aten\u00e7\u00e3o na sua respira\u00e7\u00e3o, te ajudando a melhorar sua concentra\u00e7\u00e3o.<\/p>\n<p><strong>3)<\/strong> Em torno de dois dias antes da prova, tente fazer tudo aquilo que te d\u00e1 mais tranquilidade. Evite grandes per\u00edodos de estudo, fa\u00e7a revis\u00f5es pontuais leves. Procure relaxar, fa\u00e7a exerc\u00edcios, caminhadas, procure seus amigos, assista a filmes, s\u00e9ries etc.<\/p>\n<p><strong>4)<\/strong> Caso seja poss\u00edvel, visite o local da prova um ou dois dias antes. O fato de conhecer o local, tamb\u00e9m pode contribuir para te deixar mais tranquilo (a).<\/p>\n<p><strong>5)<\/strong> Nunca \u00e9 demais ressaltar a import\u00e2ncia das atividades f\u00edsicas, sobretudo nas v\u00e9speras, pois o fato de gastar mais energia, e o consequente cansa\u00e7o do corpo, provoca o aumento da produ\u00e7\u00e3o dos horm\u00f4nios do prazer e da felicidade, compensando o horm\u00f4nio do estresse que vai ser produzido por conta do nervosismo.<\/p>\n<p><strong>6}<\/strong> Nas v\u00e9speras \u00e9 importante n\u00e3o tentar fazer nada de muito novo. Tente manter basicamente a rotina, tente n\u00e3o experimentar coisas muito diferentes, porque a previsibilidade pode ter ajudar a evitar algo inusitado, que eventualmente pode trazer inseguran\u00e7a e gerar mais nervosismo.<\/p>\n<p><strong>7)<\/strong> Para finalizar, a conscientiza\u00e7\u00e3o e os cuidados da sa\u00fade mental com o acompanhamento terap\u00eautico antes das provas pode ser determinante para o sucesso do aluno, bem como, esse procedimento nos demais momentos, ajudar\u00e1 nas tomadas de decis\u00e3o, propiciar\u00e1 a sensa\u00e7\u00e3o de mais seguran\u00e7a, tranquilidade, contribuir\u00e1 para a melhoria da autoestima, e naturalmente aumento do bem-estar.<\/p>\n<p><strong>*Luiza Monteiro, \u00e9 graduada em Psicologia pelo UniCEUB, com p\u00f3s-gradua\u00e7\u00e3o em abordagem Sist\u00eamica Familiar pela PUC-GO e especializa\u00e7\u00e3o em Coaching Pessoal e Profissional pelo IBC.<\/strong><\/p>\n","protected":false},"excerpt":{"rendered":"<p>Est\u00e1 chegando a \u00e9poca dos vestibulares, e j\u00e1 nos dias 5 e 12 de novembro, acontece o exame do Enem. Diante disso, alunos do ensino m\u00e9dio e rec\u00e9m formados que desejam a aprova\u00e7\u00e3o no ensino superior se deparam com a proximidade das provas, situa\u00e7\u00e3o que pode gerar mais nervosismo e ansiedade. Atualmente no Brasil, cerca [&hellip;]<\/p>\n","protected":false},"author":2,"featured_media":300150,"comment_status":"closed","ping_status":"closed","sticky":false,"template":"","format":"standard","meta":{"_acf_changed":false,"footnotes":""},"categories":[161],"tags":[],"class_list":["post-315693","post","type-post","status-publish","format-standard","has-post-thumbnail","hentry","category-quadradinho-em-foco"],"acf":[],"yoast_head":"<!-- This site is optimized with the Yoast SEO plugin v27.2 - https:\/\/yoast.com\/product\/yoast-seo-wordpress\/ -->\n<title>Vestibular e Enem trazem ansiedade na mochila - Notibras<\/title>\n<meta name=\"robots\" content=\"index, follow, max-snippet:-1, max-image-preview:large, max-video-preview:-1\" \/>\n<link rel=\"canonical\" href=\"https:\/\/www.notibras.com\/site\/vestibular-e-enem-trazem-ansiedade-na-mochila\/\" \/>\n<meta property=\"og:locale\" content=\"pt_BR\" \/>\n<meta property=\"og:type\" content=\"article\" \/>\n<meta property=\"og:title\" content=\"Vestibular e Enem trazem ansiedade na mochila - Notibras\" \/>\n<meta property=\"og:description\" content=\"Est\u00e1 chegando a \u00e9poca dos vestibulares, e j\u00e1 nos dias 5 e 12 de novembro, acontece o exame do Enem. Diante disso, alunos do ensino m\u00e9dio e rec\u00e9m formados que desejam a aprova\u00e7\u00e3o no ensino superior se deparam com a proximidade das provas, situa\u00e7\u00e3o que pode gerar mais nervosismo e ansiedade. Atualmente no Brasil, cerca [&hellip;]\" \/>\n<meta property=\"og:url\" content=\"https:\/\/www.notibras.com\/site\/vestibular-e-enem-trazem-ansiedade-na-mochila\/\" \/>\n<meta property=\"og:site_name\" content=\"Notibras\" \/>\n<meta property=\"article:publisher\" content=\"https:\/\/www.facebook.com\/notibras\/\" \/>\n<meta property=\"article:published_time\" content=\"2023-10-30T05:07:20+00:00\" \/>\n<meta property=\"og:image\" content=\"https:\/\/www.notibras.com\/site\/wp-content\/uploads\/2023\/02\/enem_2020_prova_mcajr_2401214012236.jpg\" \/>\n\t<meta property=\"og:image:width\" content=\"1170\" \/>\n\t<meta property=\"og:image:height\" content=\"700\" \/>\n\t<meta property=\"og:image:type\" content=\"image\/jpeg\" \/>\n<meta name=\"author\" content=\"Reda\u00e7\u00e3o\" \/>\n<meta name=\"twitter:card\" content=\"summary_large_image\" \/>\n<meta name=\"twitter:creator\" content=\"@Notibras\" \/>\n<meta name=\"twitter:site\" content=\"@Notibras\" \/>\n<meta name=\"twitter:label1\" content=\"Escrito por\" \/>\n\t<meta name=\"twitter:data1\" content=\"Reda\u00e7\u00e3o\" \/>\n\t<meta name=\"twitter:label2\" content=\"Est. tempo de leitura\" \/>\n\t<meta name=\"twitter:data2\" content=\"4 minutos\" \/>\n<script type=\"application\/ld+json\" class=\"yoast-schema-graph\">{\"@context\":\"https:\/\/schema.org\",\"@graph\":[{\"@type\":\"Article\",\"@id\":\"https:\/\/www.notibras.com\/site\/vestibular-e-enem-trazem-ansiedade-na-mochila\/#article\",\"isPartOf\":{\"@id\":\"https:\/\/www.notibras.com\/site\/vestibular-e-enem-trazem-ansiedade-na-mochila\/\"},\"author\":{\"name\":\"Reda\u00e7\u00e3o\",\"@id\":\"https:\/\/www.notibras.com\/site\/#\/schema\/person\/36ab0979449956132d3e5b517ea76ac8\"},\"headline\":\"Vestibular e Enem trazem ansiedade na mochila\",\"datePublished\":\"2023-10-30T05:07:20+00:00\",\"mainEntityOfPage\":{\"@id\":\"https:\/\/www.notibras.com\/site\/vestibular-e-enem-trazem-ansiedade-na-mochila\/\"},\"wordCount\":722,\"publisher\":{\"@id\":\"https:\/\/www.notibras.com\/site\/#organization\"},\"image\":{\"@id\":\"https:\/\/www.notibras.com\/site\/vestibular-e-enem-trazem-ansiedade-na-mochila\/#primaryimage\"},\"thumbnailUrl\":\"https:\/\/www.notibras.com\/site\/wp-content\/uploads\/2023\/02\/enem_2020_prova_mcajr_2401214012236.jpg\",\"articleSection\":[\"Quadradinho em Foco\"],\"inLanguage\":\"pt-BR\"},{\"@type\":\"WebPage\",\"@id\":\"https:\/\/www.notibras.com\/site\/vestibular-e-enem-trazem-ansiedade-na-mochila\/\",\"url\":\"https:\/\/www.notibras.com\/site\/vestibular-e-enem-trazem-ansiedade-na-mochila\/\",\"name\":\"Vestibular e Enem trazem ansiedade na mochila - Notibras\",\"isPartOf\":{\"@id\":\"https:\/\/www.notibras.com\/site\/#website\"},\"primaryImageOfPage\":{\"@id\":\"https:\/\/www.notibras.com\/site\/vestibular-e-enem-trazem-ansiedade-na-mochila\/#primaryimage\"},\"image\":{\"@id\":\"https:\/\/www.notibras.com\/site\/vestibular-e-enem-trazem-ansiedade-na-mochila\/#primaryimage\"},\"thumbnailUrl\":\"https:\/\/www.notibras.com\/site\/wp-content\/uploads\/2023\/02\/enem_2020_prova_mcajr_2401214012236.jpg\",\"datePublished\":\"2023-10-30T05:07:20+00:00\",\"breadcrumb\":{\"@id\":\"https:\/\/www.notibras.com\/site\/vestibular-e-enem-trazem-ansiedade-na-mochila\/#breadcrumb\"},\"inLanguage\":\"pt-BR\",\"potentialAction\":[{\"@type\":\"ReadAction\",\"target\":[\"https:\/\/www.notibras.com\/site\/vestibular-e-enem-trazem-ansiedade-na-mochila\/\"]}]},{\"@type\":\"ImageObject\",\"inLanguage\":\"pt-BR\",\"@id\":\"https:\/\/www.notibras.com\/site\/vestibular-e-enem-trazem-ansiedade-na-mochila\/#primaryimage\",\"url\":\"https:\/\/www.notibras.com\/site\/wp-content\/uploads\/2023\/02\/enem_2020_prova_mcajr_2401214012236.jpg\",\"contentUrl\":\"https:\/\/www.notibras.com\/site\/wp-content\/uploads\/2023\/02\/enem_2020_prova_mcajr_2401214012236.jpg\",\"width\":1170,\"height\":700,\"caption\":\"Estudantes de todo Brasil, fazem o segundo dia de prova do Enem (Exame Nacional do Ensino M\u00e9dio\"},{\"@type\":\"BreadcrumbList\",\"@id\":\"https:\/\/www.notibras.com\/site\/vestibular-e-enem-trazem-ansiedade-na-mochila\/#breadcrumb\",\"itemListElement\":[{\"@type\":\"ListItem\",\"position\":1,\"name\":\"In\u00edcio\",\"item\":\"https:\/\/www.notibras.com\/site\/\"},{\"@type\":\"ListItem\",\"position\":2,\"name\":\"Vestibular e Enem trazem ansiedade na mochila\"}]},{\"@type\":\"WebSite\",\"@id\":\"https:\/\/www.notibras.com\/site\/#website\",\"url\":\"https:\/\/www.notibras.com\/site\/\",\"name\":\"Notibras\",\"description\":\"Not\u00edcias de Bras\u00edlia, do Brasil e do Mundo\",\"publisher\":{\"@id\":\"https:\/\/www.notibras.com\/site\/#organization\"},\"potentialAction\":[{\"@type\":\"SearchAction\",\"target\":{\"@type\":\"EntryPoint\",\"urlTemplate\":\"https:\/\/www.notibras.com\/site\/?s={search_term_string}\"},\"query-input\":{\"@type\":\"PropertyValueSpecification\",\"valueRequired\":true,\"valueName\":\"search_term_string\"}}],\"inLanguage\":\"pt-BR\"},{\"@type\":\"Organization\",\"@id\":\"https:\/\/www.notibras.com\/site\/#organization\",\"name\":\"Grupo Notibras de Comunica\u00e7\u00e3o\",\"url\":\"https:\/\/www.notibras.com\/site\/\",\"logo\":{\"@type\":\"ImageObject\",\"inLanguage\":\"pt-BR\",\"@id\":\"https:\/\/www.notibras.com\/site\/#\/schema\/logo\/image\/\",\"url\":\"https:\/\/www.notibras.com\/site\/wp-content\/uploads\/2023\/01\/notibras23.png\",\"contentUrl\":\"https:\/\/www.notibras.com\/site\/wp-content\/uploads\/2023\/01\/notibras23.png\",\"width\":350,\"height\":87,\"caption\":\"Grupo Notibras de Comunica\u00e7\u00e3o\"},\"image\":{\"@id\":\"https:\/\/www.notibras.com\/site\/#\/schema\/logo\/image\/\"},\"sameAs\":[\"https:\/\/www.facebook.com\/notibras\/\",\"https:\/\/x.com\/Notibras\",\"https:\/\/www.instagram.com\/notibras\/\"]},{\"@type\":\"Person\",\"@id\":\"https:\/\/www.notibras.com\/site\/#\/schema\/person\/36ab0979449956132d3e5b517ea76ac8\",\"name\":\"Reda\u00e7\u00e3o\",\"image\":{\"@type\":\"ImageObject\",\"inLanguage\":\"pt-BR\",\"@id\":\"https:\/\/secure.gravatar.com\/avatar\/e0a867bdedb85fd243eadf09663511f96fc81e0720a4a42581f334ad4303aa6b?s=96&d=mm&r=g\",\"url\":\"https:\/\/secure.gravatar.com\/avatar\/e0a867bdedb85fd243eadf09663511f96fc81e0720a4a42581f334ad4303aa6b?s=96&d=mm&r=g\",\"contentUrl\":\"https:\/\/secure.gravatar.com\/avatar\/e0a867bdedb85fd243eadf09663511f96fc81e0720a4a42581f334ad4303aa6b?s=96&d=mm&r=g\",\"caption\":\"Reda\u00e7\u00e3o\"}}]}<\/script>\n<!-- \/ Yoast SEO plugin. -->","yoast_head_json":{"title":"Vestibular e Enem trazem ansiedade na mochila - Notibras","robots":{"index":"index","follow":"follow","max-snippet":"max-snippet:-1","max-image-preview":"max-image-preview:large","max-video-preview":"max-video-preview:-1"},"canonical":"https:\/\/www.notibras.com\/site\/vestibular-e-enem-trazem-ansiedade-na-mochila\/","og_locale":"pt_BR","og_type":"article","og_title":"Vestibular e Enem trazem ansiedade na mochila - Notibras","og_description":"Est\u00e1 chegando a \u00e9poca dos vestibulares, e j\u00e1 nos dias 5 e 12 de novembro, acontece o exame do Enem. Diante disso, alunos do ensino m\u00e9dio e rec\u00e9m formados que desejam a aprova\u00e7\u00e3o no ensino superior se deparam com a proximidade das provas, situa\u00e7\u00e3o que pode gerar mais nervosismo e ansiedade. Atualmente no Brasil, cerca [&hellip;]","og_url":"https:\/\/www.notibras.com\/site\/vestibular-e-enem-trazem-ansiedade-na-mochila\/","og_site_name":"Notibras","article_publisher":"https:\/\/www.facebook.com\/notibras\/","article_published_time":"2023-10-30T05:07:20+00:00","og_image":[{"width":1170,"height":700,"url":"https:\/\/www.notibras.com\/site\/wp-content\/uploads\/2023\/02\/enem_2020_prova_mcajr_2401214012236.jpg","type":"image\/jpeg"}],"author":"Reda\u00e7\u00e3o","twitter_card":"summary_large_image","twitter_creator":"@Notibras","twitter_site":"@Notibras","twitter_misc":{"Escrito por":"Reda\u00e7\u00e3o","Est. tempo de leitura":"4 minutos"},"schema":{"@context":"https:\/\/schema.org","@graph":[{"@type":"Article","@id":"https:\/\/www.notibras.com\/site\/vestibular-e-enem-trazem-ansiedade-na-mochila\/#article","isPartOf":{"@id":"https:\/\/www.notibras.com\/site\/vestibular-e-enem-trazem-ansiedade-na-mochila\/"},"author":{"name":"Reda\u00e7\u00e3o","@id":"https:\/\/www.notibras.com\/site\/#\/schema\/person\/36ab0979449956132d3e5b517ea76ac8"},"headline":"Vestibular e Enem trazem ansiedade na mochila","datePublished":"2023-10-30T05:07:20+00:00","mainEntityOfPage":{"@id":"https:\/\/www.notibras.com\/site\/vestibular-e-enem-trazem-ansiedade-na-mochila\/"},"wordCount":722,"publisher":{"@id":"https:\/\/www.notibras.com\/site\/#organization"},"image":{"@id":"https:\/\/www.notibras.com\/site\/vestibular-e-enem-trazem-ansiedade-na-mochila\/#primaryimage"},"thumbnailUrl":"https:\/\/www.notibras.com\/site\/wp-content\/uploads\/2023\/02\/enem_2020_prova_mcajr_2401214012236.jpg","articleSection":["Quadradinho em Foco"],"inLanguage":"pt-BR"},{"@type":"WebPage","@id":"https:\/\/www.notibras.com\/site\/vestibular-e-enem-trazem-ansiedade-na-mochila\/","url":"https:\/\/www.notibras.com\/site\/vestibular-e-enem-trazem-ansiedade-na-mochila\/","name":"Vestibular e Enem trazem ansiedade na mochila - Notibras","isPartOf":{"@id":"https:\/\/www.notibras.com\/site\/#website"},"primaryImageOfPage":{"@id":"https:\/\/www.notibras.com\/site\/vestibular-e-enem-trazem-ansiedade-na-mochila\/#primaryimage"},"image":{"@id":"https:\/\/www.notibras.com\/site\/vestibular-e-enem-trazem-ansiedade-na-mochila\/#primaryimage"},"thumbnailUrl":"https:\/\/www.notibras.com\/site\/wp-content\/uploads\/2023\/02\/enem_2020_prova_mcajr_2401214012236.jpg","datePublished":"2023-10-30T05:07:20+00:00","breadcrumb":{"@id":"https:\/\/www.notibras.com\/site\/vestibular-e-enem-trazem-ansiedade-na-mochila\/#breadcrumb"},"inLanguage":"pt-BR","potentialAction":[{"@type":"ReadAction","target":["https:\/\/www.notibras.com\/site\/vestibular-e-enem-trazem-ansiedade-na-mochila\/"]}]},{"@type":"ImageObject","inLanguage":"pt-BR","@id":"https:\/\/www.notibras.com\/site\/vestibular-e-enem-trazem-ansiedade-na-mochila\/#primaryimage","url":"https:\/\/www.notibras.com\/site\/wp-content\/uploads\/2023\/02\/enem_2020_prova_mcajr_2401214012236.jpg","contentUrl":"https:\/\/www.notibras.com\/site\/wp-content\/uploads\/2023\/02\/enem_2020_prova_mcajr_2401214012236.jpg","width":1170,"height":700,"caption":"Estudantes de todo Brasil, fazem o segundo dia de prova do Enem (Exame Nacional do Ensino M\u00e9dio"},{"@type":"BreadcrumbList","@id":"https:\/\/www.notibras.com\/site\/vestibular-e-enem-trazem-ansiedade-na-mochila\/#breadcrumb","itemListElement":[{"@type":"ListItem","position":1,"name":"In\u00edcio","item":"https:\/\/www.notibras.com\/site\/"},{"@type":"ListItem","position":2,"name":"Vestibular e Enem trazem ansiedade na mochila"}]},{"@type":"WebSite","@id":"https:\/\/www.notibras.com\/site\/#website","url":"https:\/\/www.notibras.com\/site\/","name":"Notibras","description":"Not\u00edcias de Bras\u00edlia, do Brasil e do Mundo","publisher":{"@id":"https:\/\/www.notibras.com\/site\/#organization"},"potentialAction":[{"@type":"SearchAction","target":{"@type":"EntryPoint","urlTemplate":"https:\/\/www.notibras.com\/site\/?s={search_term_string}"},"query-input":{"@type":"PropertyValueSpecification","valueRequired":true,"valueName":"search_term_string"}}],"inLanguage":"pt-BR"},{"@type":"Organization","@id":"https:\/\/www.notibras.com\/site\/#organization","name":"Grupo Notibras de Comunica\u00e7\u00e3o","url":"https:\/\/www.notibras.com\/site\/","logo":{"@type":"ImageObject","inLanguage":"pt-BR","@id":"https:\/\/www.notibras.com\/site\/#\/schema\/logo\/image\/","url":"https:\/\/www.notibras.com\/site\/wp-content\/uploads\/2023\/01\/notibras23.png","contentUrl":"https:\/\/www.notibras.com\/site\/wp-content\/uploads\/2023\/01\/notibras23.png","width":350,"height":87,"caption":"Grupo Notibras de Comunica\u00e7\u00e3o"},"image":{"@id":"https:\/\/www.notibras.com\/site\/#\/schema\/logo\/image\/"},"sameAs":["https:\/\/www.facebook.com\/notibras\/","https:\/\/x.com\/Notibras","https:\/\/www.instagram.com\/notibras\/"]},{"@type":"Person","@id":"https:\/\/www.notibras.com\/site\/#\/schema\/person\/36ab0979449956132d3e5b517ea76ac8","name":"Reda\u00e7\u00e3o","image":{"@type":"ImageObject","inLanguage":"pt-BR","@id":"https:\/\/secure.gravatar.com\/avatar\/e0a867bdedb85fd243eadf09663511f96fc81e0720a4a42581f334ad4303aa6b?s=96&d=mm&r=g","url":"https:\/\/secure.gravatar.com\/avatar\/e0a867bdedb85fd243eadf09663511f96fc81e0720a4a42581f334ad4303aa6b?s=96&d=mm&r=g","contentUrl":"https:\/\/secure.gravatar.com\/avatar\/e0a867bdedb85fd243eadf09663511f96fc81e0720a4a42581f334ad4303aa6b?s=96&d=mm&r=g","caption":"Reda\u00e7\u00e3o"}}]}},"amp_enabled":true,"_links":{"self":[{"href":"https:\/\/www.notibras.com\/site\/wp-json\/wp\/v2\/posts\/315693","targetHints":{"allow":["GET"]}}],"collection":[{"href":"https:\/\/www.notibras.com\/site\/wp-json\/wp\/v2\/posts"}],"about":[{"href":"https:\/\/www.notibras.com\/site\/wp-json\/wp\/v2\/types\/post"}],"author":[{"embeddable":true,"href":"https:\/\/www.notibras.com\/site\/wp-json\/wp\/v2\/users\/2"}],"replies":[{"embeddable":true,"href":"https:\/\/www.notibras.com\/site\/wp-json\/wp\/v2\/comments?post=315693"}],"version-history":[{"count":1,"href":"https:\/\/www.notibras.com\/site\/wp-json\/wp\/v2\/posts\/315693\/revisions"}],"predecessor-version":[{"id":315697,"href":"https:\/\/www.notibras.com\/site\/wp-json\/wp\/v2\/posts\/315693\/revisions\/315697"}],"wp:featuredmedia":[{"embeddable":true,"href":"https:\/\/www.notibras.com\/site\/wp-json\/wp\/v2\/media\/300150"}],"wp:attachment":[{"href":"https:\/\/www.notibras.com\/site\/wp-json\/wp\/v2\/media?parent=315693"}],"wp:term":[{"taxonomy":"category","embeddable":true,"href":"https:\/\/www.notibras.com\/site\/wp-json\/wp\/v2\/categories?post=315693"},{"taxonomy":"post_tag","embeddable":true,"href":"https:\/\/www.notibras.com\/site\/wp-json\/wp\/v2\/tags?post=315693"}],"curies":[{"name":"wp","href":"https:\/\/api.w.org\/{rel}","templated":true}]}}