{"id":315717,"date":"2023-10-30T00:37:43","date_gmt":"2023-10-30T03:37:43","guid":{"rendered":"https:\/\/www.notibras.com\/site\/?p=315717"},"modified":"2023-10-30T04:40:10","modified_gmt":"2023-10-30T07:40:10","slug":"cresce-numero-de-consumidor-ecologicamente-consciente","status":"publish","type":"post","link":"https:\/\/www.notibras.com\/site\/cresce-numero-de-consumidor-ecologicamente-consciente\/","title":{"rendered":"Cresce n\u00famero de consumidor ecologicamente consciente"},"content":{"rendered":"<p>A Am\u00e9rica Latina \u00e9 uma regi\u00e3o de contrastes quando o assunto \u00e9 sustentabilidade. Por um lado, a Costa Rica \u00e9 l\u00edder global em energias renov\u00e1veis. Por outro, M\u00e9xico e Brasil \u2013 inclusive com toda sua pot\u00eancia aqu\u00edfera \u2013 enfrentam desafios na efici\u00eancia do uso da \u00e1gua. Al\u00e9m de um lembrete do imediatismo e da gravidade dos desafios que enfrentamos, s\u00e3o um imperativo para uma gest\u00e3o respons\u00e1vel e uma lideran\u00e7a vision\u00e1ria. E Bras\u00edlia est\u00e1 seguindo o mesmo passo, em especial quando se trata de alimentos sem agrot\u00f3xicos.<\/p>\n<p>De olho nesse cen\u00e1rio, foi feito o estudo \u201cSustentar para ganhar: Desvendando pr\u00e1ticas ecol\u00f3gicas para alcan\u00e7ar o crescimento de marca\u201d, realizado pela Kantar. A proposta \u00e9 apresentar an\u00e1lises e recomenda\u00e7\u00f5es estrat\u00e9gicas para orientar as ind\u00fastrias a fazer mudan\u00e7as fundamentais em torno \u00e0 sustentabilidade, transformando-a de uma palavra da moda e intang\u00edvel em modelo de a\u00e7\u00e3o.<\/p>\n<p>\u201cNossa explora\u00e7\u00e3o sobre sustentabilidade mais recente n\u00e3o pretende ser uma mera nota de rodap\u00e9 nas cr\u00f4nicas da jornada ambiental. Ela aspira a ser um farol, trazendo \u00e0 superf\u00edcie diferentes pontos de refer\u00eancia para um caminho transformador que temos pela frente. N\u00e3o apenas reunimos dados, e sim descobrimos um apelo por mudan\u00e7as abrangentes e significativas por parte do consumidor, que quer ter participa\u00e7\u00e3o ativa neste contexto\u201d, afirma Kesley Gomes, diretor da Kantar.<\/p>\n<p>Embora o mais comum fosse que as press\u00f5es econ\u00f4micas impactassem os comportamentos ecologicamente conscientes, os dados contam uma hist\u00f3ria diferente. Os Eco-Actives, consumidores mais comprometidos com a sustentabilidade, voltam a crescer ap\u00f3s dois anos de queda. Em 2023, eles formam 18% da popula\u00e7\u00e3o e comp\u00f5em um mercado de US$ 15 bilh\u00f5es na compra de bens massivos de consumo no mercado sul-americano.<\/p>\n<p>Vale destacar tamb\u00e9m que as fam\u00edlias menores podem, em breve, ultrapassar as maiores em pr\u00e1ticas ecol\u00f3gicas. Isso porque 35% dos lares compostos por uma ou duas pessoas s\u00e3o segmentados como Eco-Actives.<\/p>\n<p>\u201cOs consumidores conscientes s\u00e3o uma for\u00e7a crescente que molda o futuro da ind\u00fastria. Eles est\u00e3o optando por marcas que se alinham aos seus valores. E se uma empresa consegue demonstrar um compromisso real com a gest\u00e3o ambiental ou social, ela n\u00e3o apenas ganha uma venda, ganha confian\u00e7a\u201d, comenta Kesley.<\/p>\n<p>Ainda assim, algumas barreiras impedem que mais pessoas adotem uma rotina sustent\u00e1vel, compondo um grande contexto de desenvolvimento para a experi\u00eancia de compra. At\u00e9 mesmo os Eco-Actives t\u00eam suas ressalvas, inclusive a respeito dos pre\u00e7os praticados pelos produtos que comp\u00f5em a categoria (70%).<\/p>\n<p>Al\u00e9m de outros fatores como a dificuldade em encontrar esses itens (61%) e a falta de informa\u00e7\u00e3o (55%), isso quer dizer que at\u00e9 os grupos mais engajados precisam de ajuda para entender o que est\u00e3o comprando ou usando. E a forma de usar \u00e9 um dos pontos cruciais no contexto da ind\u00fastria \u2013 o desperd\u00edcio hoje \u00e9 extremamente mal visto entre os consumidores. Avaliar as barreiras de forma interconectada \u00e9 importante.<\/p>\n<p>Isso significa que varejistas e fabricantes precisam buscar o protagonismo e liderar o caminho para os consumidores. Eles t\u00eam papel cr\u00edtico a desempenhar no bem-estar da Terra em toda sua abrang\u00eancia. Prova disso \u00e9 que 50% procuram ativamente empresas que ofere\u00e7am formas de compensar seu impacto no meio ambiente e diversidade e 44% deixaram de comprar produtos devido ao seu efeito na natureza.<\/p>\n<p>\u201cOs consumidores est\u00e3o mais informados do que nunca. A transpar\u00eancia n\u00e3o \u00e9 uma vantagem, \u00e9 um pr\u00e9-requisito. Quer se trate de uma redu\u00e7\u00e3o de ingredientes pouco saud\u00e1veis, de um compromisso com a sustentabilidade ou de um foco em elementos org\u00e2nicos, naturais ou de origem local, a visibilidade desses fatores n\u00e3o \u00e9 negoci\u00e1vel. \u00c9 exigida\u201d, alerta a especialista.<\/p>\n","protected":false},"excerpt":{"rendered":"<p>A Am\u00e9rica Latina \u00e9 uma regi\u00e3o de contrastes quando o assunto \u00e9 sustentabilidade. Por um lado, a Costa Rica \u00e9 l\u00edder global em energias renov\u00e1veis. Por outro, M\u00e9xico e Brasil \u2013 inclusive com toda sua pot\u00eancia aqu\u00edfera \u2013 enfrentam desafios na efici\u00eancia do uso da \u00e1gua. Al\u00e9m de um lembrete do imediatismo e da gravidade [&hellip;]<\/p>\n","protected":false},"author":2,"featured_media":315718,"comment_status":"closed","ping_status":"closed","sticky":false,"template":"","format":"standard","meta":{"_acf_changed":false,"footnotes":""},"categories":[161],"tags":[],"class_list":["post-315717","post","type-post","status-publish","format-standard","has-post-thumbnail","hentry","category-quadradinho-em-foco"],"acf":[],"yoast_head":"<!-- This site is optimized with the Yoast SEO plugin v27.2 - https:\/\/yoast.com\/product\/yoast-seo-wordpress\/ -->\n<title>Cresce n\u00famero de consumidor ecologicamente consciente - Notibras<\/title>\n<meta name=\"robots\" content=\"index, follow, max-snippet:-1, max-image-preview:large, max-video-preview:-1\" \/>\n<link rel=\"canonical\" href=\"https:\/\/www.notibras.com\/site\/cresce-numero-de-consumidor-ecologicamente-consciente\/\" \/>\n<meta property=\"og:locale\" content=\"pt_BR\" \/>\n<meta property=\"og:type\" content=\"article\" \/>\n<meta property=\"og:title\" content=\"Cresce n\u00famero de consumidor ecologicamente consciente - Notibras\" \/>\n<meta property=\"og:description\" content=\"A Am\u00e9rica Latina \u00e9 uma regi\u00e3o de contrastes quando o assunto \u00e9 sustentabilidade. Por um lado, a Costa Rica \u00e9 l\u00edder global em energias renov\u00e1veis. Por outro, M\u00e9xico e Brasil \u2013 inclusive com toda sua pot\u00eancia aqu\u00edfera \u2013 enfrentam desafios na efici\u00eancia do uso da \u00e1gua. Al\u00e9m de um lembrete do imediatismo e da gravidade [&hellip;]\" \/>\n<meta property=\"og:url\" content=\"https:\/\/www.notibras.com\/site\/cresce-numero-de-consumidor-ecologicamente-consciente\/\" \/>\n<meta property=\"og:site_name\" content=\"Notibras\" \/>\n<meta property=\"article:publisher\" content=\"https:\/\/www.facebook.com\/notibras\/\" \/>\n<meta property=\"article:published_time\" content=\"2023-10-30T03:37:43+00:00\" \/>\n<meta property=\"article:modified_time\" content=\"2023-10-30T07:40:10+00:00\" \/>\n<meta property=\"og:image\" content=\"https:\/\/www.notibras.com\/site\/wp-content\/uploads\/2023\/10\/colheita-de-alimentos-organicos.jpg\" \/>\n\t<meta property=\"og:image:width\" content=\"1600\" \/>\n\t<meta property=\"og:image:height\" content=\"1068\" \/>\n\t<meta property=\"og:image:type\" content=\"image\/jpeg\" \/>\n<meta name=\"author\" content=\"Reda\u00e7\u00e3o\" \/>\n<meta name=\"twitter:card\" content=\"summary_large_image\" \/>\n<meta name=\"twitter:creator\" content=\"@Notibras\" \/>\n<meta name=\"twitter:site\" content=\"@Notibras\" \/>\n<meta name=\"twitter:label1\" content=\"Escrito por\" \/>\n\t<meta name=\"twitter:data1\" content=\"Reda\u00e7\u00e3o\" \/>\n\t<meta name=\"twitter:label2\" content=\"Est. tempo de leitura\" \/>\n\t<meta name=\"twitter:data2\" content=\"4 minutos\" \/>\n<script type=\"application\/ld+json\" class=\"yoast-schema-graph\">{\"@context\":\"https:\/\/schema.org\",\"@graph\":[{\"@type\":\"Article\",\"@id\":\"https:\/\/www.notibras.com\/site\/cresce-numero-de-consumidor-ecologicamente-consciente\/#article\",\"isPartOf\":{\"@id\":\"https:\/\/www.notibras.com\/site\/cresce-numero-de-consumidor-ecologicamente-consciente\/\"},\"author\":{\"name\":\"Reda\u00e7\u00e3o\",\"@id\":\"https:\/\/www.notibras.com\/site\/#\/schema\/person\/36ab0979449956132d3e5b517ea76ac8\"},\"headline\":\"Cresce n\u00famero de consumidor ecologicamente consciente\",\"datePublished\":\"2023-10-30T03:37:43+00:00\",\"dateModified\":\"2023-10-30T07:40:10+00:00\",\"mainEntityOfPage\":{\"@id\":\"https:\/\/www.notibras.com\/site\/cresce-numero-de-consumidor-ecologicamente-consciente\/\"},\"wordCount\":645,\"publisher\":{\"@id\":\"https:\/\/www.notibras.com\/site\/#organization\"},\"image\":{\"@id\":\"https:\/\/www.notibras.com\/site\/cresce-numero-de-consumidor-ecologicamente-consciente\/#primaryimage\"},\"thumbnailUrl\":\"https:\/\/www.notibras.com\/site\/wp-content\/uploads\/2023\/10\/colheita-de-alimentos-organicos.jpg\",\"articleSection\":[\"Quadradinho em Foco\"],\"inLanguage\":\"pt-BR\"},{\"@type\":\"WebPage\",\"@id\":\"https:\/\/www.notibras.com\/site\/cresce-numero-de-consumidor-ecologicamente-consciente\/\",\"url\":\"https:\/\/www.notibras.com\/site\/cresce-numero-de-consumidor-ecologicamente-consciente\/\",\"name\":\"Cresce n\u00famero de consumidor ecologicamente consciente - Notibras\",\"isPartOf\":{\"@id\":\"https:\/\/www.notibras.com\/site\/#website\"},\"primaryImageOfPage\":{\"@id\":\"https:\/\/www.notibras.com\/site\/cresce-numero-de-consumidor-ecologicamente-consciente\/#primaryimage\"},\"image\":{\"@id\":\"https:\/\/www.notibras.com\/site\/cresce-numero-de-consumidor-ecologicamente-consciente\/#primaryimage\"},\"thumbnailUrl\":\"https:\/\/www.notibras.com\/site\/wp-content\/uploads\/2023\/10\/colheita-de-alimentos-organicos.jpg\",\"datePublished\":\"2023-10-30T03:37:43+00:00\",\"dateModified\":\"2023-10-30T07:40:10+00:00\",\"breadcrumb\":{\"@id\":\"https:\/\/www.notibras.com\/site\/cresce-numero-de-consumidor-ecologicamente-consciente\/#breadcrumb\"},\"inLanguage\":\"pt-BR\",\"potentialAction\":[{\"@type\":\"ReadAction\",\"target\":[\"https:\/\/www.notibras.com\/site\/cresce-numero-de-consumidor-ecologicamente-consciente\/\"]}]},{\"@type\":\"ImageObject\",\"inLanguage\":\"pt-BR\",\"@id\":\"https:\/\/www.notibras.com\/site\/cresce-numero-de-consumidor-ecologicamente-consciente\/#primaryimage\",\"url\":\"https:\/\/www.notibras.com\/site\/wp-content\/uploads\/2023\/10\/colheita-de-alimentos-organicos.jpg\",\"contentUrl\":\"https:\/\/www.notibras.com\/site\/wp-content\/uploads\/2023\/10\/colheita-de-alimentos-organicos.jpg\",\"width\":1600,\"height\":1068,\"caption\":\"Farmer carrying organic vegetables in box for delivery, close up\"},{\"@type\":\"BreadcrumbList\",\"@id\":\"https:\/\/www.notibras.com\/site\/cresce-numero-de-consumidor-ecologicamente-consciente\/#breadcrumb\",\"itemListElement\":[{\"@type\":\"ListItem\",\"position\":1,\"name\":\"In\u00edcio\",\"item\":\"https:\/\/www.notibras.com\/site\/\"},{\"@type\":\"ListItem\",\"position\":2,\"name\":\"Cresce n\u00famero de consumidor ecologicamente consciente\"}]},{\"@type\":\"WebSite\",\"@id\":\"https:\/\/www.notibras.com\/site\/#website\",\"url\":\"https:\/\/www.notibras.com\/site\/\",\"name\":\"Notibras\",\"description\":\"Not\u00edcias de Bras\u00edlia, do Brasil e do Mundo\",\"publisher\":{\"@id\":\"https:\/\/www.notibras.com\/site\/#organization\"},\"potentialAction\":[{\"@type\":\"SearchAction\",\"target\":{\"@type\":\"EntryPoint\",\"urlTemplate\":\"https:\/\/www.notibras.com\/site\/?s={search_term_string}\"},\"query-input\":{\"@type\":\"PropertyValueSpecification\",\"valueRequired\":true,\"valueName\":\"search_term_string\"}}],\"inLanguage\":\"pt-BR\"},{\"@type\":\"Organization\",\"@id\":\"https:\/\/www.notibras.com\/site\/#organization\",\"name\":\"Grupo Notibras de Comunica\u00e7\u00e3o\",\"url\":\"https:\/\/www.notibras.com\/site\/\",\"logo\":{\"@type\":\"ImageObject\",\"inLanguage\":\"pt-BR\",\"@id\":\"https:\/\/www.notibras.com\/site\/#\/schema\/logo\/image\/\",\"url\":\"https:\/\/www.notibras.com\/site\/wp-content\/uploads\/2023\/01\/notibras23.png\",\"contentUrl\":\"https:\/\/www.notibras.com\/site\/wp-content\/uploads\/2023\/01\/notibras23.png\",\"width\":350,\"height\":87,\"caption\":\"Grupo Notibras de Comunica\u00e7\u00e3o\"},\"image\":{\"@id\":\"https:\/\/www.notibras.com\/site\/#\/schema\/logo\/image\/\"},\"sameAs\":[\"https:\/\/www.facebook.com\/notibras\/\",\"https:\/\/x.com\/Notibras\",\"https:\/\/www.instagram.com\/notibras\/\"]},{\"@type\":\"Person\",\"@id\":\"https:\/\/www.notibras.com\/site\/#\/schema\/person\/36ab0979449956132d3e5b517ea76ac8\",\"name\":\"Reda\u00e7\u00e3o\",\"image\":{\"@type\":\"ImageObject\",\"inLanguage\":\"pt-BR\",\"@id\":\"https:\/\/secure.gravatar.com\/avatar\/e0a867bdedb85fd243eadf09663511f96fc81e0720a4a42581f334ad4303aa6b?s=96&d=mm&r=g\",\"url\":\"https:\/\/secure.gravatar.com\/avatar\/e0a867bdedb85fd243eadf09663511f96fc81e0720a4a42581f334ad4303aa6b?s=96&d=mm&r=g\",\"contentUrl\":\"https:\/\/secure.gravatar.com\/avatar\/e0a867bdedb85fd243eadf09663511f96fc81e0720a4a42581f334ad4303aa6b?s=96&d=mm&r=g\",\"caption\":\"Reda\u00e7\u00e3o\"}}]}<\/script>\n<!-- \/ Yoast SEO plugin. -->","yoast_head_json":{"title":"Cresce n\u00famero de consumidor ecologicamente consciente - Notibras","robots":{"index":"index","follow":"follow","max-snippet":"max-snippet:-1","max-image-preview":"max-image-preview:large","max-video-preview":"max-video-preview:-1"},"canonical":"https:\/\/www.notibras.com\/site\/cresce-numero-de-consumidor-ecologicamente-consciente\/","og_locale":"pt_BR","og_type":"article","og_title":"Cresce n\u00famero de consumidor ecologicamente consciente - Notibras","og_description":"A Am\u00e9rica Latina \u00e9 uma regi\u00e3o de contrastes quando o assunto \u00e9 sustentabilidade. Por um lado, a Costa Rica \u00e9 l\u00edder global em energias renov\u00e1veis. Por outro, M\u00e9xico e Brasil \u2013 inclusive com toda sua pot\u00eancia aqu\u00edfera \u2013 enfrentam desafios na efici\u00eancia do uso da \u00e1gua. Al\u00e9m de um lembrete do imediatismo e da gravidade [&hellip;]","og_url":"https:\/\/www.notibras.com\/site\/cresce-numero-de-consumidor-ecologicamente-consciente\/","og_site_name":"Notibras","article_publisher":"https:\/\/www.facebook.com\/notibras\/","article_published_time":"2023-10-30T03:37:43+00:00","article_modified_time":"2023-10-30T07:40:10+00:00","og_image":[{"width":1600,"height":1068,"url":"https:\/\/www.notibras.com\/site\/wp-content\/uploads\/2023\/10\/colheita-de-alimentos-organicos.jpg","type":"image\/jpeg"}],"author":"Reda\u00e7\u00e3o","twitter_card":"summary_large_image","twitter_creator":"@Notibras","twitter_site":"@Notibras","twitter_misc":{"Escrito por":"Reda\u00e7\u00e3o","Est. tempo de leitura":"4 minutos"},"schema":{"@context":"https:\/\/schema.org","@graph":[{"@type":"Article","@id":"https:\/\/www.notibras.com\/site\/cresce-numero-de-consumidor-ecologicamente-consciente\/#article","isPartOf":{"@id":"https:\/\/www.notibras.com\/site\/cresce-numero-de-consumidor-ecologicamente-consciente\/"},"author":{"name":"Reda\u00e7\u00e3o","@id":"https:\/\/www.notibras.com\/site\/#\/schema\/person\/36ab0979449956132d3e5b517ea76ac8"},"headline":"Cresce n\u00famero de consumidor ecologicamente consciente","datePublished":"2023-10-30T03:37:43+00:00","dateModified":"2023-10-30T07:40:10+00:00","mainEntityOfPage":{"@id":"https:\/\/www.notibras.com\/site\/cresce-numero-de-consumidor-ecologicamente-consciente\/"},"wordCount":645,"publisher":{"@id":"https:\/\/www.notibras.com\/site\/#organization"},"image":{"@id":"https:\/\/www.notibras.com\/site\/cresce-numero-de-consumidor-ecologicamente-consciente\/#primaryimage"},"thumbnailUrl":"https:\/\/www.notibras.com\/site\/wp-content\/uploads\/2023\/10\/colheita-de-alimentos-organicos.jpg","articleSection":["Quadradinho em Foco"],"inLanguage":"pt-BR"},{"@type":"WebPage","@id":"https:\/\/www.notibras.com\/site\/cresce-numero-de-consumidor-ecologicamente-consciente\/","url":"https:\/\/www.notibras.com\/site\/cresce-numero-de-consumidor-ecologicamente-consciente\/","name":"Cresce n\u00famero de consumidor ecologicamente consciente - Notibras","isPartOf":{"@id":"https:\/\/www.notibras.com\/site\/#website"},"primaryImageOfPage":{"@id":"https:\/\/www.notibras.com\/site\/cresce-numero-de-consumidor-ecologicamente-consciente\/#primaryimage"},"image":{"@id":"https:\/\/www.notibras.com\/site\/cresce-numero-de-consumidor-ecologicamente-consciente\/#primaryimage"},"thumbnailUrl":"https:\/\/www.notibras.com\/site\/wp-content\/uploads\/2023\/10\/colheita-de-alimentos-organicos.jpg","datePublished":"2023-10-30T03:37:43+00:00","dateModified":"2023-10-30T07:40:10+00:00","breadcrumb":{"@id":"https:\/\/www.notibras.com\/site\/cresce-numero-de-consumidor-ecologicamente-consciente\/#breadcrumb"},"inLanguage":"pt-BR","potentialAction":[{"@type":"ReadAction","target":["https:\/\/www.notibras.com\/site\/cresce-numero-de-consumidor-ecologicamente-consciente\/"]}]},{"@type":"ImageObject","inLanguage":"pt-BR","@id":"https:\/\/www.notibras.com\/site\/cresce-numero-de-consumidor-ecologicamente-consciente\/#primaryimage","url":"https:\/\/www.notibras.com\/site\/wp-content\/uploads\/2023\/10\/colheita-de-alimentos-organicos.jpg","contentUrl":"https:\/\/www.notibras.com\/site\/wp-content\/uploads\/2023\/10\/colheita-de-alimentos-organicos.jpg","width":1600,"height":1068,"caption":"Farmer carrying organic vegetables in box for delivery, close up"},{"@type":"BreadcrumbList","@id":"https:\/\/www.notibras.com\/site\/cresce-numero-de-consumidor-ecologicamente-consciente\/#breadcrumb","itemListElement":[{"@type":"ListItem","position":1,"name":"In\u00edcio","item":"https:\/\/www.notibras.com\/site\/"},{"@type":"ListItem","position":2,"name":"Cresce n\u00famero de consumidor ecologicamente consciente"}]},{"@type":"WebSite","@id":"https:\/\/www.notibras.com\/site\/#website","url":"https:\/\/www.notibras.com\/site\/","name":"Notibras","description":"Not\u00edcias de Bras\u00edlia, do Brasil e do Mundo","publisher":{"@id":"https:\/\/www.notibras.com\/site\/#organization"},"potentialAction":[{"@type":"SearchAction","target":{"@type":"EntryPoint","urlTemplate":"https:\/\/www.notibras.com\/site\/?s={search_term_string}"},"query-input":{"@type":"PropertyValueSpecification","valueRequired":true,"valueName":"search_term_string"}}],"inLanguage":"pt-BR"},{"@type":"Organization","@id":"https:\/\/www.notibras.com\/site\/#organization","name":"Grupo Notibras de Comunica\u00e7\u00e3o","url":"https:\/\/www.notibras.com\/site\/","logo":{"@type":"ImageObject","inLanguage":"pt-BR","@id":"https:\/\/www.notibras.com\/site\/#\/schema\/logo\/image\/","url":"https:\/\/www.notibras.com\/site\/wp-content\/uploads\/2023\/01\/notibras23.png","contentUrl":"https:\/\/www.notibras.com\/site\/wp-content\/uploads\/2023\/01\/notibras23.png","width":350,"height":87,"caption":"Grupo Notibras de Comunica\u00e7\u00e3o"},"image":{"@id":"https:\/\/www.notibras.com\/site\/#\/schema\/logo\/image\/"},"sameAs":["https:\/\/www.facebook.com\/notibras\/","https:\/\/x.com\/Notibras","https:\/\/www.instagram.com\/notibras\/"]},{"@type":"Person","@id":"https:\/\/www.notibras.com\/site\/#\/schema\/person\/36ab0979449956132d3e5b517ea76ac8","name":"Reda\u00e7\u00e3o","image":{"@type":"ImageObject","inLanguage":"pt-BR","@id":"https:\/\/secure.gravatar.com\/avatar\/e0a867bdedb85fd243eadf09663511f96fc81e0720a4a42581f334ad4303aa6b?s=96&d=mm&r=g","url":"https:\/\/secure.gravatar.com\/avatar\/e0a867bdedb85fd243eadf09663511f96fc81e0720a4a42581f334ad4303aa6b?s=96&d=mm&r=g","contentUrl":"https:\/\/secure.gravatar.com\/avatar\/e0a867bdedb85fd243eadf09663511f96fc81e0720a4a42581f334ad4303aa6b?s=96&d=mm&r=g","caption":"Reda\u00e7\u00e3o"}}]}},"amp_enabled":true,"_links":{"self":[{"href":"https:\/\/www.notibras.com\/site\/wp-json\/wp\/v2\/posts\/315717","targetHints":{"allow":["GET"]}}],"collection":[{"href":"https:\/\/www.notibras.com\/site\/wp-json\/wp\/v2\/posts"}],"about":[{"href":"https:\/\/www.notibras.com\/site\/wp-json\/wp\/v2\/types\/post"}],"author":[{"embeddable":true,"href":"https:\/\/www.notibras.com\/site\/wp-json\/wp\/v2\/users\/2"}],"replies":[{"embeddable":true,"href":"https:\/\/www.notibras.com\/site\/wp-json\/wp\/v2\/comments?post=315717"}],"version-history":[{"count":1,"href":"https:\/\/www.notibras.com\/site\/wp-json\/wp\/v2\/posts\/315717\/revisions"}],"predecessor-version":[{"id":315719,"href":"https:\/\/www.notibras.com\/site\/wp-json\/wp\/v2\/posts\/315717\/revisions\/315719"}],"wp:featuredmedia":[{"embeddable":true,"href":"https:\/\/www.notibras.com\/site\/wp-json\/wp\/v2\/media\/315718"}],"wp:attachment":[{"href":"https:\/\/www.notibras.com\/site\/wp-json\/wp\/v2\/media?parent=315717"}],"wp:term":[{"taxonomy":"category","embeddable":true,"href":"https:\/\/www.notibras.com\/site\/wp-json\/wp\/v2\/categories?post=315717"},{"taxonomy":"post_tag","embeddable":true,"href":"https:\/\/www.notibras.com\/site\/wp-json\/wp\/v2\/tags?post=315717"}],"curies":[{"name":"wp","href":"https:\/\/api.w.org\/{rel}","templated":true}]}}