{"id":315720,"date":"2023-10-30T00:50:58","date_gmt":"2023-10-30T03:50:58","guid":{"rendered":"https:\/\/www.notibras.com\/site\/?p=315720"},"modified":"2023-10-30T04:55:51","modified_gmt":"2023-10-30T07:55:51","slug":"hora-de-separar-sentido-da-vida-da-crenca-que-da-vida-aos-horrores","status":"publish","type":"post","link":"https:\/\/www.notibras.com\/site\/hora-de-separar-sentido-da-vida-da-crenca-que-da-vida-aos-horrores\/","title":{"rendered":"Hora de separar sentido da vida da cren\u00e7a que d\u00e1 vida aos horrores"},"content":{"rendered":"<p>Quando o fato em si n\u00e3o importa, \u00e9 a cren\u00e7a que domina o c\u00e9rebro de cada um e a humanidade coletiva. A psicologia social da cren\u00e7a (\u201centrincheirou\u201d) na sociedade para dominar e dinamizar o comportamento coletivo tem orientando para objetivos de interesse comum e que, segundo estudiosos da psicologia social, favorece a tomada de decis\u00f5es mais razo\u00e1veis. E \u00e9 isso mesmo.<\/p>\n<p>Acontece que correntes invis\u00edveis continuam sendo correntes.<\/p>\n<p>Contudo, \u00e9 preciso dar um sentido \u00e0 vida, pois \u00e9 ele (esse sentido) que proporciona um rumo \u00e0 nossa exist\u00eancia e, apesar das dificuldades que experimentamos no cotidiano, e n\u00e3o s\u00e3o poucas, \u00e9 importante procurar ver um pouco mais longe \u2013 o fato em si \u2013 em benef\u00edcio de n\u00f3s mesmos e de outras pessoas tamb\u00e9m.<\/p>\n<p>\u00c9 preciso existir uma utopia a ser realizada. Iso porque, na medida em que o rancor e o ressentimento v\u00e3o se enraizando na alma, nos convencemos que mudan\u00e7as ut\u00f3picas deveriam ser descartadas para assumir que o jogo \u00e9 esse e que seria melhor aprender a jog\u00e1-lo e nada mais. \u00c9 a\u00ed que a barb\u00e1rie e as atrocidades se instalam, banalizando a vida e instaurando os horrores no mundo.<\/p>\n<p>Os poderes constitu\u00eddos cometem erros. D\u00e1 vida aos horrores nas justificativas dos erros que cometem \u2013 domina ou morre. Sem sentido. Contudo, o que de mais importante temos &#8211; todos em comum &#8211; \u00e9 a luta entre as for\u00e7as que entregam a civiliza\u00e7\u00e3o e as que se entregam \u00e0 resist\u00eancia de um objeto em mudar de estado. Essa tend\u00eancia somente \u00e9 alterada quando uma for\u00e7a externa age sobre o corpo, por in\u00e9rcia \u00e0 barb\u00e1rie.<\/p>\n<p>Autocentrados e hip\u00f3critas mentirosos, aqueles que insistem na barb\u00e1rie para dominar o mundo, s\u00e3o ego\u00edstas e brutais em variadas intensidades, praticam crimes de guerra. Seja na Ucr\u00e2nia, em Israel, em Gaza&#8230;<\/p>\n<p>Por\u00e9m, \u00e9 certo que ningu\u00e9m nasce desprovido da aspira\u00e7\u00e3o de subverter a natureza e o destino. Muito menos somos obrigados a dormir na cama de Procusto. Pois, muitas das narrativas para dominar o mundo ou morrer s\u00e3o pr\u00e9-empacotadas e possuem consequ\u00eancias explosivas.<\/p>\n<p>Quem pensa que religi\u00e3o tem a ver com \u201ccren\u00e7a\u201d n\u00e3o entende nada de religi\u00e3o e n\u00e3o faz ideia do que \u00e9 cren\u00e7a. Sem querer jogar gasolina para apagar o fogo, observe se sua raiva diminui com o tempo, pois a\u00ed voc\u00ea cometeu uma injusti\u00e7a; mas, se ela aumenta, voc\u00ea sofreu uma injusti\u00e7a.<\/p>\n<p>Dominar o mundo ou morrer \u00e9 autoilus\u00e3o com a qual convivemos, mas n\u00e3o conseguimos reconhecer a intoler\u00e2ncia humana, na qual distorcemos os dados da realidade para que se ajustem a uma hip\u00f3tese.<\/p>\n<p>O que cada indiv\u00edduo precisa realmente descobrir \u00e9 para que serves e a quem serves com tua atividade. Caso contr\u00e1rio acabar\u00e1 como Procusto, decapitado por Teseu que seguiu o m\u00e9todo de H\u00e9rcules: pagar na mesma moeda.<\/p>\n<p><strong>*Professor de Filosofia. Especialista em Ci\u00eancias Humanas e suas Tecnologias. P\u00f3s-graduando em Investimentos e Mercado Financeiro. Analista pol\u00edtico.<\/strong><\/p>\n","protected":false},"excerpt":{"rendered":"<p>Quando o fato em si n\u00e3o importa, \u00e9 a cren\u00e7a que domina o c\u00e9rebro de cada um e a humanidade coletiva. A psicologia social da cren\u00e7a (\u201centrincheirou\u201d) na sociedade para dominar e dinamizar o comportamento coletivo tem orientando para objetivos de interesse comum e que, segundo estudiosos da psicologia social, favorece a tomada de decis\u00f5es [&hellip;]<\/p>\n","protected":false},"author":2,"featured_media":14802,"comment_status":"closed","ping_status":"closed","sticky":false,"template":"","format":"standard","meta":{"_acf_changed":false,"footnotes":""},"categories":[161],"tags":[],"class_list":["post-315720","post","type-post","status-publish","format-standard","has-post-thumbnail","hentry","category-quadradinho-em-foco"],"acf":[],"yoast_head":"<!-- This site is optimized with the Yoast SEO plugin v27.2 - https:\/\/yoast.com\/product\/yoast-seo-wordpress\/ -->\n<title>Hora de separar sentido da vida da cren\u00e7a que d\u00e1 vida aos horrores - Notibras<\/title>\n<meta name=\"robots\" content=\"index, follow, max-snippet:-1, max-image-preview:large, max-video-preview:-1\" \/>\n<link rel=\"canonical\" href=\"https:\/\/www.notibras.com\/site\/hora-de-separar-sentido-da-vida-da-crenca-que-da-vida-aos-horrores\/\" \/>\n<meta property=\"og:locale\" content=\"pt_BR\" \/>\n<meta property=\"og:type\" content=\"article\" \/>\n<meta property=\"og:title\" content=\"Hora de separar sentido da vida da cren\u00e7a que d\u00e1 vida aos horrores - Notibras\" \/>\n<meta property=\"og:description\" content=\"Quando o fato em si n\u00e3o importa, \u00e9 a cren\u00e7a que domina o c\u00e9rebro de cada um e a humanidade coletiva. A psicologia social da cren\u00e7a (\u201centrincheirou\u201d) na sociedade para dominar e dinamizar o comportamento coletivo tem orientando para objetivos de interesse comum e que, segundo estudiosos da psicologia social, favorece a tomada de decis\u00f5es [&hellip;]\" \/>\n<meta property=\"og:url\" content=\"https:\/\/www.notibras.com\/site\/hora-de-separar-sentido-da-vida-da-crenca-que-da-vida-aos-horrores\/\" \/>\n<meta property=\"og:site_name\" content=\"Notibras\" \/>\n<meta property=\"article:publisher\" content=\"https:\/\/www.facebook.com\/notibras\/\" \/>\n<meta property=\"article:published_time\" content=\"2023-10-30T03:50:58+00:00\" \/>\n<meta property=\"article:modified_time\" content=\"2023-10-30T07:55:51+00:00\" \/>\n<meta property=\"og:image\" content=\"https:\/\/www.notibras.com\/site\/wp-content\/uploads\/2014\/06\/Ataque-aereo-Israel-Gaza.jpg\" \/>\n\t<meta property=\"og:image:width\" content=\"668\" \/>\n\t<meta property=\"og:image:height\" content=\"419\" \/>\n\t<meta property=\"og:image:type\" content=\"image\/jpeg\" \/>\n<meta name=\"author\" content=\"Reda\u00e7\u00e3o\" \/>\n<meta name=\"twitter:card\" content=\"summary_large_image\" \/>\n<meta name=\"twitter:creator\" content=\"@Notibras\" \/>\n<meta name=\"twitter:site\" content=\"@Notibras\" \/>\n<meta name=\"twitter:label1\" content=\"Escrito por\" \/>\n\t<meta name=\"twitter:data1\" content=\"Reda\u00e7\u00e3o\" \/>\n\t<meta name=\"twitter:label2\" content=\"Est. tempo de leitura\" \/>\n\t<meta name=\"twitter:data2\" content=\"3 minutos\" \/>\n<script type=\"application\/ld+json\" class=\"yoast-schema-graph\">{\"@context\":\"https:\/\/schema.org\",\"@graph\":[{\"@type\":\"Article\",\"@id\":\"https:\/\/www.notibras.com\/site\/hora-de-separar-sentido-da-vida-da-crenca-que-da-vida-aos-horrores\/#article\",\"isPartOf\":{\"@id\":\"https:\/\/www.notibras.com\/site\/hora-de-separar-sentido-da-vida-da-crenca-que-da-vida-aos-horrores\/\"},\"author\":{\"name\":\"Reda\u00e7\u00e3o\",\"@id\":\"https:\/\/www.notibras.com\/site\/#\/schema\/person\/36ab0979449956132d3e5b517ea76ac8\"},\"headline\":\"Hora de separar sentido da vida da cren\u00e7a que d\u00e1 vida aos horrores\",\"datePublished\":\"2023-10-30T03:50:58+00:00\",\"dateModified\":\"2023-10-30T07:55:51+00:00\",\"mainEntityOfPage\":{\"@id\":\"https:\/\/www.notibras.com\/site\/hora-de-separar-sentido-da-vida-da-crenca-que-da-vida-aos-horrores\/\"},\"wordCount\":526,\"publisher\":{\"@id\":\"https:\/\/www.notibras.com\/site\/#organization\"},\"image\":{\"@id\":\"https:\/\/www.notibras.com\/site\/hora-de-separar-sentido-da-vida-da-crenca-que-da-vida-aos-horrores\/#primaryimage\"},\"thumbnailUrl\":\"https:\/\/www.notibras.com\/site\/wp-content\/uploads\/2014\/06\/Ataque-aereo-Israel-Gaza.jpg\",\"articleSection\":[\"Quadradinho em Foco\"],\"inLanguage\":\"pt-BR\"},{\"@type\":\"WebPage\",\"@id\":\"https:\/\/www.notibras.com\/site\/hora-de-separar-sentido-da-vida-da-crenca-que-da-vida-aos-horrores\/\",\"url\":\"https:\/\/www.notibras.com\/site\/hora-de-separar-sentido-da-vida-da-crenca-que-da-vida-aos-horrores\/\",\"name\":\"Hora de separar sentido da vida da cren\u00e7a que d\u00e1 vida aos horrores - Notibras\",\"isPartOf\":{\"@id\":\"https:\/\/www.notibras.com\/site\/#website\"},\"primaryImageOfPage\":{\"@id\":\"https:\/\/www.notibras.com\/site\/hora-de-separar-sentido-da-vida-da-crenca-que-da-vida-aos-horrores\/#primaryimage\"},\"image\":{\"@id\":\"https:\/\/www.notibras.com\/site\/hora-de-separar-sentido-da-vida-da-crenca-que-da-vida-aos-horrores\/#primaryimage\"},\"thumbnailUrl\":\"https:\/\/www.notibras.com\/site\/wp-content\/uploads\/2014\/06\/Ataque-aereo-Israel-Gaza.jpg\",\"datePublished\":\"2023-10-30T03:50:58+00:00\",\"dateModified\":\"2023-10-30T07:55:51+00:00\",\"breadcrumb\":{\"@id\":\"https:\/\/www.notibras.com\/site\/hora-de-separar-sentido-da-vida-da-crenca-que-da-vida-aos-horrores\/#breadcrumb\"},\"inLanguage\":\"pt-BR\",\"potentialAction\":[{\"@type\":\"ReadAction\",\"target\":[\"https:\/\/www.notibras.com\/site\/hora-de-separar-sentido-da-vida-da-crenca-que-da-vida-aos-horrores\/\"]}]},{\"@type\":\"ImageObject\",\"inLanguage\":\"pt-BR\",\"@id\":\"https:\/\/www.notibras.com\/site\/hora-de-separar-sentido-da-vida-da-crenca-que-da-vida-aos-horrores\/#primaryimage\",\"url\":\"https:\/\/www.notibras.com\/site\/wp-content\/uploads\/2014\/06\/Ataque-aereo-Israel-Gaza.jpg\",\"contentUrl\":\"https:\/\/www.notibras.com\/site\/wp-content\/uploads\/2014\/06\/Ataque-aereo-Israel-Gaza.jpg\",\"width\":668,\"height\":419},{\"@type\":\"BreadcrumbList\",\"@id\":\"https:\/\/www.notibras.com\/site\/hora-de-separar-sentido-da-vida-da-crenca-que-da-vida-aos-horrores\/#breadcrumb\",\"itemListElement\":[{\"@type\":\"ListItem\",\"position\":1,\"name\":\"In\u00edcio\",\"item\":\"https:\/\/www.notibras.com\/site\/\"},{\"@type\":\"ListItem\",\"position\":2,\"name\":\"Hora de separar sentido da vida da cren\u00e7a que d\u00e1 vida aos horrores\"}]},{\"@type\":\"WebSite\",\"@id\":\"https:\/\/www.notibras.com\/site\/#website\",\"url\":\"https:\/\/www.notibras.com\/site\/\",\"name\":\"Notibras\",\"description\":\"Not\u00edcias de Bras\u00edlia, do Brasil e do Mundo\",\"publisher\":{\"@id\":\"https:\/\/www.notibras.com\/site\/#organization\"},\"potentialAction\":[{\"@type\":\"SearchAction\",\"target\":{\"@type\":\"EntryPoint\",\"urlTemplate\":\"https:\/\/www.notibras.com\/site\/?s={search_term_string}\"},\"query-input\":{\"@type\":\"PropertyValueSpecification\",\"valueRequired\":true,\"valueName\":\"search_term_string\"}}],\"inLanguage\":\"pt-BR\"},{\"@type\":\"Organization\",\"@id\":\"https:\/\/www.notibras.com\/site\/#organization\",\"name\":\"Grupo Notibras de Comunica\u00e7\u00e3o\",\"url\":\"https:\/\/www.notibras.com\/site\/\",\"logo\":{\"@type\":\"ImageObject\",\"inLanguage\":\"pt-BR\",\"@id\":\"https:\/\/www.notibras.com\/site\/#\/schema\/logo\/image\/\",\"url\":\"https:\/\/www.notibras.com\/site\/wp-content\/uploads\/2023\/01\/notibras23.png\",\"contentUrl\":\"https:\/\/www.notibras.com\/site\/wp-content\/uploads\/2023\/01\/notibras23.png\",\"width\":350,\"height\":87,\"caption\":\"Grupo Notibras de Comunica\u00e7\u00e3o\"},\"image\":{\"@id\":\"https:\/\/www.notibras.com\/site\/#\/schema\/logo\/image\/\"},\"sameAs\":[\"https:\/\/www.facebook.com\/notibras\/\",\"https:\/\/x.com\/Notibras\",\"https:\/\/www.instagram.com\/notibras\/\"]},{\"@type\":\"Person\",\"@id\":\"https:\/\/www.notibras.com\/site\/#\/schema\/person\/36ab0979449956132d3e5b517ea76ac8\",\"name\":\"Reda\u00e7\u00e3o\",\"image\":{\"@type\":\"ImageObject\",\"inLanguage\":\"pt-BR\",\"@id\":\"https:\/\/secure.gravatar.com\/avatar\/e0a867bdedb85fd243eadf09663511f96fc81e0720a4a42581f334ad4303aa6b?s=96&d=mm&r=g\",\"url\":\"https:\/\/secure.gravatar.com\/avatar\/e0a867bdedb85fd243eadf09663511f96fc81e0720a4a42581f334ad4303aa6b?s=96&d=mm&r=g\",\"contentUrl\":\"https:\/\/secure.gravatar.com\/avatar\/e0a867bdedb85fd243eadf09663511f96fc81e0720a4a42581f334ad4303aa6b?s=96&d=mm&r=g\",\"caption\":\"Reda\u00e7\u00e3o\"}}]}<\/script>\n<!-- \/ Yoast SEO plugin. -->","yoast_head_json":{"title":"Hora de separar sentido da vida da cren\u00e7a que d\u00e1 vida aos horrores - Notibras","robots":{"index":"index","follow":"follow","max-snippet":"max-snippet:-1","max-image-preview":"max-image-preview:large","max-video-preview":"max-video-preview:-1"},"canonical":"https:\/\/www.notibras.com\/site\/hora-de-separar-sentido-da-vida-da-crenca-que-da-vida-aos-horrores\/","og_locale":"pt_BR","og_type":"article","og_title":"Hora de separar sentido da vida da cren\u00e7a que d\u00e1 vida aos horrores - Notibras","og_description":"Quando o fato em si n\u00e3o importa, \u00e9 a cren\u00e7a que domina o c\u00e9rebro de cada um e a humanidade coletiva. A psicologia social da cren\u00e7a (\u201centrincheirou\u201d) na sociedade para dominar e dinamizar o comportamento coletivo tem orientando para objetivos de interesse comum e que, segundo estudiosos da psicologia social, favorece a tomada de decis\u00f5es [&hellip;]","og_url":"https:\/\/www.notibras.com\/site\/hora-de-separar-sentido-da-vida-da-crenca-que-da-vida-aos-horrores\/","og_site_name":"Notibras","article_publisher":"https:\/\/www.facebook.com\/notibras\/","article_published_time":"2023-10-30T03:50:58+00:00","article_modified_time":"2023-10-30T07:55:51+00:00","og_image":[{"width":668,"height":419,"url":"https:\/\/www.notibras.com\/site\/wp-content\/uploads\/2014\/06\/Ataque-aereo-Israel-Gaza.jpg","type":"image\/jpeg"}],"author":"Reda\u00e7\u00e3o","twitter_card":"summary_large_image","twitter_creator":"@Notibras","twitter_site":"@Notibras","twitter_misc":{"Escrito por":"Reda\u00e7\u00e3o","Est. tempo de leitura":"3 minutos"},"schema":{"@context":"https:\/\/schema.org","@graph":[{"@type":"Article","@id":"https:\/\/www.notibras.com\/site\/hora-de-separar-sentido-da-vida-da-crenca-que-da-vida-aos-horrores\/#article","isPartOf":{"@id":"https:\/\/www.notibras.com\/site\/hora-de-separar-sentido-da-vida-da-crenca-que-da-vida-aos-horrores\/"},"author":{"name":"Reda\u00e7\u00e3o","@id":"https:\/\/www.notibras.com\/site\/#\/schema\/person\/36ab0979449956132d3e5b517ea76ac8"},"headline":"Hora de separar sentido da vida da cren\u00e7a que d\u00e1 vida aos horrores","datePublished":"2023-10-30T03:50:58+00:00","dateModified":"2023-10-30T07:55:51+00:00","mainEntityOfPage":{"@id":"https:\/\/www.notibras.com\/site\/hora-de-separar-sentido-da-vida-da-crenca-que-da-vida-aos-horrores\/"},"wordCount":526,"publisher":{"@id":"https:\/\/www.notibras.com\/site\/#organization"},"image":{"@id":"https:\/\/www.notibras.com\/site\/hora-de-separar-sentido-da-vida-da-crenca-que-da-vida-aos-horrores\/#primaryimage"},"thumbnailUrl":"https:\/\/www.notibras.com\/site\/wp-content\/uploads\/2014\/06\/Ataque-aereo-Israel-Gaza.jpg","articleSection":["Quadradinho em Foco"],"inLanguage":"pt-BR"},{"@type":"WebPage","@id":"https:\/\/www.notibras.com\/site\/hora-de-separar-sentido-da-vida-da-crenca-que-da-vida-aos-horrores\/","url":"https:\/\/www.notibras.com\/site\/hora-de-separar-sentido-da-vida-da-crenca-que-da-vida-aos-horrores\/","name":"Hora de separar sentido da vida da cren\u00e7a que d\u00e1 vida aos horrores - Notibras","isPartOf":{"@id":"https:\/\/www.notibras.com\/site\/#website"},"primaryImageOfPage":{"@id":"https:\/\/www.notibras.com\/site\/hora-de-separar-sentido-da-vida-da-crenca-que-da-vida-aos-horrores\/#primaryimage"},"image":{"@id":"https:\/\/www.notibras.com\/site\/hora-de-separar-sentido-da-vida-da-crenca-que-da-vida-aos-horrores\/#primaryimage"},"thumbnailUrl":"https:\/\/www.notibras.com\/site\/wp-content\/uploads\/2014\/06\/Ataque-aereo-Israel-Gaza.jpg","datePublished":"2023-10-30T03:50:58+00:00","dateModified":"2023-10-30T07:55:51+00:00","breadcrumb":{"@id":"https:\/\/www.notibras.com\/site\/hora-de-separar-sentido-da-vida-da-crenca-que-da-vida-aos-horrores\/#breadcrumb"},"inLanguage":"pt-BR","potentialAction":[{"@type":"ReadAction","target":["https:\/\/www.notibras.com\/site\/hora-de-separar-sentido-da-vida-da-crenca-que-da-vida-aos-horrores\/"]}]},{"@type":"ImageObject","inLanguage":"pt-BR","@id":"https:\/\/www.notibras.com\/site\/hora-de-separar-sentido-da-vida-da-crenca-que-da-vida-aos-horrores\/#primaryimage","url":"https:\/\/www.notibras.com\/site\/wp-content\/uploads\/2014\/06\/Ataque-aereo-Israel-Gaza.jpg","contentUrl":"https:\/\/www.notibras.com\/site\/wp-content\/uploads\/2014\/06\/Ataque-aereo-Israel-Gaza.jpg","width":668,"height":419},{"@type":"BreadcrumbList","@id":"https:\/\/www.notibras.com\/site\/hora-de-separar-sentido-da-vida-da-crenca-que-da-vida-aos-horrores\/#breadcrumb","itemListElement":[{"@type":"ListItem","position":1,"name":"In\u00edcio","item":"https:\/\/www.notibras.com\/site\/"},{"@type":"ListItem","position":2,"name":"Hora de separar sentido da vida da cren\u00e7a que d\u00e1 vida aos horrores"}]},{"@type":"WebSite","@id":"https:\/\/www.notibras.com\/site\/#website","url":"https:\/\/www.notibras.com\/site\/","name":"Notibras","description":"Not\u00edcias de Bras\u00edlia, do Brasil e do Mundo","publisher":{"@id":"https:\/\/www.notibras.com\/site\/#organization"},"potentialAction":[{"@type":"SearchAction","target":{"@type":"EntryPoint","urlTemplate":"https:\/\/www.notibras.com\/site\/?s={search_term_string}"},"query-input":{"@type":"PropertyValueSpecification","valueRequired":true,"valueName":"search_term_string"}}],"inLanguage":"pt-BR"},{"@type":"Organization","@id":"https:\/\/www.notibras.com\/site\/#organization","name":"Grupo Notibras de Comunica\u00e7\u00e3o","url":"https:\/\/www.notibras.com\/site\/","logo":{"@type":"ImageObject","inLanguage":"pt-BR","@id":"https:\/\/www.notibras.com\/site\/#\/schema\/logo\/image\/","url":"https:\/\/www.notibras.com\/site\/wp-content\/uploads\/2023\/01\/notibras23.png","contentUrl":"https:\/\/www.notibras.com\/site\/wp-content\/uploads\/2023\/01\/notibras23.png","width":350,"height":87,"caption":"Grupo Notibras de Comunica\u00e7\u00e3o"},"image":{"@id":"https:\/\/www.notibras.com\/site\/#\/schema\/logo\/image\/"},"sameAs":["https:\/\/www.facebook.com\/notibras\/","https:\/\/x.com\/Notibras","https:\/\/www.instagram.com\/notibras\/"]},{"@type":"Person","@id":"https:\/\/www.notibras.com\/site\/#\/schema\/person\/36ab0979449956132d3e5b517ea76ac8","name":"Reda\u00e7\u00e3o","image":{"@type":"ImageObject","inLanguage":"pt-BR","@id":"https:\/\/secure.gravatar.com\/avatar\/e0a867bdedb85fd243eadf09663511f96fc81e0720a4a42581f334ad4303aa6b?s=96&d=mm&r=g","url":"https:\/\/secure.gravatar.com\/avatar\/e0a867bdedb85fd243eadf09663511f96fc81e0720a4a42581f334ad4303aa6b?s=96&d=mm&r=g","contentUrl":"https:\/\/secure.gravatar.com\/avatar\/e0a867bdedb85fd243eadf09663511f96fc81e0720a4a42581f334ad4303aa6b?s=96&d=mm&r=g","caption":"Reda\u00e7\u00e3o"}}]}},"amp_enabled":true,"_links":{"self":[{"href":"https:\/\/www.notibras.com\/site\/wp-json\/wp\/v2\/posts\/315720","targetHints":{"allow":["GET"]}}],"collection":[{"href":"https:\/\/www.notibras.com\/site\/wp-json\/wp\/v2\/posts"}],"about":[{"href":"https:\/\/www.notibras.com\/site\/wp-json\/wp\/v2\/types\/post"}],"author":[{"embeddable":true,"href":"https:\/\/www.notibras.com\/site\/wp-json\/wp\/v2\/users\/2"}],"replies":[{"embeddable":true,"href":"https:\/\/www.notibras.com\/site\/wp-json\/wp\/v2\/comments?post=315720"}],"version-history":[{"count":2,"href":"https:\/\/www.notibras.com\/site\/wp-json\/wp\/v2\/posts\/315720\/revisions"}],"predecessor-version":[{"id":315722,"href":"https:\/\/www.notibras.com\/site\/wp-json\/wp\/v2\/posts\/315720\/revisions\/315722"}],"wp:featuredmedia":[{"embeddable":true,"href":"https:\/\/www.notibras.com\/site\/wp-json\/wp\/v2\/media\/14802"}],"wp:attachment":[{"href":"https:\/\/www.notibras.com\/site\/wp-json\/wp\/v2\/media?parent=315720"}],"wp:term":[{"taxonomy":"category","embeddable":true,"href":"https:\/\/www.notibras.com\/site\/wp-json\/wp\/v2\/categories?post=315720"},{"taxonomy":"post_tag","embeddable":true,"href":"https:\/\/www.notibras.com\/site\/wp-json\/wp\/v2\/tags?post=315720"}],"curies":[{"name":"wp","href":"https:\/\/api.w.org\/{rel}","templated":true}]}}