{"id":315723,"date":"2023-10-30T02:01:53","date_gmt":"2023-10-30T05:01:53","guid":{"rendered":"https:\/\/www.notibras.com\/site\/?p=315723"},"modified":"2023-10-30T05:11:11","modified_gmt":"2023-10-30T08:11:11","slug":"enfim-morto-don-juan-recebe-alcunha-de-chato","status":"publish","type":"post","link":"https:\/\/www.notibras.com\/site\/enfim-morto-don-juan-recebe-alcunha-de-chato\/","title":{"rendered":"Enfim morto, Don Juan recebe alcunha de chato"},"content":{"rendered":"<p>Martins, apesar de ter nascido em Rio Grande, munic\u00edpio do litoral ga\u00facho, logo cedo foi morar no Rio de Janeiro. Cresceu todo cheio de si na Cidade Maravilhosa, justamente em Copacabana. Desde menino mostrou uma queda para o esporte, especialmente a nata\u00e7\u00e3o. Todavia, a verdadeira voca\u00e7\u00e3o dele era se exibir. Parecia um pav\u00e3o com uma enorme melancia no pesco\u00e7o.<\/p>\n<p>Peito estufado, caminhava pelas areias da mais famosa praia do mundo, como se tudo aquilo lhe pertencesse. O tempo passou, acabou por se casar com uma das in\u00fameras mocinhas apaixonadas pelo gal\u00e3. O cas\u00f3rio parece que n\u00e3o durou muito, pois as tenta\u00e7\u00f5es eram tamanhas para o Don Juan. Romances aqui, romances acol\u00e1, Martins se prendeu por um tempo a outra mocinha. Todavia, tamb\u00e9m n\u00e3o durou tanto assim.<\/p>\n<p>Logo em seguida, l\u00e1 estava o conquistador fazendo galanteios para mais uma mocinha. Esta, por sua vez, talvez mais esperta que as demais, colocou r\u00e9deas firmes no gajo, que j\u00e1 n\u00e3o era t\u00e3o jovem assim. Al\u00e9m do mais, o casal foi morar em Nogueira, aconchegante distrito de Petr\u00f3polis, a famosa cidade serrana. E foi justamente l\u00e1 que o nosso her\u00f3i envelheceu.<\/p>\n<p>Quando morreu, todos que o conheciam correram pro vel\u00f3rio. Um dos seus filhos, o Marcius, que vinha de Niter\u00f3i, passou pelo centro de Petr\u00f3polis, onde encontrou um velho conhecido de seu pai.<\/p>\n<p>&#8211; O Martins e eu fomos amigos n\u00e3o sei por quanto tempo. E, por isso mesmo, posso lhe contar uma coisa sem medo de estar falando bobagem.<\/p>\n<p>O rapaz observava atentamente aquele velho t\u00e3o enrugado como o falecido e, com um restinho de coragem, perguntou:<\/p>\n<p>&#8211; O qu\u00ea?<\/p>\n<p>&#8211; Nogueira jamais conheceu um cara mais chato do que o seu pai!<\/p>\n","protected":false},"excerpt":{"rendered":"<p>Martins, apesar de ter nascido em Rio Grande, munic\u00edpio do litoral ga\u00facho, logo cedo foi morar no Rio de Janeiro. Cresceu todo cheio de si na Cidade Maravilhosa, justamente em Copacabana. Desde menino mostrou uma queda para o esporte, especialmente a nata\u00e7\u00e3o. Todavia, a verdadeira voca\u00e7\u00e3o dele era se exibir. Parecia um pav\u00e3o com uma [&hellip;]<\/p>\n","protected":false},"author":2,"featured_media":315724,"comment_status":"closed","ping_status":"closed","sticky":false,"template":"","format":"standard","meta":{"_acf_changed":false,"footnotes":""},"categories":[161],"tags":[],"class_list":["post-315723","post","type-post","status-publish","format-standard","has-post-thumbnail","hentry","category-quadradinho-em-foco"],"acf":[],"yoast_head":"<!-- This site is optimized with the Yoast SEO plugin v27.2 - https:\/\/yoast.com\/product\/yoast-seo-wordpress\/ -->\n<title>Enfim morto, Don Juan recebe alcunha de chato - Notibras<\/title>\n<meta name=\"robots\" content=\"index, follow, max-snippet:-1, max-image-preview:large, max-video-preview:-1\" \/>\n<link rel=\"canonical\" href=\"https:\/\/www.notibras.com\/site\/enfim-morto-don-juan-recebe-alcunha-de-chato\/\" \/>\n<meta property=\"og:locale\" content=\"pt_BR\" \/>\n<meta property=\"og:type\" content=\"article\" \/>\n<meta property=\"og:title\" content=\"Enfim morto, Don Juan recebe alcunha de chato - Notibras\" \/>\n<meta property=\"og:description\" content=\"Martins, apesar de ter nascido em Rio Grande, munic\u00edpio do litoral ga\u00facho, logo cedo foi morar no Rio de Janeiro. Cresceu todo cheio de si na Cidade Maravilhosa, justamente em Copacabana. Desde menino mostrou uma queda para o esporte, especialmente a nata\u00e7\u00e3o. Todavia, a verdadeira voca\u00e7\u00e3o dele era se exibir. Parecia um pav\u00e3o com uma [&hellip;]\" \/>\n<meta property=\"og:url\" content=\"https:\/\/www.notibras.com\/site\/enfim-morto-don-juan-recebe-alcunha-de-chato\/\" \/>\n<meta property=\"og:site_name\" content=\"Notibras\" \/>\n<meta property=\"article:publisher\" content=\"https:\/\/www.facebook.com\/notibras\/\" \/>\n<meta property=\"article:published_time\" content=\"2023-10-30T05:01:53+00:00\" \/>\n<meta property=\"article:modified_time\" content=\"2023-10-30T08:11:11+00:00\" \/>\n<meta property=\"og:image\" content=\"https:\/\/www.notibras.com\/site\/wp-content\/uploads\/2023\/10\/42ce9d92-a990-4d1d-bf67-3ae07290fba9.jpeg\" \/>\n\t<meta property=\"og:image:width\" content=\"766\" \/>\n\t<meta property=\"og:image:height\" content=\"514\" \/>\n\t<meta property=\"og:image:type\" content=\"image\/jpeg\" \/>\n<meta name=\"author\" content=\"Reda\u00e7\u00e3o\" \/>\n<meta name=\"twitter:card\" content=\"summary_large_image\" \/>\n<meta name=\"twitter:creator\" content=\"@Notibras\" \/>\n<meta name=\"twitter:site\" content=\"@Notibras\" \/>\n<meta name=\"twitter:label1\" content=\"Escrito por\" \/>\n\t<meta name=\"twitter:data1\" content=\"Reda\u00e7\u00e3o\" \/>\n\t<meta name=\"twitter:label2\" content=\"Est. tempo de leitura\" \/>\n\t<meta name=\"twitter:data2\" content=\"2 minutos\" \/>\n<script type=\"application\/ld+json\" class=\"yoast-schema-graph\">{\"@context\":\"https:\/\/schema.org\",\"@graph\":[{\"@type\":\"Article\",\"@id\":\"https:\/\/www.notibras.com\/site\/enfim-morto-don-juan-recebe-alcunha-de-chato\/#article\",\"isPartOf\":{\"@id\":\"https:\/\/www.notibras.com\/site\/enfim-morto-don-juan-recebe-alcunha-de-chato\/\"},\"author\":{\"name\":\"Reda\u00e7\u00e3o\",\"@id\":\"https:\/\/www.notibras.com\/site\/#\/schema\/person\/36ab0979449956132d3e5b517ea76ac8\"},\"headline\":\"Enfim morto, Don Juan recebe alcunha de chato\",\"datePublished\":\"2023-10-30T05:01:53+00:00\",\"dateModified\":\"2023-10-30T08:11:11+00:00\",\"mainEntityOfPage\":{\"@id\":\"https:\/\/www.notibras.com\/site\/enfim-morto-don-juan-recebe-alcunha-de-chato\/\"},\"wordCount\":311,\"publisher\":{\"@id\":\"https:\/\/www.notibras.com\/site\/#organization\"},\"image\":{\"@id\":\"https:\/\/www.notibras.com\/site\/enfim-morto-don-juan-recebe-alcunha-de-chato\/#primaryimage\"},\"thumbnailUrl\":\"https:\/\/www.notibras.com\/site\/wp-content\/uploads\/2023\/10\/42ce9d92-a990-4d1d-bf67-3ae07290fba9.jpeg\",\"articleSection\":[\"Quadradinho em Foco\"],\"inLanguage\":\"pt-BR\"},{\"@type\":\"WebPage\",\"@id\":\"https:\/\/www.notibras.com\/site\/enfim-morto-don-juan-recebe-alcunha-de-chato\/\",\"url\":\"https:\/\/www.notibras.com\/site\/enfim-morto-don-juan-recebe-alcunha-de-chato\/\",\"name\":\"Enfim morto, Don Juan recebe alcunha de chato - Notibras\",\"isPartOf\":{\"@id\":\"https:\/\/www.notibras.com\/site\/#website\"},\"primaryImageOfPage\":{\"@id\":\"https:\/\/www.notibras.com\/site\/enfim-morto-don-juan-recebe-alcunha-de-chato\/#primaryimage\"},\"image\":{\"@id\":\"https:\/\/www.notibras.com\/site\/enfim-morto-don-juan-recebe-alcunha-de-chato\/#primaryimage\"},\"thumbnailUrl\":\"https:\/\/www.notibras.com\/site\/wp-content\/uploads\/2023\/10\/42ce9d92-a990-4d1d-bf67-3ae07290fba9.jpeg\",\"datePublished\":\"2023-10-30T05:01:53+00:00\",\"dateModified\":\"2023-10-30T08:11:11+00:00\",\"breadcrumb\":{\"@id\":\"https:\/\/www.notibras.com\/site\/enfim-morto-don-juan-recebe-alcunha-de-chato\/#breadcrumb\"},\"inLanguage\":\"pt-BR\",\"potentialAction\":[{\"@type\":\"ReadAction\",\"target\":[\"https:\/\/www.notibras.com\/site\/enfim-morto-don-juan-recebe-alcunha-de-chato\/\"]}]},{\"@type\":\"ImageObject\",\"inLanguage\":\"pt-BR\",\"@id\":\"https:\/\/www.notibras.com\/site\/enfim-morto-don-juan-recebe-alcunha-de-chato\/#primaryimage\",\"url\":\"https:\/\/www.notibras.com\/site\/wp-content\/uploads\/2023\/10\/42ce9d92-a990-4d1d-bf67-3ae07290fba9.jpeg\",\"contentUrl\":\"https:\/\/www.notibras.com\/site\/wp-content\/uploads\/2023\/10\/42ce9d92-a990-4d1d-bf67-3ae07290fba9.jpeg\",\"width\":766,\"height\":514},{\"@type\":\"BreadcrumbList\",\"@id\":\"https:\/\/www.notibras.com\/site\/enfim-morto-don-juan-recebe-alcunha-de-chato\/#breadcrumb\",\"itemListElement\":[{\"@type\":\"ListItem\",\"position\":1,\"name\":\"In\u00edcio\",\"item\":\"https:\/\/www.notibras.com\/site\/\"},{\"@type\":\"ListItem\",\"position\":2,\"name\":\"Enfim morto, Don Juan recebe alcunha de chato\"}]},{\"@type\":\"WebSite\",\"@id\":\"https:\/\/www.notibras.com\/site\/#website\",\"url\":\"https:\/\/www.notibras.com\/site\/\",\"name\":\"Notibras\",\"description\":\"Not\u00edcias de Bras\u00edlia, do Brasil e do Mundo\",\"publisher\":{\"@id\":\"https:\/\/www.notibras.com\/site\/#organization\"},\"potentialAction\":[{\"@type\":\"SearchAction\",\"target\":{\"@type\":\"EntryPoint\",\"urlTemplate\":\"https:\/\/www.notibras.com\/site\/?s={search_term_string}\"},\"query-input\":{\"@type\":\"PropertyValueSpecification\",\"valueRequired\":true,\"valueName\":\"search_term_string\"}}],\"inLanguage\":\"pt-BR\"},{\"@type\":\"Organization\",\"@id\":\"https:\/\/www.notibras.com\/site\/#organization\",\"name\":\"Grupo Notibras de Comunica\u00e7\u00e3o\",\"url\":\"https:\/\/www.notibras.com\/site\/\",\"logo\":{\"@type\":\"ImageObject\",\"inLanguage\":\"pt-BR\",\"@id\":\"https:\/\/www.notibras.com\/site\/#\/schema\/logo\/image\/\",\"url\":\"https:\/\/www.notibras.com\/site\/wp-content\/uploads\/2023\/01\/notibras23.png\",\"contentUrl\":\"https:\/\/www.notibras.com\/site\/wp-content\/uploads\/2023\/01\/notibras23.png\",\"width\":350,\"height\":87,\"caption\":\"Grupo Notibras de Comunica\u00e7\u00e3o\"},\"image\":{\"@id\":\"https:\/\/www.notibras.com\/site\/#\/schema\/logo\/image\/\"},\"sameAs\":[\"https:\/\/www.facebook.com\/notibras\/\",\"https:\/\/x.com\/Notibras\",\"https:\/\/www.instagram.com\/notibras\/\"]},{\"@type\":\"Person\",\"@id\":\"https:\/\/www.notibras.com\/site\/#\/schema\/person\/36ab0979449956132d3e5b517ea76ac8\",\"name\":\"Reda\u00e7\u00e3o\",\"image\":{\"@type\":\"ImageObject\",\"inLanguage\":\"pt-BR\",\"@id\":\"https:\/\/secure.gravatar.com\/avatar\/e0a867bdedb85fd243eadf09663511f96fc81e0720a4a42581f334ad4303aa6b?s=96&d=mm&r=g\",\"url\":\"https:\/\/secure.gravatar.com\/avatar\/e0a867bdedb85fd243eadf09663511f96fc81e0720a4a42581f334ad4303aa6b?s=96&d=mm&r=g\",\"contentUrl\":\"https:\/\/secure.gravatar.com\/avatar\/e0a867bdedb85fd243eadf09663511f96fc81e0720a4a42581f334ad4303aa6b?s=96&d=mm&r=g\",\"caption\":\"Reda\u00e7\u00e3o\"}}]}<\/script>\n<!-- \/ Yoast SEO plugin. -->","yoast_head_json":{"title":"Enfim morto, Don Juan recebe alcunha de chato - Notibras","robots":{"index":"index","follow":"follow","max-snippet":"max-snippet:-1","max-image-preview":"max-image-preview:large","max-video-preview":"max-video-preview:-1"},"canonical":"https:\/\/www.notibras.com\/site\/enfim-morto-don-juan-recebe-alcunha-de-chato\/","og_locale":"pt_BR","og_type":"article","og_title":"Enfim morto, Don Juan recebe alcunha de chato - Notibras","og_description":"Martins, apesar de ter nascido em Rio Grande, munic\u00edpio do litoral ga\u00facho, logo cedo foi morar no Rio de Janeiro. Cresceu todo cheio de si na Cidade Maravilhosa, justamente em Copacabana. Desde menino mostrou uma queda para o esporte, especialmente a nata\u00e7\u00e3o. Todavia, a verdadeira voca\u00e7\u00e3o dele era se exibir. Parecia um pav\u00e3o com uma [&hellip;]","og_url":"https:\/\/www.notibras.com\/site\/enfim-morto-don-juan-recebe-alcunha-de-chato\/","og_site_name":"Notibras","article_publisher":"https:\/\/www.facebook.com\/notibras\/","article_published_time":"2023-10-30T05:01:53+00:00","article_modified_time":"2023-10-30T08:11:11+00:00","og_image":[{"width":766,"height":514,"url":"https:\/\/www.notibras.com\/site\/wp-content\/uploads\/2023\/10\/42ce9d92-a990-4d1d-bf67-3ae07290fba9.jpeg","type":"image\/jpeg"}],"author":"Reda\u00e7\u00e3o","twitter_card":"summary_large_image","twitter_creator":"@Notibras","twitter_site":"@Notibras","twitter_misc":{"Escrito por":"Reda\u00e7\u00e3o","Est. tempo de leitura":"2 minutos"},"schema":{"@context":"https:\/\/schema.org","@graph":[{"@type":"Article","@id":"https:\/\/www.notibras.com\/site\/enfim-morto-don-juan-recebe-alcunha-de-chato\/#article","isPartOf":{"@id":"https:\/\/www.notibras.com\/site\/enfim-morto-don-juan-recebe-alcunha-de-chato\/"},"author":{"name":"Reda\u00e7\u00e3o","@id":"https:\/\/www.notibras.com\/site\/#\/schema\/person\/36ab0979449956132d3e5b517ea76ac8"},"headline":"Enfim morto, Don Juan recebe alcunha de chato","datePublished":"2023-10-30T05:01:53+00:00","dateModified":"2023-10-30T08:11:11+00:00","mainEntityOfPage":{"@id":"https:\/\/www.notibras.com\/site\/enfim-morto-don-juan-recebe-alcunha-de-chato\/"},"wordCount":311,"publisher":{"@id":"https:\/\/www.notibras.com\/site\/#organization"},"image":{"@id":"https:\/\/www.notibras.com\/site\/enfim-morto-don-juan-recebe-alcunha-de-chato\/#primaryimage"},"thumbnailUrl":"https:\/\/www.notibras.com\/site\/wp-content\/uploads\/2023\/10\/42ce9d92-a990-4d1d-bf67-3ae07290fba9.jpeg","articleSection":["Quadradinho em Foco"],"inLanguage":"pt-BR"},{"@type":"WebPage","@id":"https:\/\/www.notibras.com\/site\/enfim-morto-don-juan-recebe-alcunha-de-chato\/","url":"https:\/\/www.notibras.com\/site\/enfim-morto-don-juan-recebe-alcunha-de-chato\/","name":"Enfim morto, Don Juan recebe alcunha de chato - Notibras","isPartOf":{"@id":"https:\/\/www.notibras.com\/site\/#website"},"primaryImageOfPage":{"@id":"https:\/\/www.notibras.com\/site\/enfim-morto-don-juan-recebe-alcunha-de-chato\/#primaryimage"},"image":{"@id":"https:\/\/www.notibras.com\/site\/enfim-morto-don-juan-recebe-alcunha-de-chato\/#primaryimage"},"thumbnailUrl":"https:\/\/www.notibras.com\/site\/wp-content\/uploads\/2023\/10\/42ce9d92-a990-4d1d-bf67-3ae07290fba9.jpeg","datePublished":"2023-10-30T05:01:53+00:00","dateModified":"2023-10-30T08:11:11+00:00","breadcrumb":{"@id":"https:\/\/www.notibras.com\/site\/enfim-morto-don-juan-recebe-alcunha-de-chato\/#breadcrumb"},"inLanguage":"pt-BR","potentialAction":[{"@type":"ReadAction","target":["https:\/\/www.notibras.com\/site\/enfim-morto-don-juan-recebe-alcunha-de-chato\/"]}]},{"@type":"ImageObject","inLanguage":"pt-BR","@id":"https:\/\/www.notibras.com\/site\/enfim-morto-don-juan-recebe-alcunha-de-chato\/#primaryimage","url":"https:\/\/www.notibras.com\/site\/wp-content\/uploads\/2023\/10\/42ce9d92-a990-4d1d-bf67-3ae07290fba9.jpeg","contentUrl":"https:\/\/www.notibras.com\/site\/wp-content\/uploads\/2023\/10\/42ce9d92-a990-4d1d-bf67-3ae07290fba9.jpeg","width":766,"height":514},{"@type":"BreadcrumbList","@id":"https:\/\/www.notibras.com\/site\/enfim-morto-don-juan-recebe-alcunha-de-chato\/#breadcrumb","itemListElement":[{"@type":"ListItem","position":1,"name":"In\u00edcio","item":"https:\/\/www.notibras.com\/site\/"},{"@type":"ListItem","position":2,"name":"Enfim morto, Don Juan recebe alcunha de chato"}]},{"@type":"WebSite","@id":"https:\/\/www.notibras.com\/site\/#website","url":"https:\/\/www.notibras.com\/site\/","name":"Notibras","description":"Not\u00edcias de Bras\u00edlia, do Brasil e do Mundo","publisher":{"@id":"https:\/\/www.notibras.com\/site\/#organization"},"potentialAction":[{"@type":"SearchAction","target":{"@type":"EntryPoint","urlTemplate":"https:\/\/www.notibras.com\/site\/?s={search_term_string}"},"query-input":{"@type":"PropertyValueSpecification","valueRequired":true,"valueName":"search_term_string"}}],"inLanguage":"pt-BR"},{"@type":"Organization","@id":"https:\/\/www.notibras.com\/site\/#organization","name":"Grupo Notibras de Comunica\u00e7\u00e3o","url":"https:\/\/www.notibras.com\/site\/","logo":{"@type":"ImageObject","inLanguage":"pt-BR","@id":"https:\/\/www.notibras.com\/site\/#\/schema\/logo\/image\/","url":"https:\/\/www.notibras.com\/site\/wp-content\/uploads\/2023\/01\/notibras23.png","contentUrl":"https:\/\/www.notibras.com\/site\/wp-content\/uploads\/2023\/01\/notibras23.png","width":350,"height":87,"caption":"Grupo Notibras de Comunica\u00e7\u00e3o"},"image":{"@id":"https:\/\/www.notibras.com\/site\/#\/schema\/logo\/image\/"},"sameAs":["https:\/\/www.facebook.com\/notibras\/","https:\/\/x.com\/Notibras","https:\/\/www.instagram.com\/notibras\/"]},{"@type":"Person","@id":"https:\/\/www.notibras.com\/site\/#\/schema\/person\/36ab0979449956132d3e5b517ea76ac8","name":"Reda\u00e7\u00e3o","image":{"@type":"ImageObject","inLanguage":"pt-BR","@id":"https:\/\/secure.gravatar.com\/avatar\/e0a867bdedb85fd243eadf09663511f96fc81e0720a4a42581f334ad4303aa6b?s=96&d=mm&r=g","url":"https:\/\/secure.gravatar.com\/avatar\/e0a867bdedb85fd243eadf09663511f96fc81e0720a4a42581f334ad4303aa6b?s=96&d=mm&r=g","contentUrl":"https:\/\/secure.gravatar.com\/avatar\/e0a867bdedb85fd243eadf09663511f96fc81e0720a4a42581f334ad4303aa6b?s=96&d=mm&r=g","caption":"Reda\u00e7\u00e3o"}}]}},"amp_enabled":true,"_links":{"self":[{"href":"https:\/\/www.notibras.com\/site\/wp-json\/wp\/v2\/posts\/315723","targetHints":{"allow":["GET"]}}],"collection":[{"href":"https:\/\/www.notibras.com\/site\/wp-json\/wp\/v2\/posts"}],"about":[{"href":"https:\/\/www.notibras.com\/site\/wp-json\/wp\/v2\/types\/post"}],"author":[{"embeddable":true,"href":"https:\/\/www.notibras.com\/site\/wp-json\/wp\/v2\/users\/2"}],"replies":[{"embeddable":true,"href":"https:\/\/www.notibras.com\/site\/wp-json\/wp\/v2\/comments?post=315723"}],"version-history":[{"count":1,"href":"https:\/\/www.notibras.com\/site\/wp-json\/wp\/v2\/posts\/315723\/revisions"}],"predecessor-version":[{"id":315725,"href":"https:\/\/www.notibras.com\/site\/wp-json\/wp\/v2\/posts\/315723\/revisions\/315725"}],"wp:featuredmedia":[{"embeddable":true,"href":"https:\/\/www.notibras.com\/site\/wp-json\/wp\/v2\/media\/315724"}],"wp:attachment":[{"href":"https:\/\/www.notibras.com\/site\/wp-json\/wp\/v2\/media?parent=315723"}],"wp:term":[{"taxonomy":"category","embeddable":true,"href":"https:\/\/www.notibras.com\/site\/wp-json\/wp\/v2\/categories?post=315723"},{"taxonomy":"post_tag","embeddable":true,"href":"https:\/\/www.notibras.com\/site\/wp-json\/wp\/v2\/tags?post=315723"}],"curies":[{"name":"wp","href":"https:\/\/api.w.org\/{rel}","templated":true}]}}