{"id":315726,"date":"2023-10-30T00:00:04","date_gmt":"2023-10-30T03:00:04","guid":{"rendered":"https:\/\/www.notibras.com\/site\/?p=315726"},"modified":"2023-10-30T05:18:13","modified_gmt":"2023-10-30T08:18:13","slug":"alunos-e-professores-promovem-encontro-de-afrocientistas","status":"publish","type":"post","link":"https:\/\/www.notibras.com\/site\/alunos-e-professores-promovem-encontro-de-afrocientistas\/","title":{"rendered":"Alunos e professores promovem encontro de afrocientistas"},"content":{"rendered":"<p>Entidades promoveram neste fim de semana o 1\u00b0 Encontro Nacional Afrocientista. O evento foi realizado na Universidade de Bras\u00edlia (UnB) e reuniu cerca de 150 estudantes, professores e volunt\u00e1rios para debater a promo\u00e7\u00e3o de jovens negros na produ\u00e7\u00e3o cient\u00edfica do pa\u00eds.<\/p>\n<p>Os debates foram coordenados pela Associa\u00e7\u00e3o Brasileira de Pesquisadores Negros (ABPN), o Cons\u00f3rcio Nacional de N\u00facleos de Estudos Afro-Brasileiros e Ind\u00edgenas (CONNEABS) e o Grupo de Estudos e Pesquisas em Pol\u00edticas (GEPHERG\/UNB).<\/p>\n<p>Na sexta-feira (27) e no s\u00e1bado (28), foram debatidos temas como protagonismo dos jovens negros na escola, pol\u00edticas p\u00fablicas de a\u00e7\u00e3o afirmativa, inser\u00e7\u00e3o no mercado de trabalho e os desafios na melhoria da qualidade da educa\u00e7\u00e3o.<\/p>\n<p>Na avalia\u00e7\u00e3o da professora Ren\u00edsia Garcia Filice, vice-coordenadora de pol\u00edticas p\u00fablicas da ABPN, o encontro favorece a inicia\u00e7\u00e3o cient\u00edfica e o fortalecimento da educa\u00e7\u00e3o antirracismo.<\/p>\n<p>&#8220;\u00c9 um projeto que fortalece as pol\u00edticas de curriculariza\u00e7\u00e3o nas orienta\u00e7\u00f5es de forma\u00e7\u00e3o de professores; vincula com muita pot\u00eancia a rela\u00e7\u00e3o de ensino, pesquisa e extens\u00e3o e aproxima muito a universidade do seu papel de di\u00e1logo com a educa\u00e7\u00e3o b\u00e1sica e com a perspectiva da transforma\u00e7\u00e3o social&#8221;, avaliou.<\/p>\n<p>O encontro nacional faz parte do Projeto Afrocientista, promovido pelas entidades desde 2019 para fomentar a inicia\u00e7\u00e3o cient\u00edfica e o letramento racial de jovens negros da educa\u00e7\u00e3o b\u00e1sica e superior da rede p\u00fablica.<\/p>\n<p>Cerca de 500 estudantes j\u00e1 foram beneficiados com bolas de estudos oferecidas nas quatro edi\u00e7\u00f5es do projeto.<\/p>\n","protected":false},"excerpt":{"rendered":"<p>Entidades promoveram neste fim de semana o 1\u00b0 Encontro Nacional Afrocientista. O evento foi realizado na Universidade de Bras\u00edlia (UnB) e reuniu cerca de 150 estudantes, professores e volunt\u00e1rios para debater a promo\u00e7\u00e3o de jovens negros na produ\u00e7\u00e3o cient\u00edfica do pa\u00eds. Os debates foram coordenados pela Associa\u00e7\u00e3o Brasileira de Pesquisadores Negros (ABPN), o Cons\u00f3rcio Nacional [&hellip;]<\/p>\n","protected":false},"author":2,"featured_media":315727,"comment_status":"closed","ping_status":"closed","sticky":false,"template":"","format":"standard","meta":{"_acf_changed":false,"footnotes":""},"categories":[161],"tags":[],"class_list":["post-315726","post","type-post","status-publish","format-standard","has-post-thumbnail","hentry","category-quadradinho-em-foco"],"acf":[],"yoast_head":"<!-- This site is optimized with the Yoast SEO plugin v27.2 - https:\/\/yoast.com\/product\/yoast-seo-wordpress\/ -->\n<title>Alunos e professores promovem encontro de afrocientistas - Notibras<\/title>\n<meta name=\"robots\" content=\"index, follow, max-snippet:-1, max-image-preview:large, max-video-preview:-1\" \/>\n<link rel=\"canonical\" href=\"https:\/\/www.notibras.com\/site\/alunos-e-professores-promovem-encontro-de-afrocientistas\/\" \/>\n<meta property=\"og:locale\" content=\"pt_BR\" \/>\n<meta property=\"og:type\" content=\"article\" \/>\n<meta property=\"og:title\" content=\"Alunos e professores promovem encontro de afrocientistas - Notibras\" \/>\n<meta property=\"og:description\" content=\"Entidades promoveram neste fim de semana o 1\u00b0 Encontro Nacional Afrocientista. O evento foi realizado na Universidade de Bras\u00edlia (UnB) e reuniu cerca de 150 estudantes, professores e volunt\u00e1rios para debater a promo\u00e7\u00e3o de jovens negros na produ\u00e7\u00e3o cient\u00edfica do pa\u00eds. Os debates foram coordenados pela Associa\u00e7\u00e3o Brasileira de Pesquisadores Negros (ABPN), o Cons\u00f3rcio Nacional [&hellip;]\" \/>\n<meta property=\"og:url\" content=\"https:\/\/www.notibras.com\/site\/alunos-e-professores-promovem-encontro-de-afrocientistas\/\" \/>\n<meta property=\"og:site_name\" content=\"Notibras\" \/>\n<meta property=\"article:publisher\" content=\"https:\/\/www.facebook.com\/notibras\/\" \/>\n<meta property=\"article:published_time\" content=\"2023-10-30T03:00:04+00:00\" \/>\n<meta property=\"article:modified_time\" content=\"2023-10-30T08:18:13+00:00\" \/>\n<meta property=\"og:image\" content=\"https:\/\/www.notibras.com\/site\/wp-content\/uploads\/2023\/10\/unb.afro_.webp\" \/>\n\t<meta property=\"og:image:width\" content=\"1170\" \/>\n\t<meta property=\"og:image:height\" content=\"700\" \/>\n\t<meta property=\"og:image:type\" content=\"image\/webp\" \/>\n<meta name=\"author\" content=\"Reda\u00e7\u00e3o\" \/>\n<meta name=\"twitter:card\" content=\"summary_large_image\" \/>\n<meta name=\"twitter:creator\" content=\"@Notibras\" \/>\n<meta name=\"twitter:site\" content=\"@Notibras\" \/>\n<meta name=\"twitter:label1\" content=\"Escrito por\" \/>\n\t<meta name=\"twitter:data1\" content=\"Reda\u00e7\u00e3o\" \/>\n\t<meta name=\"twitter:label2\" content=\"Est. tempo de leitura\" \/>\n\t<meta name=\"twitter:data2\" content=\"2 minutos\" \/>\n<script type=\"application\/ld+json\" class=\"yoast-schema-graph\">{\"@context\":\"https:\/\/schema.org\",\"@graph\":[{\"@type\":\"Article\",\"@id\":\"https:\/\/www.notibras.com\/site\/alunos-e-professores-promovem-encontro-de-afrocientistas\/#article\",\"isPartOf\":{\"@id\":\"https:\/\/www.notibras.com\/site\/alunos-e-professores-promovem-encontro-de-afrocientistas\/\"},\"author\":{\"name\":\"Reda\u00e7\u00e3o\",\"@id\":\"https:\/\/www.notibras.com\/site\/#\/schema\/person\/36ab0979449956132d3e5b517ea76ac8\"},\"headline\":\"Alunos e professores promovem encontro de afrocientistas\",\"datePublished\":\"2023-10-30T03:00:04+00:00\",\"dateModified\":\"2023-10-30T08:18:13+00:00\",\"mainEntityOfPage\":{\"@id\":\"https:\/\/www.notibras.com\/site\/alunos-e-professores-promovem-encontro-de-afrocientistas\/\"},\"wordCount\":274,\"publisher\":{\"@id\":\"https:\/\/www.notibras.com\/site\/#organization\"},\"image\":{\"@id\":\"https:\/\/www.notibras.com\/site\/alunos-e-professores-promovem-encontro-de-afrocientistas\/#primaryimage\"},\"thumbnailUrl\":\"https:\/\/www.notibras.com\/site\/wp-content\/uploads\/2023\/10\/unb.afro_.webp\",\"articleSection\":[\"Quadradinho em Foco\"],\"inLanguage\":\"pt-BR\"},{\"@type\":\"WebPage\",\"@id\":\"https:\/\/www.notibras.com\/site\/alunos-e-professores-promovem-encontro-de-afrocientistas\/\",\"url\":\"https:\/\/www.notibras.com\/site\/alunos-e-professores-promovem-encontro-de-afrocientistas\/\",\"name\":\"Alunos e professores promovem encontro de afrocientistas - Notibras\",\"isPartOf\":{\"@id\":\"https:\/\/www.notibras.com\/site\/#website\"},\"primaryImageOfPage\":{\"@id\":\"https:\/\/www.notibras.com\/site\/alunos-e-professores-promovem-encontro-de-afrocientistas\/#primaryimage\"},\"image\":{\"@id\":\"https:\/\/www.notibras.com\/site\/alunos-e-professores-promovem-encontro-de-afrocientistas\/#primaryimage\"},\"thumbnailUrl\":\"https:\/\/www.notibras.com\/site\/wp-content\/uploads\/2023\/10\/unb.afro_.webp\",\"datePublished\":\"2023-10-30T03:00:04+00:00\",\"dateModified\":\"2023-10-30T08:18:13+00:00\",\"breadcrumb\":{\"@id\":\"https:\/\/www.notibras.com\/site\/alunos-e-professores-promovem-encontro-de-afrocientistas\/#breadcrumb\"},\"inLanguage\":\"pt-BR\",\"potentialAction\":[{\"@type\":\"ReadAction\",\"target\":[\"https:\/\/www.notibras.com\/site\/alunos-e-professores-promovem-encontro-de-afrocientistas\/\"]}]},{\"@type\":\"ImageObject\",\"inLanguage\":\"pt-BR\",\"@id\":\"https:\/\/www.notibras.com\/site\/alunos-e-professores-promovem-encontro-de-afrocientistas\/#primaryimage\",\"url\":\"https:\/\/www.notibras.com\/site\/wp-content\/uploads\/2023\/10\/unb.afro_.webp\",\"contentUrl\":\"https:\/\/www.notibras.com\/site\/wp-content\/uploads\/2023\/10\/unb.afro_.webp\",\"width\":1170,\"height\":700},{\"@type\":\"BreadcrumbList\",\"@id\":\"https:\/\/www.notibras.com\/site\/alunos-e-professores-promovem-encontro-de-afrocientistas\/#breadcrumb\",\"itemListElement\":[{\"@type\":\"ListItem\",\"position\":1,\"name\":\"In\u00edcio\",\"item\":\"https:\/\/www.notibras.com\/site\/\"},{\"@type\":\"ListItem\",\"position\":2,\"name\":\"Alunos e professores promovem encontro de afrocientistas\"}]},{\"@type\":\"WebSite\",\"@id\":\"https:\/\/www.notibras.com\/site\/#website\",\"url\":\"https:\/\/www.notibras.com\/site\/\",\"name\":\"Notibras\",\"description\":\"Not\u00edcias de Bras\u00edlia, do Brasil e do Mundo\",\"publisher\":{\"@id\":\"https:\/\/www.notibras.com\/site\/#organization\"},\"potentialAction\":[{\"@type\":\"SearchAction\",\"target\":{\"@type\":\"EntryPoint\",\"urlTemplate\":\"https:\/\/www.notibras.com\/site\/?s={search_term_string}\"},\"query-input\":{\"@type\":\"PropertyValueSpecification\",\"valueRequired\":true,\"valueName\":\"search_term_string\"}}],\"inLanguage\":\"pt-BR\"},{\"@type\":\"Organization\",\"@id\":\"https:\/\/www.notibras.com\/site\/#organization\",\"name\":\"Grupo Notibras de Comunica\u00e7\u00e3o\",\"url\":\"https:\/\/www.notibras.com\/site\/\",\"logo\":{\"@type\":\"ImageObject\",\"inLanguage\":\"pt-BR\",\"@id\":\"https:\/\/www.notibras.com\/site\/#\/schema\/logo\/image\/\",\"url\":\"https:\/\/www.notibras.com\/site\/wp-content\/uploads\/2023\/01\/notibras23.png\",\"contentUrl\":\"https:\/\/www.notibras.com\/site\/wp-content\/uploads\/2023\/01\/notibras23.png\",\"width\":350,\"height\":87,\"caption\":\"Grupo Notibras de Comunica\u00e7\u00e3o\"},\"image\":{\"@id\":\"https:\/\/www.notibras.com\/site\/#\/schema\/logo\/image\/\"},\"sameAs\":[\"https:\/\/www.facebook.com\/notibras\/\",\"https:\/\/x.com\/Notibras\",\"https:\/\/www.instagram.com\/notibras\/\"]},{\"@type\":\"Person\",\"@id\":\"https:\/\/www.notibras.com\/site\/#\/schema\/person\/36ab0979449956132d3e5b517ea76ac8\",\"name\":\"Reda\u00e7\u00e3o\",\"image\":{\"@type\":\"ImageObject\",\"inLanguage\":\"pt-BR\",\"@id\":\"https:\/\/secure.gravatar.com\/avatar\/e0a867bdedb85fd243eadf09663511f96fc81e0720a4a42581f334ad4303aa6b?s=96&d=mm&r=g\",\"url\":\"https:\/\/secure.gravatar.com\/avatar\/e0a867bdedb85fd243eadf09663511f96fc81e0720a4a42581f334ad4303aa6b?s=96&d=mm&r=g\",\"contentUrl\":\"https:\/\/secure.gravatar.com\/avatar\/e0a867bdedb85fd243eadf09663511f96fc81e0720a4a42581f334ad4303aa6b?s=96&d=mm&r=g\",\"caption\":\"Reda\u00e7\u00e3o\"}}]}<\/script>\n<!-- \/ Yoast SEO plugin. -->","yoast_head_json":{"title":"Alunos e professores promovem encontro de afrocientistas - Notibras","robots":{"index":"index","follow":"follow","max-snippet":"max-snippet:-1","max-image-preview":"max-image-preview:large","max-video-preview":"max-video-preview:-1"},"canonical":"https:\/\/www.notibras.com\/site\/alunos-e-professores-promovem-encontro-de-afrocientistas\/","og_locale":"pt_BR","og_type":"article","og_title":"Alunos e professores promovem encontro de afrocientistas - Notibras","og_description":"Entidades promoveram neste fim de semana o 1\u00b0 Encontro Nacional Afrocientista. O evento foi realizado na Universidade de Bras\u00edlia (UnB) e reuniu cerca de 150 estudantes, professores e volunt\u00e1rios para debater a promo\u00e7\u00e3o de jovens negros na produ\u00e7\u00e3o cient\u00edfica do pa\u00eds. Os debates foram coordenados pela Associa\u00e7\u00e3o Brasileira de Pesquisadores Negros (ABPN), o Cons\u00f3rcio Nacional [&hellip;]","og_url":"https:\/\/www.notibras.com\/site\/alunos-e-professores-promovem-encontro-de-afrocientistas\/","og_site_name":"Notibras","article_publisher":"https:\/\/www.facebook.com\/notibras\/","article_published_time":"2023-10-30T03:00:04+00:00","article_modified_time":"2023-10-30T08:18:13+00:00","og_image":[{"width":1170,"height":700,"url":"https:\/\/www.notibras.com\/site\/wp-content\/uploads\/2023\/10\/unb.afro_.webp","type":"image\/webp"}],"author":"Reda\u00e7\u00e3o","twitter_card":"summary_large_image","twitter_creator":"@Notibras","twitter_site":"@Notibras","twitter_misc":{"Escrito por":"Reda\u00e7\u00e3o","Est. tempo de leitura":"2 minutos"},"schema":{"@context":"https:\/\/schema.org","@graph":[{"@type":"Article","@id":"https:\/\/www.notibras.com\/site\/alunos-e-professores-promovem-encontro-de-afrocientistas\/#article","isPartOf":{"@id":"https:\/\/www.notibras.com\/site\/alunos-e-professores-promovem-encontro-de-afrocientistas\/"},"author":{"name":"Reda\u00e7\u00e3o","@id":"https:\/\/www.notibras.com\/site\/#\/schema\/person\/36ab0979449956132d3e5b517ea76ac8"},"headline":"Alunos e professores promovem encontro de afrocientistas","datePublished":"2023-10-30T03:00:04+00:00","dateModified":"2023-10-30T08:18:13+00:00","mainEntityOfPage":{"@id":"https:\/\/www.notibras.com\/site\/alunos-e-professores-promovem-encontro-de-afrocientistas\/"},"wordCount":274,"publisher":{"@id":"https:\/\/www.notibras.com\/site\/#organization"},"image":{"@id":"https:\/\/www.notibras.com\/site\/alunos-e-professores-promovem-encontro-de-afrocientistas\/#primaryimage"},"thumbnailUrl":"https:\/\/www.notibras.com\/site\/wp-content\/uploads\/2023\/10\/unb.afro_.webp","articleSection":["Quadradinho em Foco"],"inLanguage":"pt-BR"},{"@type":"WebPage","@id":"https:\/\/www.notibras.com\/site\/alunos-e-professores-promovem-encontro-de-afrocientistas\/","url":"https:\/\/www.notibras.com\/site\/alunos-e-professores-promovem-encontro-de-afrocientistas\/","name":"Alunos e professores promovem encontro de afrocientistas - Notibras","isPartOf":{"@id":"https:\/\/www.notibras.com\/site\/#website"},"primaryImageOfPage":{"@id":"https:\/\/www.notibras.com\/site\/alunos-e-professores-promovem-encontro-de-afrocientistas\/#primaryimage"},"image":{"@id":"https:\/\/www.notibras.com\/site\/alunos-e-professores-promovem-encontro-de-afrocientistas\/#primaryimage"},"thumbnailUrl":"https:\/\/www.notibras.com\/site\/wp-content\/uploads\/2023\/10\/unb.afro_.webp","datePublished":"2023-10-30T03:00:04+00:00","dateModified":"2023-10-30T08:18:13+00:00","breadcrumb":{"@id":"https:\/\/www.notibras.com\/site\/alunos-e-professores-promovem-encontro-de-afrocientistas\/#breadcrumb"},"inLanguage":"pt-BR","potentialAction":[{"@type":"ReadAction","target":["https:\/\/www.notibras.com\/site\/alunos-e-professores-promovem-encontro-de-afrocientistas\/"]}]},{"@type":"ImageObject","inLanguage":"pt-BR","@id":"https:\/\/www.notibras.com\/site\/alunos-e-professores-promovem-encontro-de-afrocientistas\/#primaryimage","url":"https:\/\/www.notibras.com\/site\/wp-content\/uploads\/2023\/10\/unb.afro_.webp","contentUrl":"https:\/\/www.notibras.com\/site\/wp-content\/uploads\/2023\/10\/unb.afro_.webp","width":1170,"height":700},{"@type":"BreadcrumbList","@id":"https:\/\/www.notibras.com\/site\/alunos-e-professores-promovem-encontro-de-afrocientistas\/#breadcrumb","itemListElement":[{"@type":"ListItem","position":1,"name":"In\u00edcio","item":"https:\/\/www.notibras.com\/site\/"},{"@type":"ListItem","position":2,"name":"Alunos e professores promovem encontro de afrocientistas"}]},{"@type":"WebSite","@id":"https:\/\/www.notibras.com\/site\/#website","url":"https:\/\/www.notibras.com\/site\/","name":"Notibras","description":"Not\u00edcias de Bras\u00edlia, do Brasil e do Mundo","publisher":{"@id":"https:\/\/www.notibras.com\/site\/#organization"},"potentialAction":[{"@type":"SearchAction","target":{"@type":"EntryPoint","urlTemplate":"https:\/\/www.notibras.com\/site\/?s={search_term_string}"},"query-input":{"@type":"PropertyValueSpecification","valueRequired":true,"valueName":"search_term_string"}}],"inLanguage":"pt-BR"},{"@type":"Organization","@id":"https:\/\/www.notibras.com\/site\/#organization","name":"Grupo Notibras de Comunica\u00e7\u00e3o","url":"https:\/\/www.notibras.com\/site\/","logo":{"@type":"ImageObject","inLanguage":"pt-BR","@id":"https:\/\/www.notibras.com\/site\/#\/schema\/logo\/image\/","url":"https:\/\/www.notibras.com\/site\/wp-content\/uploads\/2023\/01\/notibras23.png","contentUrl":"https:\/\/www.notibras.com\/site\/wp-content\/uploads\/2023\/01\/notibras23.png","width":350,"height":87,"caption":"Grupo Notibras de Comunica\u00e7\u00e3o"},"image":{"@id":"https:\/\/www.notibras.com\/site\/#\/schema\/logo\/image\/"},"sameAs":["https:\/\/www.facebook.com\/notibras\/","https:\/\/x.com\/Notibras","https:\/\/www.instagram.com\/notibras\/"]},{"@type":"Person","@id":"https:\/\/www.notibras.com\/site\/#\/schema\/person\/36ab0979449956132d3e5b517ea76ac8","name":"Reda\u00e7\u00e3o","image":{"@type":"ImageObject","inLanguage":"pt-BR","@id":"https:\/\/secure.gravatar.com\/avatar\/e0a867bdedb85fd243eadf09663511f96fc81e0720a4a42581f334ad4303aa6b?s=96&d=mm&r=g","url":"https:\/\/secure.gravatar.com\/avatar\/e0a867bdedb85fd243eadf09663511f96fc81e0720a4a42581f334ad4303aa6b?s=96&d=mm&r=g","contentUrl":"https:\/\/secure.gravatar.com\/avatar\/e0a867bdedb85fd243eadf09663511f96fc81e0720a4a42581f334ad4303aa6b?s=96&d=mm&r=g","caption":"Reda\u00e7\u00e3o"}}]}},"amp_enabled":true,"_links":{"self":[{"href":"https:\/\/www.notibras.com\/site\/wp-json\/wp\/v2\/posts\/315726","targetHints":{"allow":["GET"]}}],"collection":[{"href":"https:\/\/www.notibras.com\/site\/wp-json\/wp\/v2\/posts"}],"about":[{"href":"https:\/\/www.notibras.com\/site\/wp-json\/wp\/v2\/types\/post"}],"author":[{"embeddable":true,"href":"https:\/\/www.notibras.com\/site\/wp-json\/wp\/v2\/users\/2"}],"replies":[{"embeddable":true,"href":"https:\/\/www.notibras.com\/site\/wp-json\/wp\/v2\/comments?post=315726"}],"version-history":[{"count":1,"href":"https:\/\/www.notibras.com\/site\/wp-json\/wp\/v2\/posts\/315726\/revisions"}],"predecessor-version":[{"id":315728,"href":"https:\/\/www.notibras.com\/site\/wp-json\/wp\/v2\/posts\/315726\/revisions\/315728"}],"wp:featuredmedia":[{"embeddable":true,"href":"https:\/\/www.notibras.com\/site\/wp-json\/wp\/v2\/media\/315727"}],"wp:attachment":[{"href":"https:\/\/www.notibras.com\/site\/wp-json\/wp\/v2\/media?parent=315726"}],"wp:term":[{"taxonomy":"category","embeddable":true,"href":"https:\/\/www.notibras.com\/site\/wp-json\/wp\/v2\/categories?post=315726"},{"taxonomy":"post_tag","embeddable":true,"href":"https:\/\/www.notibras.com\/site\/wp-json\/wp\/v2\/tags?post=315726"}],"curies":[{"name":"wp","href":"https:\/\/api.w.org\/{rel}","templated":true}]}}