{"id":315787,"date":"2023-10-31T00:16:36","date_gmt":"2023-10-31T03:16:36","guid":{"rendered":"https:\/\/www.notibras.com\/site\/?p=315787"},"modified":"2023-10-31T07:50:34","modified_gmt":"2023-10-31T10:50:34","slug":"almoco-dominical-com-musica-mexe-com-brasilienses","status":"publish","type":"post","link":"https:\/\/www.notibras.com\/site\/almoco-dominical-com-musica-mexe-com-brasilienses\/","title":{"rendered":"Almo\u00e7o dominical com m\u00fasica mexe com brasilienses"},"content":{"rendered":"<p>A variedade musical produzida pela cena brasiliense faz da programa\u00e7\u00e3o musical do Terra\u00e7o Shopping uma grande atra\u00e7\u00e3o para quem gosta de shows de qualidade. Em novembro, os artistas transformar\u00e3o os Almo\u00e7os Musicais de domingo em um momento especial. No primeiro final de semana, dia 5, a cantora autodidata Jay Dottore, natural do Distrito Federal, trar\u00e1 um vasto repert\u00f3rio, que vai das m\u00fasicas nacionais ao pop internacional.<\/p>\n<p>No dia 12 de novembro, o artista ludovicense Salom\u00e3o Di P\u00e1dua trar\u00e1 toda sua experi\u00eancia de 30 anos de carreira, com uma apresenta\u00e7\u00e3o autoral e muita MPB. Suas interpreta\u00e7\u00f5es s\u00e3o de compositores como Wilson das Neves, Paulinho da Viola, Chico Buarque, Paulo C\u00e9sar Pinheiro, Jo\u00e3o Nogueira e Adoniran Barbosa. No domingo seguinte, dia 19, Thay Lima trar\u00e1 sua musicalidade ecl\u00e9tica, com sons internacionais e nacionais.<\/p>\n<p>No \u00faltimo Almo\u00e7o Musical do m\u00eas, no dia 26 de novembro, o Duo 7&#215;1, composto pelo flautista Maikon Canhola e o violonista M\u00e1rcio Carvalheira, se prop\u00f5e a tocar chorinhos e m\u00fasica brasileira instrumental, em um divertido di\u00e1logo entre flauta e viol\u00e3o 7 cordas. Maikon tem 30 anos de experi\u00eancia no meio musical e integra a Orquestra da For\u00e7a A\u00e9rea em Bras\u00edlia. O violonista M\u00e1rcio tem origem popular, mas desenvolveu sua t\u00e9cnica na Escola de Choro Raphael Rabello. Atua em v\u00e1rias forma\u00e7\u00f5es musicais para execu\u00e7\u00e3o de m\u00fasica brasileira, explorando a sonoridade do viol\u00e3o 7 cordas a\u00e7o.<\/p>\n<p>As atra\u00e7\u00f5es do Almo\u00e7o Musical no Terra\u00e7o Shopping s\u00e3o sempre aos domingos, a partir das 13h, na Pra\u00e7a Central, com entrada franca.<\/p>\n<p><strong>Servi\u00e7o:<\/strong><br \/>\nAlmo\u00e7o Musical<br \/>\nPra\u00e7a Central, \u00e0s 13h<br \/>\n05\/11 &#8211; Jay Dattore<br \/>\n12\/11 &#8211; Salom\u00e3o Di P\u00e1dua<br \/>\n19\/11 &#8211; Thay Lima<br \/>\n26\/11 &#8211; Duo 7&#215;1<\/p>\n","protected":false},"excerpt":{"rendered":"<p>A variedade musical produzida pela cena brasiliense faz da programa\u00e7\u00e3o musical do Terra\u00e7o Shopping uma grande atra\u00e7\u00e3o para quem gosta de shows de qualidade. Em novembro, os artistas transformar\u00e3o os Almo\u00e7os Musicais de domingo em um momento especial. No primeiro final de semana, dia 5, a cantora autodidata Jay Dottore, natural do Distrito Federal, trar\u00e1 [&hellip;]<\/p>\n","protected":false},"author":2,"featured_media":315788,"comment_status":"closed","ping_status":"closed","sticky":false,"template":"","format":"standard","meta":{"_acf_changed":false,"footnotes":""},"categories":[161],"tags":[],"class_list":["post-315787","post","type-post","status-publish","format-standard","has-post-thumbnail","hentry","category-quadradinho-em-foco"],"acf":[],"yoast_head":"<!-- This site is optimized with the Yoast SEO plugin v27.2 - https:\/\/yoast.com\/product\/yoast-seo-wordpress\/ -->\n<title>Almo\u00e7o dominical com m\u00fasica mexe com brasilienses - Notibras<\/title>\n<meta name=\"robots\" content=\"index, follow, max-snippet:-1, max-image-preview:large, max-video-preview:-1\" \/>\n<link rel=\"canonical\" href=\"https:\/\/www.notibras.com\/site\/almoco-dominical-com-musica-mexe-com-brasilienses\/\" \/>\n<meta property=\"og:locale\" content=\"pt_BR\" \/>\n<meta property=\"og:type\" content=\"article\" \/>\n<meta property=\"og:title\" content=\"Almo\u00e7o dominical com m\u00fasica mexe com brasilienses - Notibras\" \/>\n<meta property=\"og:description\" content=\"A variedade musical produzida pela cena brasiliense faz da programa\u00e7\u00e3o musical do Terra\u00e7o Shopping uma grande atra\u00e7\u00e3o para quem gosta de shows de qualidade. Em novembro, os artistas transformar\u00e3o os Almo\u00e7os Musicais de domingo em um momento especial. No primeiro final de semana, dia 5, a cantora autodidata Jay Dottore, natural do Distrito Federal, trar\u00e1 [&hellip;]\" \/>\n<meta property=\"og:url\" content=\"https:\/\/www.notibras.com\/site\/almoco-dominical-com-musica-mexe-com-brasilienses\/\" \/>\n<meta property=\"og:site_name\" content=\"Notibras\" \/>\n<meta property=\"article:publisher\" content=\"https:\/\/www.facebook.com\/notibras\/\" \/>\n<meta property=\"article:published_time\" content=\"2023-10-31T03:16:36+00:00\" \/>\n<meta property=\"article:modified_time\" content=\"2023-10-31T10:50:34+00:00\" \/>\n<meta property=\"og:image\" content=\"https:\/\/www.notibras.com\/site\/wp-content\/uploads\/2023\/10\/SalomaoDiPadua_1.jpg\" \/>\n\t<meta property=\"og:image:width\" content=\"800\" \/>\n\t<meta property=\"og:image:height\" content=\"1200\" \/>\n\t<meta property=\"og:image:type\" content=\"image\/jpeg\" \/>\n<meta name=\"author\" content=\"Reda\u00e7\u00e3o\" \/>\n<meta name=\"twitter:card\" content=\"summary_large_image\" \/>\n<meta name=\"twitter:creator\" content=\"@Notibras\" \/>\n<meta name=\"twitter:site\" content=\"@Notibras\" \/>\n<meta name=\"twitter:label1\" content=\"Escrito por\" \/>\n\t<meta name=\"twitter:data1\" content=\"Reda\u00e7\u00e3o\" \/>\n\t<meta name=\"twitter:label2\" content=\"Est. tempo de leitura\" \/>\n\t<meta name=\"twitter:data2\" content=\"2 minutos\" \/>\n<script type=\"application\/ld+json\" class=\"yoast-schema-graph\">{\"@context\":\"https:\/\/schema.org\",\"@graph\":[{\"@type\":\"Article\",\"@id\":\"https:\/\/www.notibras.com\/site\/almoco-dominical-com-musica-mexe-com-brasilienses\/#article\",\"isPartOf\":{\"@id\":\"https:\/\/www.notibras.com\/site\/almoco-dominical-com-musica-mexe-com-brasilienses\/\"},\"author\":{\"name\":\"Reda\u00e7\u00e3o\",\"@id\":\"https:\/\/www.notibras.com\/site\/#\/schema\/person\/36ab0979449956132d3e5b517ea76ac8\"},\"headline\":\"Almo\u00e7o dominical com m\u00fasica mexe com brasilienses\",\"datePublished\":\"2023-10-31T03:16:36+00:00\",\"dateModified\":\"2023-10-31T10:50:34+00:00\",\"mainEntityOfPage\":{\"@id\":\"https:\/\/www.notibras.com\/site\/almoco-dominical-com-musica-mexe-com-brasilienses\/\"},\"wordCount\":314,\"publisher\":{\"@id\":\"https:\/\/www.notibras.com\/site\/#organization\"},\"image\":{\"@id\":\"https:\/\/www.notibras.com\/site\/almoco-dominical-com-musica-mexe-com-brasilienses\/#primaryimage\"},\"thumbnailUrl\":\"https:\/\/www.notibras.com\/site\/wp-content\/uploads\/2023\/10\/SalomaoDiPadua_1.jpg\",\"articleSection\":[\"Quadradinho em Foco\"],\"inLanguage\":\"pt-BR\"},{\"@type\":\"WebPage\",\"@id\":\"https:\/\/www.notibras.com\/site\/almoco-dominical-com-musica-mexe-com-brasilienses\/\",\"url\":\"https:\/\/www.notibras.com\/site\/almoco-dominical-com-musica-mexe-com-brasilienses\/\",\"name\":\"Almo\u00e7o dominical com m\u00fasica mexe com brasilienses - Notibras\",\"isPartOf\":{\"@id\":\"https:\/\/www.notibras.com\/site\/#website\"},\"primaryImageOfPage\":{\"@id\":\"https:\/\/www.notibras.com\/site\/almoco-dominical-com-musica-mexe-com-brasilienses\/#primaryimage\"},\"image\":{\"@id\":\"https:\/\/www.notibras.com\/site\/almoco-dominical-com-musica-mexe-com-brasilienses\/#primaryimage\"},\"thumbnailUrl\":\"https:\/\/www.notibras.com\/site\/wp-content\/uploads\/2023\/10\/SalomaoDiPadua_1.jpg\",\"datePublished\":\"2023-10-31T03:16:36+00:00\",\"dateModified\":\"2023-10-31T10:50:34+00:00\",\"breadcrumb\":{\"@id\":\"https:\/\/www.notibras.com\/site\/almoco-dominical-com-musica-mexe-com-brasilienses\/#breadcrumb\"},\"inLanguage\":\"pt-BR\",\"potentialAction\":[{\"@type\":\"ReadAction\",\"target\":[\"https:\/\/www.notibras.com\/site\/almoco-dominical-com-musica-mexe-com-brasilienses\/\"]}]},{\"@type\":\"ImageObject\",\"inLanguage\":\"pt-BR\",\"@id\":\"https:\/\/www.notibras.com\/site\/almoco-dominical-com-musica-mexe-com-brasilienses\/#primaryimage\",\"url\":\"https:\/\/www.notibras.com\/site\/wp-content\/uploads\/2023\/10\/SalomaoDiPadua_1.jpg\",\"contentUrl\":\"https:\/\/www.notibras.com\/site\/wp-content\/uploads\/2023\/10\/SalomaoDiPadua_1.jpg\",\"width\":800,\"height\":1200},{\"@type\":\"BreadcrumbList\",\"@id\":\"https:\/\/www.notibras.com\/site\/almoco-dominical-com-musica-mexe-com-brasilienses\/#breadcrumb\",\"itemListElement\":[{\"@type\":\"ListItem\",\"position\":1,\"name\":\"In\u00edcio\",\"item\":\"https:\/\/www.notibras.com\/site\/\"},{\"@type\":\"ListItem\",\"position\":2,\"name\":\"Almo\u00e7o dominical com m\u00fasica mexe com brasilienses\"}]},{\"@type\":\"WebSite\",\"@id\":\"https:\/\/www.notibras.com\/site\/#website\",\"url\":\"https:\/\/www.notibras.com\/site\/\",\"name\":\"Notibras\",\"description\":\"Not\u00edcias de Bras\u00edlia, do Brasil e do Mundo\",\"publisher\":{\"@id\":\"https:\/\/www.notibras.com\/site\/#organization\"},\"potentialAction\":[{\"@type\":\"SearchAction\",\"target\":{\"@type\":\"EntryPoint\",\"urlTemplate\":\"https:\/\/www.notibras.com\/site\/?s={search_term_string}\"},\"query-input\":{\"@type\":\"PropertyValueSpecification\",\"valueRequired\":true,\"valueName\":\"search_term_string\"}}],\"inLanguage\":\"pt-BR\"},{\"@type\":\"Organization\",\"@id\":\"https:\/\/www.notibras.com\/site\/#organization\",\"name\":\"Grupo Notibras de Comunica\u00e7\u00e3o\",\"url\":\"https:\/\/www.notibras.com\/site\/\",\"logo\":{\"@type\":\"ImageObject\",\"inLanguage\":\"pt-BR\",\"@id\":\"https:\/\/www.notibras.com\/site\/#\/schema\/logo\/image\/\",\"url\":\"https:\/\/www.notibras.com\/site\/wp-content\/uploads\/2023\/01\/notibras23.png\",\"contentUrl\":\"https:\/\/www.notibras.com\/site\/wp-content\/uploads\/2023\/01\/notibras23.png\",\"width\":350,\"height\":87,\"caption\":\"Grupo Notibras de Comunica\u00e7\u00e3o\"},\"image\":{\"@id\":\"https:\/\/www.notibras.com\/site\/#\/schema\/logo\/image\/\"},\"sameAs\":[\"https:\/\/www.facebook.com\/notibras\/\",\"https:\/\/x.com\/Notibras\",\"https:\/\/www.instagram.com\/notibras\/\"]},{\"@type\":\"Person\",\"@id\":\"https:\/\/www.notibras.com\/site\/#\/schema\/person\/36ab0979449956132d3e5b517ea76ac8\",\"name\":\"Reda\u00e7\u00e3o\",\"image\":{\"@type\":\"ImageObject\",\"inLanguage\":\"pt-BR\",\"@id\":\"https:\/\/secure.gravatar.com\/avatar\/e0a867bdedb85fd243eadf09663511f96fc81e0720a4a42581f334ad4303aa6b?s=96&d=mm&r=g\",\"url\":\"https:\/\/secure.gravatar.com\/avatar\/e0a867bdedb85fd243eadf09663511f96fc81e0720a4a42581f334ad4303aa6b?s=96&d=mm&r=g\",\"contentUrl\":\"https:\/\/secure.gravatar.com\/avatar\/e0a867bdedb85fd243eadf09663511f96fc81e0720a4a42581f334ad4303aa6b?s=96&d=mm&r=g\",\"caption\":\"Reda\u00e7\u00e3o\"}}]}<\/script>\n<!-- \/ Yoast SEO plugin. -->","yoast_head_json":{"title":"Almo\u00e7o dominical com m\u00fasica mexe com brasilienses - Notibras","robots":{"index":"index","follow":"follow","max-snippet":"max-snippet:-1","max-image-preview":"max-image-preview:large","max-video-preview":"max-video-preview:-1"},"canonical":"https:\/\/www.notibras.com\/site\/almoco-dominical-com-musica-mexe-com-brasilienses\/","og_locale":"pt_BR","og_type":"article","og_title":"Almo\u00e7o dominical com m\u00fasica mexe com brasilienses - Notibras","og_description":"A variedade musical produzida pela cena brasiliense faz da programa\u00e7\u00e3o musical do Terra\u00e7o Shopping uma grande atra\u00e7\u00e3o para quem gosta de shows de qualidade. Em novembro, os artistas transformar\u00e3o os Almo\u00e7os Musicais de domingo em um momento especial. No primeiro final de semana, dia 5, a cantora autodidata Jay Dottore, natural do Distrito Federal, trar\u00e1 [&hellip;]","og_url":"https:\/\/www.notibras.com\/site\/almoco-dominical-com-musica-mexe-com-brasilienses\/","og_site_name":"Notibras","article_publisher":"https:\/\/www.facebook.com\/notibras\/","article_published_time":"2023-10-31T03:16:36+00:00","article_modified_time":"2023-10-31T10:50:34+00:00","og_image":[{"width":800,"height":1200,"url":"https:\/\/www.notibras.com\/site\/wp-content\/uploads\/2023\/10\/SalomaoDiPadua_1.jpg","type":"image\/jpeg"}],"author":"Reda\u00e7\u00e3o","twitter_card":"summary_large_image","twitter_creator":"@Notibras","twitter_site":"@Notibras","twitter_misc":{"Escrito por":"Reda\u00e7\u00e3o","Est. tempo de leitura":"2 minutos"},"schema":{"@context":"https:\/\/schema.org","@graph":[{"@type":"Article","@id":"https:\/\/www.notibras.com\/site\/almoco-dominical-com-musica-mexe-com-brasilienses\/#article","isPartOf":{"@id":"https:\/\/www.notibras.com\/site\/almoco-dominical-com-musica-mexe-com-brasilienses\/"},"author":{"name":"Reda\u00e7\u00e3o","@id":"https:\/\/www.notibras.com\/site\/#\/schema\/person\/36ab0979449956132d3e5b517ea76ac8"},"headline":"Almo\u00e7o dominical com m\u00fasica mexe com brasilienses","datePublished":"2023-10-31T03:16:36+00:00","dateModified":"2023-10-31T10:50:34+00:00","mainEntityOfPage":{"@id":"https:\/\/www.notibras.com\/site\/almoco-dominical-com-musica-mexe-com-brasilienses\/"},"wordCount":314,"publisher":{"@id":"https:\/\/www.notibras.com\/site\/#organization"},"image":{"@id":"https:\/\/www.notibras.com\/site\/almoco-dominical-com-musica-mexe-com-brasilienses\/#primaryimage"},"thumbnailUrl":"https:\/\/www.notibras.com\/site\/wp-content\/uploads\/2023\/10\/SalomaoDiPadua_1.jpg","articleSection":["Quadradinho em Foco"],"inLanguage":"pt-BR"},{"@type":"WebPage","@id":"https:\/\/www.notibras.com\/site\/almoco-dominical-com-musica-mexe-com-brasilienses\/","url":"https:\/\/www.notibras.com\/site\/almoco-dominical-com-musica-mexe-com-brasilienses\/","name":"Almo\u00e7o dominical com m\u00fasica mexe com brasilienses - Notibras","isPartOf":{"@id":"https:\/\/www.notibras.com\/site\/#website"},"primaryImageOfPage":{"@id":"https:\/\/www.notibras.com\/site\/almoco-dominical-com-musica-mexe-com-brasilienses\/#primaryimage"},"image":{"@id":"https:\/\/www.notibras.com\/site\/almoco-dominical-com-musica-mexe-com-brasilienses\/#primaryimage"},"thumbnailUrl":"https:\/\/www.notibras.com\/site\/wp-content\/uploads\/2023\/10\/SalomaoDiPadua_1.jpg","datePublished":"2023-10-31T03:16:36+00:00","dateModified":"2023-10-31T10:50:34+00:00","breadcrumb":{"@id":"https:\/\/www.notibras.com\/site\/almoco-dominical-com-musica-mexe-com-brasilienses\/#breadcrumb"},"inLanguage":"pt-BR","potentialAction":[{"@type":"ReadAction","target":["https:\/\/www.notibras.com\/site\/almoco-dominical-com-musica-mexe-com-brasilienses\/"]}]},{"@type":"ImageObject","inLanguage":"pt-BR","@id":"https:\/\/www.notibras.com\/site\/almoco-dominical-com-musica-mexe-com-brasilienses\/#primaryimage","url":"https:\/\/www.notibras.com\/site\/wp-content\/uploads\/2023\/10\/SalomaoDiPadua_1.jpg","contentUrl":"https:\/\/www.notibras.com\/site\/wp-content\/uploads\/2023\/10\/SalomaoDiPadua_1.jpg","width":800,"height":1200},{"@type":"BreadcrumbList","@id":"https:\/\/www.notibras.com\/site\/almoco-dominical-com-musica-mexe-com-brasilienses\/#breadcrumb","itemListElement":[{"@type":"ListItem","position":1,"name":"In\u00edcio","item":"https:\/\/www.notibras.com\/site\/"},{"@type":"ListItem","position":2,"name":"Almo\u00e7o dominical com m\u00fasica mexe com brasilienses"}]},{"@type":"WebSite","@id":"https:\/\/www.notibras.com\/site\/#website","url":"https:\/\/www.notibras.com\/site\/","name":"Notibras","description":"Not\u00edcias de Bras\u00edlia, do Brasil e do Mundo","publisher":{"@id":"https:\/\/www.notibras.com\/site\/#organization"},"potentialAction":[{"@type":"SearchAction","target":{"@type":"EntryPoint","urlTemplate":"https:\/\/www.notibras.com\/site\/?s={search_term_string}"},"query-input":{"@type":"PropertyValueSpecification","valueRequired":true,"valueName":"search_term_string"}}],"inLanguage":"pt-BR"},{"@type":"Organization","@id":"https:\/\/www.notibras.com\/site\/#organization","name":"Grupo Notibras de Comunica\u00e7\u00e3o","url":"https:\/\/www.notibras.com\/site\/","logo":{"@type":"ImageObject","inLanguage":"pt-BR","@id":"https:\/\/www.notibras.com\/site\/#\/schema\/logo\/image\/","url":"https:\/\/www.notibras.com\/site\/wp-content\/uploads\/2023\/01\/notibras23.png","contentUrl":"https:\/\/www.notibras.com\/site\/wp-content\/uploads\/2023\/01\/notibras23.png","width":350,"height":87,"caption":"Grupo Notibras de Comunica\u00e7\u00e3o"},"image":{"@id":"https:\/\/www.notibras.com\/site\/#\/schema\/logo\/image\/"},"sameAs":["https:\/\/www.facebook.com\/notibras\/","https:\/\/x.com\/Notibras","https:\/\/www.instagram.com\/notibras\/"]},{"@type":"Person","@id":"https:\/\/www.notibras.com\/site\/#\/schema\/person\/36ab0979449956132d3e5b517ea76ac8","name":"Reda\u00e7\u00e3o","image":{"@type":"ImageObject","inLanguage":"pt-BR","@id":"https:\/\/secure.gravatar.com\/avatar\/e0a867bdedb85fd243eadf09663511f96fc81e0720a4a42581f334ad4303aa6b?s=96&d=mm&r=g","url":"https:\/\/secure.gravatar.com\/avatar\/e0a867bdedb85fd243eadf09663511f96fc81e0720a4a42581f334ad4303aa6b?s=96&d=mm&r=g","contentUrl":"https:\/\/secure.gravatar.com\/avatar\/e0a867bdedb85fd243eadf09663511f96fc81e0720a4a42581f334ad4303aa6b?s=96&d=mm&r=g","caption":"Reda\u00e7\u00e3o"}}]}},"amp_enabled":true,"_links":{"self":[{"href":"https:\/\/www.notibras.com\/site\/wp-json\/wp\/v2\/posts\/315787","targetHints":{"allow":["GET"]}}],"collection":[{"href":"https:\/\/www.notibras.com\/site\/wp-json\/wp\/v2\/posts"}],"about":[{"href":"https:\/\/www.notibras.com\/site\/wp-json\/wp\/v2\/types\/post"}],"author":[{"embeddable":true,"href":"https:\/\/www.notibras.com\/site\/wp-json\/wp\/v2\/users\/2"}],"replies":[{"embeddable":true,"href":"https:\/\/www.notibras.com\/site\/wp-json\/wp\/v2\/comments?post=315787"}],"version-history":[{"count":1,"href":"https:\/\/www.notibras.com\/site\/wp-json\/wp\/v2\/posts\/315787\/revisions"}],"predecessor-version":[{"id":315789,"href":"https:\/\/www.notibras.com\/site\/wp-json\/wp\/v2\/posts\/315787\/revisions\/315789"}],"wp:featuredmedia":[{"embeddable":true,"href":"https:\/\/www.notibras.com\/site\/wp-json\/wp\/v2\/media\/315788"}],"wp:attachment":[{"href":"https:\/\/www.notibras.com\/site\/wp-json\/wp\/v2\/media?parent=315787"}],"wp:term":[{"taxonomy":"category","embeddable":true,"href":"https:\/\/www.notibras.com\/site\/wp-json\/wp\/v2\/categories?post=315787"},{"taxonomy":"post_tag","embeddable":true,"href":"https:\/\/www.notibras.com\/site\/wp-json\/wp\/v2\/tags?post=315787"}],"curies":[{"name":"wp","href":"https:\/\/api.w.org\/{rel}","templated":true}]}}