{"id":315793,"date":"2023-10-31T00:00:24","date_gmt":"2023-10-31T03:00:24","guid":{"rendered":"https:\/\/www.notibras.com\/site\/?p=315793"},"modified":"2023-10-31T08:17:02","modified_gmt":"2023-10-31T11:17:02","slug":"jogos-escolares-brasileiros-registram-participacao-recorde","status":"publish","type":"post","link":"https:\/\/www.notibras.com\/site\/jogos-escolares-brasileiros-registram-participacao-recorde\/","title":{"rendered":"Jogos Escolares Brasileiros registram participa\u00e7\u00e3o recorde"},"content":{"rendered":"<p>Mais de 6.714 inscritos nos Jogos Escolares Brasileiros (JEBs) 2023, entre estudantes-atletas, integrantes de comiss\u00f5es t\u00e9cnicas e dirigentes, est\u00e3o em Bras\u00edlia para disputar medalhas em competi\u00e7\u00f5es entre 28 de outubro e 8 de novembro. Criado em 1969, o campeonato de abrang\u00eancia nacional \u00e9 considerado a principal competi\u00e7\u00e3o escolar do pa\u00eds.<\/p>\n<p>A edi\u00e7\u00e3o de 2023, de acordo com o Minist\u00e9rio do Esporte, \u00e9 a maior da hist\u00f3ria dos JEBs. Ao todo, o evento conta com 18 modalidades esportivas (atletismo, atletismo adaptado, badminton, basquete, ciclismo, futsal, gin\u00e1stica art\u00edstica, gin\u00e1stica r\u00edtmica, handebol, jud\u00f4, karat\u00ea, nata\u00e7\u00e3o, taekwondo, t\u00eanis de mesa, voleibol, v\u00f4lei de praia, wrestling [arte marcial] e xadrez) e mais duas modalidades em demonstra\u00e7\u00e3o: curling (esporte que lan\u00e7a pedras de granito o mais pr\u00f3ximo poss\u00edvel de um alvo) e esgrima.<\/p>\n<p>Desde s\u00e1bado (28), as competi\u00e7\u00f5es est\u00e3o sendo realizadas em 19 espa\u00e7os esportivos diferentes da capital federal. O assessor t\u00e9cnico da Confedera\u00e7\u00e3o Brasileira de Desporto Escolar (CBDE), Victor Beltr\u00e3o, explicou a escolha da cidade para sediar os jogos. \u201cBras\u00edlia tem muitos lugares bons para conhecer, muitas quadras bacanas. Estamos presentes em v\u00e1rios clubes, com ambientes bem diferenciados. Em Bras\u00edlia, temos a oportunidade de expandir as competi\u00e7\u00f5es para mais locais e, assim, conhecer mais a cidade.\u201d<\/p>\n<p><strong>Atletas, t\u00e9cnicos e fam\u00edlias<\/strong><br \/>\nOs atletas s\u00e3o estudantes de 12 a 14 anos, matriculados em institui\u00e7\u00f5es de ensino p\u00fablicas e privadas das 27 unidades da federa\u00e7\u00e3o. Segundo o presidente da Confedera\u00e7\u00e3o Brasileira de Desporto Escolar (CBDE), essa representatividade \u00e9 resultado da pol\u00edtica implementada pela entidade. \u201cValorizamos a garantia da participa\u00e7\u00e3o de todos os estados do Brasil.\u201d<\/p>\n<p>Estar em Bras\u00edlia vale a pena para a goleira de futebol de sal\u00e3o Luana Nascimento de Jesus, de 13 anos, que partiu de Rond\u00f4nia, como integrante de uma equipe de dez jogadoras. \u201c\u00c9 uma sensa\u00e7\u00e3o muito boa de entrar nestes jogos brasileiros. Sei que tem muita gente que nunca teve a oportunidade de participar disso\u201d.<\/p>\n<p>O t\u00e9cnico de basquete de uma escola privada do Distrito Federal, Ricardo Oliveira, que hoje cuida do planejamento estrat\u00e9gico de uma equipe de jovens que competem no JEBs, h\u00e1 quase quatro d\u00e9cadas, esteve do outro lado da quadra. Ricardo foi jogador das primeiras edi\u00e7\u00f5es dos JEBs, no Distrito Federal, em meados dos anos 1980.<\/p>\n<p>Hoje, mais experiente, Ricardo afirma que sempre apostou no potencial catalisador do esporte. \u201cO JEBs \u00e9 a maior competi\u00e7\u00e3o de todas, \u00e9 o in\u00edcio de tudo, para essa categoria de 12 a 14 anos, e \u00e9 democr\u00e1tica demais, porque envolve todos os estados do Brasil. A competi\u00e7\u00e3o \u00e9 uma grande experi\u00eancia, que al\u00e9m de esportiva \u00e9 legal para a vida dos atletas. Muitos deles sequer sa\u00edram de seu estado ou at\u00e9 da sua cidade natal. Aqui, eles t\u00eam a oportunidade de viajar de avi\u00e3o, ficar em um hotel, trocar experi\u00eancias. Ent\u00e3o, pra mim, \u00e9 uma alegria muito grande ver onde come\u00e7a tudo\u201d.<\/p>\n<p>E pelo terceiro ano consecutivo, Ricardo tem um motivo a mais para torcer na arquibancada. O filho dele, Mateus Mesquita de Oliveira, de 14 anos, \u00e9 um dos atletas que quicam a bola laranja no garraf\u00e3o, com mira fixa na cesta da tabela. A exemplo do pai, Mateus quer seguir profissionalmente no basquete. Mas, por enquanto, curte mesmo \u00e9 a oportunidade como atleta-estudante. \u201cEst\u00e1 bem legal porque est\u00e1 todo mundo junto, reunido. A competitividade tamb\u00e9m \u00e9 bem forte, encontramos muita gente com potencial aqui. Por isso, est\u00e1 sendo uma experi\u00eancia muito boa\u201d.<\/p>\n<p>Esporte n\u00e3o \u00e9 apenas sobre vencer ou perder. Quem disse isso foi o pernambucano Thiago Alves Ara\u00fajo, de 14 anos. Competidor do atletismo, nas provas de corrida de 2 mil metros e 800 metros, no fim de semana, Thiago n\u00e3o vai levar medalhas para casa em de Brej\u00e3o (PE), porque perdeu em uma delas e desistiu da outra prova, depois de lesionar a coxa. Mesmo assim, o jovem est\u00e1 aproveitando a experi\u00eancia para torcer pelos conterr\u00e2neos. \u201c\u00c9 bom. J\u00e1 fiz amizades com gente de minha cidade e outras pessoas de outros estados tamb\u00e9m\u201d.<\/p>\n<p>Os JEBs 2023 tamb\u00e9m marcam a estreia do professor do Thiago, em competi\u00e7\u00f5es nacionais de grande porte, Leonardo de Queiroz. Para ele, o esporte poder\u00e1 abrir portas a mudan\u00e7as para quem est\u00e1 em Brej\u00e3o (PE).<\/p>\n<p>\u201cO esporte motiva, justamente, essas crian\u00e7as que n\u00e3o t\u00eam tantas oportunidades no dia a dia. Estar aqui, \u00e9 uma forma de incentivo a outras crian\u00e7as com situa\u00e7\u00f5es n\u00e3o t\u00e3o boas, tanto na parte econ\u00f4mica, como na s\u00f3cio-familiar. Isso pode servir de motor para que, cada vez mais, o esporte do nosso munic\u00edpio venha a crescer.\u201d<\/p>\n<p>Quem \u00e9, digamos, veterano em JEBs, \u00e9 o professor Gilvan Meireles, que pela quinta vez coordena equipes de esportes coletivos em edi\u00e7\u00f5es dos Jogos Escolares Brasileiros, em estados distintos. Apesar de estranhar as altas temperaturas na cidade, Gilvan afirma que o que importa \u00e9 a s\u00e9rie de ganhos obtidos com a pr\u00e1tica esportiva \u201cA conviv\u00eancia com culturas locais, pessoas diferentes, fazer novas amizades, isso tem somado muito na vida deles. Os JEBs s\u00e3o uma alavanca, uma porta muito boa para que eles possam dar sequ\u00eancia ao esporte, mesmo tendo apenas 13 ou 14 anos ao escolher.\u201d<\/p>\n<p>A coordenadora de modalidades Esportivas dos jogos do Acre, Juliana Maia, comenta sobre a confian\u00e7a depositada pelos pais e respons\u00e1veis ao enviarem os filhos para competir na capital federal. \u201c\u00c9 uma responsabilidade muito grande. Viemos de \u00f4nibus do Acre em dois dias e meio. Foi cansativo e tamb\u00e9m preocupante, porque s\u00e3o os filhos dos outros. Mas, a gente faz tudo para que termine tudo bem e a gente volte em seguran\u00e7a para casa.\u201d<\/p>\n<p>Juliana Maia fala sobre a responsabilidade de viajar de \u00f4nibus com tantos jovens- Ant\u00f4nio Cruz\/Ag\u00eancia Brasil<br \/>\nO jogador de v\u00f4lei de praia, Vin\u00edcius Santiago \u00e9 um dos jovens sob a tutela de Juliana. Apesar de n\u00e3o ter conhecido muito da cidade de Bras\u00edlia, porque est\u00e1 envolvido com as competi\u00e7\u00f5es, o estudante de 14 anos est\u00e1 gostando da experi\u00eancia que o esporte na areia lhe proporcionou. \u201cO v\u00f4lei me atraiu. Eu sa\u00ed da frente de um celular, sa\u00ed de casa, jogo com meus amigos. Acho o v\u00f4lei um esporte muito divertido, muito legal.\u201d<\/p>\n<p>Se alguns alunos viajam acompanhados somente dos treinadores, outros atletas, devido \u00e0 pouca idade, contam com a companhia dos familiares que embarcam juntos na aventura para dar suporte, sobretudo, emocional aos competidores. O t\u00e9cnico de v\u00f4lei de areia, Claudio Maia, vindo do Acre, \u00e9 testemunha de situa\u00e7\u00f5es assim e valoriza o envolvimento da fam\u00edlia com o esporte. \u201c\u00c9 importante trazer o esporte dos menores para bem pr\u00f3ximo \u00e0 fam\u00edlia. Muitos familiares se deslocam dos outros estados para acompanhar os filhos, porque, nessa faixa et\u00e1ria, de 12-14 anos, papai, mam\u00e3e, tio est\u00e3o sempre muito pr\u00f3ximos dos atletas. E ter a fam\u00edlia pr\u00f3xima e envolvida com isso \u00e9 bem bacana\u201d.<\/p>\n<p>O propriet\u00e1rio de um col\u00e9gio privado de Cambori\u00fa, Santa Catarina, Augusto Vittorio Servelin diz que colhe os frutos de escolher o esporte como vi\u00e9s educacional. \u201cHoje, temos centenas de alunos que passaram pela nossa escola e foram campe\u00f5es, que est\u00e3o em diversos clubes do Brasil. Ent\u00e3o, para a escola \u00e9 uma gratifica\u00e7\u00e3o muito grande. Sabemos que estamos contribuindo com algo para a vida deles, com disciplina, esp\u00edrito de coletividade.\u201d<\/p>\n<p><strong>Futuro<\/strong><br \/>\nO ministro do Esporte, Andr\u00e9 Fufuca, que, na \u00faltima sexta-feira (27), participou da cerim\u00f4nia de abertura dos JEBs destacou que a realiza\u00e7\u00e3o das competi\u00e7\u00f5es \u00e9 uma das prioridades da pasta. \u201cO aux\u00edlio a esses atletas \u00e9 fundamental para que eles possam competir em n\u00edveis internacionais. Se depender do Minist\u00e9rio do Esporte, esses jovens ir\u00e3o competir n\u00e3o apenas nos JEBs, mas nos mundiais, nos pan-americanos, nas olimp\u00edadas, pois tenho certeza que o primeiro passo n\u00f3s estamos dando aqui&#8221;.<\/p>\n<p>As competi\u00e7\u00f5es deste campeonato ser\u00e3o classificat\u00f3rias para os Jogos Sul-Americanos que ocorrer\u00e3o em dezembro, no Chile. Em 2024, Recife (PE) receber\u00e1 a pr\u00f3xima edi\u00e7\u00e3o dos JEBs.<\/p>\n","protected":false},"excerpt":{"rendered":"<p>Mais de 6.714 inscritos nos Jogos Escolares Brasileiros (JEBs) 2023, entre estudantes-atletas, integrantes de comiss\u00f5es t\u00e9cnicas e dirigentes, est\u00e3o em Bras\u00edlia para disputar medalhas em competi\u00e7\u00f5es entre 28 de outubro e 8 de novembro. Criado em 1969, o campeonato de abrang\u00eancia nacional \u00e9 considerado a principal competi\u00e7\u00e3o escolar do pa\u00eds. A edi\u00e7\u00e3o de 2023, de [&hellip;]<\/p>\n","protected":false},"author":2,"featured_media":315794,"comment_status":"closed","ping_status":"closed","sticky":false,"template":"","format":"standard","meta":{"_acf_changed":false,"footnotes":""},"categories":[161],"tags":[],"class_list":["post-315793","post","type-post","status-publish","format-standard","has-post-thumbnail","hentry","category-quadradinho-em-foco"],"acf":[],"yoast_head":"<!-- This site is optimized with the Yoast SEO plugin v27.2 - https:\/\/yoast.com\/product\/yoast-seo-wordpress\/ -->\n<title>Jogos Escolares Brasileiros registram participa\u00e7\u00e3o recorde - Notibras<\/title>\n<meta name=\"robots\" content=\"index, follow, max-snippet:-1, max-image-preview:large, max-video-preview:-1\" \/>\n<link rel=\"canonical\" href=\"https:\/\/www.notibras.com\/site\/jogos-escolares-brasileiros-registram-participacao-recorde\/\" \/>\n<meta property=\"og:locale\" content=\"pt_BR\" \/>\n<meta property=\"og:type\" content=\"article\" \/>\n<meta property=\"og:title\" content=\"Jogos Escolares Brasileiros registram participa\u00e7\u00e3o recorde - Notibras\" \/>\n<meta property=\"og:description\" content=\"Mais de 6.714 inscritos nos Jogos Escolares Brasileiros (JEBs) 2023, entre estudantes-atletas, integrantes de comiss\u00f5es t\u00e9cnicas e dirigentes, est\u00e3o em Bras\u00edlia para disputar medalhas em competi\u00e7\u00f5es entre 28 de outubro e 8 de novembro. Criado em 1969, o campeonato de abrang\u00eancia nacional \u00e9 considerado a principal competi\u00e7\u00e3o escolar do pa\u00eds. A edi\u00e7\u00e3o de 2023, de [&hellip;]\" \/>\n<meta property=\"og:url\" content=\"https:\/\/www.notibras.com\/site\/jogos-escolares-brasileiros-registram-participacao-recorde\/\" \/>\n<meta property=\"og:site_name\" content=\"Notibras\" \/>\n<meta property=\"article:publisher\" content=\"https:\/\/www.facebook.com\/notibras\/\" \/>\n<meta property=\"article:published_time\" content=\"2023-10-31T03:00:24+00:00\" \/>\n<meta property=\"article:modified_time\" content=\"2023-10-31T11:17:02+00:00\" \/>\n<meta property=\"og:image\" content=\"https:\/\/www.notibras.com\/site\/wp-content\/uploads\/2023\/10\/joewsco.webp\" \/>\n\t<meta property=\"og:image:width\" content=\"1170\" \/>\n\t<meta property=\"og:image:height\" content=\"700\" \/>\n\t<meta property=\"og:image:type\" content=\"image\/webp\" \/>\n<meta name=\"author\" content=\"Reda\u00e7\u00e3o\" \/>\n<meta name=\"twitter:card\" content=\"summary_large_image\" \/>\n<meta name=\"twitter:creator\" content=\"@Notibras\" \/>\n<meta name=\"twitter:site\" content=\"@Notibras\" \/>\n<meta name=\"twitter:label1\" content=\"Escrito por\" \/>\n\t<meta name=\"twitter:data1\" content=\"Reda\u00e7\u00e3o\" \/>\n\t<meta name=\"twitter:label2\" content=\"Est. tempo de leitura\" \/>\n\t<meta name=\"twitter:data2\" content=\"8 minutos\" \/>\n<script type=\"application\/ld+json\" class=\"yoast-schema-graph\">{\"@context\":\"https:\/\/schema.org\",\"@graph\":[{\"@type\":\"Article\",\"@id\":\"https:\/\/www.notibras.com\/site\/jogos-escolares-brasileiros-registram-participacao-recorde\/#article\",\"isPartOf\":{\"@id\":\"https:\/\/www.notibras.com\/site\/jogos-escolares-brasileiros-registram-participacao-recorde\/\"},\"author\":{\"name\":\"Reda\u00e7\u00e3o\",\"@id\":\"https:\/\/www.notibras.com\/site\/#\/schema\/person\/36ab0979449956132d3e5b517ea76ac8\"},\"headline\":\"Jogos Escolares Brasileiros registram participa\u00e7\u00e3o recorde\",\"datePublished\":\"2023-10-31T03:00:24+00:00\",\"dateModified\":\"2023-10-31T11:17:02+00:00\",\"mainEntityOfPage\":{\"@id\":\"https:\/\/www.notibras.com\/site\/jogos-escolares-brasileiros-registram-participacao-recorde\/\"},\"wordCount\":1381,\"publisher\":{\"@id\":\"https:\/\/www.notibras.com\/site\/#organization\"},\"image\":{\"@id\":\"https:\/\/www.notibras.com\/site\/jogos-escolares-brasileiros-registram-participacao-recorde\/#primaryimage\"},\"thumbnailUrl\":\"https:\/\/www.notibras.com\/site\/wp-content\/uploads\/2023\/10\/joewsco.webp\",\"articleSection\":[\"Quadradinho em Foco\"],\"inLanguage\":\"pt-BR\"},{\"@type\":\"WebPage\",\"@id\":\"https:\/\/www.notibras.com\/site\/jogos-escolares-brasileiros-registram-participacao-recorde\/\",\"url\":\"https:\/\/www.notibras.com\/site\/jogos-escolares-brasileiros-registram-participacao-recorde\/\",\"name\":\"Jogos Escolares Brasileiros registram participa\u00e7\u00e3o recorde - Notibras\",\"isPartOf\":{\"@id\":\"https:\/\/www.notibras.com\/site\/#website\"},\"primaryImageOfPage\":{\"@id\":\"https:\/\/www.notibras.com\/site\/jogos-escolares-brasileiros-registram-participacao-recorde\/#primaryimage\"},\"image\":{\"@id\":\"https:\/\/www.notibras.com\/site\/jogos-escolares-brasileiros-registram-participacao-recorde\/#primaryimage\"},\"thumbnailUrl\":\"https:\/\/www.notibras.com\/site\/wp-content\/uploads\/2023\/10\/joewsco.webp\",\"datePublished\":\"2023-10-31T03:00:24+00:00\",\"dateModified\":\"2023-10-31T11:17:02+00:00\",\"breadcrumb\":{\"@id\":\"https:\/\/www.notibras.com\/site\/jogos-escolares-brasileiros-registram-participacao-recorde\/#breadcrumb\"},\"inLanguage\":\"pt-BR\",\"potentialAction\":[{\"@type\":\"ReadAction\",\"target\":[\"https:\/\/www.notibras.com\/site\/jogos-escolares-brasileiros-registram-participacao-recorde\/\"]}]},{\"@type\":\"ImageObject\",\"inLanguage\":\"pt-BR\",\"@id\":\"https:\/\/www.notibras.com\/site\/jogos-escolares-brasileiros-registram-participacao-recorde\/#primaryimage\",\"url\":\"https:\/\/www.notibras.com\/site\/wp-content\/uploads\/2023\/10\/joewsco.webp\",\"contentUrl\":\"https:\/\/www.notibras.com\/site\/wp-content\/uploads\/2023\/10\/joewsco.webp\",\"width\":1170,\"height\":700},{\"@type\":\"BreadcrumbList\",\"@id\":\"https:\/\/www.notibras.com\/site\/jogos-escolares-brasileiros-registram-participacao-recorde\/#breadcrumb\",\"itemListElement\":[{\"@type\":\"ListItem\",\"position\":1,\"name\":\"In\u00edcio\",\"item\":\"https:\/\/www.notibras.com\/site\/\"},{\"@type\":\"ListItem\",\"position\":2,\"name\":\"Jogos Escolares Brasileiros registram participa\u00e7\u00e3o recorde\"}]},{\"@type\":\"WebSite\",\"@id\":\"https:\/\/www.notibras.com\/site\/#website\",\"url\":\"https:\/\/www.notibras.com\/site\/\",\"name\":\"Notibras\",\"description\":\"Not\u00edcias de Bras\u00edlia, do Brasil e do Mundo\",\"publisher\":{\"@id\":\"https:\/\/www.notibras.com\/site\/#organization\"},\"potentialAction\":[{\"@type\":\"SearchAction\",\"target\":{\"@type\":\"EntryPoint\",\"urlTemplate\":\"https:\/\/www.notibras.com\/site\/?s={search_term_string}\"},\"query-input\":{\"@type\":\"PropertyValueSpecification\",\"valueRequired\":true,\"valueName\":\"search_term_string\"}}],\"inLanguage\":\"pt-BR\"},{\"@type\":\"Organization\",\"@id\":\"https:\/\/www.notibras.com\/site\/#organization\",\"name\":\"Grupo Notibras de Comunica\u00e7\u00e3o\",\"url\":\"https:\/\/www.notibras.com\/site\/\",\"logo\":{\"@type\":\"ImageObject\",\"inLanguage\":\"pt-BR\",\"@id\":\"https:\/\/www.notibras.com\/site\/#\/schema\/logo\/image\/\",\"url\":\"https:\/\/www.notibras.com\/site\/wp-content\/uploads\/2023\/01\/notibras23.png\",\"contentUrl\":\"https:\/\/www.notibras.com\/site\/wp-content\/uploads\/2023\/01\/notibras23.png\",\"width\":350,\"height\":87,\"caption\":\"Grupo Notibras de Comunica\u00e7\u00e3o\"},\"image\":{\"@id\":\"https:\/\/www.notibras.com\/site\/#\/schema\/logo\/image\/\"},\"sameAs\":[\"https:\/\/www.facebook.com\/notibras\/\",\"https:\/\/x.com\/Notibras\",\"https:\/\/www.instagram.com\/notibras\/\"]},{\"@type\":\"Person\",\"@id\":\"https:\/\/www.notibras.com\/site\/#\/schema\/person\/36ab0979449956132d3e5b517ea76ac8\",\"name\":\"Reda\u00e7\u00e3o\",\"image\":{\"@type\":\"ImageObject\",\"inLanguage\":\"pt-BR\",\"@id\":\"https:\/\/secure.gravatar.com\/avatar\/e0a867bdedb85fd243eadf09663511f96fc81e0720a4a42581f334ad4303aa6b?s=96&d=mm&r=g\",\"url\":\"https:\/\/secure.gravatar.com\/avatar\/e0a867bdedb85fd243eadf09663511f96fc81e0720a4a42581f334ad4303aa6b?s=96&d=mm&r=g\",\"contentUrl\":\"https:\/\/secure.gravatar.com\/avatar\/e0a867bdedb85fd243eadf09663511f96fc81e0720a4a42581f334ad4303aa6b?s=96&d=mm&r=g\",\"caption\":\"Reda\u00e7\u00e3o\"}}]}<\/script>\n<!-- \/ Yoast SEO plugin. -->","yoast_head_json":{"title":"Jogos Escolares Brasileiros registram participa\u00e7\u00e3o recorde - Notibras","robots":{"index":"index","follow":"follow","max-snippet":"max-snippet:-1","max-image-preview":"max-image-preview:large","max-video-preview":"max-video-preview:-1"},"canonical":"https:\/\/www.notibras.com\/site\/jogos-escolares-brasileiros-registram-participacao-recorde\/","og_locale":"pt_BR","og_type":"article","og_title":"Jogos Escolares Brasileiros registram participa\u00e7\u00e3o recorde - Notibras","og_description":"Mais de 6.714 inscritos nos Jogos Escolares Brasileiros (JEBs) 2023, entre estudantes-atletas, integrantes de comiss\u00f5es t\u00e9cnicas e dirigentes, est\u00e3o em Bras\u00edlia para disputar medalhas em competi\u00e7\u00f5es entre 28 de outubro e 8 de novembro. Criado em 1969, o campeonato de abrang\u00eancia nacional \u00e9 considerado a principal competi\u00e7\u00e3o escolar do pa\u00eds. A edi\u00e7\u00e3o de 2023, de [&hellip;]","og_url":"https:\/\/www.notibras.com\/site\/jogos-escolares-brasileiros-registram-participacao-recorde\/","og_site_name":"Notibras","article_publisher":"https:\/\/www.facebook.com\/notibras\/","article_published_time":"2023-10-31T03:00:24+00:00","article_modified_time":"2023-10-31T11:17:02+00:00","og_image":[{"width":1170,"height":700,"url":"https:\/\/www.notibras.com\/site\/wp-content\/uploads\/2023\/10\/joewsco.webp","type":"image\/webp"}],"author":"Reda\u00e7\u00e3o","twitter_card":"summary_large_image","twitter_creator":"@Notibras","twitter_site":"@Notibras","twitter_misc":{"Escrito por":"Reda\u00e7\u00e3o","Est. tempo de leitura":"8 minutos"},"schema":{"@context":"https:\/\/schema.org","@graph":[{"@type":"Article","@id":"https:\/\/www.notibras.com\/site\/jogos-escolares-brasileiros-registram-participacao-recorde\/#article","isPartOf":{"@id":"https:\/\/www.notibras.com\/site\/jogos-escolares-brasileiros-registram-participacao-recorde\/"},"author":{"name":"Reda\u00e7\u00e3o","@id":"https:\/\/www.notibras.com\/site\/#\/schema\/person\/36ab0979449956132d3e5b517ea76ac8"},"headline":"Jogos Escolares Brasileiros registram participa\u00e7\u00e3o recorde","datePublished":"2023-10-31T03:00:24+00:00","dateModified":"2023-10-31T11:17:02+00:00","mainEntityOfPage":{"@id":"https:\/\/www.notibras.com\/site\/jogos-escolares-brasileiros-registram-participacao-recorde\/"},"wordCount":1381,"publisher":{"@id":"https:\/\/www.notibras.com\/site\/#organization"},"image":{"@id":"https:\/\/www.notibras.com\/site\/jogos-escolares-brasileiros-registram-participacao-recorde\/#primaryimage"},"thumbnailUrl":"https:\/\/www.notibras.com\/site\/wp-content\/uploads\/2023\/10\/joewsco.webp","articleSection":["Quadradinho em Foco"],"inLanguage":"pt-BR"},{"@type":"WebPage","@id":"https:\/\/www.notibras.com\/site\/jogos-escolares-brasileiros-registram-participacao-recorde\/","url":"https:\/\/www.notibras.com\/site\/jogos-escolares-brasileiros-registram-participacao-recorde\/","name":"Jogos Escolares Brasileiros registram participa\u00e7\u00e3o recorde - Notibras","isPartOf":{"@id":"https:\/\/www.notibras.com\/site\/#website"},"primaryImageOfPage":{"@id":"https:\/\/www.notibras.com\/site\/jogos-escolares-brasileiros-registram-participacao-recorde\/#primaryimage"},"image":{"@id":"https:\/\/www.notibras.com\/site\/jogos-escolares-brasileiros-registram-participacao-recorde\/#primaryimage"},"thumbnailUrl":"https:\/\/www.notibras.com\/site\/wp-content\/uploads\/2023\/10\/joewsco.webp","datePublished":"2023-10-31T03:00:24+00:00","dateModified":"2023-10-31T11:17:02+00:00","breadcrumb":{"@id":"https:\/\/www.notibras.com\/site\/jogos-escolares-brasileiros-registram-participacao-recorde\/#breadcrumb"},"inLanguage":"pt-BR","potentialAction":[{"@type":"ReadAction","target":["https:\/\/www.notibras.com\/site\/jogos-escolares-brasileiros-registram-participacao-recorde\/"]}]},{"@type":"ImageObject","inLanguage":"pt-BR","@id":"https:\/\/www.notibras.com\/site\/jogos-escolares-brasileiros-registram-participacao-recorde\/#primaryimage","url":"https:\/\/www.notibras.com\/site\/wp-content\/uploads\/2023\/10\/joewsco.webp","contentUrl":"https:\/\/www.notibras.com\/site\/wp-content\/uploads\/2023\/10\/joewsco.webp","width":1170,"height":700},{"@type":"BreadcrumbList","@id":"https:\/\/www.notibras.com\/site\/jogos-escolares-brasileiros-registram-participacao-recorde\/#breadcrumb","itemListElement":[{"@type":"ListItem","position":1,"name":"In\u00edcio","item":"https:\/\/www.notibras.com\/site\/"},{"@type":"ListItem","position":2,"name":"Jogos Escolares Brasileiros registram participa\u00e7\u00e3o recorde"}]},{"@type":"WebSite","@id":"https:\/\/www.notibras.com\/site\/#website","url":"https:\/\/www.notibras.com\/site\/","name":"Notibras","description":"Not\u00edcias de Bras\u00edlia, do Brasil e do Mundo","publisher":{"@id":"https:\/\/www.notibras.com\/site\/#organization"},"potentialAction":[{"@type":"SearchAction","target":{"@type":"EntryPoint","urlTemplate":"https:\/\/www.notibras.com\/site\/?s={search_term_string}"},"query-input":{"@type":"PropertyValueSpecification","valueRequired":true,"valueName":"search_term_string"}}],"inLanguage":"pt-BR"},{"@type":"Organization","@id":"https:\/\/www.notibras.com\/site\/#organization","name":"Grupo Notibras de Comunica\u00e7\u00e3o","url":"https:\/\/www.notibras.com\/site\/","logo":{"@type":"ImageObject","inLanguage":"pt-BR","@id":"https:\/\/www.notibras.com\/site\/#\/schema\/logo\/image\/","url":"https:\/\/www.notibras.com\/site\/wp-content\/uploads\/2023\/01\/notibras23.png","contentUrl":"https:\/\/www.notibras.com\/site\/wp-content\/uploads\/2023\/01\/notibras23.png","width":350,"height":87,"caption":"Grupo Notibras de Comunica\u00e7\u00e3o"},"image":{"@id":"https:\/\/www.notibras.com\/site\/#\/schema\/logo\/image\/"},"sameAs":["https:\/\/www.facebook.com\/notibras\/","https:\/\/x.com\/Notibras","https:\/\/www.instagram.com\/notibras\/"]},{"@type":"Person","@id":"https:\/\/www.notibras.com\/site\/#\/schema\/person\/36ab0979449956132d3e5b517ea76ac8","name":"Reda\u00e7\u00e3o","image":{"@type":"ImageObject","inLanguage":"pt-BR","@id":"https:\/\/secure.gravatar.com\/avatar\/e0a867bdedb85fd243eadf09663511f96fc81e0720a4a42581f334ad4303aa6b?s=96&d=mm&r=g","url":"https:\/\/secure.gravatar.com\/avatar\/e0a867bdedb85fd243eadf09663511f96fc81e0720a4a42581f334ad4303aa6b?s=96&d=mm&r=g","contentUrl":"https:\/\/secure.gravatar.com\/avatar\/e0a867bdedb85fd243eadf09663511f96fc81e0720a4a42581f334ad4303aa6b?s=96&d=mm&r=g","caption":"Reda\u00e7\u00e3o"}}]}},"amp_enabled":true,"_links":{"self":[{"href":"https:\/\/www.notibras.com\/site\/wp-json\/wp\/v2\/posts\/315793","targetHints":{"allow":["GET"]}}],"collection":[{"href":"https:\/\/www.notibras.com\/site\/wp-json\/wp\/v2\/posts"}],"about":[{"href":"https:\/\/www.notibras.com\/site\/wp-json\/wp\/v2\/types\/post"}],"author":[{"embeddable":true,"href":"https:\/\/www.notibras.com\/site\/wp-json\/wp\/v2\/users\/2"}],"replies":[{"embeddable":true,"href":"https:\/\/www.notibras.com\/site\/wp-json\/wp\/v2\/comments?post=315793"}],"version-history":[{"count":1,"href":"https:\/\/www.notibras.com\/site\/wp-json\/wp\/v2\/posts\/315793\/revisions"}],"predecessor-version":[{"id":315795,"href":"https:\/\/www.notibras.com\/site\/wp-json\/wp\/v2\/posts\/315793\/revisions\/315795"}],"wp:featuredmedia":[{"embeddable":true,"href":"https:\/\/www.notibras.com\/site\/wp-json\/wp\/v2\/media\/315794"}],"wp:attachment":[{"href":"https:\/\/www.notibras.com\/site\/wp-json\/wp\/v2\/media?parent=315793"}],"wp:term":[{"taxonomy":"category","embeddable":true,"href":"https:\/\/www.notibras.com\/site\/wp-json\/wp\/v2\/categories?post=315793"},{"taxonomy":"post_tag","embeddable":true,"href":"https:\/\/www.notibras.com\/site\/wp-json\/wp\/v2\/tags?post=315793"}],"curies":[{"name":"wp","href":"https:\/\/api.w.org\/{rel}","templated":true}]}}