{"id":315796,"date":"2023-10-31T08:26:29","date_gmt":"2023-10-31T11:26:29","guid":{"rendered":"https:\/\/www.notibras.com\/site\/?p=315796"},"modified":"2023-10-31T08:26:29","modified_gmt":"2023-10-31T11:26:29","slug":"eleicao-macarronada-jacare-e-o-passaro-palito","status":"publish","type":"post","link":"https:\/\/www.notibras.com\/site\/eleicao-macarronada-jacare-e-o-passaro-palito\/","title":{"rendered":"Elei\u00e7\u00e3o, macarronada, jacar\u00e9 e o p\u00e1ssaro-palito"},"content":{"rendered":"<p>Havia praticamente um consenso sobre pol\u00edtica naquela fam\u00edlia. N\u00e3o que todos pendessem para um lado ou outro, mas simplesmente vigorava um quase tratado de Tordesilhas sobre isso: n\u00e3o se falava no assunto \u00e0 mesa, especialmente aos domingos, quando todos se uniam para comer a macarronada da matriarca.<\/p>\n<p>Entretanto, naquele dia, assim como o velho acordo entre os espanh\u00f3is e portugueses quanto aos dom\u00ednios territoriais do ent\u00e3o Novo Mundo, eis que Guilherme, um dos in\u00fameros netos, arriscou ignorar o acordo t\u00e1cito. O frangote, que mal tinha uns fiapos debaixo das ventas, come\u00e7ou a falar do seu patr\u00e3o, dono da maior rede de supermercado da regi\u00e3o.<\/p>\n<p>O empres\u00e1rio, segundo o rapaz, iria se candidatar a um mandato eletivo nas pr\u00f3ximas elei\u00e7\u00f5es. Todos pareciam paralisados, como se algu\u00e9m tivesse apertado a tecla pause. Gente com o garfo parado diante da boca escancarada, gente com o copo na m\u00e3o, gente com a boca cheia de comida e sem mastigar.<\/p>\n<p>Guilherme n\u00e3o parava de tagarelar, enaltecia o patr\u00e3o como o homem mais pr\u00f3spero do mundo. E, melhor ainda, ele era o bra\u00e7o direito daquele desbravador do progresso. Tanto \u00e9 que o pr\u00f3prio Guilherme, al\u00e9m de cabo eleitoral, j\u00e1 era detentor de algumas a\u00e7\u00f5es daquele neg\u00f3cio do futuro. Sim!<\/p>\n<p>O pirralho agora se considerava um investidor, assim como o seu patr\u00e3o. De t\u00e3o entusiasmado que estava, pegou o copo quase repleto de tuba\u00edna \u00e0 sua frente e o ergueu, chamando a todos para um brinde. No entanto, antes que essa pantomima tivesse um desfecho cheio de gl\u00f3rias, eis que a matriarca, com uma coxa de frango entre os dentes, o repreendeu.<\/p>\n<p>&#8211; Deixa de ser besta, garoto! P\u00e1ssaro-palito n\u00e3o vira jacar\u00e9!<\/p>\n","protected":false},"excerpt":{"rendered":"<p>Havia praticamente um consenso sobre pol\u00edtica naquela fam\u00edlia. N\u00e3o que todos pendessem para um lado ou outro, mas simplesmente vigorava um quase tratado de Tordesilhas sobre isso: n\u00e3o se falava no assunto \u00e0 mesa, especialmente aos domingos, quando todos se uniam para comer a macarronada da matriarca. Entretanto, naquele dia, assim como o velho acordo [&hellip;]<\/p>\n","protected":false},"author":2,"featured_media":315797,"comment_status":"closed","ping_status":"closed","sticky":false,"template":"","format":"standard","meta":{"_acf_changed":false,"footnotes":""},"categories":[161],"tags":[],"class_list":["post-315796","post","type-post","status-publish","format-standard","has-post-thumbnail","hentry","category-quadradinho-em-foco"],"acf":[],"yoast_head":"<!-- This site is optimized with the Yoast SEO plugin v27.2 - https:\/\/yoast.com\/product\/yoast-seo-wordpress\/ -->\n<title>Elei\u00e7\u00e3o, macarronada, jacar\u00e9 e o p\u00e1ssaro-palito - Notibras<\/title>\n<meta name=\"robots\" content=\"index, follow, max-snippet:-1, max-image-preview:large, max-video-preview:-1\" \/>\n<link rel=\"canonical\" href=\"https:\/\/www.notibras.com\/site\/eleicao-macarronada-jacare-e-o-passaro-palito\/\" \/>\n<meta property=\"og:locale\" content=\"pt_BR\" \/>\n<meta property=\"og:type\" content=\"article\" \/>\n<meta property=\"og:title\" content=\"Elei\u00e7\u00e3o, macarronada, jacar\u00e9 e o p\u00e1ssaro-palito - Notibras\" \/>\n<meta property=\"og:description\" content=\"Havia praticamente um consenso sobre pol\u00edtica naquela fam\u00edlia. N\u00e3o que todos pendessem para um lado ou outro, mas simplesmente vigorava um quase tratado de Tordesilhas sobre isso: n\u00e3o se falava no assunto \u00e0 mesa, especialmente aos domingos, quando todos se uniam para comer a macarronada da matriarca. Entretanto, naquele dia, assim como o velho acordo [&hellip;]\" \/>\n<meta property=\"og:url\" content=\"https:\/\/www.notibras.com\/site\/eleicao-macarronada-jacare-e-o-passaro-palito\/\" \/>\n<meta property=\"og:site_name\" content=\"Notibras\" \/>\n<meta property=\"article:publisher\" content=\"https:\/\/www.facebook.com\/notibras\/\" \/>\n<meta property=\"article:published_time\" content=\"2023-10-31T11:26:29+00:00\" \/>\n<meta property=\"og:image\" content=\"https:\/\/www.notibras.com\/site\/wp-content\/uploads\/2023\/10\/curiosidades-sobre-a-ave-do-crocodilo.jpg\" \/>\n\t<meta property=\"og:image:width\" content=\"1024\" \/>\n\t<meta property=\"og:image:height\" content=\"682\" \/>\n\t<meta property=\"og:image:type\" content=\"image\/jpeg\" \/>\n<meta name=\"author\" content=\"Reda\u00e7\u00e3o\" \/>\n<meta name=\"twitter:card\" content=\"summary_large_image\" \/>\n<meta name=\"twitter:creator\" content=\"@Notibras\" \/>\n<meta name=\"twitter:site\" content=\"@Notibras\" \/>\n<meta name=\"twitter:label1\" content=\"Escrito por\" \/>\n\t<meta name=\"twitter:data1\" content=\"Reda\u00e7\u00e3o\" \/>\n\t<meta name=\"twitter:label2\" content=\"Est. tempo de leitura\" \/>\n\t<meta name=\"twitter:data2\" content=\"2 minutos\" \/>\n<script type=\"application\/ld+json\" class=\"yoast-schema-graph\">{\"@context\":\"https:\/\/schema.org\",\"@graph\":[{\"@type\":\"Article\",\"@id\":\"https:\/\/www.notibras.com\/site\/eleicao-macarronada-jacare-e-o-passaro-palito\/#article\",\"isPartOf\":{\"@id\":\"https:\/\/www.notibras.com\/site\/eleicao-macarronada-jacare-e-o-passaro-palito\/\"},\"author\":{\"name\":\"Reda\u00e7\u00e3o\",\"@id\":\"https:\/\/www.notibras.com\/site\/#\/schema\/person\/36ab0979449956132d3e5b517ea76ac8\"},\"headline\":\"Elei\u00e7\u00e3o, macarronada, jacar\u00e9 e o p\u00e1ssaro-palito\",\"datePublished\":\"2023-10-31T11:26:29+00:00\",\"mainEntityOfPage\":{\"@id\":\"https:\/\/www.notibras.com\/site\/eleicao-macarronada-jacare-e-o-passaro-palito\/\"},\"wordCount\":311,\"publisher\":{\"@id\":\"https:\/\/www.notibras.com\/site\/#organization\"},\"image\":{\"@id\":\"https:\/\/www.notibras.com\/site\/eleicao-macarronada-jacare-e-o-passaro-palito\/#primaryimage\"},\"thumbnailUrl\":\"https:\/\/www.notibras.com\/site\/wp-content\/uploads\/2023\/10\/curiosidades-sobre-a-ave-do-crocodilo.jpg\",\"articleSection\":[\"Quadradinho em Foco\"],\"inLanguage\":\"pt-BR\"},{\"@type\":\"WebPage\",\"@id\":\"https:\/\/www.notibras.com\/site\/eleicao-macarronada-jacare-e-o-passaro-palito\/\",\"url\":\"https:\/\/www.notibras.com\/site\/eleicao-macarronada-jacare-e-o-passaro-palito\/\",\"name\":\"Elei\u00e7\u00e3o, macarronada, jacar\u00e9 e o p\u00e1ssaro-palito - Notibras\",\"isPartOf\":{\"@id\":\"https:\/\/www.notibras.com\/site\/#website\"},\"primaryImageOfPage\":{\"@id\":\"https:\/\/www.notibras.com\/site\/eleicao-macarronada-jacare-e-o-passaro-palito\/#primaryimage\"},\"image\":{\"@id\":\"https:\/\/www.notibras.com\/site\/eleicao-macarronada-jacare-e-o-passaro-palito\/#primaryimage\"},\"thumbnailUrl\":\"https:\/\/www.notibras.com\/site\/wp-content\/uploads\/2023\/10\/curiosidades-sobre-a-ave-do-crocodilo.jpg\",\"datePublished\":\"2023-10-31T11:26:29+00:00\",\"breadcrumb\":{\"@id\":\"https:\/\/www.notibras.com\/site\/eleicao-macarronada-jacare-e-o-passaro-palito\/#breadcrumb\"},\"inLanguage\":\"pt-BR\",\"potentialAction\":[{\"@type\":\"ReadAction\",\"target\":[\"https:\/\/www.notibras.com\/site\/eleicao-macarronada-jacare-e-o-passaro-palito\/\"]}]},{\"@type\":\"ImageObject\",\"inLanguage\":\"pt-BR\",\"@id\":\"https:\/\/www.notibras.com\/site\/eleicao-macarronada-jacare-e-o-passaro-palito\/#primaryimage\",\"url\":\"https:\/\/www.notibras.com\/site\/wp-content\/uploads\/2023\/10\/curiosidades-sobre-a-ave-do-crocodilo.jpg\",\"contentUrl\":\"https:\/\/www.notibras.com\/site\/wp-content\/uploads\/2023\/10\/curiosidades-sobre-a-ave-do-crocodilo.jpg\",\"width\":1024,\"height\":682},{\"@type\":\"BreadcrumbList\",\"@id\":\"https:\/\/www.notibras.com\/site\/eleicao-macarronada-jacare-e-o-passaro-palito\/#breadcrumb\",\"itemListElement\":[{\"@type\":\"ListItem\",\"position\":1,\"name\":\"In\u00edcio\",\"item\":\"https:\/\/www.notibras.com\/site\/\"},{\"@type\":\"ListItem\",\"position\":2,\"name\":\"Elei\u00e7\u00e3o, macarronada, jacar\u00e9 e o p\u00e1ssaro-palito\"}]},{\"@type\":\"WebSite\",\"@id\":\"https:\/\/www.notibras.com\/site\/#website\",\"url\":\"https:\/\/www.notibras.com\/site\/\",\"name\":\"Notibras\",\"description\":\"Not\u00edcias de Bras\u00edlia, do Brasil e do Mundo\",\"publisher\":{\"@id\":\"https:\/\/www.notibras.com\/site\/#organization\"},\"potentialAction\":[{\"@type\":\"SearchAction\",\"target\":{\"@type\":\"EntryPoint\",\"urlTemplate\":\"https:\/\/www.notibras.com\/site\/?s={search_term_string}\"},\"query-input\":{\"@type\":\"PropertyValueSpecification\",\"valueRequired\":true,\"valueName\":\"search_term_string\"}}],\"inLanguage\":\"pt-BR\"},{\"@type\":\"Organization\",\"@id\":\"https:\/\/www.notibras.com\/site\/#organization\",\"name\":\"Grupo Notibras de Comunica\u00e7\u00e3o\",\"url\":\"https:\/\/www.notibras.com\/site\/\",\"logo\":{\"@type\":\"ImageObject\",\"inLanguage\":\"pt-BR\",\"@id\":\"https:\/\/www.notibras.com\/site\/#\/schema\/logo\/image\/\",\"url\":\"https:\/\/www.notibras.com\/site\/wp-content\/uploads\/2023\/01\/notibras23.png\",\"contentUrl\":\"https:\/\/www.notibras.com\/site\/wp-content\/uploads\/2023\/01\/notibras23.png\",\"width\":350,\"height\":87,\"caption\":\"Grupo Notibras de Comunica\u00e7\u00e3o\"},\"image\":{\"@id\":\"https:\/\/www.notibras.com\/site\/#\/schema\/logo\/image\/\"},\"sameAs\":[\"https:\/\/www.facebook.com\/notibras\/\",\"https:\/\/x.com\/Notibras\",\"https:\/\/www.instagram.com\/notibras\/\"]},{\"@type\":\"Person\",\"@id\":\"https:\/\/www.notibras.com\/site\/#\/schema\/person\/36ab0979449956132d3e5b517ea76ac8\",\"name\":\"Reda\u00e7\u00e3o\",\"image\":{\"@type\":\"ImageObject\",\"inLanguage\":\"pt-BR\",\"@id\":\"https:\/\/secure.gravatar.com\/avatar\/e0a867bdedb85fd243eadf09663511f96fc81e0720a4a42581f334ad4303aa6b?s=96&d=mm&r=g\",\"url\":\"https:\/\/secure.gravatar.com\/avatar\/e0a867bdedb85fd243eadf09663511f96fc81e0720a4a42581f334ad4303aa6b?s=96&d=mm&r=g\",\"contentUrl\":\"https:\/\/secure.gravatar.com\/avatar\/e0a867bdedb85fd243eadf09663511f96fc81e0720a4a42581f334ad4303aa6b?s=96&d=mm&r=g\",\"caption\":\"Reda\u00e7\u00e3o\"}}]}<\/script>\n<!-- \/ Yoast SEO plugin. -->","yoast_head_json":{"title":"Elei\u00e7\u00e3o, macarronada, jacar\u00e9 e o p\u00e1ssaro-palito - Notibras","robots":{"index":"index","follow":"follow","max-snippet":"max-snippet:-1","max-image-preview":"max-image-preview:large","max-video-preview":"max-video-preview:-1"},"canonical":"https:\/\/www.notibras.com\/site\/eleicao-macarronada-jacare-e-o-passaro-palito\/","og_locale":"pt_BR","og_type":"article","og_title":"Elei\u00e7\u00e3o, macarronada, jacar\u00e9 e o p\u00e1ssaro-palito - Notibras","og_description":"Havia praticamente um consenso sobre pol\u00edtica naquela fam\u00edlia. N\u00e3o que todos pendessem para um lado ou outro, mas simplesmente vigorava um quase tratado de Tordesilhas sobre isso: n\u00e3o se falava no assunto \u00e0 mesa, especialmente aos domingos, quando todos se uniam para comer a macarronada da matriarca. Entretanto, naquele dia, assim como o velho acordo [&hellip;]","og_url":"https:\/\/www.notibras.com\/site\/eleicao-macarronada-jacare-e-o-passaro-palito\/","og_site_name":"Notibras","article_publisher":"https:\/\/www.facebook.com\/notibras\/","article_published_time":"2023-10-31T11:26:29+00:00","og_image":[{"width":1024,"height":682,"url":"https:\/\/www.notibras.com\/site\/wp-content\/uploads\/2023\/10\/curiosidades-sobre-a-ave-do-crocodilo.jpg","type":"image\/jpeg"}],"author":"Reda\u00e7\u00e3o","twitter_card":"summary_large_image","twitter_creator":"@Notibras","twitter_site":"@Notibras","twitter_misc":{"Escrito por":"Reda\u00e7\u00e3o","Est. tempo de leitura":"2 minutos"},"schema":{"@context":"https:\/\/schema.org","@graph":[{"@type":"Article","@id":"https:\/\/www.notibras.com\/site\/eleicao-macarronada-jacare-e-o-passaro-palito\/#article","isPartOf":{"@id":"https:\/\/www.notibras.com\/site\/eleicao-macarronada-jacare-e-o-passaro-palito\/"},"author":{"name":"Reda\u00e7\u00e3o","@id":"https:\/\/www.notibras.com\/site\/#\/schema\/person\/36ab0979449956132d3e5b517ea76ac8"},"headline":"Elei\u00e7\u00e3o, macarronada, jacar\u00e9 e o p\u00e1ssaro-palito","datePublished":"2023-10-31T11:26:29+00:00","mainEntityOfPage":{"@id":"https:\/\/www.notibras.com\/site\/eleicao-macarronada-jacare-e-o-passaro-palito\/"},"wordCount":311,"publisher":{"@id":"https:\/\/www.notibras.com\/site\/#organization"},"image":{"@id":"https:\/\/www.notibras.com\/site\/eleicao-macarronada-jacare-e-o-passaro-palito\/#primaryimage"},"thumbnailUrl":"https:\/\/www.notibras.com\/site\/wp-content\/uploads\/2023\/10\/curiosidades-sobre-a-ave-do-crocodilo.jpg","articleSection":["Quadradinho em Foco"],"inLanguage":"pt-BR"},{"@type":"WebPage","@id":"https:\/\/www.notibras.com\/site\/eleicao-macarronada-jacare-e-o-passaro-palito\/","url":"https:\/\/www.notibras.com\/site\/eleicao-macarronada-jacare-e-o-passaro-palito\/","name":"Elei\u00e7\u00e3o, macarronada, jacar\u00e9 e o p\u00e1ssaro-palito - Notibras","isPartOf":{"@id":"https:\/\/www.notibras.com\/site\/#website"},"primaryImageOfPage":{"@id":"https:\/\/www.notibras.com\/site\/eleicao-macarronada-jacare-e-o-passaro-palito\/#primaryimage"},"image":{"@id":"https:\/\/www.notibras.com\/site\/eleicao-macarronada-jacare-e-o-passaro-palito\/#primaryimage"},"thumbnailUrl":"https:\/\/www.notibras.com\/site\/wp-content\/uploads\/2023\/10\/curiosidades-sobre-a-ave-do-crocodilo.jpg","datePublished":"2023-10-31T11:26:29+00:00","breadcrumb":{"@id":"https:\/\/www.notibras.com\/site\/eleicao-macarronada-jacare-e-o-passaro-palito\/#breadcrumb"},"inLanguage":"pt-BR","potentialAction":[{"@type":"ReadAction","target":["https:\/\/www.notibras.com\/site\/eleicao-macarronada-jacare-e-o-passaro-palito\/"]}]},{"@type":"ImageObject","inLanguage":"pt-BR","@id":"https:\/\/www.notibras.com\/site\/eleicao-macarronada-jacare-e-o-passaro-palito\/#primaryimage","url":"https:\/\/www.notibras.com\/site\/wp-content\/uploads\/2023\/10\/curiosidades-sobre-a-ave-do-crocodilo.jpg","contentUrl":"https:\/\/www.notibras.com\/site\/wp-content\/uploads\/2023\/10\/curiosidades-sobre-a-ave-do-crocodilo.jpg","width":1024,"height":682},{"@type":"BreadcrumbList","@id":"https:\/\/www.notibras.com\/site\/eleicao-macarronada-jacare-e-o-passaro-palito\/#breadcrumb","itemListElement":[{"@type":"ListItem","position":1,"name":"In\u00edcio","item":"https:\/\/www.notibras.com\/site\/"},{"@type":"ListItem","position":2,"name":"Elei\u00e7\u00e3o, macarronada, jacar\u00e9 e o p\u00e1ssaro-palito"}]},{"@type":"WebSite","@id":"https:\/\/www.notibras.com\/site\/#website","url":"https:\/\/www.notibras.com\/site\/","name":"Notibras","description":"Not\u00edcias de Bras\u00edlia, do Brasil e do Mundo","publisher":{"@id":"https:\/\/www.notibras.com\/site\/#organization"},"potentialAction":[{"@type":"SearchAction","target":{"@type":"EntryPoint","urlTemplate":"https:\/\/www.notibras.com\/site\/?s={search_term_string}"},"query-input":{"@type":"PropertyValueSpecification","valueRequired":true,"valueName":"search_term_string"}}],"inLanguage":"pt-BR"},{"@type":"Organization","@id":"https:\/\/www.notibras.com\/site\/#organization","name":"Grupo Notibras de Comunica\u00e7\u00e3o","url":"https:\/\/www.notibras.com\/site\/","logo":{"@type":"ImageObject","inLanguage":"pt-BR","@id":"https:\/\/www.notibras.com\/site\/#\/schema\/logo\/image\/","url":"https:\/\/www.notibras.com\/site\/wp-content\/uploads\/2023\/01\/notibras23.png","contentUrl":"https:\/\/www.notibras.com\/site\/wp-content\/uploads\/2023\/01\/notibras23.png","width":350,"height":87,"caption":"Grupo Notibras de Comunica\u00e7\u00e3o"},"image":{"@id":"https:\/\/www.notibras.com\/site\/#\/schema\/logo\/image\/"},"sameAs":["https:\/\/www.facebook.com\/notibras\/","https:\/\/x.com\/Notibras","https:\/\/www.instagram.com\/notibras\/"]},{"@type":"Person","@id":"https:\/\/www.notibras.com\/site\/#\/schema\/person\/36ab0979449956132d3e5b517ea76ac8","name":"Reda\u00e7\u00e3o","image":{"@type":"ImageObject","inLanguage":"pt-BR","@id":"https:\/\/secure.gravatar.com\/avatar\/e0a867bdedb85fd243eadf09663511f96fc81e0720a4a42581f334ad4303aa6b?s=96&d=mm&r=g","url":"https:\/\/secure.gravatar.com\/avatar\/e0a867bdedb85fd243eadf09663511f96fc81e0720a4a42581f334ad4303aa6b?s=96&d=mm&r=g","contentUrl":"https:\/\/secure.gravatar.com\/avatar\/e0a867bdedb85fd243eadf09663511f96fc81e0720a4a42581f334ad4303aa6b?s=96&d=mm&r=g","caption":"Reda\u00e7\u00e3o"}}]}},"amp_enabled":true,"_links":{"self":[{"href":"https:\/\/www.notibras.com\/site\/wp-json\/wp\/v2\/posts\/315796","targetHints":{"allow":["GET"]}}],"collection":[{"href":"https:\/\/www.notibras.com\/site\/wp-json\/wp\/v2\/posts"}],"about":[{"href":"https:\/\/www.notibras.com\/site\/wp-json\/wp\/v2\/types\/post"}],"author":[{"embeddable":true,"href":"https:\/\/www.notibras.com\/site\/wp-json\/wp\/v2\/users\/2"}],"replies":[{"embeddable":true,"href":"https:\/\/www.notibras.com\/site\/wp-json\/wp\/v2\/comments?post=315796"}],"version-history":[{"count":1,"href":"https:\/\/www.notibras.com\/site\/wp-json\/wp\/v2\/posts\/315796\/revisions"}],"predecessor-version":[{"id":315798,"href":"https:\/\/www.notibras.com\/site\/wp-json\/wp\/v2\/posts\/315796\/revisions\/315798"}],"wp:featuredmedia":[{"embeddable":true,"href":"https:\/\/www.notibras.com\/site\/wp-json\/wp\/v2\/media\/315797"}],"wp:attachment":[{"href":"https:\/\/www.notibras.com\/site\/wp-json\/wp\/v2\/media?parent=315796"}],"wp:term":[{"taxonomy":"category","embeddable":true,"href":"https:\/\/www.notibras.com\/site\/wp-json\/wp\/v2\/categories?post=315796"},{"taxonomy":"post_tag","embeddable":true,"href":"https:\/\/www.notibras.com\/site\/wp-json\/wp\/v2\/tags?post=315796"}],"curies":[{"name":"wp","href":"https:\/\/api.w.org\/{rel}","templated":true}]}}