{"id":315827,"date":"2023-11-01T03:51:00","date_gmt":"2023-11-01T06:51:00","guid":{"rendered":"https:\/\/www.notibras.com\/site\/?p=315827"},"modified":"2023-11-01T03:51:00","modified_gmt":"2023-11-01T06:51:00","slug":"mcdia-feliz-se-consagra-e-bate-recorde-na-edicao-de-35-anos","status":"publish","type":"post","link":"https:\/\/www.notibras.com\/site\/mcdia-feliz-se-consagra-e-bate-recorde-na-edicao-de-35-anos\/","title":{"rendered":"McDia Feliz se consagra e bate recorde na edi\u00e7\u00e3o de 35 anos"},"content":{"rendered":"<p>O McDia Feliz 2023 bateu recorde hist\u00f3rico com a arrecada\u00e7\u00e3o de R$ 26,6 milh\u00f5es, que ser\u00e3o destinados para as causas da sa\u00fade e educa\u00e7\u00e3o. Realizada no dia 26 de agosto, a campanha celebrou 35 anos de impacto positivo tendo transformado a vida de mais de 11 milh\u00f5es de crian\u00e7as e adolescentes ao longo desses anos. A partir do engajamento e contribui\u00e7\u00e3o da sociedade, o valor conquistado com as vendas do sandu\u00edche Big Mac, exceto alguns impostos, ser\u00e1 revertido aos projetos conduzidos pelo Instituto Ronald McDonald e Instituto Ayrton Senna.<\/p>\n<p>A arrecada\u00e7\u00e3o dessa edi\u00e7\u00e3o beneficiar\u00e1 72 projetos de 51 institui\u00e7\u00f5es que atuam com oncologia pedi\u00e1trica lideradas pelo Instituto Ronald McDonald, em 42 cidades de 18 estados brasileiros e no Distrito Federal. Al\u00e9m disso, estima-se que ir\u00e1 proporcionar atendimento para quase 500 mil estudantes de redes p\u00fablicas e at\u00e9 8 mil educadores em projetos educacionais desenvolvidos pelo Instituto Ayrton Senna em todo o Brasil. No total, desde a primeira edi\u00e7\u00e3o em 1988, mais de R$ 400 milh\u00f5es j\u00e1 foram arrecadados.<\/p>\n<p>\u201cEm 2023, o McDia Feliz completou 35 anos. Mas, muito mais do que isso, s\u00e3o 35 anos que essa campanha tem o poder de transformar e impactar positivamente a vida de milhares de crian\u00e7as e adolescentes no nosso pa\u00eds. E para uma edi\u00e7\u00e3o celebrativa, o resultado n\u00e3o poderia ser diferente. Estamos extremamente orgulhosos e felizes com a conquista deste ano, que se tornou a maior edi\u00e7\u00e3o de toda a hist\u00f3ria. Ele \u00e9 fruto de muito trabalho, mas, acima de tudo, de uma enorme corrente do bem e solidariedade formada pelas comunidades, por nossos fornecedores, parceiros, franqueados e, principalmente, nossos colaboradores. Agora, seguimos comprometidos com o acompanhamento e governan\u00e7a do uso dos recursos desse ano que, sem d\u00favidas, transformar\u00e3o ainda mais vidas\u201d, diz Rog\u00e9rio Barreira, Presidente da Divis\u00e3o Brasil da Arcos Dorados.<\/p>\n<p>\u201cPara n\u00f3s, do Instituto Ronald McDonald, \u00e9 muito emocionante olhar para este resultado e pensar em cada um que fez parte da campanha do McDia Feliz 2023. A renda ser\u00e1 revertida para promover sa\u00fade e bem-estar para crian\u00e7as, jovens e suas fam\u00edlias, contribuindo para aumentar as chances de cura do c\u00e2ncer infantojuvenil no Brasil, que ainda \u00e9 a doen\u00e7a que mais mata de 1 a 19 anos, segundo o Instituto Nacional de C\u00e2ncer, o Inca. Por isso, em nome de todos do Instituto Ronald McDonald e de nossos pequenos pacientes oncol\u00f3gicos e seus familiares, agrade\u00e7o por mais uma linda conquista, e pela corrente solid\u00e1ria que criamos, que luta por um mundo melhor e mais igualit\u00e1rio\u201d, destaca Bianca Provedel, Diretora Executiva do Instituto Ronald McDonald.<\/p>\n<p>\u201cTer feito a edi\u00e7\u00e3o de 35 anos a maior da hist\u00f3ria mostra o quanto temos uma sociedade potente e capaz de transformar vidas. Esse resultado \u00e9, sobretudo, dedicado ao trabalho incans\u00e1vel de nosso time, dos grandes parceiros que estiveram conosco em mais um ano e, principalmente, aos milh\u00f5es de jovens e educadores que ser\u00e3o impactados pelos projetos educacionais do Instituto por todo o Brasil\u201d, diz Ewerton Fulini, Vice-Presidente do Instituto Ayrton Senna.<\/p>\n<p>O McDia Feliz faz parte da estrat\u00e9gia de atua\u00e7\u00e3o ESG da Arcos Dorados, operadora da rede McDonald\u2019s na Am\u00e9rica Latina e Caribe, chamada Receita do Futuro, cujo compromisso \u00e9 ser parte ativa da solu\u00e7\u00e3o dos desafios da sociedade e impactar positivamente as comunidades onde atua por meio de iniciativas socioambientais, al\u00e9m de ser a maior a\u00e7\u00e3o social do McDonald\u2019s do Brasil. Para conhecer mais sobre a plataforma socioambiental da Arcos Dorados, acesse o site da Receita do Futuro.<\/p>\n","protected":false},"excerpt":{"rendered":"<p>O McDia Feliz 2023 bateu recorde hist\u00f3rico com a arrecada\u00e7\u00e3o de R$ 26,6 milh\u00f5es, que ser\u00e3o destinados para as causas da sa\u00fade e educa\u00e7\u00e3o. Realizada no dia 26 de agosto, a campanha celebrou 35 anos de impacto positivo tendo transformado a vida de mais de 11 milh\u00f5es de crian\u00e7as e adolescentes ao longo desses anos. [&hellip;]<\/p>\n","protected":false},"author":2,"featured_media":315828,"comment_status":"closed","ping_status":"closed","sticky":false,"template":"","format":"standard","meta":{"_acf_changed":false,"footnotes":""},"categories":[161],"tags":[],"class_list":["post-315827","post","type-post","status-publish","format-standard","has-post-thumbnail","hentry","category-quadradinho-em-foco"],"acf":[],"yoast_head":"<!-- This site is optimized with the Yoast SEO plugin v27.2 - https:\/\/yoast.com\/product\/yoast-seo-wordpress\/ -->\n<title>McDia Feliz se consagra e bate recorde na edi\u00e7\u00e3o de 35 anos - Notibras<\/title>\n<meta name=\"robots\" content=\"index, follow, max-snippet:-1, max-image-preview:large, max-video-preview:-1\" \/>\n<link rel=\"canonical\" href=\"https:\/\/www.notibras.com\/site\/mcdia-feliz-se-consagra-e-bate-recorde-na-edicao-de-35-anos\/\" \/>\n<meta property=\"og:locale\" content=\"pt_BR\" \/>\n<meta property=\"og:type\" content=\"article\" \/>\n<meta property=\"og:title\" content=\"McDia Feliz se consagra e bate recorde na edi\u00e7\u00e3o de 35 anos - Notibras\" \/>\n<meta property=\"og:description\" content=\"O McDia Feliz 2023 bateu recorde hist\u00f3rico com a arrecada\u00e7\u00e3o de R$ 26,6 milh\u00f5es, que ser\u00e3o destinados para as causas da sa\u00fade e educa\u00e7\u00e3o. Realizada no dia 26 de agosto, a campanha celebrou 35 anos de impacto positivo tendo transformado a vida de mais de 11 milh\u00f5es de crian\u00e7as e adolescentes ao longo desses anos. [&hellip;]\" \/>\n<meta property=\"og:url\" content=\"https:\/\/www.notibras.com\/site\/mcdia-feliz-se-consagra-e-bate-recorde-na-edicao-de-35-anos\/\" \/>\n<meta property=\"og:site_name\" content=\"Notibras\" \/>\n<meta property=\"article:publisher\" content=\"https:\/\/www.facebook.com\/notibras\/\" \/>\n<meta property=\"article:published_time\" content=\"2023-11-01T06:51:00+00:00\" \/>\n<meta property=\"og:image\" content=\"https:\/\/www.notibras.com\/site\/wp-content\/uploads\/2023\/11\/Big-Mac_-3.png\" \/>\n\t<meta property=\"og:image:width\" content=\"884\" \/>\n\t<meta property=\"og:image:height\" content=\"888\" \/>\n\t<meta property=\"og:image:type\" content=\"image\/png\" \/>\n<meta name=\"author\" content=\"Reda\u00e7\u00e3o\" \/>\n<meta name=\"twitter:card\" content=\"summary_large_image\" \/>\n<meta name=\"twitter:creator\" content=\"@Notibras\" \/>\n<meta name=\"twitter:site\" content=\"@Notibras\" \/>\n<meta name=\"twitter:label1\" content=\"Escrito por\" \/>\n\t<meta name=\"twitter:data1\" content=\"Reda\u00e7\u00e3o\" \/>\n\t<meta name=\"twitter:label2\" content=\"Est. tempo de leitura\" \/>\n\t<meta name=\"twitter:data2\" content=\"4 minutos\" \/>\n<script type=\"application\/ld+json\" class=\"yoast-schema-graph\">{\"@context\":\"https:\/\/schema.org\",\"@graph\":[{\"@type\":\"Article\",\"@id\":\"https:\/\/www.notibras.com\/site\/mcdia-feliz-se-consagra-e-bate-recorde-na-edicao-de-35-anos\/#article\",\"isPartOf\":{\"@id\":\"https:\/\/www.notibras.com\/site\/mcdia-feliz-se-consagra-e-bate-recorde-na-edicao-de-35-anos\/\"},\"author\":{\"name\":\"Reda\u00e7\u00e3o\",\"@id\":\"https:\/\/www.notibras.com\/site\/#\/schema\/person\/36ab0979449956132d3e5b517ea76ac8\"},\"headline\":\"McDia Feliz se consagra e bate recorde na edi\u00e7\u00e3o de 35 anos\",\"datePublished\":\"2023-11-01T06:51:00+00:00\",\"mainEntityOfPage\":{\"@id\":\"https:\/\/www.notibras.com\/site\/mcdia-feliz-se-consagra-e-bate-recorde-na-edicao-de-35-anos\/\"},\"wordCount\":614,\"publisher\":{\"@id\":\"https:\/\/www.notibras.com\/site\/#organization\"},\"image\":{\"@id\":\"https:\/\/www.notibras.com\/site\/mcdia-feliz-se-consagra-e-bate-recorde-na-edicao-de-35-anos\/#primaryimage\"},\"thumbnailUrl\":\"https:\/\/www.notibras.com\/site\/wp-content\/uploads\/2023\/11\/Big-Mac_-3.png\",\"articleSection\":[\"Quadradinho em Foco\"],\"inLanguage\":\"pt-BR\"},{\"@type\":\"WebPage\",\"@id\":\"https:\/\/www.notibras.com\/site\/mcdia-feliz-se-consagra-e-bate-recorde-na-edicao-de-35-anos\/\",\"url\":\"https:\/\/www.notibras.com\/site\/mcdia-feliz-se-consagra-e-bate-recorde-na-edicao-de-35-anos\/\",\"name\":\"McDia Feliz se consagra e bate recorde na edi\u00e7\u00e3o de 35 anos - Notibras\",\"isPartOf\":{\"@id\":\"https:\/\/www.notibras.com\/site\/#website\"},\"primaryImageOfPage\":{\"@id\":\"https:\/\/www.notibras.com\/site\/mcdia-feliz-se-consagra-e-bate-recorde-na-edicao-de-35-anos\/#primaryimage\"},\"image\":{\"@id\":\"https:\/\/www.notibras.com\/site\/mcdia-feliz-se-consagra-e-bate-recorde-na-edicao-de-35-anos\/#primaryimage\"},\"thumbnailUrl\":\"https:\/\/www.notibras.com\/site\/wp-content\/uploads\/2023\/11\/Big-Mac_-3.png\",\"datePublished\":\"2023-11-01T06:51:00+00:00\",\"breadcrumb\":{\"@id\":\"https:\/\/www.notibras.com\/site\/mcdia-feliz-se-consagra-e-bate-recorde-na-edicao-de-35-anos\/#breadcrumb\"},\"inLanguage\":\"pt-BR\",\"potentialAction\":[{\"@type\":\"ReadAction\",\"target\":[\"https:\/\/www.notibras.com\/site\/mcdia-feliz-se-consagra-e-bate-recorde-na-edicao-de-35-anos\/\"]}]},{\"@type\":\"ImageObject\",\"inLanguage\":\"pt-BR\",\"@id\":\"https:\/\/www.notibras.com\/site\/mcdia-feliz-se-consagra-e-bate-recorde-na-edicao-de-35-anos\/#primaryimage\",\"url\":\"https:\/\/www.notibras.com\/site\/wp-content\/uploads\/2023\/11\/Big-Mac_-3.png\",\"contentUrl\":\"https:\/\/www.notibras.com\/site\/wp-content\/uploads\/2023\/11\/Big-Mac_-3.png\",\"width\":884,\"height\":888},{\"@type\":\"BreadcrumbList\",\"@id\":\"https:\/\/www.notibras.com\/site\/mcdia-feliz-se-consagra-e-bate-recorde-na-edicao-de-35-anos\/#breadcrumb\",\"itemListElement\":[{\"@type\":\"ListItem\",\"position\":1,\"name\":\"In\u00edcio\",\"item\":\"https:\/\/www.notibras.com\/site\/\"},{\"@type\":\"ListItem\",\"position\":2,\"name\":\"McDia Feliz se consagra e bate recorde na edi\u00e7\u00e3o de 35 anos\"}]},{\"@type\":\"WebSite\",\"@id\":\"https:\/\/www.notibras.com\/site\/#website\",\"url\":\"https:\/\/www.notibras.com\/site\/\",\"name\":\"Notibras\",\"description\":\"Not\u00edcias de Bras\u00edlia, do Brasil e do Mundo\",\"publisher\":{\"@id\":\"https:\/\/www.notibras.com\/site\/#organization\"},\"potentialAction\":[{\"@type\":\"SearchAction\",\"target\":{\"@type\":\"EntryPoint\",\"urlTemplate\":\"https:\/\/www.notibras.com\/site\/?s={search_term_string}\"},\"query-input\":{\"@type\":\"PropertyValueSpecification\",\"valueRequired\":true,\"valueName\":\"search_term_string\"}}],\"inLanguage\":\"pt-BR\"},{\"@type\":\"Organization\",\"@id\":\"https:\/\/www.notibras.com\/site\/#organization\",\"name\":\"Grupo Notibras de Comunica\u00e7\u00e3o\",\"url\":\"https:\/\/www.notibras.com\/site\/\",\"logo\":{\"@type\":\"ImageObject\",\"inLanguage\":\"pt-BR\",\"@id\":\"https:\/\/www.notibras.com\/site\/#\/schema\/logo\/image\/\",\"url\":\"https:\/\/www.notibras.com\/site\/wp-content\/uploads\/2023\/01\/notibras23.png\",\"contentUrl\":\"https:\/\/www.notibras.com\/site\/wp-content\/uploads\/2023\/01\/notibras23.png\",\"width\":350,\"height\":87,\"caption\":\"Grupo Notibras de Comunica\u00e7\u00e3o\"},\"image\":{\"@id\":\"https:\/\/www.notibras.com\/site\/#\/schema\/logo\/image\/\"},\"sameAs\":[\"https:\/\/www.facebook.com\/notibras\/\",\"https:\/\/x.com\/Notibras\",\"https:\/\/www.instagram.com\/notibras\/\"]},{\"@type\":\"Person\",\"@id\":\"https:\/\/www.notibras.com\/site\/#\/schema\/person\/36ab0979449956132d3e5b517ea76ac8\",\"name\":\"Reda\u00e7\u00e3o\",\"image\":{\"@type\":\"ImageObject\",\"inLanguage\":\"pt-BR\",\"@id\":\"https:\/\/secure.gravatar.com\/avatar\/e0a867bdedb85fd243eadf09663511f96fc81e0720a4a42581f334ad4303aa6b?s=96&d=mm&r=g\",\"url\":\"https:\/\/secure.gravatar.com\/avatar\/e0a867bdedb85fd243eadf09663511f96fc81e0720a4a42581f334ad4303aa6b?s=96&d=mm&r=g\",\"contentUrl\":\"https:\/\/secure.gravatar.com\/avatar\/e0a867bdedb85fd243eadf09663511f96fc81e0720a4a42581f334ad4303aa6b?s=96&d=mm&r=g\",\"caption\":\"Reda\u00e7\u00e3o\"}}]}<\/script>\n<!-- \/ Yoast SEO plugin. -->","yoast_head_json":{"title":"McDia Feliz se consagra e bate recorde na edi\u00e7\u00e3o de 35 anos - Notibras","robots":{"index":"index","follow":"follow","max-snippet":"max-snippet:-1","max-image-preview":"max-image-preview:large","max-video-preview":"max-video-preview:-1"},"canonical":"https:\/\/www.notibras.com\/site\/mcdia-feliz-se-consagra-e-bate-recorde-na-edicao-de-35-anos\/","og_locale":"pt_BR","og_type":"article","og_title":"McDia Feliz se consagra e bate recorde na edi\u00e7\u00e3o de 35 anos - Notibras","og_description":"O McDia Feliz 2023 bateu recorde hist\u00f3rico com a arrecada\u00e7\u00e3o de R$ 26,6 milh\u00f5es, que ser\u00e3o destinados para as causas da sa\u00fade e educa\u00e7\u00e3o. Realizada no dia 26 de agosto, a campanha celebrou 35 anos de impacto positivo tendo transformado a vida de mais de 11 milh\u00f5es de crian\u00e7as e adolescentes ao longo desses anos. [&hellip;]","og_url":"https:\/\/www.notibras.com\/site\/mcdia-feliz-se-consagra-e-bate-recorde-na-edicao-de-35-anos\/","og_site_name":"Notibras","article_publisher":"https:\/\/www.facebook.com\/notibras\/","article_published_time":"2023-11-01T06:51:00+00:00","og_image":[{"width":884,"height":888,"url":"https:\/\/www.notibras.com\/site\/wp-content\/uploads\/2023\/11\/Big-Mac_-3.png","type":"image\/png"}],"author":"Reda\u00e7\u00e3o","twitter_card":"summary_large_image","twitter_creator":"@Notibras","twitter_site":"@Notibras","twitter_misc":{"Escrito por":"Reda\u00e7\u00e3o","Est. tempo de leitura":"4 minutos"},"schema":{"@context":"https:\/\/schema.org","@graph":[{"@type":"Article","@id":"https:\/\/www.notibras.com\/site\/mcdia-feliz-se-consagra-e-bate-recorde-na-edicao-de-35-anos\/#article","isPartOf":{"@id":"https:\/\/www.notibras.com\/site\/mcdia-feliz-se-consagra-e-bate-recorde-na-edicao-de-35-anos\/"},"author":{"name":"Reda\u00e7\u00e3o","@id":"https:\/\/www.notibras.com\/site\/#\/schema\/person\/36ab0979449956132d3e5b517ea76ac8"},"headline":"McDia Feliz se consagra e bate recorde na edi\u00e7\u00e3o de 35 anos","datePublished":"2023-11-01T06:51:00+00:00","mainEntityOfPage":{"@id":"https:\/\/www.notibras.com\/site\/mcdia-feliz-se-consagra-e-bate-recorde-na-edicao-de-35-anos\/"},"wordCount":614,"publisher":{"@id":"https:\/\/www.notibras.com\/site\/#organization"},"image":{"@id":"https:\/\/www.notibras.com\/site\/mcdia-feliz-se-consagra-e-bate-recorde-na-edicao-de-35-anos\/#primaryimage"},"thumbnailUrl":"https:\/\/www.notibras.com\/site\/wp-content\/uploads\/2023\/11\/Big-Mac_-3.png","articleSection":["Quadradinho em Foco"],"inLanguage":"pt-BR"},{"@type":"WebPage","@id":"https:\/\/www.notibras.com\/site\/mcdia-feliz-se-consagra-e-bate-recorde-na-edicao-de-35-anos\/","url":"https:\/\/www.notibras.com\/site\/mcdia-feliz-se-consagra-e-bate-recorde-na-edicao-de-35-anos\/","name":"McDia Feliz se consagra e bate recorde na edi\u00e7\u00e3o de 35 anos - Notibras","isPartOf":{"@id":"https:\/\/www.notibras.com\/site\/#website"},"primaryImageOfPage":{"@id":"https:\/\/www.notibras.com\/site\/mcdia-feliz-se-consagra-e-bate-recorde-na-edicao-de-35-anos\/#primaryimage"},"image":{"@id":"https:\/\/www.notibras.com\/site\/mcdia-feliz-se-consagra-e-bate-recorde-na-edicao-de-35-anos\/#primaryimage"},"thumbnailUrl":"https:\/\/www.notibras.com\/site\/wp-content\/uploads\/2023\/11\/Big-Mac_-3.png","datePublished":"2023-11-01T06:51:00+00:00","breadcrumb":{"@id":"https:\/\/www.notibras.com\/site\/mcdia-feliz-se-consagra-e-bate-recorde-na-edicao-de-35-anos\/#breadcrumb"},"inLanguage":"pt-BR","potentialAction":[{"@type":"ReadAction","target":["https:\/\/www.notibras.com\/site\/mcdia-feliz-se-consagra-e-bate-recorde-na-edicao-de-35-anos\/"]}]},{"@type":"ImageObject","inLanguage":"pt-BR","@id":"https:\/\/www.notibras.com\/site\/mcdia-feliz-se-consagra-e-bate-recorde-na-edicao-de-35-anos\/#primaryimage","url":"https:\/\/www.notibras.com\/site\/wp-content\/uploads\/2023\/11\/Big-Mac_-3.png","contentUrl":"https:\/\/www.notibras.com\/site\/wp-content\/uploads\/2023\/11\/Big-Mac_-3.png","width":884,"height":888},{"@type":"BreadcrumbList","@id":"https:\/\/www.notibras.com\/site\/mcdia-feliz-se-consagra-e-bate-recorde-na-edicao-de-35-anos\/#breadcrumb","itemListElement":[{"@type":"ListItem","position":1,"name":"In\u00edcio","item":"https:\/\/www.notibras.com\/site\/"},{"@type":"ListItem","position":2,"name":"McDia Feliz se consagra e bate recorde na edi\u00e7\u00e3o de 35 anos"}]},{"@type":"WebSite","@id":"https:\/\/www.notibras.com\/site\/#website","url":"https:\/\/www.notibras.com\/site\/","name":"Notibras","description":"Not\u00edcias de Bras\u00edlia, do Brasil e do Mundo","publisher":{"@id":"https:\/\/www.notibras.com\/site\/#organization"},"potentialAction":[{"@type":"SearchAction","target":{"@type":"EntryPoint","urlTemplate":"https:\/\/www.notibras.com\/site\/?s={search_term_string}"},"query-input":{"@type":"PropertyValueSpecification","valueRequired":true,"valueName":"search_term_string"}}],"inLanguage":"pt-BR"},{"@type":"Organization","@id":"https:\/\/www.notibras.com\/site\/#organization","name":"Grupo Notibras de Comunica\u00e7\u00e3o","url":"https:\/\/www.notibras.com\/site\/","logo":{"@type":"ImageObject","inLanguage":"pt-BR","@id":"https:\/\/www.notibras.com\/site\/#\/schema\/logo\/image\/","url":"https:\/\/www.notibras.com\/site\/wp-content\/uploads\/2023\/01\/notibras23.png","contentUrl":"https:\/\/www.notibras.com\/site\/wp-content\/uploads\/2023\/01\/notibras23.png","width":350,"height":87,"caption":"Grupo Notibras de Comunica\u00e7\u00e3o"},"image":{"@id":"https:\/\/www.notibras.com\/site\/#\/schema\/logo\/image\/"},"sameAs":["https:\/\/www.facebook.com\/notibras\/","https:\/\/x.com\/Notibras","https:\/\/www.instagram.com\/notibras\/"]},{"@type":"Person","@id":"https:\/\/www.notibras.com\/site\/#\/schema\/person\/36ab0979449956132d3e5b517ea76ac8","name":"Reda\u00e7\u00e3o","image":{"@type":"ImageObject","inLanguage":"pt-BR","@id":"https:\/\/secure.gravatar.com\/avatar\/e0a867bdedb85fd243eadf09663511f96fc81e0720a4a42581f334ad4303aa6b?s=96&d=mm&r=g","url":"https:\/\/secure.gravatar.com\/avatar\/e0a867bdedb85fd243eadf09663511f96fc81e0720a4a42581f334ad4303aa6b?s=96&d=mm&r=g","contentUrl":"https:\/\/secure.gravatar.com\/avatar\/e0a867bdedb85fd243eadf09663511f96fc81e0720a4a42581f334ad4303aa6b?s=96&d=mm&r=g","caption":"Reda\u00e7\u00e3o"}}]}},"amp_enabled":true,"_links":{"self":[{"href":"https:\/\/www.notibras.com\/site\/wp-json\/wp\/v2\/posts\/315827","targetHints":{"allow":["GET"]}}],"collection":[{"href":"https:\/\/www.notibras.com\/site\/wp-json\/wp\/v2\/posts"}],"about":[{"href":"https:\/\/www.notibras.com\/site\/wp-json\/wp\/v2\/types\/post"}],"author":[{"embeddable":true,"href":"https:\/\/www.notibras.com\/site\/wp-json\/wp\/v2\/users\/2"}],"replies":[{"embeddable":true,"href":"https:\/\/www.notibras.com\/site\/wp-json\/wp\/v2\/comments?post=315827"}],"version-history":[{"count":1,"href":"https:\/\/www.notibras.com\/site\/wp-json\/wp\/v2\/posts\/315827\/revisions"}],"predecessor-version":[{"id":315829,"href":"https:\/\/www.notibras.com\/site\/wp-json\/wp\/v2\/posts\/315827\/revisions\/315829"}],"wp:featuredmedia":[{"embeddable":true,"href":"https:\/\/www.notibras.com\/site\/wp-json\/wp\/v2\/media\/315828"}],"wp:attachment":[{"href":"https:\/\/www.notibras.com\/site\/wp-json\/wp\/v2\/media?parent=315827"}],"wp:term":[{"taxonomy":"category","embeddable":true,"href":"https:\/\/www.notibras.com\/site\/wp-json\/wp\/v2\/categories?post=315827"},{"taxonomy":"post_tag","embeddable":true,"href":"https:\/\/www.notibras.com\/site\/wp-json\/wp\/v2\/tags?post=315827"}],"curies":[{"name":"wp","href":"https:\/\/api.w.org\/{rel}","templated":true}]}}