{"id":315873,"date":"2023-11-01T07:29:16","date_gmt":"2023-11-01T10:29:16","guid":{"rendered":"https:\/\/www.notibras.com\/site\/?p=315873"},"modified":"2023-11-01T07:31:12","modified_gmt":"2023-11-01T10:31:12","slug":"tcdf-mira-reconstrucao-da-escola-classe-52","status":"publish","type":"post","link":"https:\/\/www.notibras.com\/site\/tcdf-mira-reconstrucao-da-escola-classe-52\/","title":{"rendered":"TCDF mira reconstru\u00e7\u00e3o da Escola Classe 52"},"content":{"rendered":"<p>O Tribunal de Contas do Distrito Federal deu prazo de 15 dias para que a Secretaria de Educa\u00e7\u00e3o se manifeste sobre supostas irregularidades na reconstru\u00e7\u00e3o da Escola Classe 52, localizada na QNM 38, de Taguatinga. A Corte pediu explica\u00e7\u00f5es sobre poss\u00edveis falhas na elabora\u00e7\u00e3o do projeto e na execu\u00e7\u00e3o das obras por parte da empresa contratada. O TCDF tamb\u00e9m questiona poss\u00edveis falhas na fiscaliza\u00e7\u00e3o da obra. A empresa GCE S.A., que recebeu R$ 8 milh\u00f5es por meio do Contrato n\u00ba 26\/2020, tamb\u00e9m dever\u00e1 se explicar ao \u00f3rg\u00e3o de controle.<\/p>\n<p>De acordo com uma representa\u00e7\u00e3o em an\u00e1lise no Tribunal de Contas do DF, a obra teria sido entregue com falhas estruturais, que n\u00e3o foram reparadas pela contratada. Al\u00e9m do desgaste precoce da edifica\u00e7\u00e3o, haveria supostas infiltra\u00e7\u00f5es; falhas na pintura; rachaduras; vidros trincados ou com espessura inferior \u00e0 prevista na licita\u00e7\u00e3o; e aus\u00eancia de estrutura apropriada para liga\u00e7\u00e3o de linha telef\u00f4nica corporativa. Bens previstos em contrato \u2013 a exemplo das bancadas e tanques da sala de artes e do laborat\u00f3rio de ci\u00eancias \u2013 tamb\u00e9m n\u00e3o teriam sido entregues.<\/p>\n<p>O TCDF apura, ainda, a facilidade de acesso ao estacionamento da escola e ao quadro de energia, bem como o prov\u00e1vel erro no dimensionamento dos disjuntores, que n\u00e3o suportariam os aparelhos conectados \u00e0 rede el\u00e9trica do empreendimento. Tamb\u00e9m \u00e9 questionada a falta de ralos para limpeza dos andares; de pisos antiderrapantes nas rampas de acesso; de obst\u00e1culos para impedir entrada de \u00e1gua da chuva no p\u00e1tio; e de corrim\u00e3o ou guarda-corpo no audit\u00f3rio. A nova escola tamb\u00e9m n\u00e3o teria copa para os servidores e os banheiros seriam insuficientes. O acervo da biblioteca tamb\u00e9m estaria em risco devido \u00e0 instala\u00e7\u00e3o de cobog\u00f3s, que permitem a entrada de poeira no local.<br \/>\nAl\u00e9m do poss\u00edvel dano aos cofres p\u00fablicos, as atividades educacionais estariam prejudicadas. Inclusive, em maio deste ano, diversas irregularidades foram registradas em uma vistoria do Corpo de Bombeiros Militar do DF, que notificou a escola classe sobre a possibilidade de interdi\u00e7\u00e3o. No m\u00eas seguinte, a pr\u00f3pria Secretaria de Educa\u00e7\u00e3o enviou um despacho \u00e0 unidade informando sobre a interdi\u00e7\u00e3o do parquinho pela Defesa Civil devido a falhas na seguran\u00e7a.<\/p>\n<p>Diante das irregularidades, al\u00e9m de pedir explica\u00e7\u00f5es \u00e0 Secretaria de Educa\u00e7\u00e3o e \u00e0 empresa GCE S.A, o Tribunal de Contas do DF tamb\u00e9m autorizou a realiza\u00e7\u00e3o de uma inspe\u00e7\u00e3o na Escola Classe 52.<\/p>\n<p>De acordo com a Secretaria de Educa\u00e7\u00e3o, a Escola Classe 52 de Taguatinga atende a mais de mil alunos entre estudantes da pr\u00e9-escola e do 1\u00ba ao 5\u00ba ano do ensino fundamental. Durante a reconstru\u00e7\u00e3o, as atividades escolares foram provisoriamente transferidas para um pr\u00e9dio alugado na QNG 46, tamb\u00e9m em Taguatinga. No projeto, a unidade escolar deveria ter 18 salas de aula; al\u00e9m salas administrativas; de refor\u00e7o; e de artes; laborat\u00f3rios de inform\u00e1tica; e de ci\u00eancias; audit\u00f3rio; biblioteca; quadra coberta; parquinho; e refeit\u00f3rio. O empreendimento tamb\u00e9m contaria com banheiros; cozinha; central de g\u00e1s; estacionamento; guarita; biciclet\u00e1rio; dep\u00f3sito de g\u00eaneros aliment\u00edcios; horta; e reservat\u00f3rio de \u00e1gua.<\/p>\n","protected":false},"excerpt":{"rendered":"<p>O Tribunal de Contas do Distrito Federal deu prazo de 15 dias para que a Secretaria de Educa\u00e7\u00e3o se manifeste sobre supostas irregularidades na reconstru\u00e7\u00e3o da Escola Classe 52, localizada na QNM 38, de Taguatinga. A Corte pediu explica\u00e7\u00f5es sobre poss\u00edveis falhas na elabora\u00e7\u00e3o do projeto e na execu\u00e7\u00e3o das obras por parte da empresa [&hellip;]<\/p>\n","protected":false},"author":2,"featured_media":315874,"comment_status":"closed","ping_status":"closed","sticky":false,"template":"","format":"standard","meta":{"_acf_changed":false,"footnotes":""},"categories":[161],"tags":[],"class_list":["post-315873","post","type-post","status-publish","format-standard","has-post-thumbnail","hentry","category-quadradinho-em-foco"],"acf":[],"yoast_head":"<!-- This site is optimized with the Yoast SEO plugin v27.2 - https:\/\/yoast.com\/product\/yoast-seo-wordpress\/ -->\n<title>TCDF mira reconstru\u00e7\u00e3o da Escola Classe 52 - Notibras<\/title>\n<meta name=\"robots\" content=\"index, follow, max-snippet:-1, max-image-preview:large, max-video-preview:-1\" \/>\n<link rel=\"canonical\" href=\"https:\/\/www.notibras.com\/site\/tcdf-mira-reconstrucao-da-escola-classe-52\/\" \/>\n<meta property=\"og:locale\" content=\"pt_BR\" \/>\n<meta property=\"og:type\" content=\"article\" \/>\n<meta property=\"og:title\" content=\"TCDF mira reconstru\u00e7\u00e3o da Escola Classe 52 - Notibras\" \/>\n<meta property=\"og:description\" content=\"O Tribunal de Contas do Distrito Federal deu prazo de 15 dias para que a Secretaria de Educa\u00e7\u00e3o se manifeste sobre supostas irregularidades na reconstru\u00e7\u00e3o da Escola Classe 52, localizada na QNM 38, de Taguatinga. A Corte pediu explica\u00e7\u00f5es sobre poss\u00edveis falhas na elabora\u00e7\u00e3o do projeto e na execu\u00e7\u00e3o das obras por parte da empresa [&hellip;]\" \/>\n<meta property=\"og:url\" content=\"https:\/\/www.notibras.com\/site\/tcdf-mira-reconstrucao-da-escola-classe-52\/\" \/>\n<meta property=\"og:site_name\" content=\"Notibras\" \/>\n<meta property=\"article:publisher\" content=\"https:\/\/www.facebook.com\/notibras\/\" \/>\n<meta property=\"article:published_time\" content=\"2023-11-01T10:29:16+00:00\" \/>\n<meta property=\"article:modified_time\" content=\"2023-11-01T10:31:12+00:00\" \/>\n<meta property=\"og:image\" content=\"https:\/\/www.notibras.com\/site\/wp-content\/uploads\/2023\/11\/WhatsApp-Image-2022-07-19-at-12.28.17.jpeg\" \/>\n\t<meta property=\"og:image:width\" content=\"1600\" \/>\n\t<meta property=\"og:image:height\" content=\"1066\" \/>\n\t<meta property=\"og:image:type\" content=\"image\/jpeg\" \/>\n<meta name=\"author\" content=\"Reda\u00e7\u00e3o\" \/>\n<meta name=\"twitter:card\" content=\"summary_large_image\" \/>\n<meta name=\"twitter:creator\" content=\"@Notibras\" \/>\n<meta name=\"twitter:site\" content=\"@Notibras\" \/>\n<meta name=\"twitter:label1\" content=\"Escrito por\" \/>\n\t<meta name=\"twitter:data1\" content=\"Reda\u00e7\u00e3o\" \/>\n\t<meta name=\"twitter:label2\" content=\"Est. tempo de leitura\" \/>\n\t<meta name=\"twitter:data2\" content=\"3 minutos\" \/>\n<script type=\"application\/ld+json\" class=\"yoast-schema-graph\">{\"@context\":\"https:\/\/schema.org\",\"@graph\":[{\"@type\":\"Article\",\"@id\":\"https:\/\/www.notibras.com\/site\/tcdf-mira-reconstrucao-da-escola-classe-52\/#article\",\"isPartOf\":{\"@id\":\"https:\/\/www.notibras.com\/site\/tcdf-mira-reconstrucao-da-escola-classe-52\/\"},\"author\":{\"name\":\"Reda\u00e7\u00e3o\",\"@id\":\"https:\/\/www.notibras.com\/site\/#\/schema\/person\/36ab0979449956132d3e5b517ea76ac8\"},\"headline\":\"TCDF mira reconstru\u00e7\u00e3o da Escola Classe 52\",\"datePublished\":\"2023-11-01T10:29:16+00:00\",\"dateModified\":\"2023-11-01T10:31:12+00:00\",\"mainEntityOfPage\":{\"@id\":\"https:\/\/www.notibras.com\/site\/tcdf-mira-reconstrucao-da-escola-classe-52\/\"},\"wordCount\":553,\"publisher\":{\"@id\":\"https:\/\/www.notibras.com\/site\/#organization\"},\"image\":{\"@id\":\"https:\/\/www.notibras.com\/site\/tcdf-mira-reconstrucao-da-escola-classe-52\/#primaryimage\"},\"thumbnailUrl\":\"https:\/\/www.notibras.com\/site\/wp-content\/uploads\/2023\/11\/WhatsApp-Image-2022-07-19-at-12.28.17.jpeg\",\"articleSection\":[\"Quadradinho em Foco\"],\"inLanguage\":\"pt-BR\"},{\"@type\":\"WebPage\",\"@id\":\"https:\/\/www.notibras.com\/site\/tcdf-mira-reconstrucao-da-escola-classe-52\/\",\"url\":\"https:\/\/www.notibras.com\/site\/tcdf-mira-reconstrucao-da-escola-classe-52\/\",\"name\":\"TCDF mira reconstru\u00e7\u00e3o da Escola Classe 52 - Notibras\",\"isPartOf\":{\"@id\":\"https:\/\/www.notibras.com\/site\/#website\"},\"primaryImageOfPage\":{\"@id\":\"https:\/\/www.notibras.com\/site\/tcdf-mira-reconstrucao-da-escola-classe-52\/#primaryimage\"},\"image\":{\"@id\":\"https:\/\/www.notibras.com\/site\/tcdf-mira-reconstrucao-da-escola-classe-52\/#primaryimage\"},\"thumbnailUrl\":\"https:\/\/www.notibras.com\/site\/wp-content\/uploads\/2023\/11\/WhatsApp-Image-2022-07-19-at-12.28.17.jpeg\",\"datePublished\":\"2023-11-01T10:29:16+00:00\",\"dateModified\":\"2023-11-01T10:31:12+00:00\",\"breadcrumb\":{\"@id\":\"https:\/\/www.notibras.com\/site\/tcdf-mira-reconstrucao-da-escola-classe-52\/#breadcrumb\"},\"inLanguage\":\"pt-BR\",\"potentialAction\":[{\"@type\":\"ReadAction\",\"target\":[\"https:\/\/www.notibras.com\/site\/tcdf-mira-reconstrucao-da-escola-classe-52\/\"]}]},{\"@type\":\"ImageObject\",\"inLanguage\":\"pt-BR\",\"@id\":\"https:\/\/www.notibras.com\/site\/tcdf-mira-reconstrucao-da-escola-classe-52\/#primaryimage\",\"url\":\"https:\/\/www.notibras.com\/site\/wp-content\/uploads\/2023\/11\/WhatsApp-Image-2022-07-19-at-12.28.17.jpeg\",\"contentUrl\":\"https:\/\/www.notibras.com\/site\/wp-content\/uploads\/2023\/11\/WhatsApp-Image-2022-07-19-at-12.28.17.jpeg\",\"width\":1600,\"height\":1066},{\"@type\":\"BreadcrumbList\",\"@id\":\"https:\/\/www.notibras.com\/site\/tcdf-mira-reconstrucao-da-escola-classe-52\/#breadcrumb\",\"itemListElement\":[{\"@type\":\"ListItem\",\"position\":1,\"name\":\"In\u00edcio\",\"item\":\"https:\/\/www.notibras.com\/site\/\"},{\"@type\":\"ListItem\",\"position\":2,\"name\":\"TCDF mira reconstru\u00e7\u00e3o da Escola Classe 52\"}]},{\"@type\":\"WebSite\",\"@id\":\"https:\/\/www.notibras.com\/site\/#website\",\"url\":\"https:\/\/www.notibras.com\/site\/\",\"name\":\"Notibras\",\"description\":\"Not\u00edcias de Bras\u00edlia, do Brasil e do Mundo\",\"publisher\":{\"@id\":\"https:\/\/www.notibras.com\/site\/#organization\"},\"potentialAction\":[{\"@type\":\"SearchAction\",\"target\":{\"@type\":\"EntryPoint\",\"urlTemplate\":\"https:\/\/www.notibras.com\/site\/?s={search_term_string}\"},\"query-input\":{\"@type\":\"PropertyValueSpecification\",\"valueRequired\":true,\"valueName\":\"search_term_string\"}}],\"inLanguage\":\"pt-BR\"},{\"@type\":\"Organization\",\"@id\":\"https:\/\/www.notibras.com\/site\/#organization\",\"name\":\"Grupo Notibras de Comunica\u00e7\u00e3o\",\"url\":\"https:\/\/www.notibras.com\/site\/\",\"logo\":{\"@type\":\"ImageObject\",\"inLanguage\":\"pt-BR\",\"@id\":\"https:\/\/www.notibras.com\/site\/#\/schema\/logo\/image\/\",\"url\":\"https:\/\/www.notibras.com\/site\/wp-content\/uploads\/2023\/01\/notibras23.png\",\"contentUrl\":\"https:\/\/www.notibras.com\/site\/wp-content\/uploads\/2023\/01\/notibras23.png\",\"width\":350,\"height\":87,\"caption\":\"Grupo Notibras de Comunica\u00e7\u00e3o\"},\"image\":{\"@id\":\"https:\/\/www.notibras.com\/site\/#\/schema\/logo\/image\/\"},\"sameAs\":[\"https:\/\/www.facebook.com\/notibras\/\",\"https:\/\/x.com\/Notibras\",\"https:\/\/www.instagram.com\/notibras\/\"]},{\"@type\":\"Person\",\"@id\":\"https:\/\/www.notibras.com\/site\/#\/schema\/person\/36ab0979449956132d3e5b517ea76ac8\",\"name\":\"Reda\u00e7\u00e3o\",\"image\":{\"@type\":\"ImageObject\",\"inLanguage\":\"pt-BR\",\"@id\":\"https:\/\/secure.gravatar.com\/avatar\/e0a867bdedb85fd243eadf09663511f96fc81e0720a4a42581f334ad4303aa6b?s=96&d=mm&r=g\",\"url\":\"https:\/\/secure.gravatar.com\/avatar\/e0a867bdedb85fd243eadf09663511f96fc81e0720a4a42581f334ad4303aa6b?s=96&d=mm&r=g\",\"contentUrl\":\"https:\/\/secure.gravatar.com\/avatar\/e0a867bdedb85fd243eadf09663511f96fc81e0720a4a42581f334ad4303aa6b?s=96&d=mm&r=g\",\"caption\":\"Reda\u00e7\u00e3o\"}}]}<\/script>\n<!-- \/ Yoast SEO plugin. -->","yoast_head_json":{"title":"TCDF mira reconstru\u00e7\u00e3o da Escola Classe 52 - Notibras","robots":{"index":"index","follow":"follow","max-snippet":"max-snippet:-1","max-image-preview":"max-image-preview:large","max-video-preview":"max-video-preview:-1"},"canonical":"https:\/\/www.notibras.com\/site\/tcdf-mira-reconstrucao-da-escola-classe-52\/","og_locale":"pt_BR","og_type":"article","og_title":"TCDF mira reconstru\u00e7\u00e3o da Escola Classe 52 - Notibras","og_description":"O Tribunal de Contas do Distrito Federal deu prazo de 15 dias para que a Secretaria de Educa\u00e7\u00e3o se manifeste sobre supostas irregularidades na reconstru\u00e7\u00e3o da Escola Classe 52, localizada na QNM 38, de Taguatinga. A Corte pediu explica\u00e7\u00f5es sobre poss\u00edveis falhas na elabora\u00e7\u00e3o do projeto e na execu\u00e7\u00e3o das obras por parte da empresa [&hellip;]","og_url":"https:\/\/www.notibras.com\/site\/tcdf-mira-reconstrucao-da-escola-classe-52\/","og_site_name":"Notibras","article_publisher":"https:\/\/www.facebook.com\/notibras\/","article_published_time":"2023-11-01T10:29:16+00:00","article_modified_time":"2023-11-01T10:31:12+00:00","og_image":[{"width":1600,"height":1066,"url":"https:\/\/www.notibras.com\/site\/wp-content\/uploads\/2023\/11\/WhatsApp-Image-2022-07-19-at-12.28.17.jpeg","type":"image\/jpeg"}],"author":"Reda\u00e7\u00e3o","twitter_card":"summary_large_image","twitter_creator":"@Notibras","twitter_site":"@Notibras","twitter_misc":{"Escrito por":"Reda\u00e7\u00e3o","Est. tempo de leitura":"3 minutos"},"schema":{"@context":"https:\/\/schema.org","@graph":[{"@type":"Article","@id":"https:\/\/www.notibras.com\/site\/tcdf-mira-reconstrucao-da-escola-classe-52\/#article","isPartOf":{"@id":"https:\/\/www.notibras.com\/site\/tcdf-mira-reconstrucao-da-escola-classe-52\/"},"author":{"name":"Reda\u00e7\u00e3o","@id":"https:\/\/www.notibras.com\/site\/#\/schema\/person\/36ab0979449956132d3e5b517ea76ac8"},"headline":"TCDF mira reconstru\u00e7\u00e3o da Escola Classe 52","datePublished":"2023-11-01T10:29:16+00:00","dateModified":"2023-11-01T10:31:12+00:00","mainEntityOfPage":{"@id":"https:\/\/www.notibras.com\/site\/tcdf-mira-reconstrucao-da-escola-classe-52\/"},"wordCount":553,"publisher":{"@id":"https:\/\/www.notibras.com\/site\/#organization"},"image":{"@id":"https:\/\/www.notibras.com\/site\/tcdf-mira-reconstrucao-da-escola-classe-52\/#primaryimage"},"thumbnailUrl":"https:\/\/www.notibras.com\/site\/wp-content\/uploads\/2023\/11\/WhatsApp-Image-2022-07-19-at-12.28.17.jpeg","articleSection":["Quadradinho em Foco"],"inLanguage":"pt-BR"},{"@type":"WebPage","@id":"https:\/\/www.notibras.com\/site\/tcdf-mira-reconstrucao-da-escola-classe-52\/","url":"https:\/\/www.notibras.com\/site\/tcdf-mira-reconstrucao-da-escola-classe-52\/","name":"TCDF mira reconstru\u00e7\u00e3o da Escola Classe 52 - Notibras","isPartOf":{"@id":"https:\/\/www.notibras.com\/site\/#website"},"primaryImageOfPage":{"@id":"https:\/\/www.notibras.com\/site\/tcdf-mira-reconstrucao-da-escola-classe-52\/#primaryimage"},"image":{"@id":"https:\/\/www.notibras.com\/site\/tcdf-mira-reconstrucao-da-escola-classe-52\/#primaryimage"},"thumbnailUrl":"https:\/\/www.notibras.com\/site\/wp-content\/uploads\/2023\/11\/WhatsApp-Image-2022-07-19-at-12.28.17.jpeg","datePublished":"2023-11-01T10:29:16+00:00","dateModified":"2023-11-01T10:31:12+00:00","breadcrumb":{"@id":"https:\/\/www.notibras.com\/site\/tcdf-mira-reconstrucao-da-escola-classe-52\/#breadcrumb"},"inLanguage":"pt-BR","potentialAction":[{"@type":"ReadAction","target":["https:\/\/www.notibras.com\/site\/tcdf-mira-reconstrucao-da-escola-classe-52\/"]}]},{"@type":"ImageObject","inLanguage":"pt-BR","@id":"https:\/\/www.notibras.com\/site\/tcdf-mira-reconstrucao-da-escola-classe-52\/#primaryimage","url":"https:\/\/www.notibras.com\/site\/wp-content\/uploads\/2023\/11\/WhatsApp-Image-2022-07-19-at-12.28.17.jpeg","contentUrl":"https:\/\/www.notibras.com\/site\/wp-content\/uploads\/2023\/11\/WhatsApp-Image-2022-07-19-at-12.28.17.jpeg","width":1600,"height":1066},{"@type":"BreadcrumbList","@id":"https:\/\/www.notibras.com\/site\/tcdf-mira-reconstrucao-da-escola-classe-52\/#breadcrumb","itemListElement":[{"@type":"ListItem","position":1,"name":"In\u00edcio","item":"https:\/\/www.notibras.com\/site\/"},{"@type":"ListItem","position":2,"name":"TCDF mira reconstru\u00e7\u00e3o da Escola Classe 52"}]},{"@type":"WebSite","@id":"https:\/\/www.notibras.com\/site\/#website","url":"https:\/\/www.notibras.com\/site\/","name":"Notibras","description":"Not\u00edcias de Bras\u00edlia, do Brasil e do Mundo","publisher":{"@id":"https:\/\/www.notibras.com\/site\/#organization"},"potentialAction":[{"@type":"SearchAction","target":{"@type":"EntryPoint","urlTemplate":"https:\/\/www.notibras.com\/site\/?s={search_term_string}"},"query-input":{"@type":"PropertyValueSpecification","valueRequired":true,"valueName":"search_term_string"}}],"inLanguage":"pt-BR"},{"@type":"Organization","@id":"https:\/\/www.notibras.com\/site\/#organization","name":"Grupo Notibras de Comunica\u00e7\u00e3o","url":"https:\/\/www.notibras.com\/site\/","logo":{"@type":"ImageObject","inLanguage":"pt-BR","@id":"https:\/\/www.notibras.com\/site\/#\/schema\/logo\/image\/","url":"https:\/\/www.notibras.com\/site\/wp-content\/uploads\/2023\/01\/notibras23.png","contentUrl":"https:\/\/www.notibras.com\/site\/wp-content\/uploads\/2023\/01\/notibras23.png","width":350,"height":87,"caption":"Grupo Notibras de Comunica\u00e7\u00e3o"},"image":{"@id":"https:\/\/www.notibras.com\/site\/#\/schema\/logo\/image\/"},"sameAs":["https:\/\/www.facebook.com\/notibras\/","https:\/\/x.com\/Notibras","https:\/\/www.instagram.com\/notibras\/"]},{"@type":"Person","@id":"https:\/\/www.notibras.com\/site\/#\/schema\/person\/36ab0979449956132d3e5b517ea76ac8","name":"Reda\u00e7\u00e3o","image":{"@type":"ImageObject","inLanguage":"pt-BR","@id":"https:\/\/secure.gravatar.com\/avatar\/e0a867bdedb85fd243eadf09663511f96fc81e0720a4a42581f334ad4303aa6b?s=96&d=mm&r=g","url":"https:\/\/secure.gravatar.com\/avatar\/e0a867bdedb85fd243eadf09663511f96fc81e0720a4a42581f334ad4303aa6b?s=96&d=mm&r=g","contentUrl":"https:\/\/secure.gravatar.com\/avatar\/e0a867bdedb85fd243eadf09663511f96fc81e0720a4a42581f334ad4303aa6b?s=96&d=mm&r=g","caption":"Reda\u00e7\u00e3o"}}]}},"amp_enabled":true,"_links":{"self":[{"href":"https:\/\/www.notibras.com\/site\/wp-json\/wp\/v2\/posts\/315873","targetHints":{"allow":["GET"]}}],"collection":[{"href":"https:\/\/www.notibras.com\/site\/wp-json\/wp\/v2\/posts"}],"about":[{"href":"https:\/\/www.notibras.com\/site\/wp-json\/wp\/v2\/types\/post"}],"author":[{"embeddable":true,"href":"https:\/\/www.notibras.com\/site\/wp-json\/wp\/v2\/users\/2"}],"replies":[{"embeddable":true,"href":"https:\/\/www.notibras.com\/site\/wp-json\/wp\/v2\/comments?post=315873"}],"version-history":[{"count":4,"href":"https:\/\/www.notibras.com\/site\/wp-json\/wp\/v2\/posts\/315873\/revisions"}],"predecessor-version":[{"id":315878,"href":"https:\/\/www.notibras.com\/site\/wp-json\/wp\/v2\/posts\/315873\/revisions\/315878"}],"wp:featuredmedia":[{"embeddable":true,"href":"https:\/\/www.notibras.com\/site\/wp-json\/wp\/v2\/media\/315874"}],"wp:attachment":[{"href":"https:\/\/www.notibras.com\/site\/wp-json\/wp\/v2\/media?parent=315873"}],"wp:term":[{"taxonomy":"category","embeddable":true,"href":"https:\/\/www.notibras.com\/site\/wp-json\/wp\/v2\/categories?post=315873"},{"taxonomy":"post_tag","embeddable":true,"href":"https:\/\/www.notibras.com\/site\/wp-json\/wp\/v2\/tags?post=315873"}],"curies":[{"name":"wp","href":"https:\/\/api.w.org\/{rel}","templated":true}]}}