{"id":315947,"date":"2023-11-02T05:21:49","date_gmt":"2023-11-02T08:21:49","guid":{"rendered":"https:\/\/www.notibras.com\/site\/?p=315947"},"modified":"2023-11-02T09:14:02","modified_gmt":"2023-11-02T12:14:02","slug":"atencao-estudante-se-chamar-ogum-vem-ajudar","status":"publish","type":"post","link":"https:\/\/www.notibras.com\/site\/atencao-estudante-se-chamar-ogum-vem-ajudar\/","title":{"rendered":"Aten\u00e7\u00e3o, estudante. Se chamar, Ogum vem ajudar"},"content":{"rendered":"<p>Embora desdenhado por muitos cancioneiros (um exemplo \u00e9 Lua Bonita, m\u00fasica interpretada por dezenas de artistas, onde se diz que o santo vive pisoteando nosso sat\u00e9lite em cima de um jumento, com falsas juras de amor), S\u00e3o Jorge, tamb\u00e9m conhecido como o santo da Capad\u00f3cia, nem por isso deixa de ser um dos mais venerados na tradi\u00e7\u00e3o crist\u00e3.<\/p>\n<p>Ele nasceu no in\u00edcio do s\u00e9culo III na Capad\u00f3cia, regi\u00e3o atualmente parte da Turquia. S\u00e3o Jorge \u00e9 amplamente lembrado por sua coragem e devo\u00e7\u00e3o, sendo um dos santos guerreiros mais conhecidos. E, melhor ainda, ensina que na vida, vive melhor quem vence os desafios. E quem tem f\u00e9, aposta alto nele. \u00c9 o que est\u00e3o fazendo estudantes que ter\u00e3o pela frente, nos pr\u00f3ximos dias, batalhas para passarem no Enem e em diferentes vestibulares.<\/p>\n<p>A lenda mais famosa associada a S\u00e3o Jorge \u00e9 a sua batalha contra um drag\u00e3o. De acordo com a tradi\u00e7\u00e3o, ele resgatou uma princesa e derrotou a fera mitol\u00f3gica simbolizando a vit\u00f3ria do bem sobre o mal. Essa representa\u00e7\u00e3o tornou-se um \u00edcone de coragem e bravura.<\/p>\n<p>S\u00e3o Jorge tamb\u00e9m \u00e9 o padroeiro de v\u00e1rias na\u00e7\u00f5es e cidades, incluindo Portugal, Inglaterra, Catalunha e muitas outras. Ele \u00e9 frequentemente retratado a cavalo, vestindo uma armadura e segurando uma lan\u00e7a, simbolizando sua disposi\u00e7\u00e3o para lutar pela f\u00e9.<\/p>\n<p>A devo\u00e7\u00e3o a S\u00e3o Jorge se estende para al\u00e9m do mundo crist\u00e3o, com seu culto sendo observado em v\u00e1rias religi\u00f5es e tradi\u00e7\u00f5es espirituais em todo o mundo. Sua festa, celebrada em 23 de abril, \u00e9 um momento importante para os fi\u00e9is que honram sua mem\u00f3ria e pedem sua intercess\u00e3o em momentos de necessidade.<\/p>\n<p>S\u00e3o Jorge \u00e9 um s\u00edmbolo de coragem, f\u00e9 e prote\u00e7\u00e3o, e sua influ\u00eancia perdura ao longo dos s\u00e9culos, inspirando pessoas em todo o mundo a enfrentar desafios e acreditar na vit\u00f3ria sobre as adversidades.<\/p>\n<p>Para os umbandistas e candomblecistas, entre outras religi\u00f5es afro-brasileiras, S\u00e3o Jorge atende por Ogum. Para os yorub\u00e1s, todos os orix\u00e1s s\u00e3o como intermedi\u00e1rios entre Ol\u00f3run (Deus) e os seres humanos. Na hora de tirar pedras do caminho, \u00e9 s\u00f3 chamar por S\u00e3o Jorge. \u00c9 quando Ogum chega e mostra que fazer uma boa prova, no caso dos estudantes, \u00e9 bem mais f\u00e1cil do que construir uma escada at\u00e9 a Lua e curtir seu clar\u00e3o de perto.<\/p>\n<p>**Aos nossos leitores: <strong><em>Notibras<\/em>\u00a0abriu este espa\u00e7o editorial para o segmento PcD. Para que possamos interagir, mostrarmos que somos pessoas comuns. Encaminhe sugest\u00f5es, mande seus textos. Prometo que tudo ser\u00e1 bem recebido e aproveitado. Meu WhasApp \u00e9\u00a0+55 61 98425-4895.<\/strong><\/p>\n","protected":false},"excerpt":{"rendered":"<p>Embora desdenhado por muitos cancioneiros (um exemplo \u00e9 Lua Bonita, m\u00fasica interpretada por dezenas de artistas, onde se diz que o santo vive pisoteando nosso sat\u00e9lite em cima de um jumento, com falsas juras de amor), S\u00e3o Jorge, tamb\u00e9m conhecido como o santo da Capad\u00f3cia, nem por isso deixa de ser um dos mais venerados [&hellip;]<\/p>\n","protected":false},"author":2,"featured_media":315948,"comment_status":"closed","ping_status":"closed","sticky":false,"template":"","format":"standard","meta":{"_acf_changed":false,"footnotes":""},"categories":[161],"tags":[],"class_list":["post-315947","post","type-post","status-publish","format-standard","has-post-thumbnail","hentry","category-quadradinho-em-foco"],"acf":[],"yoast_head":"<!-- This site is optimized with the Yoast SEO plugin v27.2 - https:\/\/yoast.com\/product\/yoast-seo-wordpress\/ -->\n<title>Aten\u00e7\u00e3o, estudante. Se chamar, Ogum vem ajudar - Notibras<\/title>\n<meta name=\"robots\" content=\"index, follow, max-snippet:-1, max-image-preview:large, max-video-preview:-1\" \/>\n<link rel=\"canonical\" href=\"https:\/\/www.notibras.com\/site\/atencao-estudante-se-chamar-ogum-vem-ajudar\/\" \/>\n<meta property=\"og:locale\" content=\"pt_BR\" \/>\n<meta property=\"og:type\" content=\"article\" \/>\n<meta property=\"og:title\" content=\"Aten\u00e7\u00e3o, estudante. Se chamar, Ogum vem ajudar - Notibras\" \/>\n<meta property=\"og:description\" content=\"Embora desdenhado por muitos cancioneiros (um exemplo \u00e9 Lua Bonita, m\u00fasica interpretada por dezenas de artistas, onde se diz que o santo vive pisoteando nosso sat\u00e9lite em cima de um jumento, com falsas juras de amor), S\u00e3o Jorge, tamb\u00e9m conhecido como o santo da Capad\u00f3cia, nem por isso deixa de ser um dos mais venerados [&hellip;]\" \/>\n<meta property=\"og:url\" content=\"https:\/\/www.notibras.com\/site\/atencao-estudante-se-chamar-ogum-vem-ajudar\/\" \/>\n<meta property=\"og:site_name\" content=\"Notibras\" \/>\n<meta property=\"article:publisher\" content=\"https:\/\/www.facebook.com\/notibras\/\" \/>\n<meta property=\"article:published_time\" content=\"2023-11-02T08:21:49+00:00\" \/>\n<meta property=\"article:modified_time\" content=\"2023-11-02T12:14:02+00:00\" \/>\n<meta property=\"og:image\" content=\"https:\/\/www.notibras.com\/site\/wp-content\/uploads\/2023\/11\/ogumsj.webp\" \/>\n\t<meta property=\"og:image:width\" content=\"685\" \/>\n\t<meta property=\"og:image:height\" content=\"499\" \/>\n\t<meta property=\"og:image:type\" content=\"image\/webp\" \/>\n<meta name=\"author\" content=\"Reda\u00e7\u00e3o\" \/>\n<meta name=\"twitter:card\" content=\"summary_large_image\" \/>\n<meta name=\"twitter:creator\" content=\"@Notibras\" \/>\n<meta name=\"twitter:site\" content=\"@Notibras\" \/>\n<meta name=\"twitter:label1\" content=\"Escrito por\" \/>\n\t<meta name=\"twitter:data1\" content=\"Reda\u00e7\u00e3o\" \/>\n\t<meta name=\"twitter:label2\" content=\"Est. tempo de leitura\" \/>\n\t<meta name=\"twitter:data2\" content=\"3 minutos\" \/>\n<script type=\"application\/ld+json\" class=\"yoast-schema-graph\">{\"@context\":\"https:\/\/schema.org\",\"@graph\":[{\"@type\":\"Article\",\"@id\":\"https:\/\/www.notibras.com\/site\/atencao-estudante-se-chamar-ogum-vem-ajudar\/#article\",\"isPartOf\":{\"@id\":\"https:\/\/www.notibras.com\/site\/atencao-estudante-se-chamar-ogum-vem-ajudar\/\"},\"author\":{\"name\":\"Reda\u00e7\u00e3o\",\"@id\":\"https:\/\/www.notibras.com\/site\/#\/schema\/person\/36ab0979449956132d3e5b517ea76ac8\"},\"headline\":\"Aten\u00e7\u00e3o, estudante. Se chamar, Ogum vem ajudar\",\"datePublished\":\"2023-11-02T08:21:49+00:00\",\"dateModified\":\"2023-11-02T12:14:02+00:00\",\"mainEntityOfPage\":{\"@id\":\"https:\/\/www.notibras.com\/site\/atencao-estudante-se-chamar-ogum-vem-ajudar\/\"},\"wordCount\":466,\"publisher\":{\"@id\":\"https:\/\/www.notibras.com\/site\/#organization\"},\"image\":{\"@id\":\"https:\/\/www.notibras.com\/site\/atencao-estudante-se-chamar-ogum-vem-ajudar\/#primaryimage\"},\"thumbnailUrl\":\"https:\/\/www.notibras.com\/site\/wp-content\/uploads\/2023\/11\/ogumsj.webp\",\"articleSection\":[\"Quadradinho em Foco\"],\"inLanguage\":\"pt-BR\"},{\"@type\":\"WebPage\",\"@id\":\"https:\/\/www.notibras.com\/site\/atencao-estudante-se-chamar-ogum-vem-ajudar\/\",\"url\":\"https:\/\/www.notibras.com\/site\/atencao-estudante-se-chamar-ogum-vem-ajudar\/\",\"name\":\"Aten\u00e7\u00e3o, estudante. Se chamar, Ogum vem ajudar - Notibras\",\"isPartOf\":{\"@id\":\"https:\/\/www.notibras.com\/site\/#website\"},\"primaryImageOfPage\":{\"@id\":\"https:\/\/www.notibras.com\/site\/atencao-estudante-se-chamar-ogum-vem-ajudar\/#primaryimage\"},\"image\":{\"@id\":\"https:\/\/www.notibras.com\/site\/atencao-estudante-se-chamar-ogum-vem-ajudar\/#primaryimage\"},\"thumbnailUrl\":\"https:\/\/www.notibras.com\/site\/wp-content\/uploads\/2023\/11\/ogumsj.webp\",\"datePublished\":\"2023-11-02T08:21:49+00:00\",\"dateModified\":\"2023-11-02T12:14:02+00:00\",\"breadcrumb\":{\"@id\":\"https:\/\/www.notibras.com\/site\/atencao-estudante-se-chamar-ogum-vem-ajudar\/#breadcrumb\"},\"inLanguage\":\"pt-BR\",\"potentialAction\":[{\"@type\":\"ReadAction\",\"target\":[\"https:\/\/www.notibras.com\/site\/atencao-estudante-se-chamar-ogum-vem-ajudar\/\"]}]},{\"@type\":\"ImageObject\",\"inLanguage\":\"pt-BR\",\"@id\":\"https:\/\/www.notibras.com\/site\/atencao-estudante-se-chamar-ogum-vem-ajudar\/#primaryimage\",\"url\":\"https:\/\/www.notibras.com\/site\/wp-content\/uploads\/2023\/11\/ogumsj.webp\",\"contentUrl\":\"https:\/\/www.notibras.com\/site\/wp-content\/uploads\/2023\/11\/ogumsj.webp\",\"width\":685,\"height\":499},{\"@type\":\"BreadcrumbList\",\"@id\":\"https:\/\/www.notibras.com\/site\/atencao-estudante-se-chamar-ogum-vem-ajudar\/#breadcrumb\",\"itemListElement\":[{\"@type\":\"ListItem\",\"position\":1,\"name\":\"In\u00edcio\",\"item\":\"https:\/\/www.notibras.com\/site\/\"},{\"@type\":\"ListItem\",\"position\":2,\"name\":\"Aten\u00e7\u00e3o, estudante. Se chamar, Ogum vem ajudar\"}]},{\"@type\":\"WebSite\",\"@id\":\"https:\/\/www.notibras.com\/site\/#website\",\"url\":\"https:\/\/www.notibras.com\/site\/\",\"name\":\"Notibras\",\"description\":\"Not\u00edcias de Bras\u00edlia, do Brasil e do Mundo\",\"publisher\":{\"@id\":\"https:\/\/www.notibras.com\/site\/#organization\"},\"potentialAction\":[{\"@type\":\"SearchAction\",\"target\":{\"@type\":\"EntryPoint\",\"urlTemplate\":\"https:\/\/www.notibras.com\/site\/?s={search_term_string}\"},\"query-input\":{\"@type\":\"PropertyValueSpecification\",\"valueRequired\":true,\"valueName\":\"search_term_string\"}}],\"inLanguage\":\"pt-BR\"},{\"@type\":\"Organization\",\"@id\":\"https:\/\/www.notibras.com\/site\/#organization\",\"name\":\"Grupo Notibras de Comunica\u00e7\u00e3o\",\"url\":\"https:\/\/www.notibras.com\/site\/\",\"logo\":{\"@type\":\"ImageObject\",\"inLanguage\":\"pt-BR\",\"@id\":\"https:\/\/www.notibras.com\/site\/#\/schema\/logo\/image\/\",\"url\":\"https:\/\/www.notibras.com\/site\/wp-content\/uploads\/2023\/01\/notibras23.png\",\"contentUrl\":\"https:\/\/www.notibras.com\/site\/wp-content\/uploads\/2023\/01\/notibras23.png\",\"width\":350,\"height\":87,\"caption\":\"Grupo Notibras de Comunica\u00e7\u00e3o\"},\"image\":{\"@id\":\"https:\/\/www.notibras.com\/site\/#\/schema\/logo\/image\/\"},\"sameAs\":[\"https:\/\/www.facebook.com\/notibras\/\",\"https:\/\/x.com\/Notibras\",\"https:\/\/www.instagram.com\/notibras\/\"]},{\"@type\":\"Person\",\"@id\":\"https:\/\/www.notibras.com\/site\/#\/schema\/person\/36ab0979449956132d3e5b517ea76ac8\",\"name\":\"Reda\u00e7\u00e3o\",\"image\":{\"@type\":\"ImageObject\",\"inLanguage\":\"pt-BR\",\"@id\":\"https:\/\/secure.gravatar.com\/avatar\/e0a867bdedb85fd243eadf09663511f96fc81e0720a4a42581f334ad4303aa6b?s=96&d=mm&r=g\",\"url\":\"https:\/\/secure.gravatar.com\/avatar\/e0a867bdedb85fd243eadf09663511f96fc81e0720a4a42581f334ad4303aa6b?s=96&d=mm&r=g\",\"contentUrl\":\"https:\/\/secure.gravatar.com\/avatar\/e0a867bdedb85fd243eadf09663511f96fc81e0720a4a42581f334ad4303aa6b?s=96&d=mm&r=g\",\"caption\":\"Reda\u00e7\u00e3o\"}}]}<\/script>\n<!-- \/ Yoast SEO plugin. -->","yoast_head_json":{"title":"Aten\u00e7\u00e3o, estudante. Se chamar, Ogum vem ajudar - Notibras","robots":{"index":"index","follow":"follow","max-snippet":"max-snippet:-1","max-image-preview":"max-image-preview:large","max-video-preview":"max-video-preview:-1"},"canonical":"https:\/\/www.notibras.com\/site\/atencao-estudante-se-chamar-ogum-vem-ajudar\/","og_locale":"pt_BR","og_type":"article","og_title":"Aten\u00e7\u00e3o, estudante. Se chamar, Ogum vem ajudar - Notibras","og_description":"Embora desdenhado por muitos cancioneiros (um exemplo \u00e9 Lua Bonita, m\u00fasica interpretada por dezenas de artistas, onde se diz que o santo vive pisoteando nosso sat\u00e9lite em cima de um jumento, com falsas juras de amor), S\u00e3o Jorge, tamb\u00e9m conhecido como o santo da Capad\u00f3cia, nem por isso deixa de ser um dos mais venerados [&hellip;]","og_url":"https:\/\/www.notibras.com\/site\/atencao-estudante-se-chamar-ogum-vem-ajudar\/","og_site_name":"Notibras","article_publisher":"https:\/\/www.facebook.com\/notibras\/","article_published_time":"2023-11-02T08:21:49+00:00","article_modified_time":"2023-11-02T12:14:02+00:00","og_image":[{"width":685,"height":499,"url":"https:\/\/www.notibras.com\/site\/wp-content\/uploads\/2023\/11\/ogumsj.webp","type":"image\/webp"}],"author":"Reda\u00e7\u00e3o","twitter_card":"summary_large_image","twitter_creator":"@Notibras","twitter_site":"@Notibras","twitter_misc":{"Escrito por":"Reda\u00e7\u00e3o","Est. tempo de leitura":"3 minutos"},"schema":{"@context":"https:\/\/schema.org","@graph":[{"@type":"Article","@id":"https:\/\/www.notibras.com\/site\/atencao-estudante-se-chamar-ogum-vem-ajudar\/#article","isPartOf":{"@id":"https:\/\/www.notibras.com\/site\/atencao-estudante-se-chamar-ogum-vem-ajudar\/"},"author":{"name":"Reda\u00e7\u00e3o","@id":"https:\/\/www.notibras.com\/site\/#\/schema\/person\/36ab0979449956132d3e5b517ea76ac8"},"headline":"Aten\u00e7\u00e3o, estudante. Se chamar, Ogum vem ajudar","datePublished":"2023-11-02T08:21:49+00:00","dateModified":"2023-11-02T12:14:02+00:00","mainEntityOfPage":{"@id":"https:\/\/www.notibras.com\/site\/atencao-estudante-se-chamar-ogum-vem-ajudar\/"},"wordCount":466,"publisher":{"@id":"https:\/\/www.notibras.com\/site\/#organization"},"image":{"@id":"https:\/\/www.notibras.com\/site\/atencao-estudante-se-chamar-ogum-vem-ajudar\/#primaryimage"},"thumbnailUrl":"https:\/\/www.notibras.com\/site\/wp-content\/uploads\/2023\/11\/ogumsj.webp","articleSection":["Quadradinho em Foco"],"inLanguage":"pt-BR"},{"@type":"WebPage","@id":"https:\/\/www.notibras.com\/site\/atencao-estudante-se-chamar-ogum-vem-ajudar\/","url":"https:\/\/www.notibras.com\/site\/atencao-estudante-se-chamar-ogum-vem-ajudar\/","name":"Aten\u00e7\u00e3o, estudante. Se chamar, Ogum vem ajudar - Notibras","isPartOf":{"@id":"https:\/\/www.notibras.com\/site\/#website"},"primaryImageOfPage":{"@id":"https:\/\/www.notibras.com\/site\/atencao-estudante-se-chamar-ogum-vem-ajudar\/#primaryimage"},"image":{"@id":"https:\/\/www.notibras.com\/site\/atencao-estudante-se-chamar-ogum-vem-ajudar\/#primaryimage"},"thumbnailUrl":"https:\/\/www.notibras.com\/site\/wp-content\/uploads\/2023\/11\/ogumsj.webp","datePublished":"2023-11-02T08:21:49+00:00","dateModified":"2023-11-02T12:14:02+00:00","breadcrumb":{"@id":"https:\/\/www.notibras.com\/site\/atencao-estudante-se-chamar-ogum-vem-ajudar\/#breadcrumb"},"inLanguage":"pt-BR","potentialAction":[{"@type":"ReadAction","target":["https:\/\/www.notibras.com\/site\/atencao-estudante-se-chamar-ogum-vem-ajudar\/"]}]},{"@type":"ImageObject","inLanguage":"pt-BR","@id":"https:\/\/www.notibras.com\/site\/atencao-estudante-se-chamar-ogum-vem-ajudar\/#primaryimage","url":"https:\/\/www.notibras.com\/site\/wp-content\/uploads\/2023\/11\/ogumsj.webp","contentUrl":"https:\/\/www.notibras.com\/site\/wp-content\/uploads\/2023\/11\/ogumsj.webp","width":685,"height":499},{"@type":"BreadcrumbList","@id":"https:\/\/www.notibras.com\/site\/atencao-estudante-se-chamar-ogum-vem-ajudar\/#breadcrumb","itemListElement":[{"@type":"ListItem","position":1,"name":"In\u00edcio","item":"https:\/\/www.notibras.com\/site\/"},{"@type":"ListItem","position":2,"name":"Aten\u00e7\u00e3o, estudante. Se chamar, Ogum vem ajudar"}]},{"@type":"WebSite","@id":"https:\/\/www.notibras.com\/site\/#website","url":"https:\/\/www.notibras.com\/site\/","name":"Notibras","description":"Not\u00edcias de Bras\u00edlia, do Brasil e do Mundo","publisher":{"@id":"https:\/\/www.notibras.com\/site\/#organization"},"potentialAction":[{"@type":"SearchAction","target":{"@type":"EntryPoint","urlTemplate":"https:\/\/www.notibras.com\/site\/?s={search_term_string}"},"query-input":{"@type":"PropertyValueSpecification","valueRequired":true,"valueName":"search_term_string"}}],"inLanguage":"pt-BR"},{"@type":"Organization","@id":"https:\/\/www.notibras.com\/site\/#organization","name":"Grupo Notibras de Comunica\u00e7\u00e3o","url":"https:\/\/www.notibras.com\/site\/","logo":{"@type":"ImageObject","inLanguage":"pt-BR","@id":"https:\/\/www.notibras.com\/site\/#\/schema\/logo\/image\/","url":"https:\/\/www.notibras.com\/site\/wp-content\/uploads\/2023\/01\/notibras23.png","contentUrl":"https:\/\/www.notibras.com\/site\/wp-content\/uploads\/2023\/01\/notibras23.png","width":350,"height":87,"caption":"Grupo Notibras de Comunica\u00e7\u00e3o"},"image":{"@id":"https:\/\/www.notibras.com\/site\/#\/schema\/logo\/image\/"},"sameAs":["https:\/\/www.facebook.com\/notibras\/","https:\/\/x.com\/Notibras","https:\/\/www.instagram.com\/notibras\/"]},{"@type":"Person","@id":"https:\/\/www.notibras.com\/site\/#\/schema\/person\/36ab0979449956132d3e5b517ea76ac8","name":"Reda\u00e7\u00e3o","image":{"@type":"ImageObject","inLanguage":"pt-BR","@id":"https:\/\/secure.gravatar.com\/avatar\/e0a867bdedb85fd243eadf09663511f96fc81e0720a4a42581f334ad4303aa6b?s=96&d=mm&r=g","url":"https:\/\/secure.gravatar.com\/avatar\/e0a867bdedb85fd243eadf09663511f96fc81e0720a4a42581f334ad4303aa6b?s=96&d=mm&r=g","contentUrl":"https:\/\/secure.gravatar.com\/avatar\/e0a867bdedb85fd243eadf09663511f96fc81e0720a4a42581f334ad4303aa6b?s=96&d=mm&r=g","caption":"Reda\u00e7\u00e3o"}}]}},"amp_enabled":true,"_links":{"self":[{"href":"https:\/\/www.notibras.com\/site\/wp-json\/wp\/v2\/posts\/315947","targetHints":{"allow":["GET"]}}],"collection":[{"href":"https:\/\/www.notibras.com\/site\/wp-json\/wp\/v2\/posts"}],"about":[{"href":"https:\/\/www.notibras.com\/site\/wp-json\/wp\/v2\/types\/post"}],"author":[{"embeddable":true,"href":"https:\/\/www.notibras.com\/site\/wp-json\/wp\/v2\/users\/2"}],"replies":[{"embeddable":true,"href":"https:\/\/www.notibras.com\/site\/wp-json\/wp\/v2\/comments?post=315947"}],"version-history":[{"count":3,"href":"https:\/\/www.notibras.com\/site\/wp-json\/wp\/v2\/posts\/315947\/revisions"}],"predecessor-version":[{"id":316018,"href":"https:\/\/www.notibras.com\/site\/wp-json\/wp\/v2\/posts\/315947\/revisions\/316018"}],"wp:featuredmedia":[{"embeddable":true,"href":"https:\/\/www.notibras.com\/site\/wp-json\/wp\/v2\/media\/315948"}],"wp:attachment":[{"href":"https:\/\/www.notibras.com\/site\/wp-json\/wp\/v2\/media?parent=315947"}],"wp:term":[{"taxonomy":"category","embeddable":true,"href":"https:\/\/www.notibras.com\/site\/wp-json\/wp\/v2\/categories?post=315947"},{"taxonomy":"post_tag","embeddable":true,"href":"https:\/\/www.notibras.com\/site\/wp-json\/wp\/v2\/tags?post=315947"}],"curies":[{"name":"wp","href":"https:\/\/api.w.org\/{rel}","templated":true}]}}