{"id":315950,"date":"2023-11-02T00:38:24","date_gmt":"2023-11-02T03:38:24","guid":{"rendered":"https:\/\/www.notibras.com\/site\/?p=315950"},"modified":"2023-11-02T05:39:08","modified_gmt":"2023-11-02T08:39:08","slug":"natal-no-terraco-antecipa-chegada-de-papai-noel","status":"publish","type":"post","link":"https:\/\/www.notibras.com\/site\/natal-no-terraco-antecipa-chegada-de-papai-noel\/","title":{"rendered":"Natal no Terra\u00e7o antecipa chegada de Papai Noel"},"content":{"rendered":"<p>O Terra\u00e7o Shopping preparou um cen\u00e1rio encantador, trazendo para perto a magia do Natal por meio de uma ornamenta\u00e7\u00e3o in\u00e9dita, que remete \u00e0 conex\u00e3o com a natureza. Uma \u00e1rvore de Natal de vinte metros de altura, com mais de cem mil pontos de luz e m\u00fasicas natalinas, trar\u00e1 muito brilho para a entrada do shopping e ser\u00e1 a porta para a decora\u00e7\u00e3o interna que ter\u00e1, dentre as estrelas deste ano, uma Casa na \u00c1rvore de onze metros de altura.<\/p>\n<p>A \u00e1rvore de Natal de vinte metros apresentar\u00e1 diariamente o \u201cShow de Luzes de Natal\u201d, que ocorrer\u00e1 a cada 30 minutos, a partir das 18h, onde os brasilienses poder\u00e3o se encantar com o brilho e os efeitos visuais. E para abrilhantar ainda mais o Natal, a Pra\u00e7a Central receber\u00e1 uma Casa da \u00c1rvore, onde as crian\u00e7as poder\u00e3o se divertir passando por dentro de uma estrutura gigante, de onze metros de altura, saindo em um grande escorregador.<\/p>\n<p><strong>Chegada<\/strong><br \/>\nA chegada do Papai Noel acontecer\u00e1 no dia 4 de novembro, acompanhada de um cen\u00e1rio especial para o evento, montado na \u00e1rea externa do shopping, com brinquedos e pintura de rosto. A partir das 17h, personagens natalinos circular\u00e3o pelos corredores do shopping, tirando fotos, distribuindo bal\u00f5es coloridos e interagindo com o p\u00fablico, que poder\u00e1 levar para casa uma foto impressa na hora. Tudo com muito algod\u00e3o doce e pipoca.<\/p>\n<p>Como o Papai Noel precisa juntar o m\u00e1ximo poss\u00edvel de crian\u00e7as para ligar a \u00e1rvore de Natal do Terra\u00e7o, os pequenos receber\u00e3o pulseiras de LED para ajudar o Papai Noel nessa tarefa de acender a grande \u00e1rvore para o primeiro \u201cShow de Luzes de Natal\u201d. As pulseiras ser\u00e3o distribu\u00eddas gratuitamente, a partir das 16h, no balc\u00e3o localizado no subsolo. A grande atra\u00e7\u00e3o, a chegada do Papai Noel, ocorrer\u00e1 a partir das 18h30, com um espet\u00e1culo de cores e m\u00fasica.<\/p>\n<p>Ap\u00f3s um passeio pelo shopping, o Papai Noel se dirigir\u00e1 para seu trono, localizado no 2\u00ba piso, onde as crian\u00e7as poder\u00e3o entregar suas cartinhas com o pedido de presente, al\u00e9m de tirar fotos. Os pets tamb\u00e9m s\u00e3o bem-vindos e possuem um local especial ao lado do bom velhinho.<\/p>\n<p><strong>Promo\u00e7\u00e3o de Natal<\/strong><br \/>\nA promo\u00e7\u00e3o de Natal do Terra\u00e7o Shopping oferecer\u00e1 ao p\u00fablico o sorteio de um Fiat Fastback by Abarth. No per\u00edodo de 01\/12\/23 a 02\/01\/24, a cada R$ 250,00 em compras, o cliente pode trocar suas notas fiscais para concorrer ao sorteio do autom\u00f3vel. E nas compras acima de R$ 500,00, o cliente ganha na hora um panetone.<\/p>\n<p><strong>Novas opera\u00e7\u00f5es<\/strong><br \/>\nO Terra\u00e7o Shopping est\u00e1 sempre em busca de oferecer um mix diferenciado. Neste ano, trouxe para seus clientes 12 novas opera\u00e7\u00f5es e fez seis projetos de revitaliza\u00e7\u00e3o de lojas, oferecendo os conceitos mais modernos das opera\u00e7\u00f5es. Al\u00e9m disso, o shopping tem previs\u00e3o de abertura de duas novas lojas ainda este ano. O Terra\u00e7o fecha 2023 comemorando um expressivo crescimento de 15% nas vendas, quando comparado ao ano de 2022.<\/p>\n<p>Para 2024, ano em que comemorar\u00e1 seus 25 anos, o Terra\u00e7o Shopping prepara grandes novidades. Amplia\u00e7\u00e3o da loja Renner, com o dobro da \u00e1rea atual, mais completa, para atender toda a fam\u00edlia, e a cria\u00e7\u00e3o de uma nova \u00e1rea, onde ser\u00e1 instalada uma megaopera\u00e7\u00e3o de alimenta\u00e7\u00e3o, com um ambiente requintado, valorizando a regi\u00e3o.<\/p>\n<p><strong>Servi\u00e7o<\/strong><br \/>\nChegada do Papai Noel<br \/>\nDia: 4 de novembro<br \/>\nLocal: \u00c1rea externa do shopping<br \/>\nDistribui\u00e7\u00e3o das pulseiras LED \u2013 a partir das 16h (subsolo)<br \/>\nBrinquedos, oficina tem\u00e1tica, pintura de rosto, pipoca e algod\u00e3o doce \u2013 a partir das 17h<br \/>\nPapai Noel \u2013 a partir das 18h30<br \/>\nShow de Luzes de Natal \u2013 19h<\/p>\n","protected":false},"excerpt":{"rendered":"<p>O Terra\u00e7o Shopping preparou um cen\u00e1rio encantador, trazendo para perto a magia do Natal por meio de uma ornamenta\u00e7\u00e3o in\u00e9dita, que remete \u00e0 conex\u00e3o com a natureza. Uma \u00e1rvore de Natal de vinte metros de altura, com mais de cem mil pontos de luz e m\u00fasicas natalinas, trar\u00e1 muito brilho para a entrada do shopping [&hellip;]<\/p>\n","protected":false},"author":2,"featured_media":315951,"comment_status":"closed","ping_status":"closed","sticky":false,"template":"","format":"standard","meta":{"_acf_changed":false,"footnotes":""},"categories":[161],"tags":[],"class_list":["post-315950","post","type-post","status-publish","format-standard","has-post-thumbnail","hentry","category-quadradinho-em-foco"],"acf":[],"yoast_head":"<!-- This site is optimized with the Yoast SEO plugin v27.2 - https:\/\/yoast.com\/product\/yoast-seo-wordpress\/ -->\n<title>Natal no Terra\u00e7o antecipa chegada de Papai Noel - Notibras<\/title>\n<meta name=\"robots\" content=\"index, follow, max-snippet:-1, max-image-preview:large, max-video-preview:-1\" \/>\n<link rel=\"canonical\" href=\"https:\/\/www.notibras.com\/site\/natal-no-terraco-antecipa-chegada-de-papai-noel\/\" \/>\n<meta property=\"og:locale\" content=\"pt_BR\" \/>\n<meta property=\"og:type\" content=\"article\" \/>\n<meta property=\"og:title\" content=\"Natal no Terra\u00e7o antecipa chegada de Papai Noel - Notibras\" \/>\n<meta property=\"og:description\" content=\"O Terra\u00e7o Shopping preparou um cen\u00e1rio encantador, trazendo para perto a magia do Natal por meio de uma ornamenta\u00e7\u00e3o in\u00e9dita, que remete \u00e0 conex\u00e3o com a natureza. Uma \u00e1rvore de Natal de vinte metros de altura, com mais de cem mil pontos de luz e m\u00fasicas natalinas, trar\u00e1 muito brilho para a entrada do shopping [&hellip;]\" \/>\n<meta property=\"og:url\" content=\"https:\/\/www.notibras.com\/site\/natal-no-terraco-antecipa-chegada-de-papai-noel\/\" \/>\n<meta property=\"og:site_name\" content=\"Notibras\" \/>\n<meta property=\"article:publisher\" content=\"https:\/\/www.facebook.com\/notibras\/\" \/>\n<meta property=\"article:published_time\" content=\"2023-11-02T03:38:24+00:00\" \/>\n<meta property=\"article:modified_time\" content=\"2023-11-02T08:39:08+00:00\" \/>\n<meta property=\"og:image\" content=\"https:\/\/www.notibras.com\/site\/wp-content\/uploads\/2023\/11\/TXF_1616-scaled.jpg\" \/>\n\t<meta property=\"og:image:width\" content=\"2560\" \/>\n\t<meta property=\"og:image:height\" content=\"1709\" \/>\n\t<meta property=\"og:image:type\" content=\"image\/jpeg\" \/>\n<meta name=\"author\" content=\"Reda\u00e7\u00e3o\" \/>\n<meta name=\"twitter:card\" content=\"summary_large_image\" \/>\n<meta name=\"twitter:creator\" content=\"@Notibras\" \/>\n<meta name=\"twitter:site\" content=\"@Notibras\" \/>\n<meta name=\"twitter:label1\" content=\"Escrito por\" \/>\n\t<meta name=\"twitter:data1\" content=\"Reda\u00e7\u00e3o\" \/>\n\t<meta name=\"twitter:label2\" content=\"Est. tempo de leitura\" \/>\n\t<meta name=\"twitter:data2\" content=\"4 minutos\" \/>\n<script type=\"application\/ld+json\" class=\"yoast-schema-graph\">{\"@context\":\"https:\/\/schema.org\",\"@graph\":[{\"@type\":\"Article\",\"@id\":\"https:\/\/www.notibras.com\/site\/natal-no-terraco-antecipa-chegada-de-papai-noel\/#article\",\"isPartOf\":{\"@id\":\"https:\/\/www.notibras.com\/site\/natal-no-terraco-antecipa-chegada-de-papai-noel\/\"},\"author\":{\"name\":\"Reda\u00e7\u00e3o\",\"@id\":\"https:\/\/www.notibras.com\/site\/#\/schema\/person\/36ab0979449956132d3e5b517ea76ac8\"},\"headline\":\"Natal no Terra\u00e7o antecipa chegada de Papai Noel\",\"datePublished\":\"2023-11-02T03:38:24+00:00\",\"dateModified\":\"2023-11-02T08:39:08+00:00\",\"mainEntityOfPage\":{\"@id\":\"https:\/\/www.notibras.com\/site\/natal-no-terraco-antecipa-chegada-de-papai-noel\/\"},\"wordCount\":637,\"publisher\":{\"@id\":\"https:\/\/www.notibras.com\/site\/#organization\"},\"image\":{\"@id\":\"https:\/\/www.notibras.com\/site\/natal-no-terraco-antecipa-chegada-de-papai-noel\/#primaryimage\"},\"thumbnailUrl\":\"https:\/\/www.notibras.com\/site\/wp-content\/uploads\/2023\/11\/TXF_1616-scaled.jpg\",\"articleSection\":[\"Quadradinho em Foco\"],\"inLanguage\":\"pt-BR\"},{\"@type\":\"WebPage\",\"@id\":\"https:\/\/www.notibras.com\/site\/natal-no-terraco-antecipa-chegada-de-papai-noel\/\",\"url\":\"https:\/\/www.notibras.com\/site\/natal-no-terraco-antecipa-chegada-de-papai-noel\/\",\"name\":\"Natal no Terra\u00e7o antecipa chegada de Papai Noel - Notibras\",\"isPartOf\":{\"@id\":\"https:\/\/www.notibras.com\/site\/#website\"},\"primaryImageOfPage\":{\"@id\":\"https:\/\/www.notibras.com\/site\/natal-no-terraco-antecipa-chegada-de-papai-noel\/#primaryimage\"},\"image\":{\"@id\":\"https:\/\/www.notibras.com\/site\/natal-no-terraco-antecipa-chegada-de-papai-noel\/#primaryimage\"},\"thumbnailUrl\":\"https:\/\/www.notibras.com\/site\/wp-content\/uploads\/2023\/11\/TXF_1616-scaled.jpg\",\"datePublished\":\"2023-11-02T03:38:24+00:00\",\"dateModified\":\"2023-11-02T08:39:08+00:00\",\"breadcrumb\":{\"@id\":\"https:\/\/www.notibras.com\/site\/natal-no-terraco-antecipa-chegada-de-papai-noel\/#breadcrumb\"},\"inLanguage\":\"pt-BR\",\"potentialAction\":[{\"@type\":\"ReadAction\",\"target\":[\"https:\/\/www.notibras.com\/site\/natal-no-terraco-antecipa-chegada-de-papai-noel\/\"]}]},{\"@type\":\"ImageObject\",\"inLanguage\":\"pt-BR\",\"@id\":\"https:\/\/www.notibras.com\/site\/natal-no-terraco-antecipa-chegada-de-papai-noel\/#primaryimage\",\"url\":\"https:\/\/www.notibras.com\/site\/wp-content\/uploads\/2023\/11\/TXF_1616-scaled.jpg\",\"contentUrl\":\"https:\/\/www.notibras.com\/site\/wp-content\/uploads\/2023\/11\/TXF_1616-scaled.jpg\",\"width\":2560,\"height\":1709},{\"@type\":\"BreadcrumbList\",\"@id\":\"https:\/\/www.notibras.com\/site\/natal-no-terraco-antecipa-chegada-de-papai-noel\/#breadcrumb\",\"itemListElement\":[{\"@type\":\"ListItem\",\"position\":1,\"name\":\"In\u00edcio\",\"item\":\"https:\/\/www.notibras.com\/site\/\"},{\"@type\":\"ListItem\",\"position\":2,\"name\":\"Natal no Terra\u00e7o antecipa chegada de Papai Noel\"}]},{\"@type\":\"WebSite\",\"@id\":\"https:\/\/www.notibras.com\/site\/#website\",\"url\":\"https:\/\/www.notibras.com\/site\/\",\"name\":\"Notibras\",\"description\":\"Not\u00edcias de Bras\u00edlia, do Brasil e do Mundo\",\"publisher\":{\"@id\":\"https:\/\/www.notibras.com\/site\/#organization\"},\"potentialAction\":[{\"@type\":\"SearchAction\",\"target\":{\"@type\":\"EntryPoint\",\"urlTemplate\":\"https:\/\/www.notibras.com\/site\/?s={search_term_string}\"},\"query-input\":{\"@type\":\"PropertyValueSpecification\",\"valueRequired\":true,\"valueName\":\"search_term_string\"}}],\"inLanguage\":\"pt-BR\"},{\"@type\":\"Organization\",\"@id\":\"https:\/\/www.notibras.com\/site\/#organization\",\"name\":\"Grupo Notibras de Comunica\u00e7\u00e3o\",\"url\":\"https:\/\/www.notibras.com\/site\/\",\"logo\":{\"@type\":\"ImageObject\",\"inLanguage\":\"pt-BR\",\"@id\":\"https:\/\/www.notibras.com\/site\/#\/schema\/logo\/image\/\",\"url\":\"https:\/\/www.notibras.com\/site\/wp-content\/uploads\/2023\/01\/notibras23.png\",\"contentUrl\":\"https:\/\/www.notibras.com\/site\/wp-content\/uploads\/2023\/01\/notibras23.png\",\"width\":350,\"height\":87,\"caption\":\"Grupo Notibras de Comunica\u00e7\u00e3o\"},\"image\":{\"@id\":\"https:\/\/www.notibras.com\/site\/#\/schema\/logo\/image\/\"},\"sameAs\":[\"https:\/\/www.facebook.com\/notibras\/\",\"https:\/\/x.com\/Notibras\",\"https:\/\/www.instagram.com\/notibras\/\"]},{\"@type\":\"Person\",\"@id\":\"https:\/\/www.notibras.com\/site\/#\/schema\/person\/36ab0979449956132d3e5b517ea76ac8\",\"name\":\"Reda\u00e7\u00e3o\",\"image\":{\"@type\":\"ImageObject\",\"inLanguage\":\"pt-BR\",\"@id\":\"https:\/\/secure.gravatar.com\/avatar\/e0a867bdedb85fd243eadf09663511f96fc81e0720a4a42581f334ad4303aa6b?s=96&d=mm&r=g\",\"url\":\"https:\/\/secure.gravatar.com\/avatar\/e0a867bdedb85fd243eadf09663511f96fc81e0720a4a42581f334ad4303aa6b?s=96&d=mm&r=g\",\"contentUrl\":\"https:\/\/secure.gravatar.com\/avatar\/e0a867bdedb85fd243eadf09663511f96fc81e0720a4a42581f334ad4303aa6b?s=96&d=mm&r=g\",\"caption\":\"Reda\u00e7\u00e3o\"}}]}<\/script>\n<!-- \/ Yoast SEO plugin. -->","yoast_head_json":{"title":"Natal no Terra\u00e7o antecipa chegada de Papai Noel - Notibras","robots":{"index":"index","follow":"follow","max-snippet":"max-snippet:-1","max-image-preview":"max-image-preview:large","max-video-preview":"max-video-preview:-1"},"canonical":"https:\/\/www.notibras.com\/site\/natal-no-terraco-antecipa-chegada-de-papai-noel\/","og_locale":"pt_BR","og_type":"article","og_title":"Natal no Terra\u00e7o antecipa chegada de Papai Noel - Notibras","og_description":"O Terra\u00e7o Shopping preparou um cen\u00e1rio encantador, trazendo para perto a magia do Natal por meio de uma ornamenta\u00e7\u00e3o in\u00e9dita, que remete \u00e0 conex\u00e3o com a natureza. Uma \u00e1rvore de Natal de vinte metros de altura, com mais de cem mil pontos de luz e m\u00fasicas natalinas, trar\u00e1 muito brilho para a entrada do shopping [&hellip;]","og_url":"https:\/\/www.notibras.com\/site\/natal-no-terraco-antecipa-chegada-de-papai-noel\/","og_site_name":"Notibras","article_publisher":"https:\/\/www.facebook.com\/notibras\/","article_published_time":"2023-11-02T03:38:24+00:00","article_modified_time":"2023-11-02T08:39:08+00:00","og_image":[{"width":2560,"height":1709,"url":"https:\/\/www.notibras.com\/site\/wp-content\/uploads\/2023\/11\/TXF_1616-scaled.jpg","type":"image\/jpeg"}],"author":"Reda\u00e7\u00e3o","twitter_card":"summary_large_image","twitter_creator":"@Notibras","twitter_site":"@Notibras","twitter_misc":{"Escrito por":"Reda\u00e7\u00e3o","Est. tempo de leitura":"4 minutos"},"schema":{"@context":"https:\/\/schema.org","@graph":[{"@type":"Article","@id":"https:\/\/www.notibras.com\/site\/natal-no-terraco-antecipa-chegada-de-papai-noel\/#article","isPartOf":{"@id":"https:\/\/www.notibras.com\/site\/natal-no-terraco-antecipa-chegada-de-papai-noel\/"},"author":{"name":"Reda\u00e7\u00e3o","@id":"https:\/\/www.notibras.com\/site\/#\/schema\/person\/36ab0979449956132d3e5b517ea76ac8"},"headline":"Natal no Terra\u00e7o antecipa chegada de Papai Noel","datePublished":"2023-11-02T03:38:24+00:00","dateModified":"2023-11-02T08:39:08+00:00","mainEntityOfPage":{"@id":"https:\/\/www.notibras.com\/site\/natal-no-terraco-antecipa-chegada-de-papai-noel\/"},"wordCount":637,"publisher":{"@id":"https:\/\/www.notibras.com\/site\/#organization"},"image":{"@id":"https:\/\/www.notibras.com\/site\/natal-no-terraco-antecipa-chegada-de-papai-noel\/#primaryimage"},"thumbnailUrl":"https:\/\/www.notibras.com\/site\/wp-content\/uploads\/2023\/11\/TXF_1616-scaled.jpg","articleSection":["Quadradinho em Foco"],"inLanguage":"pt-BR"},{"@type":"WebPage","@id":"https:\/\/www.notibras.com\/site\/natal-no-terraco-antecipa-chegada-de-papai-noel\/","url":"https:\/\/www.notibras.com\/site\/natal-no-terraco-antecipa-chegada-de-papai-noel\/","name":"Natal no Terra\u00e7o antecipa chegada de Papai Noel - Notibras","isPartOf":{"@id":"https:\/\/www.notibras.com\/site\/#website"},"primaryImageOfPage":{"@id":"https:\/\/www.notibras.com\/site\/natal-no-terraco-antecipa-chegada-de-papai-noel\/#primaryimage"},"image":{"@id":"https:\/\/www.notibras.com\/site\/natal-no-terraco-antecipa-chegada-de-papai-noel\/#primaryimage"},"thumbnailUrl":"https:\/\/www.notibras.com\/site\/wp-content\/uploads\/2023\/11\/TXF_1616-scaled.jpg","datePublished":"2023-11-02T03:38:24+00:00","dateModified":"2023-11-02T08:39:08+00:00","breadcrumb":{"@id":"https:\/\/www.notibras.com\/site\/natal-no-terraco-antecipa-chegada-de-papai-noel\/#breadcrumb"},"inLanguage":"pt-BR","potentialAction":[{"@type":"ReadAction","target":["https:\/\/www.notibras.com\/site\/natal-no-terraco-antecipa-chegada-de-papai-noel\/"]}]},{"@type":"ImageObject","inLanguage":"pt-BR","@id":"https:\/\/www.notibras.com\/site\/natal-no-terraco-antecipa-chegada-de-papai-noel\/#primaryimage","url":"https:\/\/www.notibras.com\/site\/wp-content\/uploads\/2023\/11\/TXF_1616-scaled.jpg","contentUrl":"https:\/\/www.notibras.com\/site\/wp-content\/uploads\/2023\/11\/TXF_1616-scaled.jpg","width":2560,"height":1709},{"@type":"BreadcrumbList","@id":"https:\/\/www.notibras.com\/site\/natal-no-terraco-antecipa-chegada-de-papai-noel\/#breadcrumb","itemListElement":[{"@type":"ListItem","position":1,"name":"In\u00edcio","item":"https:\/\/www.notibras.com\/site\/"},{"@type":"ListItem","position":2,"name":"Natal no Terra\u00e7o antecipa chegada de Papai Noel"}]},{"@type":"WebSite","@id":"https:\/\/www.notibras.com\/site\/#website","url":"https:\/\/www.notibras.com\/site\/","name":"Notibras","description":"Not\u00edcias de Bras\u00edlia, do Brasil e do Mundo","publisher":{"@id":"https:\/\/www.notibras.com\/site\/#organization"},"potentialAction":[{"@type":"SearchAction","target":{"@type":"EntryPoint","urlTemplate":"https:\/\/www.notibras.com\/site\/?s={search_term_string}"},"query-input":{"@type":"PropertyValueSpecification","valueRequired":true,"valueName":"search_term_string"}}],"inLanguage":"pt-BR"},{"@type":"Organization","@id":"https:\/\/www.notibras.com\/site\/#organization","name":"Grupo Notibras de Comunica\u00e7\u00e3o","url":"https:\/\/www.notibras.com\/site\/","logo":{"@type":"ImageObject","inLanguage":"pt-BR","@id":"https:\/\/www.notibras.com\/site\/#\/schema\/logo\/image\/","url":"https:\/\/www.notibras.com\/site\/wp-content\/uploads\/2023\/01\/notibras23.png","contentUrl":"https:\/\/www.notibras.com\/site\/wp-content\/uploads\/2023\/01\/notibras23.png","width":350,"height":87,"caption":"Grupo Notibras de Comunica\u00e7\u00e3o"},"image":{"@id":"https:\/\/www.notibras.com\/site\/#\/schema\/logo\/image\/"},"sameAs":["https:\/\/www.facebook.com\/notibras\/","https:\/\/x.com\/Notibras","https:\/\/www.instagram.com\/notibras\/"]},{"@type":"Person","@id":"https:\/\/www.notibras.com\/site\/#\/schema\/person\/36ab0979449956132d3e5b517ea76ac8","name":"Reda\u00e7\u00e3o","image":{"@type":"ImageObject","inLanguage":"pt-BR","@id":"https:\/\/secure.gravatar.com\/avatar\/e0a867bdedb85fd243eadf09663511f96fc81e0720a4a42581f334ad4303aa6b?s=96&d=mm&r=g","url":"https:\/\/secure.gravatar.com\/avatar\/e0a867bdedb85fd243eadf09663511f96fc81e0720a4a42581f334ad4303aa6b?s=96&d=mm&r=g","contentUrl":"https:\/\/secure.gravatar.com\/avatar\/e0a867bdedb85fd243eadf09663511f96fc81e0720a4a42581f334ad4303aa6b?s=96&d=mm&r=g","caption":"Reda\u00e7\u00e3o"}}]}},"amp_enabled":true,"_links":{"self":[{"href":"https:\/\/www.notibras.com\/site\/wp-json\/wp\/v2\/posts\/315950","targetHints":{"allow":["GET"]}}],"collection":[{"href":"https:\/\/www.notibras.com\/site\/wp-json\/wp\/v2\/posts"}],"about":[{"href":"https:\/\/www.notibras.com\/site\/wp-json\/wp\/v2\/types\/post"}],"author":[{"embeddable":true,"href":"https:\/\/www.notibras.com\/site\/wp-json\/wp\/v2\/users\/2"}],"replies":[{"embeddable":true,"href":"https:\/\/www.notibras.com\/site\/wp-json\/wp\/v2\/comments?post=315950"}],"version-history":[{"count":1,"href":"https:\/\/www.notibras.com\/site\/wp-json\/wp\/v2\/posts\/315950\/revisions"}],"predecessor-version":[{"id":315952,"href":"https:\/\/www.notibras.com\/site\/wp-json\/wp\/v2\/posts\/315950\/revisions\/315952"}],"wp:featuredmedia":[{"embeddable":true,"href":"https:\/\/www.notibras.com\/site\/wp-json\/wp\/v2\/media\/315951"}],"wp:attachment":[{"href":"https:\/\/www.notibras.com\/site\/wp-json\/wp\/v2\/media?parent=315950"}],"wp:term":[{"taxonomy":"category","embeddable":true,"href":"https:\/\/www.notibras.com\/site\/wp-json\/wp\/v2\/categories?post=315950"},{"taxonomy":"post_tag","embeddable":true,"href":"https:\/\/www.notibras.com\/site\/wp-json\/wp\/v2\/tags?post=315950"}],"curies":[{"name":"wp","href":"https:\/\/api.w.org\/{rel}","templated":true}]}}