{"id":315954,"date":"2023-11-02T00:00:29","date_gmt":"2023-11-02T03:00:29","guid":{"rendered":"https:\/\/www.notibras.com\/site\/?p=315954"},"modified":"2023-11-02T06:02:53","modified_gmt":"2023-11-02T09:02:53","slug":"campanha-novembro-azul-alerta-para-doencas-urologicas","status":"publish","type":"post","link":"https:\/\/www.notibras.com\/site\/campanha-novembro-azul-alerta-para-doencas-urologicas\/","title":{"rendered":"Campanha Novembro Azul alerta para doen\u00e7as urol\u00f3gicas"},"content":{"rendered":"<p>Para refor\u00e7ar a conscientiza\u00e7\u00e3o do homem sobre as doen\u00e7as urol\u00f3gicas e o perigo de um diagn\u00f3stico tardio, a Sociedade Brasileira de Urologia (SBU) come\u00e7ou o Novembro Azul. O objetivo \u00e9 elevar o n\u00edvel de informa\u00e7\u00e3o sobre os riscos que podem levar, por exemplo, a um c\u00e2ncer de pr\u00f3stata. Por meio do Portal da Urologia e das redes sociais, a SBU promover\u00e1 lives e divulgar\u00e1 v\u00eddeos.<\/p>\n<p>Como incentivo para os homens procurarem os cuidados com a sa\u00fade desde cedo, a entidade come\u00e7ou em setembro o #VemProUro. Na inten\u00e7\u00e3o de atrair o p\u00fablico mais jovem, o ator Guilherme Berenguer, 43 anos, \u00e9 o porta-voz da campanha Sa\u00fade tamb\u00e9m \u00e9 papo de homem. Ele gravou v\u00eddeos e fez fotos para o cartaz da campanha.<\/p>\n<p>A urologista Karin Jaeger Anzolch, uma das coordenadoras do Novembro Azul deste ano e idealizadora da pesquisa, disse que o ator foi escolhido por ser um homem mais jovem que j\u00e1 cuida da sa\u00fade<\/p>\n<p>\u201cVem trazer a mensagem de que, antes mesmo de surgirem os problemas de sa\u00fade, que sabidamente v\u00e3o se tornando mais prevalentes com o passar da idade, ele se engaje nos cuidados gerais e preventivos, incluindo a sa\u00fade prost\u00e1tica, at\u00e9 para poder usufruir da vida como ele mesmo deseja, com qualidade, longevidade, com menos medo e mais satisfa\u00e7\u00e3o em todas as esferas, incluindo a sexual, correndo menos \u2018atr\u00e1s do preju\u00edzo\u2019 e prevenindo mais doen\u00e7as\u201d, informou.<\/p>\n<p>A diferen\u00e7a de comportamento entre meninos e meninas adolescentes \u00e9 um ponto que precisa ser considerado. Conforme o presidente da SBU, Alfredo Canalini, as meninas v\u00e3o \u00e0s consultas 18 vezes mais que os meninos no Sistema \u00danico de Sa\u00fade (SUS) e, al\u00e9m disso, a vacina\u00e7\u00e3o contra o HPV teve mais \u00eaxito entre as meninas que em meninos.<\/p>\n<p>\u201cN\u00e3o \u00e9 s\u00f3 o c\u00e2ncer de pr\u00f3stata, porque a mulher n\u00e3o tem s\u00f3 c\u00e2ncer de mama como doen\u00e7a ginecol\u00f3gica, mas elas conhecem \u00fatero e sabem o que \u00e9 mioma de \u00fatero. No entanto, quando se v\u00ea que a quest\u00e3o de ser benigna a pr\u00f3stata \u00e9 conhecida apenas por 43% dos homens, ele n\u00e3o sabe coisas sobre o pr\u00f3prio organismo. A gente resolveu neste Novembro Azul aumentar o horizonte de atua\u00e7\u00e3o. O c\u00e2ncer de pr\u00f3stata \u00e9 importante, mas h\u00e1 outro fatores como a vacina\u00e7\u00e3o contra o HPV para os adolescentes. O que queremos \u00e9 que haja uma mudan\u00e7a no comportamento do homem\u201d, disse.<\/p>\n","protected":false},"excerpt":{"rendered":"<p>Para refor\u00e7ar a conscientiza\u00e7\u00e3o do homem sobre as doen\u00e7as urol\u00f3gicas e o perigo de um diagn\u00f3stico tardio, a Sociedade Brasileira de Urologia (SBU) come\u00e7ou o Novembro Azul. O objetivo \u00e9 elevar o n\u00edvel de informa\u00e7\u00e3o sobre os riscos que podem levar, por exemplo, a um c\u00e2ncer de pr\u00f3stata. Por meio do Portal da Urologia e [&hellip;]<\/p>\n","protected":false},"author":2,"featured_media":315955,"comment_status":"closed","ping_status":"closed","sticky":false,"template":"","format":"standard","meta":{"_acf_changed":false,"footnotes":""},"categories":[161],"tags":[],"class_list":["post-315954","post","type-post","status-publish","format-standard","has-post-thumbnail","hentry","category-quadradinho-em-foco"],"acf":[],"yoast_head":"<!-- This site is optimized with the Yoast SEO plugin v27.2 - https:\/\/yoast.com\/product\/yoast-seo-wordpress\/ -->\n<title>Campanha Novembro Azul alerta para doen\u00e7as urol\u00f3gicas - Notibras<\/title>\n<meta name=\"robots\" content=\"index, follow, max-snippet:-1, max-image-preview:large, max-video-preview:-1\" \/>\n<link rel=\"canonical\" href=\"https:\/\/www.notibras.com\/site\/campanha-novembro-azul-alerta-para-doencas-urologicas\/\" \/>\n<meta property=\"og:locale\" content=\"pt_BR\" \/>\n<meta property=\"og:type\" content=\"article\" \/>\n<meta property=\"og:title\" content=\"Campanha Novembro Azul alerta para doen\u00e7as urol\u00f3gicas - Notibras\" \/>\n<meta property=\"og:description\" content=\"Para refor\u00e7ar a conscientiza\u00e7\u00e3o do homem sobre as doen\u00e7as urol\u00f3gicas e o perigo de um diagn\u00f3stico tardio, a Sociedade Brasileira de Urologia (SBU) come\u00e7ou o Novembro Azul. O objetivo \u00e9 elevar o n\u00edvel de informa\u00e7\u00e3o sobre os riscos que podem levar, por exemplo, a um c\u00e2ncer de pr\u00f3stata. Por meio do Portal da Urologia e [&hellip;]\" \/>\n<meta property=\"og:url\" content=\"https:\/\/www.notibras.com\/site\/campanha-novembro-azul-alerta-para-doencas-urologicas\/\" \/>\n<meta property=\"og:site_name\" content=\"Notibras\" \/>\n<meta property=\"article:publisher\" content=\"https:\/\/www.facebook.com\/notibras\/\" \/>\n<meta property=\"article:published_time\" content=\"2023-11-02T03:00:29+00:00\" \/>\n<meta property=\"article:modified_time\" content=\"2023-11-02T09:02:53+00:00\" \/>\n<meta property=\"og:image\" content=\"https:\/\/www.notibras.com\/site\/wp-content\/uploads\/2023\/11\/pp.uru_.webp\" \/>\n\t<meta property=\"og:image:width\" content=\"1170\" \/>\n\t<meta property=\"og:image:height\" content=\"700\" \/>\n\t<meta property=\"og:image:type\" content=\"image\/webp\" \/>\n<meta name=\"author\" content=\"Reda\u00e7\u00e3o\" \/>\n<meta name=\"twitter:card\" content=\"summary_large_image\" \/>\n<meta name=\"twitter:creator\" content=\"@Notibras\" \/>\n<meta name=\"twitter:site\" content=\"@Notibras\" \/>\n<meta name=\"twitter:label1\" content=\"Escrito por\" \/>\n\t<meta name=\"twitter:data1\" content=\"Reda\u00e7\u00e3o\" \/>\n\t<meta name=\"twitter:label2\" content=\"Est. tempo de leitura\" \/>\n\t<meta name=\"twitter:data2\" content=\"3 minutos\" \/>\n<script type=\"application\/ld+json\" class=\"yoast-schema-graph\">{\"@context\":\"https:\/\/schema.org\",\"@graph\":[{\"@type\":\"Article\",\"@id\":\"https:\/\/www.notibras.com\/site\/campanha-novembro-azul-alerta-para-doencas-urologicas\/#article\",\"isPartOf\":{\"@id\":\"https:\/\/www.notibras.com\/site\/campanha-novembro-azul-alerta-para-doencas-urologicas\/\"},\"author\":{\"name\":\"Reda\u00e7\u00e3o\",\"@id\":\"https:\/\/www.notibras.com\/site\/#\/schema\/person\/36ab0979449956132d3e5b517ea76ac8\"},\"headline\":\"Campanha Novembro Azul alerta para doen\u00e7as urol\u00f3gicas\",\"datePublished\":\"2023-11-02T03:00:29+00:00\",\"dateModified\":\"2023-11-02T09:02:53+00:00\",\"mainEntityOfPage\":{\"@id\":\"https:\/\/www.notibras.com\/site\/campanha-novembro-azul-alerta-para-doencas-urologicas\/\"},\"wordCount\":433,\"publisher\":{\"@id\":\"https:\/\/www.notibras.com\/site\/#organization\"},\"image\":{\"@id\":\"https:\/\/www.notibras.com\/site\/campanha-novembro-azul-alerta-para-doencas-urologicas\/#primaryimage\"},\"thumbnailUrl\":\"https:\/\/www.notibras.com\/site\/wp-content\/uploads\/2023\/11\/pp.uru_.webp\",\"articleSection\":[\"Quadradinho em Foco\"],\"inLanguage\":\"pt-BR\"},{\"@type\":\"WebPage\",\"@id\":\"https:\/\/www.notibras.com\/site\/campanha-novembro-azul-alerta-para-doencas-urologicas\/\",\"url\":\"https:\/\/www.notibras.com\/site\/campanha-novembro-azul-alerta-para-doencas-urologicas\/\",\"name\":\"Campanha Novembro Azul alerta para doen\u00e7as urol\u00f3gicas - Notibras\",\"isPartOf\":{\"@id\":\"https:\/\/www.notibras.com\/site\/#website\"},\"primaryImageOfPage\":{\"@id\":\"https:\/\/www.notibras.com\/site\/campanha-novembro-azul-alerta-para-doencas-urologicas\/#primaryimage\"},\"image\":{\"@id\":\"https:\/\/www.notibras.com\/site\/campanha-novembro-azul-alerta-para-doencas-urologicas\/#primaryimage\"},\"thumbnailUrl\":\"https:\/\/www.notibras.com\/site\/wp-content\/uploads\/2023\/11\/pp.uru_.webp\",\"datePublished\":\"2023-11-02T03:00:29+00:00\",\"dateModified\":\"2023-11-02T09:02:53+00:00\",\"breadcrumb\":{\"@id\":\"https:\/\/www.notibras.com\/site\/campanha-novembro-azul-alerta-para-doencas-urologicas\/#breadcrumb\"},\"inLanguage\":\"pt-BR\",\"potentialAction\":[{\"@type\":\"ReadAction\",\"target\":[\"https:\/\/www.notibras.com\/site\/campanha-novembro-azul-alerta-para-doencas-urologicas\/\"]}]},{\"@type\":\"ImageObject\",\"inLanguage\":\"pt-BR\",\"@id\":\"https:\/\/www.notibras.com\/site\/campanha-novembro-azul-alerta-para-doencas-urologicas\/#primaryimage\",\"url\":\"https:\/\/www.notibras.com\/site\/wp-content\/uploads\/2023\/11\/pp.uru_.webp\",\"contentUrl\":\"https:\/\/www.notibras.com\/site\/wp-content\/uploads\/2023\/11\/pp.uru_.webp\",\"width\":1170,\"height\":700},{\"@type\":\"BreadcrumbList\",\"@id\":\"https:\/\/www.notibras.com\/site\/campanha-novembro-azul-alerta-para-doencas-urologicas\/#breadcrumb\",\"itemListElement\":[{\"@type\":\"ListItem\",\"position\":1,\"name\":\"In\u00edcio\",\"item\":\"https:\/\/www.notibras.com\/site\/\"},{\"@type\":\"ListItem\",\"position\":2,\"name\":\"Campanha Novembro Azul alerta para doen\u00e7as urol\u00f3gicas\"}]},{\"@type\":\"WebSite\",\"@id\":\"https:\/\/www.notibras.com\/site\/#website\",\"url\":\"https:\/\/www.notibras.com\/site\/\",\"name\":\"Notibras\",\"description\":\"Not\u00edcias de Bras\u00edlia, do Brasil e do Mundo\",\"publisher\":{\"@id\":\"https:\/\/www.notibras.com\/site\/#organization\"},\"potentialAction\":[{\"@type\":\"SearchAction\",\"target\":{\"@type\":\"EntryPoint\",\"urlTemplate\":\"https:\/\/www.notibras.com\/site\/?s={search_term_string}\"},\"query-input\":{\"@type\":\"PropertyValueSpecification\",\"valueRequired\":true,\"valueName\":\"search_term_string\"}}],\"inLanguage\":\"pt-BR\"},{\"@type\":\"Organization\",\"@id\":\"https:\/\/www.notibras.com\/site\/#organization\",\"name\":\"Grupo Notibras de Comunica\u00e7\u00e3o\",\"url\":\"https:\/\/www.notibras.com\/site\/\",\"logo\":{\"@type\":\"ImageObject\",\"inLanguage\":\"pt-BR\",\"@id\":\"https:\/\/www.notibras.com\/site\/#\/schema\/logo\/image\/\",\"url\":\"https:\/\/www.notibras.com\/site\/wp-content\/uploads\/2023\/01\/notibras23.png\",\"contentUrl\":\"https:\/\/www.notibras.com\/site\/wp-content\/uploads\/2023\/01\/notibras23.png\",\"width\":350,\"height\":87,\"caption\":\"Grupo Notibras de Comunica\u00e7\u00e3o\"},\"image\":{\"@id\":\"https:\/\/www.notibras.com\/site\/#\/schema\/logo\/image\/\"},\"sameAs\":[\"https:\/\/www.facebook.com\/notibras\/\",\"https:\/\/x.com\/Notibras\",\"https:\/\/www.instagram.com\/notibras\/\"]},{\"@type\":\"Person\",\"@id\":\"https:\/\/www.notibras.com\/site\/#\/schema\/person\/36ab0979449956132d3e5b517ea76ac8\",\"name\":\"Reda\u00e7\u00e3o\",\"image\":{\"@type\":\"ImageObject\",\"inLanguage\":\"pt-BR\",\"@id\":\"https:\/\/secure.gravatar.com\/avatar\/e0a867bdedb85fd243eadf09663511f96fc81e0720a4a42581f334ad4303aa6b?s=96&d=mm&r=g\",\"url\":\"https:\/\/secure.gravatar.com\/avatar\/e0a867bdedb85fd243eadf09663511f96fc81e0720a4a42581f334ad4303aa6b?s=96&d=mm&r=g\",\"contentUrl\":\"https:\/\/secure.gravatar.com\/avatar\/e0a867bdedb85fd243eadf09663511f96fc81e0720a4a42581f334ad4303aa6b?s=96&d=mm&r=g\",\"caption\":\"Reda\u00e7\u00e3o\"}}]}<\/script>\n<!-- \/ Yoast SEO plugin. -->","yoast_head_json":{"title":"Campanha Novembro Azul alerta para doen\u00e7as urol\u00f3gicas - Notibras","robots":{"index":"index","follow":"follow","max-snippet":"max-snippet:-1","max-image-preview":"max-image-preview:large","max-video-preview":"max-video-preview:-1"},"canonical":"https:\/\/www.notibras.com\/site\/campanha-novembro-azul-alerta-para-doencas-urologicas\/","og_locale":"pt_BR","og_type":"article","og_title":"Campanha Novembro Azul alerta para doen\u00e7as urol\u00f3gicas - Notibras","og_description":"Para refor\u00e7ar a conscientiza\u00e7\u00e3o do homem sobre as doen\u00e7as urol\u00f3gicas e o perigo de um diagn\u00f3stico tardio, a Sociedade Brasileira de Urologia (SBU) come\u00e7ou o Novembro Azul. O objetivo \u00e9 elevar o n\u00edvel de informa\u00e7\u00e3o sobre os riscos que podem levar, por exemplo, a um c\u00e2ncer de pr\u00f3stata. Por meio do Portal da Urologia e [&hellip;]","og_url":"https:\/\/www.notibras.com\/site\/campanha-novembro-azul-alerta-para-doencas-urologicas\/","og_site_name":"Notibras","article_publisher":"https:\/\/www.facebook.com\/notibras\/","article_published_time":"2023-11-02T03:00:29+00:00","article_modified_time":"2023-11-02T09:02:53+00:00","og_image":[{"width":1170,"height":700,"url":"https:\/\/www.notibras.com\/site\/wp-content\/uploads\/2023\/11\/pp.uru_.webp","type":"image\/webp"}],"author":"Reda\u00e7\u00e3o","twitter_card":"summary_large_image","twitter_creator":"@Notibras","twitter_site":"@Notibras","twitter_misc":{"Escrito por":"Reda\u00e7\u00e3o","Est. tempo de leitura":"3 minutos"},"schema":{"@context":"https:\/\/schema.org","@graph":[{"@type":"Article","@id":"https:\/\/www.notibras.com\/site\/campanha-novembro-azul-alerta-para-doencas-urologicas\/#article","isPartOf":{"@id":"https:\/\/www.notibras.com\/site\/campanha-novembro-azul-alerta-para-doencas-urologicas\/"},"author":{"name":"Reda\u00e7\u00e3o","@id":"https:\/\/www.notibras.com\/site\/#\/schema\/person\/36ab0979449956132d3e5b517ea76ac8"},"headline":"Campanha Novembro Azul alerta para doen\u00e7as urol\u00f3gicas","datePublished":"2023-11-02T03:00:29+00:00","dateModified":"2023-11-02T09:02:53+00:00","mainEntityOfPage":{"@id":"https:\/\/www.notibras.com\/site\/campanha-novembro-azul-alerta-para-doencas-urologicas\/"},"wordCount":433,"publisher":{"@id":"https:\/\/www.notibras.com\/site\/#organization"},"image":{"@id":"https:\/\/www.notibras.com\/site\/campanha-novembro-azul-alerta-para-doencas-urologicas\/#primaryimage"},"thumbnailUrl":"https:\/\/www.notibras.com\/site\/wp-content\/uploads\/2023\/11\/pp.uru_.webp","articleSection":["Quadradinho em Foco"],"inLanguage":"pt-BR"},{"@type":"WebPage","@id":"https:\/\/www.notibras.com\/site\/campanha-novembro-azul-alerta-para-doencas-urologicas\/","url":"https:\/\/www.notibras.com\/site\/campanha-novembro-azul-alerta-para-doencas-urologicas\/","name":"Campanha Novembro Azul alerta para doen\u00e7as urol\u00f3gicas - Notibras","isPartOf":{"@id":"https:\/\/www.notibras.com\/site\/#website"},"primaryImageOfPage":{"@id":"https:\/\/www.notibras.com\/site\/campanha-novembro-azul-alerta-para-doencas-urologicas\/#primaryimage"},"image":{"@id":"https:\/\/www.notibras.com\/site\/campanha-novembro-azul-alerta-para-doencas-urologicas\/#primaryimage"},"thumbnailUrl":"https:\/\/www.notibras.com\/site\/wp-content\/uploads\/2023\/11\/pp.uru_.webp","datePublished":"2023-11-02T03:00:29+00:00","dateModified":"2023-11-02T09:02:53+00:00","breadcrumb":{"@id":"https:\/\/www.notibras.com\/site\/campanha-novembro-azul-alerta-para-doencas-urologicas\/#breadcrumb"},"inLanguage":"pt-BR","potentialAction":[{"@type":"ReadAction","target":["https:\/\/www.notibras.com\/site\/campanha-novembro-azul-alerta-para-doencas-urologicas\/"]}]},{"@type":"ImageObject","inLanguage":"pt-BR","@id":"https:\/\/www.notibras.com\/site\/campanha-novembro-azul-alerta-para-doencas-urologicas\/#primaryimage","url":"https:\/\/www.notibras.com\/site\/wp-content\/uploads\/2023\/11\/pp.uru_.webp","contentUrl":"https:\/\/www.notibras.com\/site\/wp-content\/uploads\/2023\/11\/pp.uru_.webp","width":1170,"height":700},{"@type":"BreadcrumbList","@id":"https:\/\/www.notibras.com\/site\/campanha-novembro-azul-alerta-para-doencas-urologicas\/#breadcrumb","itemListElement":[{"@type":"ListItem","position":1,"name":"In\u00edcio","item":"https:\/\/www.notibras.com\/site\/"},{"@type":"ListItem","position":2,"name":"Campanha Novembro Azul alerta para doen\u00e7as urol\u00f3gicas"}]},{"@type":"WebSite","@id":"https:\/\/www.notibras.com\/site\/#website","url":"https:\/\/www.notibras.com\/site\/","name":"Notibras","description":"Not\u00edcias de Bras\u00edlia, do Brasil e do Mundo","publisher":{"@id":"https:\/\/www.notibras.com\/site\/#organization"},"potentialAction":[{"@type":"SearchAction","target":{"@type":"EntryPoint","urlTemplate":"https:\/\/www.notibras.com\/site\/?s={search_term_string}"},"query-input":{"@type":"PropertyValueSpecification","valueRequired":true,"valueName":"search_term_string"}}],"inLanguage":"pt-BR"},{"@type":"Organization","@id":"https:\/\/www.notibras.com\/site\/#organization","name":"Grupo Notibras de Comunica\u00e7\u00e3o","url":"https:\/\/www.notibras.com\/site\/","logo":{"@type":"ImageObject","inLanguage":"pt-BR","@id":"https:\/\/www.notibras.com\/site\/#\/schema\/logo\/image\/","url":"https:\/\/www.notibras.com\/site\/wp-content\/uploads\/2023\/01\/notibras23.png","contentUrl":"https:\/\/www.notibras.com\/site\/wp-content\/uploads\/2023\/01\/notibras23.png","width":350,"height":87,"caption":"Grupo Notibras de Comunica\u00e7\u00e3o"},"image":{"@id":"https:\/\/www.notibras.com\/site\/#\/schema\/logo\/image\/"},"sameAs":["https:\/\/www.facebook.com\/notibras\/","https:\/\/x.com\/Notibras","https:\/\/www.instagram.com\/notibras\/"]},{"@type":"Person","@id":"https:\/\/www.notibras.com\/site\/#\/schema\/person\/36ab0979449956132d3e5b517ea76ac8","name":"Reda\u00e7\u00e3o","image":{"@type":"ImageObject","inLanguage":"pt-BR","@id":"https:\/\/secure.gravatar.com\/avatar\/e0a867bdedb85fd243eadf09663511f96fc81e0720a4a42581f334ad4303aa6b?s=96&d=mm&r=g","url":"https:\/\/secure.gravatar.com\/avatar\/e0a867bdedb85fd243eadf09663511f96fc81e0720a4a42581f334ad4303aa6b?s=96&d=mm&r=g","contentUrl":"https:\/\/secure.gravatar.com\/avatar\/e0a867bdedb85fd243eadf09663511f96fc81e0720a4a42581f334ad4303aa6b?s=96&d=mm&r=g","caption":"Reda\u00e7\u00e3o"}}]}},"amp_enabled":true,"_links":{"self":[{"href":"https:\/\/www.notibras.com\/site\/wp-json\/wp\/v2\/posts\/315954","targetHints":{"allow":["GET"]}}],"collection":[{"href":"https:\/\/www.notibras.com\/site\/wp-json\/wp\/v2\/posts"}],"about":[{"href":"https:\/\/www.notibras.com\/site\/wp-json\/wp\/v2\/types\/post"}],"author":[{"embeddable":true,"href":"https:\/\/www.notibras.com\/site\/wp-json\/wp\/v2\/users\/2"}],"replies":[{"embeddable":true,"href":"https:\/\/www.notibras.com\/site\/wp-json\/wp\/v2\/comments?post=315954"}],"version-history":[{"count":1,"href":"https:\/\/www.notibras.com\/site\/wp-json\/wp\/v2\/posts\/315954\/revisions"}],"predecessor-version":[{"id":315956,"href":"https:\/\/www.notibras.com\/site\/wp-json\/wp\/v2\/posts\/315954\/revisions\/315956"}],"wp:featuredmedia":[{"embeddable":true,"href":"https:\/\/www.notibras.com\/site\/wp-json\/wp\/v2\/media\/315955"}],"wp:attachment":[{"href":"https:\/\/www.notibras.com\/site\/wp-json\/wp\/v2\/media?parent=315954"}],"wp:term":[{"taxonomy":"category","embeddable":true,"href":"https:\/\/www.notibras.com\/site\/wp-json\/wp\/v2\/categories?post=315954"},{"taxonomy":"post_tag","embeddable":true,"href":"https:\/\/www.notibras.com\/site\/wp-json\/wp\/v2\/tags?post=315954"}],"curies":[{"name":"wp","href":"https:\/\/api.w.org\/{rel}","templated":true}]}}