{"id":315961,"date":"2023-11-02T05:15:03","date_gmt":"2023-11-02T08:15:03","guid":{"rendered":"https:\/\/www.notibras.com\/site\/?p=315961"},"modified":"2023-11-02T06:17:37","modified_gmt":"2023-11-02T09:17:37","slug":"renegociacao-de-dividas-com-fies-tera-desconto-especial","status":"publish","type":"post","link":"https:\/\/www.notibras.com\/site\/renegociacao-de-dividas-com-fies-tera-desconto-especial\/","title":{"rendered":"Renegocia\u00e7\u00e3o de d\u00edvidas com Fies ter\u00e1 desconto especial"},"content":{"rendered":"<p>O ministro da Educa\u00e7\u00e3o, Camilo Santana, anunciou que estudantes beneficiados com o Fundo de Financiamento Estudantil (Fies) e que t\u00eam d\u00edvidas em atraso poder\u00e3o renegociar os d\u00e9bitos com at\u00e9 99% de desconto em juros e multas. Nesta quarta-feira, o presidente Luiz In\u00e1cio Lula da Silva sancionou a lei do Pacto Nacional pela Retomada de Obras Inacabadas que inclui a renegocia\u00e7\u00e3o de d\u00edvidas de estudantes inadimplentes.<\/p>\n<p>Atualmente, existem 1,2 milh\u00e3o de contratos inadimplentes no Fies, com saldo devedor de R$ 54 bilh\u00f5es.<\/p>\n<p>Em v\u00eddeo publicado pelo presidente Lula na rede social X, o ministro Camilo Santana diz que o Fies \u201cse burocratizou demais\u201d e anuncia que o governo estuda mudan\u00e7as no programa. \u201cEstamos discutindo como fazer uma mudan\u00e7a para o um novo Fies, um Fies mais social, [porque] transformaram o Fies num programa econ\u00f4mico. Na realidade, tem que ser um programa social, de dar oportunidade aos jovens terem acesso \u00e0 universidade\u201d, afirmou.<\/p>\n<p>No mesmo v\u00eddeo, Lula argumenta que, para o governo, o mais importante \u00e9 que as pessoas continuem a estudar. \u201cN\u00e3o tenha vergonha se voc\u00ea est\u00e1 devendo, porque n\u00e3o pode pagar ou porque algu\u00e9m prejudicou voc\u00ea\u201d, acrescentou o presidente.<\/p>\n<p><strong>Vantagens<\/strong><br \/>\nAs vantagens da renegocia\u00e7\u00e3o s\u00e3o para os estudantes com d\u00e9bitos vencidos e n\u00e3o pagos h\u00e1 mais de 90 dias em 30 de junho de 2023.<\/p>\n<p>A lei, aprovada pelo Congresso Nacional em outubro, traz ainda condi\u00e7\u00f5es mais favor\u00e1veis de amortiza\u00e7\u00e3o dos contratos celebrados at\u00e9 o fim de 2017.<\/p>\n<p>De acordo com o texto, os estudantes com d\u00e9bitos vencidos e n\u00e3o pagos h\u00e1 mais de 360 dias em 30 de junho de 2023, que estejam inscritos no Cadastro \u00danico (Cad\u00danico) ou que tenham sido benefici\u00e1rios do Aux\u00edlio Emergencial 2021, ter\u00e3o desconto de at\u00e9 99% do valor consolidado da d\u00edvida, inclusive o principal, por meio da liquida\u00e7\u00e3o integral do saldo devedor.<\/p>\n<p>Para aqueles que n\u00e3o se enquadram nessas condi\u00e7\u00f5es, mas ainda com d\u00e9bitos vencidos h\u00e1 mais de 360 dias em 30 de junho de 2023, e que queiram amortizar o contrato, o desconto ser\u00e1 de at\u00e9 77% do total da d\u00edvida.<\/p>\n","protected":false},"excerpt":{"rendered":"<p>O ministro da Educa\u00e7\u00e3o, Camilo Santana, anunciou que estudantes beneficiados com o Fundo de Financiamento Estudantil (Fies) e que t\u00eam d\u00edvidas em atraso poder\u00e3o renegociar os d\u00e9bitos com at\u00e9 99% de desconto em juros e multas. Nesta quarta-feira, o presidente Luiz In\u00e1cio Lula da Silva sancionou a lei do Pacto Nacional pela Retomada de Obras [&hellip;]<\/p>\n","protected":false},"author":2,"featured_media":124724,"comment_status":"closed","ping_status":"closed","sticky":false,"template":"","format":"standard","meta":{"_acf_changed":false,"footnotes":""},"categories":[161],"tags":[],"class_list":["post-315961","post","type-post","status-publish","format-standard","has-post-thumbnail","hentry","category-quadradinho-em-foco"],"acf":[],"yoast_head":"<!-- This site is optimized with the Yoast SEO plugin v27.2 - https:\/\/yoast.com\/product\/yoast-seo-wordpress\/ -->\n<title>Renegocia\u00e7\u00e3o de d\u00edvidas com Fies ter\u00e1 desconto especial - Notibras<\/title>\n<meta name=\"robots\" content=\"index, follow, max-snippet:-1, max-image-preview:large, max-video-preview:-1\" \/>\n<link rel=\"canonical\" href=\"https:\/\/www.notibras.com\/site\/renegociacao-de-dividas-com-fies-tera-desconto-especial\/\" \/>\n<meta property=\"og:locale\" content=\"pt_BR\" \/>\n<meta property=\"og:type\" content=\"article\" \/>\n<meta property=\"og:title\" content=\"Renegocia\u00e7\u00e3o de d\u00edvidas com Fies ter\u00e1 desconto especial - Notibras\" \/>\n<meta property=\"og:description\" content=\"O ministro da Educa\u00e7\u00e3o, Camilo Santana, anunciou que estudantes beneficiados com o Fundo de Financiamento Estudantil (Fies) e que t\u00eam d\u00edvidas em atraso poder\u00e3o renegociar os d\u00e9bitos com at\u00e9 99% de desconto em juros e multas. Nesta quarta-feira, o presidente Luiz In\u00e1cio Lula da Silva sancionou a lei do Pacto Nacional pela Retomada de Obras [&hellip;]\" \/>\n<meta property=\"og:url\" content=\"https:\/\/www.notibras.com\/site\/renegociacao-de-dividas-com-fies-tera-desconto-especial\/\" \/>\n<meta property=\"og:site_name\" content=\"Notibras\" \/>\n<meta property=\"article:publisher\" content=\"https:\/\/www.facebook.com\/notibras\/\" \/>\n<meta property=\"article:published_time\" content=\"2023-11-02T08:15:03+00:00\" \/>\n<meta property=\"article:modified_time\" content=\"2023-11-02T09:17:37+00:00\" \/>\n<meta property=\"og:image\" content=\"https:\/\/www.notibras.com\/site\/wp-content\/uploads\/2016\/12\/cadastro-FIES.jpg\" \/>\n\t<meta property=\"og:image:width\" content=\"960\" \/>\n\t<meta property=\"og:image:height\" content=\"640\" \/>\n\t<meta property=\"og:image:type\" content=\"image\/jpeg\" \/>\n<meta name=\"author\" content=\"Reda\u00e7\u00e3o\" \/>\n<meta name=\"twitter:card\" content=\"summary_large_image\" \/>\n<meta name=\"twitter:creator\" content=\"@Notibras\" \/>\n<meta name=\"twitter:site\" content=\"@Notibras\" \/>\n<meta name=\"twitter:label1\" content=\"Escrito por\" \/>\n\t<meta name=\"twitter:data1\" content=\"Reda\u00e7\u00e3o\" \/>\n\t<meta name=\"twitter:label2\" content=\"Est. tempo de leitura\" \/>\n\t<meta name=\"twitter:data2\" content=\"2 minutos\" \/>\n<script type=\"application\/ld+json\" class=\"yoast-schema-graph\">{\"@context\":\"https:\/\/schema.org\",\"@graph\":[{\"@type\":\"Article\",\"@id\":\"https:\/\/www.notibras.com\/site\/renegociacao-de-dividas-com-fies-tera-desconto-especial\/#article\",\"isPartOf\":{\"@id\":\"https:\/\/www.notibras.com\/site\/renegociacao-de-dividas-com-fies-tera-desconto-especial\/\"},\"author\":{\"name\":\"Reda\u00e7\u00e3o\",\"@id\":\"https:\/\/www.notibras.com\/site\/#\/schema\/person\/36ab0979449956132d3e5b517ea76ac8\"},\"headline\":\"Renegocia\u00e7\u00e3o de d\u00edvidas com Fies ter\u00e1 desconto especial\",\"datePublished\":\"2023-11-02T08:15:03+00:00\",\"dateModified\":\"2023-11-02T09:17:37+00:00\",\"mainEntityOfPage\":{\"@id\":\"https:\/\/www.notibras.com\/site\/renegociacao-de-dividas-com-fies-tera-desconto-especial\/\"},\"wordCount\":368,\"publisher\":{\"@id\":\"https:\/\/www.notibras.com\/site\/#organization\"},\"image\":{\"@id\":\"https:\/\/www.notibras.com\/site\/renegociacao-de-dividas-com-fies-tera-desconto-especial\/#primaryimage\"},\"thumbnailUrl\":\"https:\/\/www.notibras.com\/site\/wp-content\/uploads\/2016\/12\/cadastro-FIES.jpg\",\"articleSection\":[\"Quadradinho em Foco\"],\"inLanguage\":\"pt-BR\"},{\"@type\":\"WebPage\",\"@id\":\"https:\/\/www.notibras.com\/site\/renegociacao-de-dividas-com-fies-tera-desconto-especial\/\",\"url\":\"https:\/\/www.notibras.com\/site\/renegociacao-de-dividas-com-fies-tera-desconto-especial\/\",\"name\":\"Renegocia\u00e7\u00e3o de d\u00edvidas com Fies ter\u00e1 desconto especial - Notibras\",\"isPartOf\":{\"@id\":\"https:\/\/www.notibras.com\/site\/#website\"},\"primaryImageOfPage\":{\"@id\":\"https:\/\/www.notibras.com\/site\/renegociacao-de-dividas-com-fies-tera-desconto-especial\/#primaryimage\"},\"image\":{\"@id\":\"https:\/\/www.notibras.com\/site\/renegociacao-de-dividas-com-fies-tera-desconto-especial\/#primaryimage\"},\"thumbnailUrl\":\"https:\/\/www.notibras.com\/site\/wp-content\/uploads\/2016\/12\/cadastro-FIES.jpg\",\"datePublished\":\"2023-11-02T08:15:03+00:00\",\"dateModified\":\"2023-11-02T09:17:37+00:00\",\"breadcrumb\":{\"@id\":\"https:\/\/www.notibras.com\/site\/renegociacao-de-dividas-com-fies-tera-desconto-especial\/#breadcrumb\"},\"inLanguage\":\"pt-BR\",\"potentialAction\":[{\"@type\":\"ReadAction\",\"target\":[\"https:\/\/www.notibras.com\/site\/renegociacao-de-dividas-com-fies-tera-desconto-especial\/\"]}]},{\"@type\":\"ImageObject\",\"inLanguage\":\"pt-BR\",\"@id\":\"https:\/\/www.notibras.com\/site\/renegociacao-de-dividas-com-fies-tera-desconto-especial\/#primaryimage\",\"url\":\"https:\/\/www.notibras.com\/site\/wp-content\/uploads\/2016\/12\/cadastro-FIES.jpg\",\"contentUrl\":\"https:\/\/www.notibras.com\/site\/wp-content\/uploads\/2016\/12\/cadastro-FIES.jpg\",\"width\":960,\"height\":640},{\"@type\":\"BreadcrumbList\",\"@id\":\"https:\/\/www.notibras.com\/site\/renegociacao-de-dividas-com-fies-tera-desconto-especial\/#breadcrumb\",\"itemListElement\":[{\"@type\":\"ListItem\",\"position\":1,\"name\":\"In\u00edcio\",\"item\":\"https:\/\/www.notibras.com\/site\/\"},{\"@type\":\"ListItem\",\"position\":2,\"name\":\"Renegocia\u00e7\u00e3o de d\u00edvidas com Fies ter\u00e1 desconto especial\"}]},{\"@type\":\"WebSite\",\"@id\":\"https:\/\/www.notibras.com\/site\/#website\",\"url\":\"https:\/\/www.notibras.com\/site\/\",\"name\":\"Notibras\",\"description\":\"Not\u00edcias de Bras\u00edlia, do Brasil e do Mundo\",\"publisher\":{\"@id\":\"https:\/\/www.notibras.com\/site\/#organization\"},\"potentialAction\":[{\"@type\":\"SearchAction\",\"target\":{\"@type\":\"EntryPoint\",\"urlTemplate\":\"https:\/\/www.notibras.com\/site\/?s={search_term_string}\"},\"query-input\":{\"@type\":\"PropertyValueSpecification\",\"valueRequired\":true,\"valueName\":\"search_term_string\"}}],\"inLanguage\":\"pt-BR\"},{\"@type\":\"Organization\",\"@id\":\"https:\/\/www.notibras.com\/site\/#organization\",\"name\":\"Grupo Notibras de Comunica\u00e7\u00e3o\",\"url\":\"https:\/\/www.notibras.com\/site\/\",\"logo\":{\"@type\":\"ImageObject\",\"inLanguage\":\"pt-BR\",\"@id\":\"https:\/\/www.notibras.com\/site\/#\/schema\/logo\/image\/\",\"url\":\"https:\/\/www.notibras.com\/site\/wp-content\/uploads\/2023\/01\/notibras23.png\",\"contentUrl\":\"https:\/\/www.notibras.com\/site\/wp-content\/uploads\/2023\/01\/notibras23.png\",\"width\":350,\"height\":87,\"caption\":\"Grupo Notibras de Comunica\u00e7\u00e3o\"},\"image\":{\"@id\":\"https:\/\/www.notibras.com\/site\/#\/schema\/logo\/image\/\"},\"sameAs\":[\"https:\/\/www.facebook.com\/notibras\/\",\"https:\/\/x.com\/Notibras\",\"https:\/\/www.instagram.com\/notibras\/\"]},{\"@type\":\"Person\",\"@id\":\"https:\/\/www.notibras.com\/site\/#\/schema\/person\/36ab0979449956132d3e5b517ea76ac8\",\"name\":\"Reda\u00e7\u00e3o\",\"image\":{\"@type\":\"ImageObject\",\"inLanguage\":\"pt-BR\",\"@id\":\"https:\/\/secure.gravatar.com\/avatar\/e0a867bdedb85fd243eadf09663511f96fc81e0720a4a42581f334ad4303aa6b?s=96&d=mm&r=g\",\"url\":\"https:\/\/secure.gravatar.com\/avatar\/e0a867bdedb85fd243eadf09663511f96fc81e0720a4a42581f334ad4303aa6b?s=96&d=mm&r=g\",\"contentUrl\":\"https:\/\/secure.gravatar.com\/avatar\/e0a867bdedb85fd243eadf09663511f96fc81e0720a4a42581f334ad4303aa6b?s=96&d=mm&r=g\",\"caption\":\"Reda\u00e7\u00e3o\"}}]}<\/script>\n<!-- \/ Yoast SEO plugin. -->","yoast_head_json":{"title":"Renegocia\u00e7\u00e3o de d\u00edvidas com Fies ter\u00e1 desconto especial - Notibras","robots":{"index":"index","follow":"follow","max-snippet":"max-snippet:-1","max-image-preview":"max-image-preview:large","max-video-preview":"max-video-preview:-1"},"canonical":"https:\/\/www.notibras.com\/site\/renegociacao-de-dividas-com-fies-tera-desconto-especial\/","og_locale":"pt_BR","og_type":"article","og_title":"Renegocia\u00e7\u00e3o de d\u00edvidas com Fies ter\u00e1 desconto especial - Notibras","og_description":"O ministro da Educa\u00e7\u00e3o, Camilo Santana, anunciou que estudantes beneficiados com o Fundo de Financiamento Estudantil (Fies) e que t\u00eam d\u00edvidas em atraso poder\u00e3o renegociar os d\u00e9bitos com at\u00e9 99% de desconto em juros e multas. Nesta quarta-feira, o presidente Luiz In\u00e1cio Lula da Silva sancionou a lei do Pacto Nacional pela Retomada de Obras [&hellip;]","og_url":"https:\/\/www.notibras.com\/site\/renegociacao-de-dividas-com-fies-tera-desconto-especial\/","og_site_name":"Notibras","article_publisher":"https:\/\/www.facebook.com\/notibras\/","article_published_time":"2023-11-02T08:15:03+00:00","article_modified_time":"2023-11-02T09:17:37+00:00","og_image":[{"width":960,"height":640,"url":"https:\/\/www.notibras.com\/site\/wp-content\/uploads\/2016\/12\/cadastro-FIES.jpg","type":"image\/jpeg"}],"author":"Reda\u00e7\u00e3o","twitter_card":"summary_large_image","twitter_creator":"@Notibras","twitter_site":"@Notibras","twitter_misc":{"Escrito por":"Reda\u00e7\u00e3o","Est. tempo de leitura":"2 minutos"},"schema":{"@context":"https:\/\/schema.org","@graph":[{"@type":"Article","@id":"https:\/\/www.notibras.com\/site\/renegociacao-de-dividas-com-fies-tera-desconto-especial\/#article","isPartOf":{"@id":"https:\/\/www.notibras.com\/site\/renegociacao-de-dividas-com-fies-tera-desconto-especial\/"},"author":{"name":"Reda\u00e7\u00e3o","@id":"https:\/\/www.notibras.com\/site\/#\/schema\/person\/36ab0979449956132d3e5b517ea76ac8"},"headline":"Renegocia\u00e7\u00e3o de d\u00edvidas com Fies ter\u00e1 desconto especial","datePublished":"2023-11-02T08:15:03+00:00","dateModified":"2023-11-02T09:17:37+00:00","mainEntityOfPage":{"@id":"https:\/\/www.notibras.com\/site\/renegociacao-de-dividas-com-fies-tera-desconto-especial\/"},"wordCount":368,"publisher":{"@id":"https:\/\/www.notibras.com\/site\/#organization"},"image":{"@id":"https:\/\/www.notibras.com\/site\/renegociacao-de-dividas-com-fies-tera-desconto-especial\/#primaryimage"},"thumbnailUrl":"https:\/\/www.notibras.com\/site\/wp-content\/uploads\/2016\/12\/cadastro-FIES.jpg","articleSection":["Quadradinho em Foco"],"inLanguage":"pt-BR"},{"@type":"WebPage","@id":"https:\/\/www.notibras.com\/site\/renegociacao-de-dividas-com-fies-tera-desconto-especial\/","url":"https:\/\/www.notibras.com\/site\/renegociacao-de-dividas-com-fies-tera-desconto-especial\/","name":"Renegocia\u00e7\u00e3o de d\u00edvidas com Fies ter\u00e1 desconto especial - Notibras","isPartOf":{"@id":"https:\/\/www.notibras.com\/site\/#website"},"primaryImageOfPage":{"@id":"https:\/\/www.notibras.com\/site\/renegociacao-de-dividas-com-fies-tera-desconto-especial\/#primaryimage"},"image":{"@id":"https:\/\/www.notibras.com\/site\/renegociacao-de-dividas-com-fies-tera-desconto-especial\/#primaryimage"},"thumbnailUrl":"https:\/\/www.notibras.com\/site\/wp-content\/uploads\/2016\/12\/cadastro-FIES.jpg","datePublished":"2023-11-02T08:15:03+00:00","dateModified":"2023-11-02T09:17:37+00:00","breadcrumb":{"@id":"https:\/\/www.notibras.com\/site\/renegociacao-de-dividas-com-fies-tera-desconto-especial\/#breadcrumb"},"inLanguage":"pt-BR","potentialAction":[{"@type":"ReadAction","target":["https:\/\/www.notibras.com\/site\/renegociacao-de-dividas-com-fies-tera-desconto-especial\/"]}]},{"@type":"ImageObject","inLanguage":"pt-BR","@id":"https:\/\/www.notibras.com\/site\/renegociacao-de-dividas-com-fies-tera-desconto-especial\/#primaryimage","url":"https:\/\/www.notibras.com\/site\/wp-content\/uploads\/2016\/12\/cadastro-FIES.jpg","contentUrl":"https:\/\/www.notibras.com\/site\/wp-content\/uploads\/2016\/12\/cadastro-FIES.jpg","width":960,"height":640},{"@type":"BreadcrumbList","@id":"https:\/\/www.notibras.com\/site\/renegociacao-de-dividas-com-fies-tera-desconto-especial\/#breadcrumb","itemListElement":[{"@type":"ListItem","position":1,"name":"In\u00edcio","item":"https:\/\/www.notibras.com\/site\/"},{"@type":"ListItem","position":2,"name":"Renegocia\u00e7\u00e3o de d\u00edvidas com Fies ter\u00e1 desconto especial"}]},{"@type":"WebSite","@id":"https:\/\/www.notibras.com\/site\/#website","url":"https:\/\/www.notibras.com\/site\/","name":"Notibras","description":"Not\u00edcias de Bras\u00edlia, do Brasil e do Mundo","publisher":{"@id":"https:\/\/www.notibras.com\/site\/#organization"},"potentialAction":[{"@type":"SearchAction","target":{"@type":"EntryPoint","urlTemplate":"https:\/\/www.notibras.com\/site\/?s={search_term_string}"},"query-input":{"@type":"PropertyValueSpecification","valueRequired":true,"valueName":"search_term_string"}}],"inLanguage":"pt-BR"},{"@type":"Organization","@id":"https:\/\/www.notibras.com\/site\/#organization","name":"Grupo Notibras de Comunica\u00e7\u00e3o","url":"https:\/\/www.notibras.com\/site\/","logo":{"@type":"ImageObject","inLanguage":"pt-BR","@id":"https:\/\/www.notibras.com\/site\/#\/schema\/logo\/image\/","url":"https:\/\/www.notibras.com\/site\/wp-content\/uploads\/2023\/01\/notibras23.png","contentUrl":"https:\/\/www.notibras.com\/site\/wp-content\/uploads\/2023\/01\/notibras23.png","width":350,"height":87,"caption":"Grupo Notibras de Comunica\u00e7\u00e3o"},"image":{"@id":"https:\/\/www.notibras.com\/site\/#\/schema\/logo\/image\/"},"sameAs":["https:\/\/www.facebook.com\/notibras\/","https:\/\/x.com\/Notibras","https:\/\/www.instagram.com\/notibras\/"]},{"@type":"Person","@id":"https:\/\/www.notibras.com\/site\/#\/schema\/person\/36ab0979449956132d3e5b517ea76ac8","name":"Reda\u00e7\u00e3o","image":{"@type":"ImageObject","inLanguage":"pt-BR","@id":"https:\/\/secure.gravatar.com\/avatar\/e0a867bdedb85fd243eadf09663511f96fc81e0720a4a42581f334ad4303aa6b?s=96&d=mm&r=g","url":"https:\/\/secure.gravatar.com\/avatar\/e0a867bdedb85fd243eadf09663511f96fc81e0720a4a42581f334ad4303aa6b?s=96&d=mm&r=g","contentUrl":"https:\/\/secure.gravatar.com\/avatar\/e0a867bdedb85fd243eadf09663511f96fc81e0720a4a42581f334ad4303aa6b?s=96&d=mm&r=g","caption":"Reda\u00e7\u00e3o"}}]}},"amp_enabled":true,"_links":{"self":[{"href":"https:\/\/www.notibras.com\/site\/wp-json\/wp\/v2\/posts\/315961","targetHints":{"allow":["GET"]}}],"collection":[{"href":"https:\/\/www.notibras.com\/site\/wp-json\/wp\/v2\/posts"}],"about":[{"href":"https:\/\/www.notibras.com\/site\/wp-json\/wp\/v2\/types\/post"}],"author":[{"embeddable":true,"href":"https:\/\/www.notibras.com\/site\/wp-json\/wp\/v2\/users\/2"}],"replies":[{"embeddable":true,"href":"https:\/\/www.notibras.com\/site\/wp-json\/wp\/v2\/comments?post=315961"}],"version-history":[{"count":1,"href":"https:\/\/www.notibras.com\/site\/wp-json\/wp\/v2\/posts\/315961\/revisions"}],"predecessor-version":[{"id":315962,"href":"https:\/\/www.notibras.com\/site\/wp-json\/wp\/v2\/posts\/315961\/revisions\/315962"}],"wp:featuredmedia":[{"embeddable":true,"href":"https:\/\/www.notibras.com\/site\/wp-json\/wp\/v2\/media\/124724"}],"wp:attachment":[{"href":"https:\/\/www.notibras.com\/site\/wp-json\/wp\/v2\/media?parent=315961"}],"wp:term":[{"taxonomy":"category","embeddable":true,"href":"https:\/\/www.notibras.com\/site\/wp-json\/wp\/v2\/categories?post=315961"},{"taxonomy":"post_tag","embeddable":true,"href":"https:\/\/www.notibras.com\/site\/wp-json\/wp\/v2\/tags?post=315961"}],"curies":[{"name":"wp","href":"https:\/\/api.w.org\/{rel}","templated":true}]}}