{"id":316047,"date":"2023-11-03T00:00:11","date_gmt":"2023-11-03T03:00:11","guid":{"rendered":"https:\/\/www.notibras.com\/site\/?p=316047"},"modified":"2023-11-03T11:30:22","modified_gmt":"2023-11-03T14:30:22","slug":"voo-com-repatriados-da-cisjordania-pousa-no-aeroporto-jk","status":"publish","type":"post","link":"https:\/\/www.notibras.com\/site\/voo-com-repatriados-da-cisjordania-pousa-no-aeroporto-jk\/","title":{"rendered":"Voo com repatriados da Cisjord\u00e2nia pousa no Aeroporto JK"},"content":{"rendered":"<p>A aeronave VC2 (Embraer 190) da Presid\u00eancia da Rep\u00fablica pousou em Bras\u00edlia nesta quinta-feira (2), trazendo 26 pessoas que estavam na Cisjord\u00e2nia, pela Opera\u00e7\u00e3o Voltando em Paz, do governo do Brasil. O voo saiu de Aman, na Jord\u00e2nia, e teve escalas em Roma, Las Palmas e Recife, antes de ser finalizado no Aeroporto JK. N\u00e3o se sabe quando ser\u00e3o repatriados os brasileiros cercados em Gaza pelo ex\u00e9rcito de Israel.<\/p>\n<p>Ao todo, o voo repatriou 30 brasileiros, al\u00e9m de uma jordaniana e um palestino, ambos casados com brasileiros. Em uma escala, por volta de 5h35 da manh\u00e3, no Recife (PE), desembarcaram seis deles. Entre os viajantes est\u00e3o seis idosos, 11 crian\u00e7as e dois cadeirantes.<\/p>\n<p>De acordo com a For\u00e7a A\u00e9rea Brasileira (FAB), apenas um passageiro ter\u00e1 como destino final a capital federal. Os demais seguir\u00e3o para outras cidades brasileiras, em vaga cedidas em voos disponibilizados pela Azul Linhas A\u00e9reas, com destino a Goi\u00e2nia (GO), Foz do Igua\u00e7u (PR), S\u00e3o Paulo, Rio de Janeiro, Curitiba(PR), Porto Alegre (RS).<\/p>\n<p>J\u00e1 sa\u00edram do Brasil dez avi\u00f5es pela opera\u00e7\u00e3o. E o voo que chega a Bras\u00edlia nesta quinta-feira \u00e9 o nono que retorna. O avi\u00e3o que trouxe os brasileiros de hoje \u00e9 o mesmo que tinha viajado em 12 de outubro para o Egito, onde esperava a libera\u00e7\u00e3o dos brasileiros que est\u00e3o na Faixa de Gaza.<\/p>\n<p>Um avi\u00e3o, do mesmo modelo VC2, continua no Egito esperando os repatriados de Gaza, que dependem de libera\u00e7\u00e3o para passar pelo port\u00e3o de Rafah, na fronteira com Israel. Essa aeronave que aguarda no pa\u00eds africano \u00e9 a mesma que na segunda-feira (30) levou quase duas toneladas de alimentos doados pelo governo federal,<\/p>\n<p>Desde 10 de outubro, 1.445 pessoas deixaram Israel e a Cisjord\u00e2nia em nove voos da For\u00e7a A\u00e9rea Brasileira (FAB), pela Opera\u00e7\u00e3o Voltando em Paz.<\/p>\n<p>Em publica\u00e7\u00e3o na rede social X, antigo Twitter, o presidente Luiz In\u00e1cio Lula da Silva comemorou a conclus\u00e3o de mais uma etapa da Opera\u00e7\u00e3o Voltando em Paz e destacou os esfor\u00e7os do governo brasileiro em busca de um cessar-fogo na regi\u00e3o.<\/p>\n<p>&#8220;Os passageiros que estavam na Cisjord\u00e2nia, na Palestina, foram repatriados e j\u00e1 est\u00e3o em solo brasileiro. Os esfor\u00e7os do governo federal continuam para trazer os brasileiros que est\u00e3o na Faixa de Gaza, bem como para que o cessar-fogo aconte\u00e7a de um vez por todas.&#8221;<\/p>\n","protected":false},"excerpt":{"rendered":"<p>A aeronave VC2 (Embraer 190) da Presid\u00eancia da Rep\u00fablica pousou em Bras\u00edlia nesta quinta-feira (2), trazendo 26 pessoas que estavam na Cisjord\u00e2nia, pela Opera\u00e7\u00e3o Voltando em Paz, do governo do Brasil. O voo saiu de Aman, na Jord\u00e2nia, e teve escalas em Roma, Las Palmas e Recife, antes de ser finalizado no Aeroporto JK. N\u00e3o [&hellip;]<\/p>\n","protected":false},"author":2,"featured_media":316048,"comment_status":"closed","ping_status":"closed","sticky":false,"template":"","format":"standard","meta":{"_acf_changed":false,"footnotes":""},"categories":[161],"tags":[],"class_list":["post-316047","post","type-post","status-publish","format-standard","has-post-thumbnail","hentry","category-quadradinho-em-foco"],"acf":[],"yoast_head":"<!-- This site is optimized with the Yoast SEO plugin v27.2 - https:\/\/yoast.com\/product\/yoast-seo-wordpress\/ -->\n<title>Voo com repatriados da Cisjord\u00e2nia pousa no Aeroporto JK - Notibras<\/title>\n<meta name=\"robots\" content=\"index, follow, max-snippet:-1, max-image-preview:large, max-video-preview:-1\" \/>\n<link rel=\"canonical\" href=\"https:\/\/www.notibras.com\/site\/voo-com-repatriados-da-cisjordania-pousa-no-aeroporto-jk\/\" \/>\n<meta property=\"og:locale\" content=\"pt_BR\" \/>\n<meta property=\"og:type\" content=\"article\" \/>\n<meta property=\"og:title\" content=\"Voo com repatriados da Cisjord\u00e2nia pousa no Aeroporto JK - Notibras\" \/>\n<meta property=\"og:description\" content=\"A aeronave VC2 (Embraer 190) da Presid\u00eancia da Rep\u00fablica pousou em Bras\u00edlia nesta quinta-feira (2), trazendo 26 pessoas que estavam na Cisjord\u00e2nia, pela Opera\u00e7\u00e3o Voltando em Paz, do governo do Brasil. O voo saiu de Aman, na Jord\u00e2nia, e teve escalas em Roma, Las Palmas e Recife, antes de ser finalizado no Aeroporto JK. N\u00e3o [&hellip;]\" \/>\n<meta property=\"og:url\" content=\"https:\/\/www.notibras.com\/site\/voo-com-repatriados-da-cisjordania-pousa-no-aeroporto-jk\/\" \/>\n<meta property=\"og:site_name\" content=\"Notibras\" \/>\n<meta property=\"article:publisher\" content=\"https:\/\/www.facebook.com\/notibras\/\" \/>\n<meta property=\"article:published_time\" content=\"2023-11-03T03:00:11+00:00\" \/>\n<meta property=\"article:modified_time\" content=\"2023-11-03T14:30:22+00:00\" \/>\n<meta property=\"og:image\" content=\"https:\/\/www.notibras.com\/site\/wp-content\/uploads\/2023\/11\/br.gaza_.webp\" \/>\n\t<meta property=\"og:image:width\" content=\"1170\" \/>\n\t<meta property=\"og:image:height\" content=\"700\" \/>\n\t<meta property=\"og:image:type\" content=\"image\/webp\" \/>\n<meta name=\"author\" content=\"Reda\u00e7\u00e3o\" \/>\n<meta name=\"twitter:card\" content=\"summary_large_image\" \/>\n<meta name=\"twitter:creator\" content=\"@Notibras\" \/>\n<meta name=\"twitter:site\" content=\"@Notibras\" \/>\n<meta name=\"twitter:label1\" content=\"Escrito por\" \/>\n\t<meta name=\"twitter:data1\" content=\"Reda\u00e7\u00e3o\" \/>\n\t<meta name=\"twitter:label2\" content=\"Est. tempo de leitura\" \/>\n\t<meta name=\"twitter:data2\" content=\"3 minutos\" \/>\n<script type=\"application\/ld+json\" class=\"yoast-schema-graph\">{\"@context\":\"https:\/\/schema.org\",\"@graph\":[{\"@type\":\"Article\",\"@id\":\"https:\/\/www.notibras.com\/site\/voo-com-repatriados-da-cisjordania-pousa-no-aeroporto-jk\/#article\",\"isPartOf\":{\"@id\":\"https:\/\/www.notibras.com\/site\/voo-com-repatriados-da-cisjordania-pousa-no-aeroporto-jk\/\"},\"author\":{\"name\":\"Reda\u00e7\u00e3o\",\"@id\":\"https:\/\/www.notibras.com\/site\/#\/schema\/person\/36ab0979449956132d3e5b517ea76ac8\"},\"headline\":\"Voo com repatriados da Cisjord\u00e2nia pousa no Aeroporto JK\",\"datePublished\":\"2023-11-03T03:00:11+00:00\",\"dateModified\":\"2023-11-03T14:30:22+00:00\",\"mainEntityOfPage\":{\"@id\":\"https:\/\/www.notibras.com\/site\/voo-com-repatriados-da-cisjordania-pousa-no-aeroporto-jk\/\"},\"wordCount\":426,\"publisher\":{\"@id\":\"https:\/\/www.notibras.com\/site\/#organization\"},\"image\":{\"@id\":\"https:\/\/www.notibras.com\/site\/voo-com-repatriados-da-cisjordania-pousa-no-aeroporto-jk\/#primaryimage\"},\"thumbnailUrl\":\"https:\/\/www.notibras.com\/site\/wp-content\/uploads\/2023\/11\/br.gaza_.webp\",\"articleSection\":[\"Quadradinho em Foco\"],\"inLanguage\":\"pt-BR\"},{\"@type\":\"WebPage\",\"@id\":\"https:\/\/www.notibras.com\/site\/voo-com-repatriados-da-cisjordania-pousa-no-aeroporto-jk\/\",\"url\":\"https:\/\/www.notibras.com\/site\/voo-com-repatriados-da-cisjordania-pousa-no-aeroporto-jk\/\",\"name\":\"Voo com repatriados da Cisjord\u00e2nia pousa no Aeroporto JK - Notibras\",\"isPartOf\":{\"@id\":\"https:\/\/www.notibras.com\/site\/#website\"},\"primaryImageOfPage\":{\"@id\":\"https:\/\/www.notibras.com\/site\/voo-com-repatriados-da-cisjordania-pousa-no-aeroporto-jk\/#primaryimage\"},\"image\":{\"@id\":\"https:\/\/www.notibras.com\/site\/voo-com-repatriados-da-cisjordania-pousa-no-aeroporto-jk\/#primaryimage\"},\"thumbnailUrl\":\"https:\/\/www.notibras.com\/site\/wp-content\/uploads\/2023\/11\/br.gaza_.webp\",\"datePublished\":\"2023-11-03T03:00:11+00:00\",\"dateModified\":\"2023-11-03T14:30:22+00:00\",\"breadcrumb\":{\"@id\":\"https:\/\/www.notibras.com\/site\/voo-com-repatriados-da-cisjordania-pousa-no-aeroporto-jk\/#breadcrumb\"},\"inLanguage\":\"pt-BR\",\"potentialAction\":[{\"@type\":\"ReadAction\",\"target\":[\"https:\/\/www.notibras.com\/site\/voo-com-repatriados-da-cisjordania-pousa-no-aeroporto-jk\/\"]}]},{\"@type\":\"ImageObject\",\"inLanguage\":\"pt-BR\",\"@id\":\"https:\/\/www.notibras.com\/site\/voo-com-repatriados-da-cisjordania-pousa-no-aeroporto-jk\/#primaryimage\",\"url\":\"https:\/\/www.notibras.com\/site\/wp-content\/uploads\/2023\/11\/br.gaza_.webp\",\"contentUrl\":\"https:\/\/www.notibras.com\/site\/wp-content\/uploads\/2023\/11\/br.gaza_.webp\",\"width\":1170,\"height\":700},{\"@type\":\"BreadcrumbList\",\"@id\":\"https:\/\/www.notibras.com\/site\/voo-com-repatriados-da-cisjordania-pousa-no-aeroporto-jk\/#breadcrumb\",\"itemListElement\":[{\"@type\":\"ListItem\",\"position\":1,\"name\":\"In\u00edcio\",\"item\":\"https:\/\/www.notibras.com\/site\/\"},{\"@type\":\"ListItem\",\"position\":2,\"name\":\"Voo com repatriados da Cisjord\u00e2nia pousa no Aeroporto JK\"}]},{\"@type\":\"WebSite\",\"@id\":\"https:\/\/www.notibras.com\/site\/#website\",\"url\":\"https:\/\/www.notibras.com\/site\/\",\"name\":\"Notibras\",\"description\":\"Not\u00edcias de Bras\u00edlia, do Brasil e do Mundo\",\"publisher\":{\"@id\":\"https:\/\/www.notibras.com\/site\/#organization\"},\"potentialAction\":[{\"@type\":\"SearchAction\",\"target\":{\"@type\":\"EntryPoint\",\"urlTemplate\":\"https:\/\/www.notibras.com\/site\/?s={search_term_string}\"},\"query-input\":{\"@type\":\"PropertyValueSpecification\",\"valueRequired\":true,\"valueName\":\"search_term_string\"}}],\"inLanguage\":\"pt-BR\"},{\"@type\":\"Organization\",\"@id\":\"https:\/\/www.notibras.com\/site\/#organization\",\"name\":\"Grupo Notibras de Comunica\u00e7\u00e3o\",\"url\":\"https:\/\/www.notibras.com\/site\/\",\"logo\":{\"@type\":\"ImageObject\",\"inLanguage\":\"pt-BR\",\"@id\":\"https:\/\/www.notibras.com\/site\/#\/schema\/logo\/image\/\",\"url\":\"https:\/\/www.notibras.com\/site\/wp-content\/uploads\/2023\/01\/notibras23.png\",\"contentUrl\":\"https:\/\/www.notibras.com\/site\/wp-content\/uploads\/2023\/01\/notibras23.png\",\"width\":350,\"height\":87,\"caption\":\"Grupo Notibras de Comunica\u00e7\u00e3o\"},\"image\":{\"@id\":\"https:\/\/www.notibras.com\/site\/#\/schema\/logo\/image\/\"},\"sameAs\":[\"https:\/\/www.facebook.com\/notibras\/\",\"https:\/\/x.com\/Notibras\",\"https:\/\/www.instagram.com\/notibras\/\"]},{\"@type\":\"Person\",\"@id\":\"https:\/\/www.notibras.com\/site\/#\/schema\/person\/36ab0979449956132d3e5b517ea76ac8\",\"name\":\"Reda\u00e7\u00e3o\",\"image\":{\"@type\":\"ImageObject\",\"inLanguage\":\"pt-BR\",\"@id\":\"https:\/\/secure.gravatar.com\/avatar\/e0a867bdedb85fd243eadf09663511f96fc81e0720a4a42581f334ad4303aa6b?s=96&d=mm&r=g\",\"url\":\"https:\/\/secure.gravatar.com\/avatar\/e0a867bdedb85fd243eadf09663511f96fc81e0720a4a42581f334ad4303aa6b?s=96&d=mm&r=g\",\"contentUrl\":\"https:\/\/secure.gravatar.com\/avatar\/e0a867bdedb85fd243eadf09663511f96fc81e0720a4a42581f334ad4303aa6b?s=96&d=mm&r=g\",\"caption\":\"Reda\u00e7\u00e3o\"}}]}<\/script>\n<!-- \/ Yoast SEO plugin. -->","yoast_head_json":{"title":"Voo com repatriados da Cisjord\u00e2nia pousa no Aeroporto JK - Notibras","robots":{"index":"index","follow":"follow","max-snippet":"max-snippet:-1","max-image-preview":"max-image-preview:large","max-video-preview":"max-video-preview:-1"},"canonical":"https:\/\/www.notibras.com\/site\/voo-com-repatriados-da-cisjordania-pousa-no-aeroporto-jk\/","og_locale":"pt_BR","og_type":"article","og_title":"Voo com repatriados da Cisjord\u00e2nia pousa no Aeroporto JK - Notibras","og_description":"A aeronave VC2 (Embraer 190) da Presid\u00eancia da Rep\u00fablica pousou em Bras\u00edlia nesta quinta-feira (2), trazendo 26 pessoas que estavam na Cisjord\u00e2nia, pela Opera\u00e7\u00e3o Voltando em Paz, do governo do Brasil. O voo saiu de Aman, na Jord\u00e2nia, e teve escalas em Roma, Las Palmas e Recife, antes de ser finalizado no Aeroporto JK. N\u00e3o [&hellip;]","og_url":"https:\/\/www.notibras.com\/site\/voo-com-repatriados-da-cisjordania-pousa-no-aeroporto-jk\/","og_site_name":"Notibras","article_publisher":"https:\/\/www.facebook.com\/notibras\/","article_published_time":"2023-11-03T03:00:11+00:00","article_modified_time":"2023-11-03T14:30:22+00:00","og_image":[{"width":1170,"height":700,"url":"https:\/\/www.notibras.com\/site\/wp-content\/uploads\/2023\/11\/br.gaza_.webp","type":"image\/webp"}],"author":"Reda\u00e7\u00e3o","twitter_card":"summary_large_image","twitter_creator":"@Notibras","twitter_site":"@Notibras","twitter_misc":{"Escrito por":"Reda\u00e7\u00e3o","Est. tempo de leitura":"3 minutos"},"schema":{"@context":"https:\/\/schema.org","@graph":[{"@type":"Article","@id":"https:\/\/www.notibras.com\/site\/voo-com-repatriados-da-cisjordania-pousa-no-aeroporto-jk\/#article","isPartOf":{"@id":"https:\/\/www.notibras.com\/site\/voo-com-repatriados-da-cisjordania-pousa-no-aeroporto-jk\/"},"author":{"name":"Reda\u00e7\u00e3o","@id":"https:\/\/www.notibras.com\/site\/#\/schema\/person\/36ab0979449956132d3e5b517ea76ac8"},"headline":"Voo com repatriados da Cisjord\u00e2nia pousa no Aeroporto JK","datePublished":"2023-11-03T03:00:11+00:00","dateModified":"2023-11-03T14:30:22+00:00","mainEntityOfPage":{"@id":"https:\/\/www.notibras.com\/site\/voo-com-repatriados-da-cisjordania-pousa-no-aeroporto-jk\/"},"wordCount":426,"publisher":{"@id":"https:\/\/www.notibras.com\/site\/#organization"},"image":{"@id":"https:\/\/www.notibras.com\/site\/voo-com-repatriados-da-cisjordania-pousa-no-aeroporto-jk\/#primaryimage"},"thumbnailUrl":"https:\/\/www.notibras.com\/site\/wp-content\/uploads\/2023\/11\/br.gaza_.webp","articleSection":["Quadradinho em Foco"],"inLanguage":"pt-BR"},{"@type":"WebPage","@id":"https:\/\/www.notibras.com\/site\/voo-com-repatriados-da-cisjordania-pousa-no-aeroporto-jk\/","url":"https:\/\/www.notibras.com\/site\/voo-com-repatriados-da-cisjordania-pousa-no-aeroporto-jk\/","name":"Voo com repatriados da Cisjord\u00e2nia pousa no Aeroporto JK - Notibras","isPartOf":{"@id":"https:\/\/www.notibras.com\/site\/#website"},"primaryImageOfPage":{"@id":"https:\/\/www.notibras.com\/site\/voo-com-repatriados-da-cisjordania-pousa-no-aeroporto-jk\/#primaryimage"},"image":{"@id":"https:\/\/www.notibras.com\/site\/voo-com-repatriados-da-cisjordania-pousa-no-aeroporto-jk\/#primaryimage"},"thumbnailUrl":"https:\/\/www.notibras.com\/site\/wp-content\/uploads\/2023\/11\/br.gaza_.webp","datePublished":"2023-11-03T03:00:11+00:00","dateModified":"2023-11-03T14:30:22+00:00","breadcrumb":{"@id":"https:\/\/www.notibras.com\/site\/voo-com-repatriados-da-cisjordania-pousa-no-aeroporto-jk\/#breadcrumb"},"inLanguage":"pt-BR","potentialAction":[{"@type":"ReadAction","target":["https:\/\/www.notibras.com\/site\/voo-com-repatriados-da-cisjordania-pousa-no-aeroporto-jk\/"]}]},{"@type":"ImageObject","inLanguage":"pt-BR","@id":"https:\/\/www.notibras.com\/site\/voo-com-repatriados-da-cisjordania-pousa-no-aeroporto-jk\/#primaryimage","url":"https:\/\/www.notibras.com\/site\/wp-content\/uploads\/2023\/11\/br.gaza_.webp","contentUrl":"https:\/\/www.notibras.com\/site\/wp-content\/uploads\/2023\/11\/br.gaza_.webp","width":1170,"height":700},{"@type":"BreadcrumbList","@id":"https:\/\/www.notibras.com\/site\/voo-com-repatriados-da-cisjordania-pousa-no-aeroporto-jk\/#breadcrumb","itemListElement":[{"@type":"ListItem","position":1,"name":"In\u00edcio","item":"https:\/\/www.notibras.com\/site\/"},{"@type":"ListItem","position":2,"name":"Voo com repatriados da Cisjord\u00e2nia pousa no Aeroporto JK"}]},{"@type":"WebSite","@id":"https:\/\/www.notibras.com\/site\/#website","url":"https:\/\/www.notibras.com\/site\/","name":"Notibras","description":"Not\u00edcias de Bras\u00edlia, do Brasil e do Mundo","publisher":{"@id":"https:\/\/www.notibras.com\/site\/#organization"},"potentialAction":[{"@type":"SearchAction","target":{"@type":"EntryPoint","urlTemplate":"https:\/\/www.notibras.com\/site\/?s={search_term_string}"},"query-input":{"@type":"PropertyValueSpecification","valueRequired":true,"valueName":"search_term_string"}}],"inLanguage":"pt-BR"},{"@type":"Organization","@id":"https:\/\/www.notibras.com\/site\/#organization","name":"Grupo Notibras de Comunica\u00e7\u00e3o","url":"https:\/\/www.notibras.com\/site\/","logo":{"@type":"ImageObject","inLanguage":"pt-BR","@id":"https:\/\/www.notibras.com\/site\/#\/schema\/logo\/image\/","url":"https:\/\/www.notibras.com\/site\/wp-content\/uploads\/2023\/01\/notibras23.png","contentUrl":"https:\/\/www.notibras.com\/site\/wp-content\/uploads\/2023\/01\/notibras23.png","width":350,"height":87,"caption":"Grupo Notibras de Comunica\u00e7\u00e3o"},"image":{"@id":"https:\/\/www.notibras.com\/site\/#\/schema\/logo\/image\/"},"sameAs":["https:\/\/www.facebook.com\/notibras\/","https:\/\/x.com\/Notibras","https:\/\/www.instagram.com\/notibras\/"]},{"@type":"Person","@id":"https:\/\/www.notibras.com\/site\/#\/schema\/person\/36ab0979449956132d3e5b517ea76ac8","name":"Reda\u00e7\u00e3o","image":{"@type":"ImageObject","inLanguage":"pt-BR","@id":"https:\/\/secure.gravatar.com\/avatar\/e0a867bdedb85fd243eadf09663511f96fc81e0720a4a42581f334ad4303aa6b?s=96&d=mm&r=g","url":"https:\/\/secure.gravatar.com\/avatar\/e0a867bdedb85fd243eadf09663511f96fc81e0720a4a42581f334ad4303aa6b?s=96&d=mm&r=g","contentUrl":"https:\/\/secure.gravatar.com\/avatar\/e0a867bdedb85fd243eadf09663511f96fc81e0720a4a42581f334ad4303aa6b?s=96&d=mm&r=g","caption":"Reda\u00e7\u00e3o"}}]}},"amp_enabled":true,"_links":{"self":[{"href":"https:\/\/www.notibras.com\/site\/wp-json\/wp\/v2\/posts\/316047","targetHints":{"allow":["GET"]}}],"collection":[{"href":"https:\/\/www.notibras.com\/site\/wp-json\/wp\/v2\/posts"}],"about":[{"href":"https:\/\/www.notibras.com\/site\/wp-json\/wp\/v2\/types\/post"}],"author":[{"embeddable":true,"href":"https:\/\/www.notibras.com\/site\/wp-json\/wp\/v2\/users\/2"}],"replies":[{"embeddable":true,"href":"https:\/\/www.notibras.com\/site\/wp-json\/wp\/v2\/comments?post=316047"}],"version-history":[{"count":1,"href":"https:\/\/www.notibras.com\/site\/wp-json\/wp\/v2\/posts\/316047\/revisions"}],"predecessor-version":[{"id":316049,"href":"https:\/\/www.notibras.com\/site\/wp-json\/wp\/v2\/posts\/316047\/revisions\/316049"}],"wp:featuredmedia":[{"embeddable":true,"href":"https:\/\/www.notibras.com\/site\/wp-json\/wp\/v2\/media\/316048"}],"wp:attachment":[{"href":"https:\/\/www.notibras.com\/site\/wp-json\/wp\/v2\/media?parent=316047"}],"wp:term":[{"taxonomy":"category","embeddable":true,"href":"https:\/\/www.notibras.com\/site\/wp-json\/wp\/v2\/categories?post=316047"},{"taxonomy":"post_tag","embeddable":true,"href":"https:\/\/www.notibras.com\/site\/wp-json\/wp\/v2\/tags?post=316047"}],"curies":[{"name":"wp","href":"https:\/\/api.w.org\/{rel}","templated":true}]}}