{"id":316056,"date":"2023-11-03T00:48:56","date_gmt":"2023-11-03T03:48:56","guid":{"rendered":"https:\/\/www.notibras.com\/site\/?p=316056"},"modified":"2023-11-03T11:51:54","modified_gmt":"2023-11-03T14:51:54","slug":"alunos-aprendem-a-identificar-fake-news-sobre-vacinas","status":"publish","type":"post","link":"https:\/\/www.notibras.com\/site\/alunos-aprendem-a-identificar-fake-news-sobre-vacinas\/","title":{"rendered":"Alunos aprendem a identificar fake news sobre vacinas"},"content":{"rendered":"<p>Alunos do Centro de Ensino Fundamental Queima Len\u00e7ol, em uma \u00e1rea rural de Sobradinho, aprenderam como identificar se uma informa\u00e7\u00e3o que recebem pelas redes sociais, chats de conversa \u00e9 verdadeira ou n\u00e3o.<\/p>\n<p>O grupo participou da segunda edi\u00e7\u00e3o do projeto Conhecimento \u00e9 vacina para desinforma\u00e7\u00e3o. Nele, cerca de 30 estudantes, na faixa et\u00e1ria de 13 a 15 anos, conheceram quais caminhos para identificar a veracidade de uma mensagem.<\/p>\n<p>Desde 2017, a jornalista Gracielly Bittencourt, idealizadora do projeto, passou a pesquisar sobre desinforma\u00e7\u00e3o, dedicando-se aos impactos da divulga\u00e7\u00e3o de not\u00edcias falsas, as fake news, na vacina\u00e7\u00e3o de HPV, que previne o Papilomav\u00edrus Humano, respons\u00e1vel pela infec\u00e7\u00e3o sexualmente transmiss\u00edvel mais frequente no mundo e associado ao desenvolvimento do c\u00e2ncer de colo de \u00fatero e outros tumores.<\/p>\n<p>Em suas pesquisas, ela identificou que a baixa procura pela vacina, indicada para meninas e meninos a partir dos 9 anos de idade, est\u00e1 relacionada \u00e0 divulga\u00e7\u00e3o de informa\u00e7\u00f5es infundadas sobre a efic\u00e1cia e seguran\u00e7a do imunizante.<\/p>\n<p>De acordo com o Minist\u00e9rio da Sa\u00fade, em 2019, 87,08% das meninas entre 9 e 14 anos de idade receberam a primeira dose da vacina. Em 2022, o percentual caiu para 75,81%. Entre os meninos, a cobertura vacinal passou de 61,55%, em 2019, para 52,16% em 2022. O recomendado \u00e9 imunizar 90% do p\u00fablico-alvo.<\/p>\n<p>A partir da\u00ed, desenvolveu o projeto como forma de mostrar aos jovens a import\u00e2ncia de consumir informa\u00e7\u00f5es corretas. \u201cN\u00e3o adianta mais apenas checarmos as not\u00edcias. A gente precisa formar o p\u00fablico para saber o que \u00e9 verdade ou falso\u201d, afirma a jornalista da Empresa Brasil de Comunica\u00e7\u00e3o (EBC).<\/p>\n<p>A iniciativa foi vencedora do programa FactCheckLab em 2020. Em 2022, a jornalista participou do International Visitor Leadership Program (IVLP), curso de jovens l\u00edderes promovido pelo governo norte-americano e decidiu tirar o projeto do papel. O projeto tem apoio financeiro do Escrit\u00f3rio de Assuntos Educacionais e Culturais do Departamento de Estado dos Estados Unidos.<\/p>\n<p>Aprender a checar uma informa\u00e7\u00e3o<br \/>\nNas oficinas, realizadas nos dias 30 e 31 de outubro, os estudantes da escola Queima Len\u00e7ol conheceram o trabalho de um profissional especializado em checar not\u00edcias e puderam aprender passos b\u00e1sicos que podem ser adotados para identificar uma fake news, como verificar a fonte da informa\u00e7\u00e3o, a data de divulga\u00e7\u00e3o da not\u00edcia ou se a imagem \u00e9 realmente relacionada ao fato descrito por meio de buscas na internet.<\/p>\n<p>Segundo a jornalista, pela proximidade com as redes sociais e habilidade com tecnologia, os jovens rapidamente conseguem encontrar uma fake news, no entanto, precisam entender o que \u00e9 confi\u00e1vel ou n\u00e3o. \u201cCom a\u00e7\u00f5es simples, voc\u00ea consegue perceber [a desinforma\u00e7\u00e3o]. N\u00e3o \u00e9 preciso ser um grande investigador\u201d, explica. \u201cEles s\u00e3o capazes, s\u00f3 falta o despertar\u201d, acrescenta.<\/p>\n<p>Nas conversas, os jovens trazem d\u00favidas b\u00e1sicas sobre a vacina de HPV, entre elas, se podem tomar doses atrasadas.<\/p>\n<p>\u00c9 o caso de Jo\u00e3o Felipe Oliveira, do 8\u00ba ano, que contou n\u00e3o saber do imunizante antes de participar do projeto. \u201cAchei bem legal conscientizar os jovens sobre a import\u00e2ncia das vacinas. N\u00e3o ficar caindo em qualquer coisa que v\u00ea no WhatsApp, porque normalmente \u00e9 mentira\u201d, disse.<\/p>\n<p>Para Gracielly Bittencourt, o desconhecimento sobre a vacina mostra que a informa\u00e7\u00e3o n\u00e3o chegou a esse p\u00fablico por uma falta de a\u00e7\u00e3o do Estado e das pr\u00f3prias fam\u00edlias.<\/p>\n<p>A professora de matem\u00e1tica do centro de ensino, Raiane Ribeiro, contou que a escola tentou promover a ida de uma equipe de sa\u00fade para uma a\u00e7\u00e3o de vacina\u00e7\u00e3o dentro da escola, por\u00e9m v\u00e1rios pais desautorizaram a medida. Para a docente, as negativas t\u00eam rela\u00e7\u00e3o com informa\u00e7\u00f5es falsas.<\/p>\n<p>Raiane Ribeiro acredita que projeto poder\u00e1 ajudar a difundir a cultura da checagem de informa\u00e7\u00e3o entre os estudantes e nos seus lares. \u201c\u00c9 importante que eles [alunos] entendam como procurar sites confi\u00e1veis. O que eles recebem via WhatsApp, Instagram, eles passam para frente sem verificar a veracidade da informa\u00e7\u00e3o.\u201d<\/p>\n<p>As oficinas ter\u00e3o uma terceira edi\u00e7\u00e3o. A primeira ocorreu em 2022 em uma escola de Ceil\u00e2ndia, tamb\u00e9m no Distrito Federal.<\/p>\n","protected":false},"excerpt":{"rendered":"<p>Alunos do Centro de Ensino Fundamental Queima Len\u00e7ol, em uma \u00e1rea rural de Sobradinho, aprenderam como identificar se uma informa\u00e7\u00e3o que recebem pelas redes sociais, chats de conversa \u00e9 verdadeira ou n\u00e3o. O grupo participou da segunda edi\u00e7\u00e3o do projeto Conhecimento \u00e9 vacina para desinforma\u00e7\u00e3o. Nele, cerca de 30 estudantes, na faixa et\u00e1ria de 13 [&hellip;]<\/p>\n","protected":false},"author":2,"featured_media":316057,"comment_status":"closed","ping_status":"closed","sticky":false,"template":"","format":"standard","meta":{"_acf_changed":false,"footnotes":""},"categories":[161],"tags":[],"class_list":["post-316056","post","type-post","status-publish","format-standard","has-post-thumbnail","hentry","category-quadradinho-em-foco"],"acf":[],"yoast_head":"<!-- This site is optimized with the Yoast SEO plugin v27.2 - https:\/\/yoast.com\/product\/yoast-seo-wordpress\/ -->\n<title>Alunos aprendem a identificar fake news sobre vacinas - Notibras<\/title>\n<meta name=\"robots\" content=\"index, follow, max-snippet:-1, max-image-preview:large, max-video-preview:-1\" \/>\n<link rel=\"canonical\" href=\"https:\/\/www.notibras.com\/site\/alunos-aprendem-a-identificar-fake-news-sobre-vacinas\/\" \/>\n<meta property=\"og:locale\" content=\"pt_BR\" \/>\n<meta property=\"og:type\" content=\"article\" \/>\n<meta property=\"og:title\" content=\"Alunos aprendem a identificar fake news sobre vacinas - Notibras\" \/>\n<meta property=\"og:description\" content=\"Alunos do Centro de Ensino Fundamental Queima Len\u00e7ol, em uma \u00e1rea rural de Sobradinho, aprenderam como identificar se uma informa\u00e7\u00e3o que recebem pelas redes sociais, chats de conversa \u00e9 verdadeira ou n\u00e3o. O grupo participou da segunda edi\u00e7\u00e3o do projeto Conhecimento \u00e9 vacina para desinforma\u00e7\u00e3o. Nele, cerca de 30 estudantes, na faixa et\u00e1ria de 13 [&hellip;]\" \/>\n<meta property=\"og:url\" content=\"https:\/\/www.notibras.com\/site\/alunos-aprendem-a-identificar-fake-news-sobre-vacinas\/\" \/>\n<meta property=\"og:site_name\" content=\"Notibras\" \/>\n<meta property=\"article:publisher\" content=\"https:\/\/www.facebook.com\/notibras\/\" \/>\n<meta property=\"article:published_time\" content=\"2023-11-03T03:48:56+00:00\" \/>\n<meta property=\"article:modified_time\" content=\"2023-11-03T14:51:54+00:00\" \/>\n<meta property=\"og:image\" content=\"https:\/\/www.notibras.com\/site\/wp-content\/uploads\/2023\/11\/fajees-colas.webp\" \/>\n\t<meta property=\"og:image:width\" content=\"1170\" \/>\n\t<meta property=\"og:image:height\" content=\"700\" \/>\n\t<meta property=\"og:image:type\" content=\"image\/webp\" \/>\n<meta name=\"author\" content=\"Reda\u00e7\u00e3o\" \/>\n<meta name=\"twitter:card\" content=\"summary_large_image\" \/>\n<meta name=\"twitter:creator\" content=\"@Notibras\" \/>\n<meta name=\"twitter:site\" content=\"@Notibras\" \/>\n<meta name=\"twitter:label1\" content=\"Escrito por\" \/>\n\t<meta name=\"twitter:data1\" content=\"Reda\u00e7\u00e3o\" \/>\n\t<meta name=\"twitter:label2\" content=\"Est. tempo de leitura\" \/>\n\t<meta name=\"twitter:data2\" content=\"4 minutos\" \/>\n<script type=\"application\/ld+json\" class=\"yoast-schema-graph\">{\"@context\":\"https:\/\/schema.org\",\"@graph\":[{\"@type\":\"Article\",\"@id\":\"https:\/\/www.notibras.com\/site\/alunos-aprendem-a-identificar-fake-news-sobre-vacinas\/#article\",\"isPartOf\":{\"@id\":\"https:\/\/www.notibras.com\/site\/alunos-aprendem-a-identificar-fake-news-sobre-vacinas\/\"},\"author\":{\"name\":\"Reda\u00e7\u00e3o\",\"@id\":\"https:\/\/www.notibras.com\/site\/#\/schema\/person\/36ab0979449956132d3e5b517ea76ac8\"},\"headline\":\"Alunos aprendem a identificar fake news sobre vacinas\",\"datePublished\":\"2023-11-03T03:48:56+00:00\",\"dateModified\":\"2023-11-03T14:51:54+00:00\",\"mainEntityOfPage\":{\"@id\":\"https:\/\/www.notibras.com\/site\/alunos-aprendem-a-identificar-fake-news-sobre-vacinas\/\"},\"wordCount\":701,\"publisher\":{\"@id\":\"https:\/\/www.notibras.com\/site\/#organization\"},\"image\":{\"@id\":\"https:\/\/www.notibras.com\/site\/alunos-aprendem-a-identificar-fake-news-sobre-vacinas\/#primaryimage\"},\"thumbnailUrl\":\"https:\/\/www.notibras.com\/site\/wp-content\/uploads\/2023\/11\/fajees-colas.webp\",\"articleSection\":[\"Quadradinho em Foco\"],\"inLanguage\":\"pt-BR\"},{\"@type\":\"WebPage\",\"@id\":\"https:\/\/www.notibras.com\/site\/alunos-aprendem-a-identificar-fake-news-sobre-vacinas\/\",\"url\":\"https:\/\/www.notibras.com\/site\/alunos-aprendem-a-identificar-fake-news-sobre-vacinas\/\",\"name\":\"Alunos aprendem a identificar fake news sobre vacinas - Notibras\",\"isPartOf\":{\"@id\":\"https:\/\/www.notibras.com\/site\/#website\"},\"primaryImageOfPage\":{\"@id\":\"https:\/\/www.notibras.com\/site\/alunos-aprendem-a-identificar-fake-news-sobre-vacinas\/#primaryimage\"},\"image\":{\"@id\":\"https:\/\/www.notibras.com\/site\/alunos-aprendem-a-identificar-fake-news-sobre-vacinas\/#primaryimage\"},\"thumbnailUrl\":\"https:\/\/www.notibras.com\/site\/wp-content\/uploads\/2023\/11\/fajees-colas.webp\",\"datePublished\":\"2023-11-03T03:48:56+00:00\",\"dateModified\":\"2023-11-03T14:51:54+00:00\",\"breadcrumb\":{\"@id\":\"https:\/\/www.notibras.com\/site\/alunos-aprendem-a-identificar-fake-news-sobre-vacinas\/#breadcrumb\"},\"inLanguage\":\"pt-BR\",\"potentialAction\":[{\"@type\":\"ReadAction\",\"target\":[\"https:\/\/www.notibras.com\/site\/alunos-aprendem-a-identificar-fake-news-sobre-vacinas\/\"]}]},{\"@type\":\"ImageObject\",\"inLanguage\":\"pt-BR\",\"@id\":\"https:\/\/www.notibras.com\/site\/alunos-aprendem-a-identificar-fake-news-sobre-vacinas\/#primaryimage\",\"url\":\"https:\/\/www.notibras.com\/site\/wp-content\/uploads\/2023\/11\/fajees-colas.webp\",\"contentUrl\":\"https:\/\/www.notibras.com\/site\/wp-content\/uploads\/2023\/11\/fajees-colas.webp\",\"width\":1170,\"height\":700},{\"@type\":\"BreadcrumbList\",\"@id\":\"https:\/\/www.notibras.com\/site\/alunos-aprendem-a-identificar-fake-news-sobre-vacinas\/#breadcrumb\",\"itemListElement\":[{\"@type\":\"ListItem\",\"position\":1,\"name\":\"In\u00edcio\",\"item\":\"https:\/\/www.notibras.com\/site\/\"},{\"@type\":\"ListItem\",\"position\":2,\"name\":\"Alunos aprendem a identificar fake news sobre vacinas\"}]},{\"@type\":\"WebSite\",\"@id\":\"https:\/\/www.notibras.com\/site\/#website\",\"url\":\"https:\/\/www.notibras.com\/site\/\",\"name\":\"Notibras\",\"description\":\"Not\u00edcias de Bras\u00edlia, do Brasil e do Mundo\",\"publisher\":{\"@id\":\"https:\/\/www.notibras.com\/site\/#organization\"},\"potentialAction\":[{\"@type\":\"SearchAction\",\"target\":{\"@type\":\"EntryPoint\",\"urlTemplate\":\"https:\/\/www.notibras.com\/site\/?s={search_term_string}\"},\"query-input\":{\"@type\":\"PropertyValueSpecification\",\"valueRequired\":true,\"valueName\":\"search_term_string\"}}],\"inLanguage\":\"pt-BR\"},{\"@type\":\"Organization\",\"@id\":\"https:\/\/www.notibras.com\/site\/#organization\",\"name\":\"Grupo Notibras de Comunica\u00e7\u00e3o\",\"url\":\"https:\/\/www.notibras.com\/site\/\",\"logo\":{\"@type\":\"ImageObject\",\"inLanguage\":\"pt-BR\",\"@id\":\"https:\/\/www.notibras.com\/site\/#\/schema\/logo\/image\/\",\"url\":\"https:\/\/www.notibras.com\/site\/wp-content\/uploads\/2023\/01\/notibras23.png\",\"contentUrl\":\"https:\/\/www.notibras.com\/site\/wp-content\/uploads\/2023\/01\/notibras23.png\",\"width\":350,\"height\":87,\"caption\":\"Grupo Notibras de Comunica\u00e7\u00e3o\"},\"image\":{\"@id\":\"https:\/\/www.notibras.com\/site\/#\/schema\/logo\/image\/\"},\"sameAs\":[\"https:\/\/www.facebook.com\/notibras\/\",\"https:\/\/x.com\/Notibras\",\"https:\/\/www.instagram.com\/notibras\/\"]},{\"@type\":\"Person\",\"@id\":\"https:\/\/www.notibras.com\/site\/#\/schema\/person\/36ab0979449956132d3e5b517ea76ac8\",\"name\":\"Reda\u00e7\u00e3o\",\"image\":{\"@type\":\"ImageObject\",\"inLanguage\":\"pt-BR\",\"@id\":\"https:\/\/secure.gravatar.com\/avatar\/e0a867bdedb85fd243eadf09663511f96fc81e0720a4a42581f334ad4303aa6b?s=96&d=mm&r=g\",\"url\":\"https:\/\/secure.gravatar.com\/avatar\/e0a867bdedb85fd243eadf09663511f96fc81e0720a4a42581f334ad4303aa6b?s=96&d=mm&r=g\",\"contentUrl\":\"https:\/\/secure.gravatar.com\/avatar\/e0a867bdedb85fd243eadf09663511f96fc81e0720a4a42581f334ad4303aa6b?s=96&d=mm&r=g\",\"caption\":\"Reda\u00e7\u00e3o\"}}]}<\/script>\n<!-- \/ Yoast SEO plugin. -->","yoast_head_json":{"title":"Alunos aprendem a identificar fake news sobre vacinas - Notibras","robots":{"index":"index","follow":"follow","max-snippet":"max-snippet:-1","max-image-preview":"max-image-preview:large","max-video-preview":"max-video-preview:-1"},"canonical":"https:\/\/www.notibras.com\/site\/alunos-aprendem-a-identificar-fake-news-sobre-vacinas\/","og_locale":"pt_BR","og_type":"article","og_title":"Alunos aprendem a identificar fake news sobre vacinas - Notibras","og_description":"Alunos do Centro de Ensino Fundamental Queima Len\u00e7ol, em uma \u00e1rea rural de Sobradinho, aprenderam como identificar se uma informa\u00e7\u00e3o que recebem pelas redes sociais, chats de conversa \u00e9 verdadeira ou n\u00e3o. O grupo participou da segunda edi\u00e7\u00e3o do projeto Conhecimento \u00e9 vacina para desinforma\u00e7\u00e3o. Nele, cerca de 30 estudantes, na faixa et\u00e1ria de 13 [&hellip;]","og_url":"https:\/\/www.notibras.com\/site\/alunos-aprendem-a-identificar-fake-news-sobre-vacinas\/","og_site_name":"Notibras","article_publisher":"https:\/\/www.facebook.com\/notibras\/","article_published_time":"2023-11-03T03:48:56+00:00","article_modified_time":"2023-11-03T14:51:54+00:00","og_image":[{"width":1170,"height":700,"url":"https:\/\/www.notibras.com\/site\/wp-content\/uploads\/2023\/11\/fajees-colas.webp","type":"image\/webp"}],"author":"Reda\u00e7\u00e3o","twitter_card":"summary_large_image","twitter_creator":"@Notibras","twitter_site":"@Notibras","twitter_misc":{"Escrito por":"Reda\u00e7\u00e3o","Est. tempo de leitura":"4 minutos"},"schema":{"@context":"https:\/\/schema.org","@graph":[{"@type":"Article","@id":"https:\/\/www.notibras.com\/site\/alunos-aprendem-a-identificar-fake-news-sobre-vacinas\/#article","isPartOf":{"@id":"https:\/\/www.notibras.com\/site\/alunos-aprendem-a-identificar-fake-news-sobre-vacinas\/"},"author":{"name":"Reda\u00e7\u00e3o","@id":"https:\/\/www.notibras.com\/site\/#\/schema\/person\/36ab0979449956132d3e5b517ea76ac8"},"headline":"Alunos aprendem a identificar fake news sobre vacinas","datePublished":"2023-11-03T03:48:56+00:00","dateModified":"2023-11-03T14:51:54+00:00","mainEntityOfPage":{"@id":"https:\/\/www.notibras.com\/site\/alunos-aprendem-a-identificar-fake-news-sobre-vacinas\/"},"wordCount":701,"publisher":{"@id":"https:\/\/www.notibras.com\/site\/#organization"},"image":{"@id":"https:\/\/www.notibras.com\/site\/alunos-aprendem-a-identificar-fake-news-sobre-vacinas\/#primaryimage"},"thumbnailUrl":"https:\/\/www.notibras.com\/site\/wp-content\/uploads\/2023\/11\/fajees-colas.webp","articleSection":["Quadradinho em Foco"],"inLanguage":"pt-BR"},{"@type":"WebPage","@id":"https:\/\/www.notibras.com\/site\/alunos-aprendem-a-identificar-fake-news-sobre-vacinas\/","url":"https:\/\/www.notibras.com\/site\/alunos-aprendem-a-identificar-fake-news-sobre-vacinas\/","name":"Alunos aprendem a identificar fake news sobre vacinas - Notibras","isPartOf":{"@id":"https:\/\/www.notibras.com\/site\/#website"},"primaryImageOfPage":{"@id":"https:\/\/www.notibras.com\/site\/alunos-aprendem-a-identificar-fake-news-sobre-vacinas\/#primaryimage"},"image":{"@id":"https:\/\/www.notibras.com\/site\/alunos-aprendem-a-identificar-fake-news-sobre-vacinas\/#primaryimage"},"thumbnailUrl":"https:\/\/www.notibras.com\/site\/wp-content\/uploads\/2023\/11\/fajees-colas.webp","datePublished":"2023-11-03T03:48:56+00:00","dateModified":"2023-11-03T14:51:54+00:00","breadcrumb":{"@id":"https:\/\/www.notibras.com\/site\/alunos-aprendem-a-identificar-fake-news-sobre-vacinas\/#breadcrumb"},"inLanguage":"pt-BR","potentialAction":[{"@type":"ReadAction","target":["https:\/\/www.notibras.com\/site\/alunos-aprendem-a-identificar-fake-news-sobre-vacinas\/"]}]},{"@type":"ImageObject","inLanguage":"pt-BR","@id":"https:\/\/www.notibras.com\/site\/alunos-aprendem-a-identificar-fake-news-sobre-vacinas\/#primaryimage","url":"https:\/\/www.notibras.com\/site\/wp-content\/uploads\/2023\/11\/fajees-colas.webp","contentUrl":"https:\/\/www.notibras.com\/site\/wp-content\/uploads\/2023\/11\/fajees-colas.webp","width":1170,"height":700},{"@type":"BreadcrumbList","@id":"https:\/\/www.notibras.com\/site\/alunos-aprendem-a-identificar-fake-news-sobre-vacinas\/#breadcrumb","itemListElement":[{"@type":"ListItem","position":1,"name":"In\u00edcio","item":"https:\/\/www.notibras.com\/site\/"},{"@type":"ListItem","position":2,"name":"Alunos aprendem a identificar fake news sobre vacinas"}]},{"@type":"WebSite","@id":"https:\/\/www.notibras.com\/site\/#website","url":"https:\/\/www.notibras.com\/site\/","name":"Notibras","description":"Not\u00edcias de Bras\u00edlia, do Brasil e do Mundo","publisher":{"@id":"https:\/\/www.notibras.com\/site\/#organization"},"potentialAction":[{"@type":"SearchAction","target":{"@type":"EntryPoint","urlTemplate":"https:\/\/www.notibras.com\/site\/?s={search_term_string}"},"query-input":{"@type":"PropertyValueSpecification","valueRequired":true,"valueName":"search_term_string"}}],"inLanguage":"pt-BR"},{"@type":"Organization","@id":"https:\/\/www.notibras.com\/site\/#organization","name":"Grupo Notibras de Comunica\u00e7\u00e3o","url":"https:\/\/www.notibras.com\/site\/","logo":{"@type":"ImageObject","inLanguage":"pt-BR","@id":"https:\/\/www.notibras.com\/site\/#\/schema\/logo\/image\/","url":"https:\/\/www.notibras.com\/site\/wp-content\/uploads\/2023\/01\/notibras23.png","contentUrl":"https:\/\/www.notibras.com\/site\/wp-content\/uploads\/2023\/01\/notibras23.png","width":350,"height":87,"caption":"Grupo Notibras de Comunica\u00e7\u00e3o"},"image":{"@id":"https:\/\/www.notibras.com\/site\/#\/schema\/logo\/image\/"},"sameAs":["https:\/\/www.facebook.com\/notibras\/","https:\/\/x.com\/Notibras","https:\/\/www.instagram.com\/notibras\/"]},{"@type":"Person","@id":"https:\/\/www.notibras.com\/site\/#\/schema\/person\/36ab0979449956132d3e5b517ea76ac8","name":"Reda\u00e7\u00e3o","image":{"@type":"ImageObject","inLanguage":"pt-BR","@id":"https:\/\/secure.gravatar.com\/avatar\/e0a867bdedb85fd243eadf09663511f96fc81e0720a4a42581f334ad4303aa6b?s=96&d=mm&r=g","url":"https:\/\/secure.gravatar.com\/avatar\/e0a867bdedb85fd243eadf09663511f96fc81e0720a4a42581f334ad4303aa6b?s=96&d=mm&r=g","contentUrl":"https:\/\/secure.gravatar.com\/avatar\/e0a867bdedb85fd243eadf09663511f96fc81e0720a4a42581f334ad4303aa6b?s=96&d=mm&r=g","caption":"Reda\u00e7\u00e3o"}}]}},"amp_enabled":true,"_links":{"self":[{"href":"https:\/\/www.notibras.com\/site\/wp-json\/wp\/v2\/posts\/316056","targetHints":{"allow":["GET"]}}],"collection":[{"href":"https:\/\/www.notibras.com\/site\/wp-json\/wp\/v2\/posts"}],"about":[{"href":"https:\/\/www.notibras.com\/site\/wp-json\/wp\/v2\/types\/post"}],"author":[{"embeddable":true,"href":"https:\/\/www.notibras.com\/site\/wp-json\/wp\/v2\/users\/2"}],"replies":[{"embeddable":true,"href":"https:\/\/www.notibras.com\/site\/wp-json\/wp\/v2\/comments?post=316056"}],"version-history":[{"count":1,"href":"https:\/\/www.notibras.com\/site\/wp-json\/wp\/v2\/posts\/316056\/revisions"}],"predecessor-version":[{"id":316058,"href":"https:\/\/www.notibras.com\/site\/wp-json\/wp\/v2\/posts\/316056\/revisions\/316058"}],"wp:featuredmedia":[{"embeddable":true,"href":"https:\/\/www.notibras.com\/site\/wp-json\/wp\/v2\/media\/316057"}],"wp:attachment":[{"href":"https:\/\/www.notibras.com\/site\/wp-json\/wp\/v2\/media?parent=316056"}],"wp:term":[{"taxonomy":"category","embeddable":true,"href":"https:\/\/www.notibras.com\/site\/wp-json\/wp\/v2\/categories?post=316056"},{"taxonomy":"post_tag","embeddable":true,"href":"https:\/\/www.notibras.com\/site\/wp-json\/wp\/v2\/tags?post=316056"}],"curies":[{"name":"wp","href":"https:\/\/api.w.org\/{rel}","templated":true}]}}