{"id":316110,"date":"2023-11-04T07:04:05","date_gmt":"2023-11-04T10:04:05","guid":{"rendered":"https:\/\/www.notibras.com\/site\/?p=316110"},"modified":"2023-11-04T07:24:13","modified_gmt":"2023-11-04T10:24:13","slug":"anuncio-funebre-faz-renascer-construtor-de-castelos","status":"publish","type":"post","link":"https:\/\/www.notibras.com\/site\/anuncio-funebre-faz-renascer-construtor-de-castelos\/","title":{"rendered":"An\u00fancio f\u00fanebre faz renascer construtor de castelos"},"content":{"rendered":"<p>H\u00e1 momentos na inf\u00e2ncia que nos marcam como ferro em brasa no couro de gado. Cicatrizes t\u00e3o profundas, que nem um fiozinho de cabelo se atreve a nascer sobre tamanha devasta\u00e7\u00e3o. N\u00e3o que esses instantes sejam de todo desagrad\u00e1veis, j\u00e1 que tamb\u00e9m h\u00e1 aqueles que nos transportam para o passado e nos enchem de sorrisos bobos nos l\u00e1bios, mesmo que j\u00e1 envelhecidos depois de tantas primaveras.<\/p>\n<p>Eust\u00e1quio, no alto dos seus mais de 70, apesar de sempre ter se atrasado para o trabalho, agora, j\u00e1 aposentado, era pontual no seu encontro matinal com a praia, logo ali \u00e0 frente, n\u00e3o mais que trezentos passos da sua quitinete em Copacabana. Atravessava quatro ruas e, antes que pisasse na areia, retirava o chinelo.<\/p>\n<p>O primeiro contato dos p\u00e9s com aqueles infinitos gr\u00e3os era uma das sensa\u00e7\u00f5es mais gostosas que esse tempo lhe trazia. N\u00e3o que o velho tivesse uma vida ruim. Pelo contr\u00e1rio. Era um fanfarr\u00e3o, desses capazes de passar o dia inteiro em confraterniza\u00e7\u00f5es com amigos ou mesmo simples conhecidos do \u00faltimo ver\u00e3o.<\/p>\n<p>J\u00e1 sem idade para levar um baldinho e uma p\u00e1 para fazer castelos na areia, ele armou a cadeira e abriu o jornal. Entre uma not\u00edcia e outra, dava uma olhada no p\u00fablico ao redor. Alguns corajosos encaravam aquela \u00e1gua gelada, enquanto outros tentavam manter a bola no ar em eternos altinhos. Obviamente que velhos faziam caminhadas pela orla, assim como tamb\u00e9m se deitavam em cangas, algumas quase t\u00e3o gastas como eles.<\/p>\n<p>Pois l\u00e1 estava o Eust\u00e1quio observando um menino, talvez com seus dois ou tr\u00eas anos, construindo castelos de areia. Diante de tal vis\u00e3o, o velho foi transportado para sua inf\u00e2ncia, quando tamb\u00e9m gostava de se fazer mestre de obras, mesmo n\u00e3o sabendo, naqueles idos, o que isso significava.<\/p>\n<p>Eust\u00e1quio voltou os olhos para o jornal e, surpreso, descobriu que um velho conhecido, o Augusto, havia morrido. A vi\u00fava e familiares convidavam amigos e conhecidos para o vel\u00f3rio, que ocorreria ainda naquele dia, logo ali no cemit\u00e9rio S\u00e3o Jo\u00e3o Batista.<\/p>\n<p>O velho foi transportado novamente para o long\u00ednquo passado, quando ele e Augusto corriam por toda aquela orla em busca de tatu\u00ed. Ele voltou os olhos para o menino que brincava na areia. O tempo pode ser cruel, \u00e9 verdade. Mas tamb\u00e9m \u00e9 divertido quando se sabe sorrir.<\/p>\n","protected":false},"excerpt":{"rendered":"<p>H\u00e1 momentos na inf\u00e2ncia que nos marcam como ferro em brasa no couro de gado. Cicatrizes t\u00e3o profundas, que nem um fiozinho de cabelo se atreve a nascer sobre tamanha devasta\u00e7\u00e3o. N\u00e3o que esses instantes sejam de todo desagrad\u00e1veis, j\u00e1 que tamb\u00e9m h\u00e1 aqueles que nos transportam para o passado e nos enchem de sorrisos [&hellip;]<\/p>\n","protected":false},"author":2,"featured_media":316111,"comment_status":"closed","ping_status":"closed","sticky":false,"template":"","format":"standard","meta":{"_acf_changed":false,"footnotes":""},"categories":[161],"tags":[],"class_list":["post-316110","post","type-post","status-publish","format-standard","has-post-thumbnail","hentry","category-quadradinho-em-foco"],"acf":[],"yoast_head":"<!-- This site is optimized with the Yoast SEO plugin v27.2 - https:\/\/yoast.com\/product\/yoast-seo-wordpress\/ -->\n<title>An\u00fancio f\u00fanebre faz renascer construtor de castelos - Notibras<\/title>\n<meta name=\"robots\" content=\"index, follow, max-snippet:-1, max-image-preview:large, max-video-preview:-1\" \/>\n<link rel=\"canonical\" href=\"https:\/\/www.notibras.com\/site\/anuncio-funebre-faz-renascer-construtor-de-castelos\/\" \/>\n<meta property=\"og:locale\" content=\"pt_BR\" \/>\n<meta property=\"og:type\" content=\"article\" \/>\n<meta property=\"og:title\" content=\"An\u00fancio f\u00fanebre faz renascer construtor de castelos - Notibras\" \/>\n<meta property=\"og:description\" content=\"H\u00e1 momentos na inf\u00e2ncia que nos marcam como ferro em brasa no couro de gado. Cicatrizes t\u00e3o profundas, que nem um fiozinho de cabelo se atreve a nascer sobre tamanha devasta\u00e7\u00e3o. N\u00e3o que esses instantes sejam de todo desagrad\u00e1veis, j\u00e1 que tamb\u00e9m h\u00e1 aqueles que nos transportam para o passado e nos enchem de sorrisos [&hellip;]\" \/>\n<meta property=\"og:url\" content=\"https:\/\/www.notibras.com\/site\/anuncio-funebre-faz-renascer-construtor-de-castelos\/\" \/>\n<meta property=\"og:site_name\" content=\"Notibras\" \/>\n<meta property=\"article:publisher\" content=\"https:\/\/www.facebook.com\/notibras\/\" \/>\n<meta property=\"article:published_time\" content=\"2023-11-04T10:04:05+00:00\" \/>\n<meta property=\"article:modified_time\" content=\"2023-11-04T10:24:13+00:00\" \/>\n<meta property=\"og:image\" content=\"https:\/\/www.notibras.com\/site\/wp-content\/uploads\/2023\/11\/56de7209-b89c-49e0-a5e1-1eb0aaf11bd8.jpeg\" \/>\n\t<meta property=\"og:image:width\" content=\"681\" \/>\n\t<meta property=\"og:image:height\" content=\"1024\" \/>\n\t<meta property=\"og:image:type\" content=\"image\/jpeg\" \/>\n<meta name=\"author\" content=\"Reda\u00e7\u00e3o\" \/>\n<meta name=\"twitter:card\" content=\"summary_large_image\" \/>\n<meta name=\"twitter:creator\" content=\"@Notibras\" \/>\n<meta name=\"twitter:site\" content=\"@Notibras\" \/>\n<meta name=\"twitter:label1\" content=\"Escrito por\" \/>\n\t<meta name=\"twitter:data1\" content=\"Reda\u00e7\u00e3o\" \/>\n\t<meta name=\"twitter:label2\" content=\"Est. tempo de leitura\" \/>\n\t<meta name=\"twitter:data2\" content=\"3 minutos\" \/>\n<script type=\"application\/ld+json\" class=\"yoast-schema-graph\">{\"@context\":\"https:\/\/schema.org\",\"@graph\":[{\"@type\":\"Article\",\"@id\":\"https:\/\/www.notibras.com\/site\/anuncio-funebre-faz-renascer-construtor-de-castelos\/#article\",\"isPartOf\":{\"@id\":\"https:\/\/www.notibras.com\/site\/anuncio-funebre-faz-renascer-construtor-de-castelos\/\"},\"author\":{\"name\":\"Reda\u00e7\u00e3o\",\"@id\":\"https:\/\/www.notibras.com\/site\/#\/schema\/person\/36ab0979449956132d3e5b517ea76ac8\"},\"headline\":\"An\u00fancio f\u00fanebre faz renascer construtor de castelos\",\"datePublished\":\"2023-11-04T10:04:05+00:00\",\"dateModified\":\"2023-11-04T10:24:13+00:00\",\"mainEntityOfPage\":{\"@id\":\"https:\/\/www.notibras.com\/site\/anuncio-funebre-faz-renascer-construtor-de-castelos\/\"},\"wordCount\":421,\"publisher\":{\"@id\":\"https:\/\/www.notibras.com\/site\/#organization\"},\"image\":{\"@id\":\"https:\/\/www.notibras.com\/site\/anuncio-funebre-faz-renascer-construtor-de-castelos\/#primaryimage\"},\"thumbnailUrl\":\"https:\/\/www.notibras.com\/site\/wp-content\/uploads\/2023\/11\/56de7209-b89c-49e0-a5e1-1eb0aaf11bd8.jpeg\",\"articleSection\":[\"Quadradinho em Foco\"],\"inLanguage\":\"pt-BR\"},{\"@type\":\"WebPage\",\"@id\":\"https:\/\/www.notibras.com\/site\/anuncio-funebre-faz-renascer-construtor-de-castelos\/\",\"url\":\"https:\/\/www.notibras.com\/site\/anuncio-funebre-faz-renascer-construtor-de-castelos\/\",\"name\":\"An\u00fancio f\u00fanebre faz renascer construtor de castelos - Notibras\",\"isPartOf\":{\"@id\":\"https:\/\/www.notibras.com\/site\/#website\"},\"primaryImageOfPage\":{\"@id\":\"https:\/\/www.notibras.com\/site\/anuncio-funebre-faz-renascer-construtor-de-castelos\/#primaryimage\"},\"image\":{\"@id\":\"https:\/\/www.notibras.com\/site\/anuncio-funebre-faz-renascer-construtor-de-castelos\/#primaryimage\"},\"thumbnailUrl\":\"https:\/\/www.notibras.com\/site\/wp-content\/uploads\/2023\/11\/56de7209-b89c-49e0-a5e1-1eb0aaf11bd8.jpeg\",\"datePublished\":\"2023-11-04T10:04:05+00:00\",\"dateModified\":\"2023-11-04T10:24:13+00:00\",\"breadcrumb\":{\"@id\":\"https:\/\/www.notibras.com\/site\/anuncio-funebre-faz-renascer-construtor-de-castelos\/#breadcrumb\"},\"inLanguage\":\"pt-BR\",\"potentialAction\":[{\"@type\":\"ReadAction\",\"target\":[\"https:\/\/www.notibras.com\/site\/anuncio-funebre-faz-renascer-construtor-de-castelos\/\"]}]},{\"@type\":\"ImageObject\",\"inLanguage\":\"pt-BR\",\"@id\":\"https:\/\/www.notibras.com\/site\/anuncio-funebre-faz-renascer-construtor-de-castelos\/#primaryimage\",\"url\":\"https:\/\/www.notibras.com\/site\/wp-content\/uploads\/2023\/11\/56de7209-b89c-49e0-a5e1-1eb0aaf11bd8.jpeg\",\"contentUrl\":\"https:\/\/www.notibras.com\/site\/wp-content\/uploads\/2023\/11\/56de7209-b89c-49e0-a5e1-1eb0aaf11bd8.jpeg\",\"width\":681,\"height\":1024},{\"@type\":\"BreadcrumbList\",\"@id\":\"https:\/\/www.notibras.com\/site\/anuncio-funebre-faz-renascer-construtor-de-castelos\/#breadcrumb\",\"itemListElement\":[{\"@type\":\"ListItem\",\"position\":1,\"name\":\"In\u00edcio\",\"item\":\"https:\/\/www.notibras.com\/site\/\"},{\"@type\":\"ListItem\",\"position\":2,\"name\":\"An\u00fancio f\u00fanebre faz renascer construtor de castelos\"}]},{\"@type\":\"WebSite\",\"@id\":\"https:\/\/www.notibras.com\/site\/#website\",\"url\":\"https:\/\/www.notibras.com\/site\/\",\"name\":\"Notibras\",\"description\":\"Not\u00edcias de Bras\u00edlia, do Brasil e do Mundo\",\"publisher\":{\"@id\":\"https:\/\/www.notibras.com\/site\/#organization\"},\"potentialAction\":[{\"@type\":\"SearchAction\",\"target\":{\"@type\":\"EntryPoint\",\"urlTemplate\":\"https:\/\/www.notibras.com\/site\/?s={search_term_string}\"},\"query-input\":{\"@type\":\"PropertyValueSpecification\",\"valueRequired\":true,\"valueName\":\"search_term_string\"}}],\"inLanguage\":\"pt-BR\"},{\"@type\":\"Organization\",\"@id\":\"https:\/\/www.notibras.com\/site\/#organization\",\"name\":\"Grupo Notibras de Comunica\u00e7\u00e3o\",\"url\":\"https:\/\/www.notibras.com\/site\/\",\"logo\":{\"@type\":\"ImageObject\",\"inLanguage\":\"pt-BR\",\"@id\":\"https:\/\/www.notibras.com\/site\/#\/schema\/logo\/image\/\",\"url\":\"https:\/\/www.notibras.com\/site\/wp-content\/uploads\/2023\/01\/notibras23.png\",\"contentUrl\":\"https:\/\/www.notibras.com\/site\/wp-content\/uploads\/2023\/01\/notibras23.png\",\"width\":350,\"height\":87,\"caption\":\"Grupo Notibras de Comunica\u00e7\u00e3o\"},\"image\":{\"@id\":\"https:\/\/www.notibras.com\/site\/#\/schema\/logo\/image\/\"},\"sameAs\":[\"https:\/\/www.facebook.com\/notibras\/\",\"https:\/\/x.com\/Notibras\",\"https:\/\/www.instagram.com\/notibras\/\"]},{\"@type\":\"Person\",\"@id\":\"https:\/\/www.notibras.com\/site\/#\/schema\/person\/36ab0979449956132d3e5b517ea76ac8\",\"name\":\"Reda\u00e7\u00e3o\",\"image\":{\"@type\":\"ImageObject\",\"inLanguage\":\"pt-BR\",\"@id\":\"https:\/\/secure.gravatar.com\/avatar\/e0a867bdedb85fd243eadf09663511f96fc81e0720a4a42581f334ad4303aa6b?s=96&d=mm&r=g\",\"url\":\"https:\/\/secure.gravatar.com\/avatar\/e0a867bdedb85fd243eadf09663511f96fc81e0720a4a42581f334ad4303aa6b?s=96&d=mm&r=g\",\"contentUrl\":\"https:\/\/secure.gravatar.com\/avatar\/e0a867bdedb85fd243eadf09663511f96fc81e0720a4a42581f334ad4303aa6b?s=96&d=mm&r=g\",\"caption\":\"Reda\u00e7\u00e3o\"}}]}<\/script>\n<!-- \/ Yoast SEO plugin. -->","yoast_head_json":{"title":"An\u00fancio f\u00fanebre faz renascer construtor de castelos - Notibras","robots":{"index":"index","follow":"follow","max-snippet":"max-snippet:-1","max-image-preview":"max-image-preview:large","max-video-preview":"max-video-preview:-1"},"canonical":"https:\/\/www.notibras.com\/site\/anuncio-funebre-faz-renascer-construtor-de-castelos\/","og_locale":"pt_BR","og_type":"article","og_title":"An\u00fancio f\u00fanebre faz renascer construtor de castelos - Notibras","og_description":"H\u00e1 momentos na inf\u00e2ncia que nos marcam como ferro em brasa no couro de gado. Cicatrizes t\u00e3o profundas, que nem um fiozinho de cabelo se atreve a nascer sobre tamanha devasta\u00e7\u00e3o. N\u00e3o que esses instantes sejam de todo desagrad\u00e1veis, j\u00e1 que tamb\u00e9m h\u00e1 aqueles que nos transportam para o passado e nos enchem de sorrisos [&hellip;]","og_url":"https:\/\/www.notibras.com\/site\/anuncio-funebre-faz-renascer-construtor-de-castelos\/","og_site_name":"Notibras","article_publisher":"https:\/\/www.facebook.com\/notibras\/","article_published_time":"2023-11-04T10:04:05+00:00","article_modified_time":"2023-11-04T10:24:13+00:00","og_image":[{"width":681,"height":1024,"url":"https:\/\/www.notibras.com\/site\/wp-content\/uploads\/2023\/11\/56de7209-b89c-49e0-a5e1-1eb0aaf11bd8.jpeg","type":"image\/jpeg"}],"author":"Reda\u00e7\u00e3o","twitter_card":"summary_large_image","twitter_creator":"@Notibras","twitter_site":"@Notibras","twitter_misc":{"Escrito por":"Reda\u00e7\u00e3o","Est. tempo de leitura":"3 minutos"},"schema":{"@context":"https:\/\/schema.org","@graph":[{"@type":"Article","@id":"https:\/\/www.notibras.com\/site\/anuncio-funebre-faz-renascer-construtor-de-castelos\/#article","isPartOf":{"@id":"https:\/\/www.notibras.com\/site\/anuncio-funebre-faz-renascer-construtor-de-castelos\/"},"author":{"name":"Reda\u00e7\u00e3o","@id":"https:\/\/www.notibras.com\/site\/#\/schema\/person\/36ab0979449956132d3e5b517ea76ac8"},"headline":"An\u00fancio f\u00fanebre faz renascer construtor de castelos","datePublished":"2023-11-04T10:04:05+00:00","dateModified":"2023-11-04T10:24:13+00:00","mainEntityOfPage":{"@id":"https:\/\/www.notibras.com\/site\/anuncio-funebre-faz-renascer-construtor-de-castelos\/"},"wordCount":421,"publisher":{"@id":"https:\/\/www.notibras.com\/site\/#organization"},"image":{"@id":"https:\/\/www.notibras.com\/site\/anuncio-funebre-faz-renascer-construtor-de-castelos\/#primaryimage"},"thumbnailUrl":"https:\/\/www.notibras.com\/site\/wp-content\/uploads\/2023\/11\/56de7209-b89c-49e0-a5e1-1eb0aaf11bd8.jpeg","articleSection":["Quadradinho em Foco"],"inLanguage":"pt-BR"},{"@type":"WebPage","@id":"https:\/\/www.notibras.com\/site\/anuncio-funebre-faz-renascer-construtor-de-castelos\/","url":"https:\/\/www.notibras.com\/site\/anuncio-funebre-faz-renascer-construtor-de-castelos\/","name":"An\u00fancio f\u00fanebre faz renascer construtor de castelos - Notibras","isPartOf":{"@id":"https:\/\/www.notibras.com\/site\/#website"},"primaryImageOfPage":{"@id":"https:\/\/www.notibras.com\/site\/anuncio-funebre-faz-renascer-construtor-de-castelos\/#primaryimage"},"image":{"@id":"https:\/\/www.notibras.com\/site\/anuncio-funebre-faz-renascer-construtor-de-castelos\/#primaryimage"},"thumbnailUrl":"https:\/\/www.notibras.com\/site\/wp-content\/uploads\/2023\/11\/56de7209-b89c-49e0-a5e1-1eb0aaf11bd8.jpeg","datePublished":"2023-11-04T10:04:05+00:00","dateModified":"2023-11-04T10:24:13+00:00","breadcrumb":{"@id":"https:\/\/www.notibras.com\/site\/anuncio-funebre-faz-renascer-construtor-de-castelos\/#breadcrumb"},"inLanguage":"pt-BR","potentialAction":[{"@type":"ReadAction","target":["https:\/\/www.notibras.com\/site\/anuncio-funebre-faz-renascer-construtor-de-castelos\/"]}]},{"@type":"ImageObject","inLanguage":"pt-BR","@id":"https:\/\/www.notibras.com\/site\/anuncio-funebre-faz-renascer-construtor-de-castelos\/#primaryimage","url":"https:\/\/www.notibras.com\/site\/wp-content\/uploads\/2023\/11\/56de7209-b89c-49e0-a5e1-1eb0aaf11bd8.jpeg","contentUrl":"https:\/\/www.notibras.com\/site\/wp-content\/uploads\/2023\/11\/56de7209-b89c-49e0-a5e1-1eb0aaf11bd8.jpeg","width":681,"height":1024},{"@type":"BreadcrumbList","@id":"https:\/\/www.notibras.com\/site\/anuncio-funebre-faz-renascer-construtor-de-castelos\/#breadcrumb","itemListElement":[{"@type":"ListItem","position":1,"name":"In\u00edcio","item":"https:\/\/www.notibras.com\/site\/"},{"@type":"ListItem","position":2,"name":"An\u00fancio f\u00fanebre faz renascer construtor de castelos"}]},{"@type":"WebSite","@id":"https:\/\/www.notibras.com\/site\/#website","url":"https:\/\/www.notibras.com\/site\/","name":"Notibras","description":"Not\u00edcias de Bras\u00edlia, do Brasil e do Mundo","publisher":{"@id":"https:\/\/www.notibras.com\/site\/#organization"},"potentialAction":[{"@type":"SearchAction","target":{"@type":"EntryPoint","urlTemplate":"https:\/\/www.notibras.com\/site\/?s={search_term_string}"},"query-input":{"@type":"PropertyValueSpecification","valueRequired":true,"valueName":"search_term_string"}}],"inLanguage":"pt-BR"},{"@type":"Organization","@id":"https:\/\/www.notibras.com\/site\/#organization","name":"Grupo Notibras de Comunica\u00e7\u00e3o","url":"https:\/\/www.notibras.com\/site\/","logo":{"@type":"ImageObject","inLanguage":"pt-BR","@id":"https:\/\/www.notibras.com\/site\/#\/schema\/logo\/image\/","url":"https:\/\/www.notibras.com\/site\/wp-content\/uploads\/2023\/01\/notibras23.png","contentUrl":"https:\/\/www.notibras.com\/site\/wp-content\/uploads\/2023\/01\/notibras23.png","width":350,"height":87,"caption":"Grupo Notibras de Comunica\u00e7\u00e3o"},"image":{"@id":"https:\/\/www.notibras.com\/site\/#\/schema\/logo\/image\/"},"sameAs":["https:\/\/www.facebook.com\/notibras\/","https:\/\/x.com\/Notibras","https:\/\/www.instagram.com\/notibras\/"]},{"@type":"Person","@id":"https:\/\/www.notibras.com\/site\/#\/schema\/person\/36ab0979449956132d3e5b517ea76ac8","name":"Reda\u00e7\u00e3o","image":{"@type":"ImageObject","inLanguage":"pt-BR","@id":"https:\/\/secure.gravatar.com\/avatar\/e0a867bdedb85fd243eadf09663511f96fc81e0720a4a42581f334ad4303aa6b?s=96&d=mm&r=g","url":"https:\/\/secure.gravatar.com\/avatar\/e0a867bdedb85fd243eadf09663511f96fc81e0720a4a42581f334ad4303aa6b?s=96&d=mm&r=g","contentUrl":"https:\/\/secure.gravatar.com\/avatar\/e0a867bdedb85fd243eadf09663511f96fc81e0720a4a42581f334ad4303aa6b?s=96&d=mm&r=g","caption":"Reda\u00e7\u00e3o"}}]}},"amp_enabled":true,"_links":{"self":[{"href":"https:\/\/www.notibras.com\/site\/wp-json\/wp\/v2\/posts\/316110","targetHints":{"allow":["GET"]}}],"collection":[{"href":"https:\/\/www.notibras.com\/site\/wp-json\/wp\/v2\/posts"}],"about":[{"href":"https:\/\/www.notibras.com\/site\/wp-json\/wp\/v2\/types\/post"}],"author":[{"embeddable":true,"href":"https:\/\/www.notibras.com\/site\/wp-json\/wp\/v2\/users\/2"}],"replies":[{"embeddable":true,"href":"https:\/\/www.notibras.com\/site\/wp-json\/wp\/v2\/comments?post=316110"}],"version-history":[{"count":2,"href":"https:\/\/www.notibras.com\/site\/wp-json\/wp\/v2\/posts\/316110\/revisions"}],"predecessor-version":[{"id":316118,"href":"https:\/\/www.notibras.com\/site\/wp-json\/wp\/v2\/posts\/316110\/revisions\/316118"}],"wp:featuredmedia":[{"embeddable":true,"href":"https:\/\/www.notibras.com\/site\/wp-json\/wp\/v2\/media\/316111"}],"wp:attachment":[{"href":"https:\/\/www.notibras.com\/site\/wp-json\/wp\/v2\/media?parent=316110"}],"wp:term":[{"taxonomy":"category","embeddable":true,"href":"https:\/\/www.notibras.com\/site\/wp-json\/wp\/v2\/categories?post=316110"},{"taxonomy":"post_tag","embeddable":true,"href":"https:\/\/www.notibras.com\/site\/wp-json\/wp\/v2\/tags?post=316110"}],"curies":[{"name":"wp","href":"https:\/\/api.w.org\/{rel}","templated":true}]}}