{"id":316115,"date":"2023-11-04T00:00:11","date_gmt":"2023-11-04T03:00:11","guid":{"rendered":"https:\/\/www.notibras.com\/site\/?p=316115"},"modified":"2023-11-04T07:23:44","modified_gmt":"2023-11-04T10:23:44","slug":"saiba-como-e-feita-a-correcao-das-provas-e-das-redacoes-do-enem","status":"publish","type":"post","link":"https:\/\/www.notibras.com\/site\/saiba-como-e-feita-a-correcao-das-provas-e-das-redacoes-do-enem\/","title":{"rendered":"Saiba como \u00e9 feita a corre\u00e7\u00e3o das provas e das reda\u00e7\u00f5es do Enem"},"content":{"rendered":"<p>Ap\u00f3s a realiza\u00e7\u00e3o do Exame Nacional do Ensino M\u00e9dio (Enem), os candidatos aguardam a corre\u00e7\u00e3o das provas para saber se atingiram a pontua\u00e7\u00e3o necess\u00e1ria para ingressar em uma universidade. Neste ano, o Enem ser\u00e1 aplicado nos dias 5 e 12 de novembro.<\/p>\n<p>As notas das provas podem ser usadas para concorrer a vagas no ensino superior p\u00fablico, pelo Sistema de Sele\u00e7\u00e3o Unificada (Sisu); a bolsas de estudo em institui\u00e7\u00f5es privadas de ensino superior, pelo Programa Universidade para Todos (ProUni); e a financiamentos do Fundo de Financiamento Estudantil (Fies).<\/p>\n<p>Ap\u00f3s a realiza\u00e7\u00e3o das provas, o cons\u00f3rcio aplicador do Enem recebe os malotes, e as equipes separam e digitalizam o cart\u00e3o-resposta e a folha da reda\u00e7\u00e3o de cada candidato. Todo o processo \u00e9 monitorado por c\u00e2meras de seguran\u00e7a em tempo integral.<\/p>\n<p>A corre\u00e7\u00e3o das provas objetivas \u00e9 feita por meio da tecnologia de reconhecimento do cart\u00e3o-resposta. Ser\u00e3o corrigidas somente as respostas efetivamente marcadas no cart\u00e3o, sem emendas ou rasuras, com caneta esferogr\u00e1fica de tinta preta. Isso \u00e9 importante para possibilitar a leitura \u00f3ptica do cart\u00e3o-resposta.<\/p>\n<p>Para o c\u00e1lculo da nota, o Inep adota a metodologia chamada Teoria da Resposta ao Item (TRI), que utiliza um conjunto de modelos matem\u00e1ticos para representar a rela\u00e7\u00e3o entre a probabilidade de o participante responder corretamente a uma quest\u00e3o, seu conhecimento na \u00e1rea em que est\u00e1 sendo avaliado e as caracter\u00edsticas dos itens.<\/p>\n<p>Com esse modelo, a natureza espec\u00edfica de cada quest\u00e3o \u00e9 considerada no c\u00e1lculo, para que se possa diferenciar alunos com a mesma quantidade de acertos. Segundo o Inep, certas quest\u00f5es s\u00e3o acertadas consistentemente apenas por participantes com elevada habilidade, enquanto outras s\u00e3o frequentemente acertadas pela maioria.<\/p>\n<p>Dessa forma, duas pessoas com a mesma quantidade de acertos na prova s\u00e3o avaliadas de forma distinta, dependendo de quais itens est\u00e3o certos e errados, e podem ter notas diferentes.<\/p>\n<p><strong>Reda\u00e7\u00e3o<\/strong><br \/>\nOs arquivos digitalizados das reda\u00e7\u00f5es s\u00e3o repassados \u00e0s equipes respons\u00e1veis pela corre\u00e7\u00e3o dos textos. Ser\u00e3o corrigidas somente aquelas transcritas para a Folha de Reda\u00e7\u00e3o com caneta esferogr\u00e1fica preta.<\/p>\n<p>A nota da reda\u00e7\u00e3o \u00e9 atribu\u00edda em uma escala que varia entre 0 e 1.000 pontos. Cada reda\u00e7\u00e3o \u00e9 corrigida por dois avaliadores, que atribuem nota entre zero e 200 pontos para cada uma das cinco compet\u00eancias. A nota final \u00e9 a m\u00e9dia aritm\u00e9tica das notas totais atribu\u00eddas.<\/p>\n<p>Em caso de discrep\u00e2ncia, ou seja, quando as notas diferem em mais de 100 pontos ou se a diferen\u00e7a for superior a 80 pontos em qualquer uma das compet\u00eancias, a reda\u00e7\u00e3o \u00e9 avaliada de forma independente por um terceiro avaliador, Nesse caso, a nota final \u00e9 a m\u00e9dia das notas que mais se aproximarem.<\/p>\n<p>Com as notas da reda\u00e7\u00e3o e o resultado das quest\u00f5es objetivas, o Inep processa o resultado, dando origem ao Boletim de Desempenho. Ele \u00e9 disponibilizado em janeiro do ano seguinte na P\u00e1gina do Participante e no aplicativo do Enem.<\/p>\n","protected":false},"excerpt":{"rendered":"<p>Ap\u00f3s a realiza\u00e7\u00e3o do Exame Nacional do Ensino M\u00e9dio (Enem), os candidatos aguardam a corre\u00e7\u00e3o das provas para saber se atingiram a pontua\u00e7\u00e3o necess\u00e1ria para ingressar em uma universidade. Neste ano, o Enem ser\u00e1 aplicado nos dias 5 e 12 de novembro. As notas das provas podem ser usadas para concorrer a vagas no ensino [&hellip;]<\/p>\n","protected":false},"author":2,"featured_media":316116,"comment_status":"closed","ping_status":"closed","sticky":false,"template":"","format":"standard","meta":{"_acf_changed":false,"footnotes":""},"categories":[161],"tags":[],"class_list":["post-316115","post","type-post","status-publish","format-standard","has-post-thumbnail","hentry","category-quadradinho-em-foco"],"acf":[],"yoast_head":"<!-- This site is optimized with the Yoast SEO plugin v27.2 - https:\/\/yoast.com\/product\/yoast-seo-wordpress\/ -->\n<title>Saiba como \u00e9 feita a corre\u00e7\u00e3o das provas e das reda\u00e7\u00f5es do Enem - Notibras<\/title>\n<meta name=\"robots\" content=\"index, follow, max-snippet:-1, max-image-preview:large, max-video-preview:-1\" \/>\n<link rel=\"canonical\" href=\"https:\/\/www.notibras.com\/site\/saiba-como-e-feita-a-correcao-das-provas-e-das-redacoes-do-enem\/\" \/>\n<meta property=\"og:locale\" content=\"pt_BR\" \/>\n<meta property=\"og:type\" content=\"article\" \/>\n<meta property=\"og:title\" content=\"Saiba como \u00e9 feita a corre\u00e7\u00e3o das provas e das reda\u00e7\u00f5es do Enem - Notibras\" \/>\n<meta property=\"og:description\" content=\"Ap\u00f3s a realiza\u00e7\u00e3o do Exame Nacional do Ensino M\u00e9dio (Enem), os candidatos aguardam a corre\u00e7\u00e3o das provas para saber se atingiram a pontua\u00e7\u00e3o necess\u00e1ria para ingressar em uma universidade. Neste ano, o Enem ser\u00e1 aplicado nos dias 5 e 12 de novembro. As notas das provas podem ser usadas para concorrer a vagas no ensino [&hellip;]\" \/>\n<meta property=\"og:url\" content=\"https:\/\/www.notibras.com\/site\/saiba-como-e-feita-a-correcao-das-provas-e-das-redacoes-do-enem\/\" \/>\n<meta property=\"og:site_name\" content=\"Notibras\" \/>\n<meta property=\"article:publisher\" content=\"https:\/\/www.facebook.com\/notibras\/\" \/>\n<meta property=\"article:published_time\" content=\"2023-11-04T03:00:11+00:00\" \/>\n<meta property=\"article:modified_time\" content=\"2023-11-04T10:23:44+00:00\" \/>\n<meta property=\"og:image\" content=\"https:\/\/www.notibras.com\/site\/wp-content\/uploads\/2023\/11\/enem_ciencia.png\" \/>\n\t<meta property=\"og:image:width\" content=\"1170\" \/>\n\t<meta property=\"og:image:height\" content=\"700\" \/>\n\t<meta property=\"og:image:type\" content=\"image\/png\" \/>\n<meta name=\"author\" content=\"Reda\u00e7\u00e3o\" \/>\n<meta name=\"twitter:card\" content=\"summary_large_image\" \/>\n<meta name=\"twitter:creator\" content=\"@Notibras\" \/>\n<meta name=\"twitter:site\" content=\"@Notibras\" \/>\n<meta name=\"twitter:label1\" content=\"Escrito por\" \/>\n\t<meta name=\"twitter:data1\" content=\"Reda\u00e7\u00e3o\" \/>\n\t<meta name=\"twitter:label2\" content=\"Est. tempo de leitura\" \/>\n\t<meta name=\"twitter:data2\" content=\"3 minutos\" \/>\n<script type=\"application\/ld+json\" class=\"yoast-schema-graph\">{\"@context\":\"https:\/\/schema.org\",\"@graph\":[{\"@type\":\"Article\",\"@id\":\"https:\/\/www.notibras.com\/site\/saiba-como-e-feita-a-correcao-das-provas-e-das-redacoes-do-enem\/#article\",\"isPartOf\":{\"@id\":\"https:\/\/www.notibras.com\/site\/saiba-como-e-feita-a-correcao-das-provas-e-das-redacoes-do-enem\/\"},\"author\":{\"name\":\"Reda\u00e7\u00e3o\",\"@id\":\"https:\/\/www.notibras.com\/site\/#\/schema\/person\/36ab0979449956132d3e5b517ea76ac8\"},\"headline\":\"Saiba como \u00e9 feita a corre\u00e7\u00e3o das provas e das reda\u00e7\u00f5es do Enem\",\"datePublished\":\"2023-11-04T03:00:11+00:00\",\"dateModified\":\"2023-11-04T10:23:44+00:00\",\"mainEntityOfPage\":{\"@id\":\"https:\/\/www.notibras.com\/site\/saiba-como-e-feita-a-correcao-das-provas-e-das-redacoes-do-enem\/\"},\"wordCount\":527,\"publisher\":{\"@id\":\"https:\/\/www.notibras.com\/site\/#organization\"},\"image\":{\"@id\":\"https:\/\/www.notibras.com\/site\/saiba-como-e-feita-a-correcao-das-provas-e-das-redacoes-do-enem\/#primaryimage\"},\"thumbnailUrl\":\"https:\/\/www.notibras.com\/site\/wp-content\/uploads\/2023\/11\/enem_ciencia.png\",\"articleSection\":[\"Quadradinho em Foco\"],\"inLanguage\":\"pt-BR\"},{\"@type\":\"WebPage\",\"@id\":\"https:\/\/www.notibras.com\/site\/saiba-como-e-feita-a-correcao-das-provas-e-das-redacoes-do-enem\/\",\"url\":\"https:\/\/www.notibras.com\/site\/saiba-como-e-feita-a-correcao-das-provas-e-das-redacoes-do-enem\/\",\"name\":\"Saiba como \u00e9 feita a corre\u00e7\u00e3o das provas e das reda\u00e7\u00f5es do Enem - Notibras\",\"isPartOf\":{\"@id\":\"https:\/\/www.notibras.com\/site\/#website\"},\"primaryImageOfPage\":{\"@id\":\"https:\/\/www.notibras.com\/site\/saiba-como-e-feita-a-correcao-das-provas-e-das-redacoes-do-enem\/#primaryimage\"},\"image\":{\"@id\":\"https:\/\/www.notibras.com\/site\/saiba-como-e-feita-a-correcao-das-provas-e-das-redacoes-do-enem\/#primaryimage\"},\"thumbnailUrl\":\"https:\/\/www.notibras.com\/site\/wp-content\/uploads\/2023\/11\/enem_ciencia.png\",\"datePublished\":\"2023-11-04T03:00:11+00:00\",\"dateModified\":\"2023-11-04T10:23:44+00:00\",\"breadcrumb\":{\"@id\":\"https:\/\/www.notibras.com\/site\/saiba-como-e-feita-a-correcao-das-provas-e-das-redacoes-do-enem\/#breadcrumb\"},\"inLanguage\":\"pt-BR\",\"potentialAction\":[{\"@type\":\"ReadAction\",\"target\":[\"https:\/\/www.notibras.com\/site\/saiba-como-e-feita-a-correcao-das-provas-e-das-redacoes-do-enem\/\"]}]},{\"@type\":\"ImageObject\",\"inLanguage\":\"pt-BR\",\"@id\":\"https:\/\/www.notibras.com\/site\/saiba-como-e-feita-a-correcao-das-provas-e-das-redacoes-do-enem\/#primaryimage\",\"url\":\"https:\/\/www.notibras.com\/site\/wp-content\/uploads\/2023\/11\/enem_ciencia.png\",\"contentUrl\":\"https:\/\/www.notibras.com\/site\/wp-content\/uploads\/2023\/11\/enem_ciencia.png\",\"width\":1170,\"height\":700},{\"@type\":\"BreadcrumbList\",\"@id\":\"https:\/\/www.notibras.com\/site\/saiba-como-e-feita-a-correcao-das-provas-e-das-redacoes-do-enem\/#breadcrumb\",\"itemListElement\":[{\"@type\":\"ListItem\",\"position\":1,\"name\":\"In\u00edcio\",\"item\":\"https:\/\/www.notibras.com\/site\/\"},{\"@type\":\"ListItem\",\"position\":2,\"name\":\"Saiba como \u00e9 feita a corre\u00e7\u00e3o das provas e das reda\u00e7\u00f5es do Enem\"}]},{\"@type\":\"WebSite\",\"@id\":\"https:\/\/www.notibras.com\/site\/#website\",\"url\":\"https:\/\/www.notibras.com\/site\/\",\"name\":\"Notibras\",\"description\":\"Not\u00edcias de Bras\u00edlia, do Brasil e do Mundo\",\"publisher\":{\"@id\":\"https:\/\/www.notibras.com\/site\/#organization\"},\"potentialAction\":[{\"@type\":\"SearchAction\",\"target\":{\"@type\":\"EntryPoint\",\"urlTemplate\":\"https:\/\/www.notibras.com\/site\/?s={search_term_string}\"},\"query-input\":{\"@type\":\"PropertyValueSpecification\",\"valueRequired\":true,\"valueName\":\"search_term_string\"}}],\"inLanguage\":\"pt-BR\"},{\"@type\":\"Organization\",\"@id\":\"https:\/\/www.notibras.com\/site\/#organization\",\"name\":\"Grupo Notibras de Comunica\u00e7\u00e3o\",\"url\":\"https:\/\/www.notibras.com\/site\/\",\"logo\":{\"@type\":\"ImageObject\",\"inLanguage\":\"pt-BR\",\"@id\":\"https:\/\/www.notibras.com\/site\/#\/schema\/logo\/image\/\",\"url\":\"https:\/\/www.notibras.com\/site\/wp-content\/uploads\/2023\/01\/notibras23.png\",\"contentUrl\":\"https:\/\/www.notibras.com\/site\/wp-content\/uploads\/2023\/01\/notibras23.png\",\"width\":350,\"height\":87,\"caption\":\"Grupo Notibras de Comunica\u00e7\u00e3o\"},\"image\":{\"@id\":\"https:\/\/www.notibras.com\/site\/#\/schema\/logo\/image\/\"},\"sameAs\":[\"https:\/\/www.facebook.com\/notibras\/\",\"https:\/\/x.com\/Notibras\",\"https:\/\/www.instagram.com\/notibras\/\"]},{\"@type\":\"Person\",\"@id\":\"https:\/\/www.notibras.com\/site\/#\/schema\/person\/36ab0979449956132d3e5b517ea76ac8\",\"name\":\"Reda\u00e7\u00e3o\",\"image\":{\"@type\":\"ImageObject\",\"inLanguage\":\"pt-BR\",\"@id\":\"https:\/\/secure.gravatar.com\/avatar\/e0a867bdedb85fd243eadf09663511f96fc81e0720a4a42581f334ad4303aa6b?s=96&d=mm&r=g\",\"url\":\"https:\/\/secure.gravatar.com\/avatar\/e0a867bdedb85fd243eadf09663511f96fc81e0720a4a42581f334ad4303aa6b?s=96&d=mm&r=g\",\"contentUrl\":\"https:\/\/secure.gravatar.com\/avatar\/e0a867bdedb85fd243eadf09663511f96fc81e0720a4a42581f334ad4303aa6b?s=96&d=mm&r=g\",\"caption\":\"Reda\u00e7\u00e3o\"}}]}<\/script>\n<!-- \/ Yoast SEO plugin. -->","yoast_head_json":{"title":"Saiba como \u00e9 feita a corre\u00e7\u00e3o das provas e das reda\u00e7\u00f5es do Enem - Notibras","robots":{"index":"index","follow":"follow","max-snippet":"max-snippet:-1","max-image-preview":"max-image-preview:large","max-video-preview":"max-video-preview:-1"},"canonical":"https:\/\/www.notibras.com\/site\/saiba-como-e-feita-a-correcao-das-provas-e-das-redacoes-do-enem\/","og_locale":"pt_BR","og_type":"article","og_title":"Saiba como \u00e9 feita a corre\u00e7\u00e3o das provas e das reda\u00e7\u00f5es do Enem - Notibras","og_description":"Ap\u00f3s a realiza\u00e7\u00e3o do Exame Nacional do Ensino M\u00e9dio (Enem), os candidatos aguardam a corre\u00e7\u00e3o das provas para saber se atingiram a pontua\u00e7\u00e3o necess\u00e1ria para ingressar em uma universidade. Neste ano, o Enem ser\u00e1 aplicado nos dias 5 e 12 de novembro. As notas das provas podem ser usadas para concorrer a vagas no ensino [&hellip;]","og_url":"https:\/\/www.notibras.com\/site\/saiba-como-e-feita-a-correcao-das-provas-e-das-redacoes-do-enem\/","og_site_name":"Notibras","article_publisher":"https:\/\/www.facebook.com\/notibras\/","article_published_time":"2023-11-04T03:00:11+00:00","article_modified_time":"2023-11-04T10:23:44+00:00","og_image":[{"width":1170,"height":700,"url":"https:\/\/www.notibras.com\/site\/wp-content\/uploads\/2023\/11\/enem_ciencia.png","type":"image\/png"}],"author":"Reda\u00e7\u00e3o","twitter_card":"summary_large_image","twitter_creator":"@Notibras","twitter_site":"@Notibras","twitter_misc":{"Escrito por":"Reda\u00e7\u00e3o","Est. tempo de leitura":"3 minutos"},"schema":{"@context":"https:\/\/schema.org","@graph":[{"@type":"Article","@id":"https:\/\/www.notibras.com\/site\/saiba-como-e-feita-a-correcao-das-provas-e-das-redacoes-do-enem\/#article","isPartOf":{"@id":"https:\/\/www.notibras.com\/site\/saiba-como-e-feita-a-correcao-das-provas-e-das-redacoes-do-enem\/"},"author":{"name":"Reda\u00e7\u00e3o","@id":"https:\/\/www.notibras.com\/site\/#\/schema\/person\/36ab0979449956132d3e5b517ea76ac8"},"headline":"Saiba como \u00e9 feita a corre\u00e7\u00e3o das provas e das reda\u00e7\u00f5es do Enem","datePublished":"2023-11-04T03:00:11+00:00","dateModified":"2023-11-04T10:23:44+00:00","mainEntityOfPage":{"@id":"https:\/\/www.notibras.com\/site\/saiba-como-e-feita-a-correcao-das-provas-e-das-redacoes-do-enem\/"},"wordCount":527,"publisher":{"@id":"https:\/\/www.notibras.com\/site\/#organization"},"image":{"@id":"https:\/\/www.notibras.com\/site\/saiba-como-e-feita-a-correcao-das-provas-e-das-redacoes-do-enem\/#primaryimage"},"thumbnailUrl":"https:\/\/www.notibras.com\/site\/wp-content\/uploads\/2023\/11\/enem_ciencia.png","articleSection":["Quadradinho em Foco"],"inLanguage":"pt-BR"},{"@type":"WebPage","@id":"https:\/\/www.notibras.com\/site\/saiba-como-e-feita-a-correcao-das-provas-e-das-redacoes-do-enem\/","url":"https:\/\/www.notibras.com\/site\/saiba-como-e-feita-a-correcao-das-provas-e-das-redacoes-do-enem\/","name":"Saiba como \u00e9 feita a corre\u00e7\u00e3o das provas e das reda\u00e7\u00f5es do Enem - Notibras","isPartOf":{"@id":"https:\/\/www.notibras.com\/site\/#website"},"primaryImageOfPage":{"@id":"https:\/\/www.notibras.com\/site\/saiba-como-e-feita-a-correcao-das-provas-e-das-redacoes-do-enem\/#primaryimage"},"image":{"@id":"https:\/\/www.notibras.com\/site\/saiba-como-e-feita-a-correcao-das-provas-e-das-redacoes-do-enem\/#primaryimage"},"thumbnailUrl":"https:\/\/www.notibras.com\/site\/wp-content\/uploads\/2023\/11\/enem_ciencia.png","datePublished":"2023-11-04T03:00:11+00:00","dateModified":"2023-11-04T10:23:44+00:00","breadcrumb":{"@id":"https:\/\/www.notibras.com\/site\/saiba-como-e-feita-a-correcao-das-provas-e-das-redacoes-do-enem\/#breadcrumb"},"inLanguage":"pt-BR","potentialAction":[{"@type":"ReadAction","target":["https:\/\/www.notibras.com\/site\/saiba-como-e-feita-a-correcao-das-provas-e-das-redacoes-do-enem\/"]}]},{"@type":"ImageObject","inLanguage":"pt-BR","@id":"https:\/\/www.notibras.com\/site\/saiba-como-e-feita-a-correcao-das-provas-e-das-redacoes-do-enem\/#primaryimage","url":"https:\/\/www.notibras.com\/site\/wp-content\/uploads\/2023\/11\/enem_ciencia.png","contentUrl":"https:\/\/www.notibras.com\/site\/wp-content\/uploads\/2023\/11\/enem_ciencia.png","width":1170,"height":700},{"@type":"BreadcrumbList","@id":"https:\/\/www.notibras.com\/site\/saiba-como-e-feita-a-correcao-das-provas-e-das-redacoes-do-enem\/#breadcrumb","itemListElement":[{"@type":"ListItem","position":1,"name":"In\u00edcio","item":"https:\/\/www.notibras.com\/site\/"},{"@type":"ListItem","position":2,"name":"Saiba como \u00e9 feita a corre\u00e7\u00e3o das provas e das reda\u00e7\u00f5es do Enem"}]},{"@type":"WebSite","@id":"https:\/\/www.notibras.com\/site\/#website","url":"https:\/\/www.notibras.com\/site\/","name":"Notibras","description":"Not\u00edcias de Bras\u00edlia, do Brasil e do Mundo","publisher":{"@id":"https:\/\/www.notibras.com\/site\/#organization"},"potentialAction":[{"@type":"SearchAction","target":{"@type":"EntryPoint","urlTemplate":"https:\/\/www.notibras.com\/site\/?s={search_term_string}"},"query-input":{"@type":"PropertyValueSpecification","valueRequired":true,"valueName":"search_term_string"}}],"inLanguage":"pt-BR"},{"@type":"Organization","@id":"https:\/\/www.notibras.com\/site\/#organization","name":"Grupo Notibras de Comunica\u00e7\u00e3o","url":"https:\/\/www.notibras.com\/site\/","logo":{"@type":"ImageObject","inLanguage":"pt-BR","@id":"https:\/\/www.notibras.com\/site\/#\/schema\/logo\/image\/","url":"https:\/\/www.notibras.com\/site\/wp-content\/uploads\/2023\/01\/notibras23.png","contentUrl":"https:\/\/www.notibras.com\/site\/wp-content\/uploads\/2023\/01\/notibras23.png","width":350,"height":87,"caption":"Grupo Notibras de Comunica\u00e7\u00e3o"},"image":{"@id":"https:\/\/www.notibras.com\/site\/#\/schema\/logo\/image\/"},"sameAs":["https:\/\/www.facebook.com\/notibras\/","https:\/\/x.com\/Notibras","https:\/\/www.instagram.com\/notibras\/"]},{"@type":"Person","@id":"https:\/\/www.notibras.com\/site\/#\/schema\/person\/36ab0979449956132d3e5b517ea76ac8","name":"Reda\u00e7\u00e3o","image":{"@type":"ImageObject","inLanguage":"pt-BR","@id":"https:\/\/secure.gravatar.com\/avatar\/e0a867bdedb85fd243eadf09663511f96fc81e0720a4a42581f334ad4303aa6b?s=96&d=mm&r=g","url":"https:\/\/secure.gravatar.com\/avatar\/e0a867bdedb85fd243eadf09663511f96fc81e0720a4a42581f334ad4303aa6b?s=96&d=mm&r=g","contentUrl":"https:\/\/secure.gravatar.com\/avatar\/e0a867bdedb85fd243eadf09663511f96fc81e0720a4a42581f334ad4303aa6b?s=96&d=mm&r=g","caption":"Reda\u00e7\u00e3o"}}]}},"amp_enabled":true,"_links":{"self":[{"href":"https:\/\/www.notibras.com\/site\/wp-json\/wp\/v2\/posts\/316115","targetHints":{"allow":["GET"]}}],"collection":[{"href":"https:\/\/www.notibras.com\/site\/wp-json\/wp\/v2\/posts"}],"about":[{"href":"https:\/\/www.notibras.com\/site\/wp-json\/wp\/v2\/types\/post"}],"author":[{"embeddable":true,"href":"https:\/\/www.notibras.com\/site\/wp-json\/wp\/v2\/users\/2"}],"replies":[{"embeddable":true,"href":"https:\/\/www.notibras.com\/site\/wp-json\/wp\/v2\/comments?post=316115"}],"version-history":[{"count":1,"href":"https:\/\/www.notibras.com\/site\/wp-json\/wp\/v2\/posts\/316115\/revisions"}],"predecessor-version":[{"id":316117,"href":"https:\/\/www.notibras.com\/site\/wp-json\/wp\/v2\/posts\/316115\/revisions\/316117"}],"wp:featuredmedia":[{"embeddable":true,"href":"https:\/\/www.notibras.com\/site\/wp-json\/wp\/v2\/media\/316116"}],"wp:attachment":[{"href":"https:\/\/www.notibras.com\/site\/wp-json\/wp\/v2\/media?parent=316115"}],"wp:term":[{"taxonomy":"category","embeddable":true,"href":"https:\/\/www.notibras.com\/site\/wp-json\/wp\/v2\/categories?post=316115"},{"taxonomy":"post_tag","embeddable":true,"href":"https:\/\/www.notibras.com\/site\/wp-json\/wp\/v2\/tags?post=316115"}],"curies":[{"name":"wp","href":"https:\/\/api.w.org\/{rel}","templated":true}]}}