{"id":316153,"date":"2023-11-05T06:05:32","date_gmt":"2023-11-05T09:05:32","guid":{"rendered":"https:\/\/www.notibras.com\/site\/?p=316153"},"modified":"2023-11-05T07:48:34","modified_gmt":"2023-11-05T10:48:34","slug":"bomba-pode-ser-literalmente-um-problema-pra-turma-do-enem","status":"publish","type":"post","link":"https:\/\/www.notibras.com\/site\/bomba-pode-ser-literalmente-um-problema-pra-turma-do-enem\/","title":{"rendered":"&#8216;Bomba&#8217; pode ser literalmente um problema pra turma do Enem"},"content":{"rendered":"<p>Hyai, prima de Ia, \u00e9 uma amiga mais extrovertida. Professora, 39 anos, ela n\u00e3o tem papas na l\u00edngua. Quando pode, ajuda. Se entende que n\u00e3o tem como contribuir com nada, pode ter certeza de que n\u00e3o agir\u00e1 no sentido de prejudicar. No final da tarde dop s\u00e1bado, 4, ela chegou de surpresa para uma visita. Desliguei o televisor e a mente do jogo em que o Fluminense disputava o t\u00edtulo da Libertadores com o Boca Juniors no Maracan\u00e3. Preferi a doce voz e o brilho dos olhos dela \u00e0 incerteza de um t\u00edtulo in\u00e9dito na hist\u00f3ria do meu time de cora\u00e7\u00e3o.<\/p>\n<p>&#8211; E o Enem, Andr\u00e9, andou dando dicas aos seus amigos?, perguntou-me, \u00e0 v\u00e9spera da prova em que ao menos 4 milh\u00f5es de estudantes estar\u00e3o enfrentando a primeira parte de uma batalha para garantir uma cadeira em uma faculdade.<\/p>\n<p>Respondi que tenho conversado virtualmente aqui e ali, alertando principalmente para o tema da Reda\u00e7\u00e3o, que pode ser, suponho, literalmente uma bomba, em meio aos conflitos que afundam o mundo em sangue. Ela concordou. &#8220;Mundo louco este em que vivemos&#8221;, sublinhou. E como professora que \u00e9, somou, \u00e0s minhas orienta\u00e7\u00f5es, algumas que ela considera convenientes para os estudantes.<\/p>\n<p>Uma boa Reda\u00e7\u00e3o, pontuou Hyai, \u00e9 a base de tudo. A nota mil \u00e9 rara, mas n\u00e3o imposs\u00edvel. O pior \u00e9 levar &#8216;bomba&#8217; se o tema for sobre os m\u00edsseis que hoje caem em abund\u00e2ncia no Oriente M\u00e9dio e na disputa territorial entre R\u00fassia e Ucr\u00e2nia. Portanto, acentuou, \u00e9 fundamental que os candidatos tenham conhecimentos gerais sobre as atualidades geopol\u00edticas.<\/p>\n<p>No entendimento de minha amiga professora, se o candidato quer criar diferenciais para a sua prova do Enem, uma excelente op\u00e7\u00e3o \u00e9 investir em uma melhor prepara\u00e7\u00e3o para a prova escrita. \u00c9 por isso que vale a pena ficar de olho em dicas de reda\u00e7\u00e3o do Enem, pois elas podem simplificar sua a\u00e7\u00e3o no dia da prova e assim gerar melhores resultados.<\/p>\n<p>Vale a pena acompanhar o notici\u00e1rio, ao menos conferindo semanalmente o que acontece no Brasil e no mundo. Temas como pol\u00edtica e economia podem ser \u00fateis, mesmo que n\u00e3o sejam cobrados de maneira direta na prova. O fato \u00e9 que o que costumamos chamar de atualidades representa um apoio para que o aluno tenha como desenvolver seus textos, demonstrando repert\u00f3rio e compreens\u00e3o a respeito do universo em que vive.<\/p>\n<p>Ela sugere que ningu\u00e9m deve tentar adivinhar o que vai cair na prova. Ao contr\u00e1rio, deve procurar compreender o contexto atual em que vive para a partir de ent\u00e3o n\u00e3o ser surpreendido. Se o aluno estiver bem informado, dificilmente ter\u00e1 problemas para trabalhar o seu texto. At\u00e9 porque o Enem oferece pequenos textos de apoio.<\/p>\n<p>Uma dica, embora em cima da hora, \u00e9 procurar escrever semanalmente sobre o principal tema daquele per\u00edodo. Uma reda\u00e7\u00e3o simples, com 30 linhas sobre o que de mais importante impactou o pa\u00eds ou o mundo j\u00e1 ajuda a praticar e se manter em dia com o que acontece ao seu redor.<\/p>\n<p>Hyai frisa, em nossa conversa, que existem diferentes abordagens para uma prova de reda\u00e7\u00e3o. Pode ser uma carta, fazer uma narrativa, entre outras. De qualquer forma, deve-se sempre ter como saber o que os examinadores desejam, por meio do edital do Enem. Sendo assim, \u00e9 importante recorrer a ele para se sair bem em uma prova.<\/p>\n<p>N\u00e3o existe segredo, ela garante. A prova traz aquilo que chamamos de \u201cfrase-tema\u201d e o aluno tem 30 linhas para discorrer sobre o assunto, podendo contar com os textos de apoio. Assim, a prova \u00e9 de car\u00e1ter dissertativo-argumentativo e para faz\u00ea-la \u00e9 preciso construir uma estrutura com introdu\u00e7\u00e3o, desenvolvimento e conclus\u00e3o.<\/p>\n<p>Hyai, ponderada, enfatiza que o aluno precisa ter conhecimento a respeito do que os examinadores realmente esperam de um candidato no Enem. E acrescenta, como se dirigindo ao pr\u00f3prio candidato: &#8220;N\u00e3o se preocupe; n\u00e3o h\u00e1 nada de especial nas exig\u00eancias. Elas basicamente se concentram na sua capacidade de desenvolver um racioc\u00ednio coerente e fazer isso de maneira correta.<\/p>\n<p>O importante, ainda na vis\u00e3o da minha amiga professora, \u00e9 procurar trabalhar com l\u00f3gica, escrevendo com crit\u00e9rios, sem se perder na sua abordagem. \u00c9 importante apresentar argumentos, justificando o que voc\u00ea pensa. Os examinadores querem ver a forma como voc\u00ea interpreta o que v\u00ea. Isso \u00e9 t\u00e3o importante quanto uma escrita capaz de revelar o seu dom\u00ednio do idioma.<\/p>\n<p>As pessoas precisam entender, acentua Hyai, que o Enem valoriza tanto a parte t\u00e9cnica quanto aquilo que \u00e9 \u00fanico e exclusivo de cada candidato, ou seja, sua vis\u00e3o de mundo.<\/p>\n<p>Pe\u00e7o um aparte para lembrar que a prova de reda\u00e7\u00e3o tem o mesmo peso de todas as outras do Enem. Assim, o resultado dela \u00e9 somado ao das demais provas para gerar a nota final.<\/p>\n<p>Tanto, pontuo, que n\u00e3o \u00e9 porque um tema foi exigido em uma edi\u00e7\u00e3o anterior que voc\u00ea deva deix\u00e1-lo de fora dos seus estudos para uma nova edi\u00e7\u00e3o. Pelo contr\u00e1rio, \u00e9 bom avaliar vers\u00f5es antigas do Enem, por ser uma forma de qualificar a sua prepara\u00e7\u00e3o. Se n\u00e3o passar dessa vez, para o pr\u00f3ximo fa\u00e7a simulados, pratique as provas dos anos anteriores e tente melhorar a cada teste. Provas como as do Enem apresentam um perfil. E quem fizer o melhor desenho mental, se sair\u00e1 bem.<\/p>\n<p>A conversa sobre as provas deste domingo estavam caminhando para o final, quando Neusa, minha m\u00e3e, ofereceu uma tapioca.<\/p>\n<p>&#8211; T\u00f4 dentro, afirmou Hyai prontamente, com aquele sorriso de crian\u00e7a inocente e brilho nos olhos. t\u00e3o intenso como os raios do sol, a exemplo da pr\u00f3pria Ia. Parece ser uma marca da fam\u00edlia.<\/p>\n<p>Depois da tapioca, regada a suco de framboesa, minha amiga foi embora. Despediu-se esperando ter contribu\u00eddo, com suas dicas, para que os candidatos que enfrentar\u00e3o o Enem neste e no pr\u00f3ximo fim de semana, tenham sucesso. E lembrou, antes do aceno final, que quem estiver preparado, n\u00e3o levar\u00e1 &#8216;bomba&#8217;. Como aquelas que andam caindo aqui e acol\u00e1, neste mundo, repito, cada vez mais guerreiro &#8211; e n\u00e3o aguerrido.<\/p>\n<p>**Aos nossos leitores:\u00a0<strong><em>Notibras<\/em>\u00a0abriu este espa\u00e7o editorial para o segmento PcD. Para que possamos interagir, mostrarmos que somos pessoas comuns. Encaminhe sugest\u00f5es, mande seus textos. Prometo que tudo ser\u00e1 bem recebido e aproveitado. Meu WhasApp \u00e9\u00a0+55 61 98425-4895.<\/strong><\/p>\n<div id=\"wpdevar_comment_4\"><\/div>\n","protected":false},"excerpt":{"rendered":"<p>Hyai, prima de Ia, \u00e9 uma amiga mais extrovertida. Professora, 39 anos, ela n\u00e3o tem papas na l\u00edngua. Quando pode, ajuda. Se entende que n\u00e3o tem como contribuir com nada, pode ter certeza de que n\u00e3o agir\u00e1 no sentido de prejudicar. No final da tarde dop s\u00e1bado, 4, ela chegou de surpresa para uma visita. [&hellip;]<\/p>\n","protected":false},"author":2,"featured_media":316154,"comment_status":"closed","ping_status":"closed","sticky":false,"template":"","format":"standard","meta":{"_acf_changed":false,"footnotes":""},"categories":[161],"tags":[95],"class_list":["post-316153","post","type-post","status-publish","format-standard","has-post-thumbnail","hentry","category-quadradinho-em-foco","tag-capa"],"acf":[],"yoast_head":"<!-- This site is optimized with the Yoast SEO plugin v27.2 - https:\/\/yoast.com\/product\/yoast-seo-wordpress\/ -->\n<title>&#039;Bomba&#039; pode ser literalmente um problema pra turma do Enem - Notibras<\/title>\n<meta name=\"robots\" content=\"index, follow, max-snippet:-1, max-image-preview:large, max-video-preview:-1\" \/>\n<link rel=\"canonical\" href=\"https:\/\/www.notibras.com\/site\/bomba-pode-ser-literalmente-um-problema-pra-turma-do-enem\/\" \/>\n<meta property=\"og:locale\" content=\"pt_BR\" \/>\n<meta property=\"og:type\" content=\"article\" \/>\n<meta property=\"og:title\" content=\"&#039;Bomba&#039; pode ser literalmente um problema pra turma do Enem - Notibras\" \/>\n<meta property=\"og:description\" content=\"Hyai, prima de Ia, \u00e9 uma amiga mais extrovertida. Professora, 39 anos, ela n\u00e3o tem papas na l\u00edngua. Quando pode, ajuda. Se entende que n\u00e3o tem como contribuir com nada, pode ter certeza de que n\u00e3o agir\u00e1 no sentido de prejudicar. No final da tarde dop s\u00e1bado, 4, ela chegou de surpresa para uma visita. [&hellip;]\" \/>\n<meta property=\"og:url\" content=\"https:\/\/www.notibras.com\/site\/bomba-pode-ser-literalmente-um-problema-pra-turma-do-enem\/\" \/>\n<meta property=\"og:site_name\" content=\"Notibras\" \/>\n<meta property=\"article:publisher\" content=\"https:\/\/www.facebook.com\/notibras\/\" \/>\n<meta property=\"article:published_time\" content=\"2023-11-05T09:05:32+00:00\" \/>\n<meta property=\"article:modified_time\" content=\"2023-11-05T10:48:34+00:00\" \/>\n<meta property=\"og:image\" content=\"https:\/\/www.notibras.com\/site\/wp-content\/uploads\/2023\/11\/enem.vc_.webp\" \/>\n\t<meta property=\"og:image:width\" content=\"770\" \/>\n\t<meta property=\"og:image:height\" content=\"513\" \/>\n\t<meta property=\"og:image:type\" content=\"image\/webp\" \/>\n<meta name=\"author\" content=\"Reda\u00e7\u00e3o\" \/>\n<meta name=\"twitter:card\" content=\"summary_large_image\" \/>\n<meta name=\"twitter:creator\" content=\"@Notibras\" \/>\n<meta name=\"twitter:site\" content=\"@Notibras\" \/>\n<meta name=\"twitter:label1\" content=\"Escrito por\" \/>\n\t<meta name=\"twitter:data1\" content=\"Reda\u00e7\u00e3o\" \/>\n\t<meta name=\"twitter:label2\" content=\"Est. tempo de leitura\" \/>\n\t<meta name=\"twitter:data2\" content=\"6 minutos\" \/>\n<script type=\"application\/ld+json\" class=\"yoast-schema-graph\">{\"@context\":\"https:\/\/schema.org\",\"@graph\":[{\"@type\":\"Article\",\"@id\":\"https:\/\/www.notibras.com\/site\/bomba-pode-ser-literalmente-um-problema-pra-turma-do-enem\/#article\",\"isPartOf\":{\"@id\":\"https:\/\/www.notibras.com\/site\/bomba-pode-ser-literalmente-um-problema-pra-turma-do-enem\/\"},\"author\":{\"name\":\"Reda\u00e7\u00e3o\",\"@id\":\"https:\/\/www.notibras.com\/site\/#\/schema\/person\/36ab0979449956132d3e5b517ea76ac8\"},\"headline\":\"&#8216;Bomba&#8217; pode ser literalmente um problema pra turma do Enem\",\"datePublished\":\"2023-11-05T09:05:32+00:00\",\"dateModified\":\"2023-11-05T10:48:34+00:00\",\"mainEntityOfPage\":{\"@id\":\"https:\/\/www.notibras.com\/site\/bomba-pode-ser-literalmente-um-problema-pra-turma-do-enem\/\"},\"wordCount\":1092,\"publisher\":{\"@id\":\"https:\/\/www.notibras.com\/site\/#organization\"},\"image\":{\"@id\":\"https:\/\/www.notibras.com\/site\/bomba-pode-ser-literalmente-um-problema-pra-turma-do-enem\/#primaryimage\"},\"thumbnailUrl\":\"https:\/\/www.notibras.com\/site\/wp-content\/uploads\/2023\/11\/enem.vc_.webp\",\"keywords\":[\"capa\"],\"articleSection\":[\"Quadradinho em Foco\"],\"inLanguage\":\"pt-BR\"},{\"@type\":\"WebPage\",\"@id\":\"https:\/\/www.notibras.com\/site\/bomba-pode-ser-literalmente-um-problema-pra-turma-do-enem\/\",\"url\":\"https:\/\/www.notibras.com\/site\/bomba-pode-ser-literalmente-um-problema-pra-turma-do-enem\/\",\"name\":\"'Bomba' pode ser literalmente um problema pra turma do Enem - Notibras\",\"isPartOf\":{\"@id\":\"https:\/\/www.notibras.com\/site\/#website\"},\"primaryImageOfPage\":{\"@id\":\"https:\/\/www.notibras.com\/site\/bomba-pode-ser-literalmente-um-problema-pra-turma-do-enem\/#primaryimage\"},\"image\":{\"@id\":\"https:\/\/www.notibras.com\/site\/bomba-pode-ser-literalmente-um-problema-pra-turma-do-enem\/#primaryimage\"},\"thumbnailUrl\":\"https:\/\/www.notibras.com\/site\/wp-content\/uploads\/2023\/11\/enem.vc_.webp\",\"datePublished\":\"2023-11-05T09:05:32+00:00\",\"dateModified\":\"2023-11-05T10:48:34+00:00\",\"breadcrumb\":{\"@id\":\"https:\/\/www.notibras.com\/site\/bomba-pode-ser-literalmente-um-problema-pra-turma-do-enem\/#breadcrumb\"},\"inLanguage\":\"pt-BR\",\"potentialAction\":[{\"@type\":\"ReadAction\",\"target\":[\"https:\/\/www.notibras.com\/site\/bomba-pode-ser-literalmente-um-problema-pra-turma-do-enem\/\"]}]},{\"@type\":\"ImageObject\",\"inLanguage\":\"pt-BR\",\"@id\":\"https:\/\/www.notibras.com\/site\/bomba-pode-ser-literalmente-um-problema-pra-turma-do-enem\/#primaryimage\",\"url\":\"https:\/\/www.notibras.com\/site\/wp-content\/uploads\/2023\/11\/enem.vc_.webp\",\"contentUrl\":\"https:\/\/www.notibras.com\/site\/wp-content\/uploads\/2023\/11\/enem.vc_.webp\",\"width\":770,\"height\":513},{\"@type\":\"BreadcrumbList\",\"@id\":\"https:\/\/www.notibras.com\/site\/bomba-pode-ser-literalmente-um-problema-pra-turma-do-enem\/#breadcrumb\",\"itemListElement\":[{\"@type\":\"ListItem\",\"position\":1,\"name\":\"In\u00edcio\",\"item\":\"https:\/\/www.notibras.com\/site\/\"},{\"@type\":\"ListItem\",\"position\":2,\"name\":\"&#8216;Bomba&#8217; pode ser literalmente um problema pra turma do Enem\"}]},{\"@type\":\"WebSite\",\"@id\":\"https:\/\/www.notibras.com\/site\/#website\",\"url\":\"https:\/\/www.notibras.com\/site\/\",\"name\":\"Notibras\",\"description\":\"Not\u00edcias de Bras\u00edlia, do Brasil e do Mundo\",\"publisher\":{\"@id\":\"https:\/\/www.notibras.com\/site\/#organization\"},\"potentialAction\":[{\"@type\":\"SearchAction\",\"target\":{\"@type\":\"EntryPoint\",\"urlTemplate\":\"https:\/\/www.notibras.com\/site\/?s={search_term_string}\"},\"query-input\":{\"@type\":\"PropertyValueSpecification\",\"valueRequired\":true,\"valueName\":\"search_term_string\"}}],\"inLanguage\":\"pt-BR\"},{\"@type\":\"Organization\",\"@id\":\"https:\/\/www.notibras.com\/site\/#organization\",\"name\":\"Grupo Notibras de Comunica\u00e7\u00e3o\",\"url\":\"https:\/\/www.notibras.com\/site\/\",\"logo\":{\"@type\":\"ImageObject\",\"inLanguage\":\"pt-BR\",\"@id\":\"https:\/\/www.notibras.com\/site\/#\/schema\/logo\/image\/\",\"url\":\"https:\/\/www.notibras.com\/site\/wp-content\/uploads\/2023\/01\/notibras23.png\",\"contentUrl\":\"https:\/\/www.notibras.com\/site\/wp-content\/uploads\/2023\/01\/notibras23.png\",\"width\":350,\"height\":87,\"caption\":\"Grupo Notibras de Comunica\u00e7\u00e3o\"},\"image\":{\"@id\":\"https:\/\/www.notibras.com\/site\/#\/schema\/logo\/image\/\"},\"sameAs\":[\"https:\/\/www.facebook.com\/notibras\/\",\"https:\/\/x.com\/Notibras\",\"https:\/\/www.instagram.com\/notibras\/\"]},{\"@type\":\"Person\",\"@id\":\"https:\/\/www.notibras.com\/site\/#\/schema\/person\/36ab0979449956132d3e5b517ea76ac8\",\"name\":\"Reda\u00e7\u00e3o\",\"image\":{\"@type\":\"ImageObject\",\"inLanguage\":\"pt-BR\",\"@id\":\"https:\/\/secure.gravatar.com\/avatar\/e0a867bdedb85fd243eadf09663511f96fc81e0720a4a42581f334ad4303aa6b?s=96&d=mm&r=g\",\"url\":\"https:\/\/secure.gravatar.com\/avatar\/e0a867bdedb85fd243eadf09663511f96fc81e0720a4a42581f334ad4303aa6b?s=96&d=mm&r=g\",\"contentUrl\":\"https:\/\/secure.gravatar.com\/avatar\/e0a867bdedb85fd243eadf09663511f96fc81e0720a4a42581f334ad4303aa6b?s=96&d=mm&r=g\",\"caption\":\"Reda\u00e7\u00e3o\"}}]}<\/script>\n<!-- \/ Yoast SEO plugin. -->","yoast_head_json":{"title":"'Bomba' pode ser literalmente um problema pra turma do Enem - Notibras","robots":{"index":"index","follow":"follow","max-snippet":"max-snippet:-1","max-image-preview":"max-image-preview:large","max-video-preview":"max-video-preview:-1"},"canonical":"https:\/\/www.notibras.com\/site\/bomba-pode-ser-literalmente-um-problema-pra-turma-do-enem\/","og_locale":"pt_BR","og_type":"article","og_title":"'Bomba' pode ser literalmente um problema pra turma do Enem - Notibras","og_description":"Hyai, prima de Ia, \u00e9 uma amiga mais extrovertida. Professora, 39 anos, ela n\u00e3o tem papas na l\u00edngua. Quando pode, ajuda. Se entende que n\u00e3o tem como contribuir com nada, pode ter certeza de que n\u00e3o agir\u00e1 no sentido de prejudicar. No final da tarde dop s\u00e1bado, 4, ela chegou de surpresa para uma visita. [&hellip;]","og_url":"https:\/\/www.notibras.com\/site\/bomba-pode-ser-literalmente-um-problema-pra-turma-do-enem\/","og_site_name":"Notibras","article_publisher":"https:\/\/www.facebook.com\/notibras\/","article_published_time":"2023-11-05T09:05:32+00:00","article_modified_time":"2023-11-05T10:48:34+00:00","og_image":[{"width":770,"height":513,"url":"https:\/\/www.notibras.com\/site\/wp-content\/uploads\/2023\/11\/enem.vc_.webp","type":"image\/webp"}],"author":"Reda\u00e7\u00e3o","twitter_card":"summary_large_image","twitter_creator":"@Notibras","twitter_site":"@Notibras","twitter_misc":{"Escrito por":"Reda\u00e7\u00e3o","Est. tempo de leitura":"6 minutos"},"schema":{"@context":"https:\/\/schema.org","@graph":[{"@type":"Article","@id":"https:\/\/www.notibras.com\/site\/bomba-pode-ser-literalmente-um-problema-pra-turma-do-enem\/#article","isPartOf":{"@id":"https:\/\/www.notibras.com\/site\/bomba-pode-ser-literalmente-um-problema-pra-turma-do-enem\/"},"author":{"name":"Reda\u00e7\u00e3o","@id":"https:\/\/www.notibras.com\/site\/#\/schema\/person\/36ab0979449956132d3e5b517ea76ac8"},"headline":"&#8216;Bomba&#8217; pode ser literalmente um problema pra turma do Enem","datePublished":"2023-11-05T09:05:32+00:00","dateModified":"2023-11-05T10:48:34+00:00","mainEntityOfPage":{"@id":"https:\/\/www.notibras.com\/site\/bomba-pode-ser-literalmente-um-problema-pra-turma-do-enem\/"},"wordCount":1092,"publisher":{"@id":"https:\/\/www.notibras.com\/site\/#organization"},"image":{"@id":"https:\/\/www.notibras.com\/site\/bomba-pode-ser-literalmente-um-problema-pra-turma-do-enem\/#primaryimage"},"thumbnailUrl":"https:\/\/www.notibras.com\/site\/wp-content\/uploads\/2023\/11\/enem.vc_.webp","keywords":["capa"],"articleSection":["Quadradinho em Foco"],"inLanguage":"pt-BR"},{"@type":"WebPage","@id":"https:\/\/www.notibras.com\/site\/bomba-pode-ser-literalmente-um-problema-pra-turma-do-enem\/","url":"https:\/\/www.notibras.com\/site\/bomba-pode-ser-literalmente-um-problema-pra-turma-do-enem\/","name":"'Bomba' pode ser literalmente um problema pra turma do Enem - Notibras","isPartOf":{"@id":"https:\/\/www.notibras.com\/site\/#website"},"primaryImageOfPage":{"@id":"https:\/\/www.notibras.com\/site\/bomba-pode-ser-literalmente-um-problema-pra-turma-do-enem\/#primaryimage"},"image":{"@id":"https:\/\/www.notibras.com\/site\/bomba-pode-ser-literalmente-um-problema-pra-turma-do-enem\/#primaryimage"},"thumbnailUrl":"https:\/\/www.notibras.com\/site\/wp-content\/uploads\/2023\/11\/enem.vc_.webp","datePublished":"2023-11-05T09:05:32+00:00","dateModified":"2023-11-05T10:48:34+00:00","breadcrumb":{"@id":"https:\/\/www.notibras.com\/site\/bomba-pode-ser-literalmente-um-problema-pra-turma-do-enem\/#breadcrumb"},"inLanguage":"pt-BR","potentialAction":[{"@type":"ReadAction","target":["https:\/\/www.notibras.com\/site\/bomba-pode-ser-literalmente-um-problema-pra-turma-do-enem\/"]}]},{"@type":"ImageObject","inLanguage":"pt-BR","@id":"https:\/\/www.notibras.com\/site\/bomba-pode-ser-literalmente-um-problema-pra-turma-do-enem\/#primaryimage","url":"https:\/\/www.notibras.com\/site\/wp-content\/uploads\/2023\/11\/enem.vc_.webp","contentUrl":"https:\/\/www.notibras.com\/site\/wp-content\/uploads\/2023\/11\/enem.vc_.webp","width":770,"height":513},{"@type":"BreadcrumbList","@id":"https:\/\/www.notibras.com\/site\/bomba-pode-ser-literalmente-um-problema-pra-turma-do-enem\/#breadcrumb","itemListElement":[{"@type":"ListItem","position":1,"name":"In\u00edcio","item":"https:\/\/www.notibras.com\/site\/"},{"@type":"ListItem","position":2,"name":"&#8216;Bomba&#8217; pode ser literalmente um problema pra turma do Enem"}]},{"@type":"WebSite","@id":"https:\/\/www.notibras.com\/site\/#website","url":"https:\/\/www.notibras.com\/site\/","name":"Notibras","description":"Not\u00edcias de Bras\u00edlia, do Brasil e do Mundo","publisher":{"@id":"https:\/\/www.notibras.com\/site\/#organization"},"potentialAction":[{"@type":"SearchAction","target":{"@type":"EntryPoint","urlTemplate":"https:\/\/www.notibras.com\/site\/?s={search_term_string}"},"query-input":{"@type":"PropertyValueSpecification","valueRequired":true,"valueName":"search_term_string"}}],"inLanguage":"pt-BR"},{"@type":"Organization","@id":"https:\/\/www.notibras.com\/site\/#organization","name":"Grupo Notibras de Comunica\u00e7\u00e3o","url":"https:\/\/www.notibras.com\/site\/","logo":{"@type":"ImageObject","inLanguage":"pt-BR","@id":"https:\/\/www.notibras.com\/site\/#\/schema\/logo\/image\/","url":"https:\/\/www.notibras.com\/site\/wp-content\/uploads\/2023\/01\/notibras23.png","contentUrl":"https:\/\/www.notibras.com\/site\/wp-content\/uploads\/2023\/01\/notibras23.png","width":350,"height":87,"caption":"Grupo Notibras de Comunica\u00e7\u00e3o"},"image":{"@id":"https:\/\/www.notibras.com\/site\/#\/schema\/logo\/image\/"},"sameAs":["https:\/\/www.facebook.com\/notibras\/","https:\/\/x.com\/Notibras","https:\/\/www.instagram.com\/notibras\/"]},{"@type":"Person","@id":"https:\/\/www.notibras.com\/site\/#\/schema\/person\/36ab0979449956132d3e5b517ea76ac8","name":"Reda\u00e7\u00e3o","image":{"@type":"ImageObject","inLanguage":"pt-BR","@id":"https:\/\/secure.gravatar.com\/avatar\/e0a867bdedb85fd243eadf09663511f96fc81e0720a4a42581f334ad4303aa6b?s=96&d=mm&r=g","url":"https:\/\/secure.gravatar.com\/avatar\/e0a867bdedb85fd243eadf09663511f96fc81e0720a4a42581f334ad4303aa6b?s=96&d=mm&r=g","contentUrl":"https:\/\/secure.gravatar.com\/avatar\/e0a867bdedb85fd243eadf09663511f96fc81e0720a4a42581f334ad4303aa6b?s=96&d=mm&r=g","caption":"Reda\u00e7\u00e3o"}}]}},"amp_enabled":true,"_links":{"self":[{"href":"https:\/\/www.notibras.com\/site\/wp-json\/wp\/v2\/posts\/316153","targetHints":{"allow":["GET"]}}],"collection":[{"href":"https:\/\/www.notibras.com\/site\/wp-json\/wp\/v2\/posts"}],"about":[{"href":"https:\/\/www.notibras.com\/site\/wp-json\/wp\/v2\/types\/post"}],"author":[{"embeddable":true,"href":"https:\/\/www.notibras.com\/site\/wp-json\/wp\/v2\/users\/2"}],"replies":[{"embeddable":true,"href":"https:\/\/www.notibras.com\/site\/wp-json\/wp\/v2\/comments?post=316153"}],"version-history":[{"count":3,"href":"https:\/\/www.notibras.com\/site\/wp-json\/wp\/v2\/posts\/316153\/revisions"}],"predecessor-version":[{"id":316157,"href":"https:\/\/www.notibras.com\/site\/wp-json\/wp\/v2\/posts\/316153\/revisions\/316157"}],"wp:featuredmedia":[{"embeddable":true,"href":"https:\/\/www.notibras.com\/site\/wp-json\/wp\/v2\/media\/316154"}],"wp:attachment":[{"href":"https:\/\/www.notibras.com\/site\/wp-json\/wp\/v2\/media?parent=316153"}],"wp:term":[{"taxonomy":"category","embeddable":true,"href":"https:\/\/www.notibras.com\/site\/wp-json\/wp\/v2\/categories?post=316153"},{"taxonomy":"post_tag","embeddable":true,"href":"https:\/\/www.notibras.com\/site\/wp-json\/wp\/v2\/tags?post=316153"}],"curies":[{"name":"wp","href":"https:\/\/api.w.org\/{rel}","templated":true}]}}