{"id":316170,"date":"2023-11-05T08:02:17","date_gmt":"2023-11-05T11:02:17","guid":{"rendered":"https:\/\/www.notibras.com\/site\/?p=316170"},"modified":"2023-11-05T08:00:13","modified_gmt":"2023-11-05T11:00:13","slug":"briga-na-cozinha-de-barco-acaba-em-fuga-no-metro","status":"publish","type":"post","link":"https:\/\/www.notibras.com\/site\/briga-na-cozinha-de-barco-acaba-em-fuga-no-metro\/","title":{"rendered":"Briga na cozinha de barco acaba em fuga no metr\u00f4"},"content":{"rendered":"<p>N\u00e3o sei se voc\u00ea sabe, mas o meu grande amigo Almeidinha j\u00e1 passou um tempo em Londres, onde fazia parte da tripula\u00e7\u00e3o de um barco de turismo no famoso rio T\u00e2misa. Ele ajudava na cozinha e servia os clientes \u00e0 bordo. Corria para c\u00e1, corria para l\u00e1, atendia a todos os pedidos com at\u00e9 certa gentiliza, levando-se em conta o seu temperamento nem sempre t\u00e3o polido. Mas como estava na Inglaterra, isso poderia at\u00e9 passar despercebido, pois todos poderiam supor que aquele era o jeito da popula\u00e7\u00e3o local.<\/p>\n<p>Mas eis que um dia o Almeidinha, praticamente um ingl\u00eas na pontualidade, chegou atrasado. O encarregado disse para ele e outro funcion\u00e1rio, um enorme senegal\u00eas que tamb\u00e9m havia chegado mais tarde, lavarem a lou\u00e7a da viagem anterior. O meu amigo, que n\u00e3o \u00e9 de muita conversa, foi logo pegando uma esponja e o sab\u00e3o e, em seguida, come\u00e7ou a cumprir a tarefa recebida. J\u00e1 o seu companheiro de labuta se sentou na bancada logo atr\u00e1s e come\u00e7ou a descascar uma banana calmamente. O Almeidinha olhou aquilo com certa raiva, mesmo porque os dois n\u00e3o se bicavam h\u00e1 tempos.<\/p>\n<p>Quase dez minutos se passaram, e l\u00e1 estava o meu amigo esfregando uma enorme panela cheia de restos de comida. Ele deu uma olhada para tr\u00e1s e viu o senegal\u00eas comendo outra fruta, desta vez uma ma\u00e7\u00e3. O Almeidinha, ainda com a panela e a esponja nas m\u00e3os, perguntou: &#8220;Ei, se voc\u00ea for ficar a\u00ed me olhando trabalhar, melhor ir l\u00e1 pra fora&#8221;. Nisso, o senegal\u00eas, que tinha quase dois metros de altura e um corpo digno de um fisiculturista, respondeu: &#8220;Estou na minha hora de folga&#8221;. Pra qu\u00ea?<\/p>\n<p>O Almeidinha, que \u00e9 at\u00e9 atarracado, mas n\u00e3o \u00e9 maior que eu, que n\u00e3o sou alto, jogou a enorme panela na dire\u00e7\u00e3o do senegal\u00eas. Este ainda conseguiu se desviar, mas uma com\u00e9dia pastel\u00e3o se instalou em plena cozinha, pois o Almeidinha, na \u00e2nsia de pular no pesco\u00e7o do colega de trabalho, escorregou e caiu de bunda no ch\u00e3o. E, antes que uma trag\u00e9dia maior acontecesse naquele ambiente cheio de facas, eis que o encarregado apareceu e p\u00f4s fim \u00e0quela contenda.<\/p>\n<p>O chefe perguntou que bagun\u00e7a era aquela, e o meu amigo explicou o ocorrido, j\u00e1 se pondo \u00e0 disposi\u00e7\u00e3o para ser despedido. Todavia, para surpresa do Almeidinha, o senegal\u00eas \u00e9 que foi mandado embora. Tudo parecia resolvido, at\u00e9 que o enorme africano olhou para o meu amigo e, com o indicador de uma das m\u00e3os, passou no pr\u00f3prio pesco\u00e7o e disse: &#8220;Eu vou te matar!&#8221; Logicamente, o Almeidinha se tremeu todo de medo, pois percebeu que o seu temperamento de pinscher miniatura havia arrumado confus\u00e3o justamente com o pit bull do local. Ali\u00e1s, um pit bull com o tamanho de um fila.<\/p>\n<p>Seja como for, o senegal\u00eas, que havia sido despedido, foi embora mais cedo, o que foi at\u00e9 um al\u00edvio para o Almeidinha. No entanto, assim que chegou a sua hora de tamb\u00e9m ir para o lar, doce lar, o meu amigo percebeu que, do outro lado da linha do metr\u00f4 que ele pegava, l\u00e1 estava aquela montanha de m\u00fasculos esperando por ele.<\/p>\n<p>O meu amigo, antes do senegal\u00eas dar a volta na esta\u00e7\u00e3o do metr\u00f4, entrou em uma linha, que nem era a sua, simplesmente para n\u00e3o tomar uma surra daquelas. E, ao entrar no vag\u00e3o, para a sua sorte, encontrou um local vazio. Infelizmente, logo percebeu, pela umidade do fundilho da sua cal\u00e7a, que precisava aprender a controlar seu temperamento impetuoso.<\/p>\n","protected":false},"excerpt":{"rendered":"<p>N\u00e3o sei se voc\u00ea sabe, mas o meu grande amigo Almeidinha j\u00e1 passou um tempo em Londres, onde fazia parte da tripula\u00e7\u00e3o de um barco de turismo no famoso rio T\u00e2misa. Ele ajudava na cozinha e servia os clientes \u00e0 bordo. Corria para c\u00e1, corria para l\u00e1, atendia a todos os pedidos com at\u00e9 certa [&hellip;]<\/p>\n","protected":false},"author":2,"featured_media":316171,"comment_status":"closed","ping_status":"closed","sticky":false,"template":"","format":"standard","meta":{"_acf_changed":false,"footnotes":""},"categories":[161],"tags":[],"class_list":["post-316170","post","type-post","status-publish","format-standard","has-post-thumbnail","hentry","category-quadradinho-em-foco"],"acf":[],"yoast_head":"<!-- This site is optimized with the Yoast SEO plugin v27.2 - https:\/\/yoast.com\/product\/yoast-seo-wordpress\/ -->\n<title>Briga na cozinha de barco acaba em fuga no metr\u00f4 - Notibras<\/title>\n<meta name=\"robots\" content=\"index, follow, max-snippet:-1, max-image-preview:large, max-video-preview:-1\" \/>\n<link rel=\"canonical\" href=\"https:\/\/www.notibras.com\/site\/briga-na-cozinha-de-barco-acaba-em-fuga-no-metro\/\" \/>\n<meta property=\"og:locale\" content=\"pt_BR\" \/>\n<meta property=\"og:type\" content=\"article\" \/>\n<meta property=\"og:title\" content=\"Briga na cozinha de barco acaba em fuga no metr\u00f4 - Notibras\" \/>\n<meta property=\"og:description\" content=\"N\u00e3o sei se voc\u00ea sabe, mas o meu grande amigo Almeidinha j\u00e1 passou um tempo em Londres, onde fazia parte da tripula\u00e7\u00e3o de um barco de turismo no famoso rio T\u00e2misa. Ele ajudava na cozinha e servia os clientes \u00e0 bordo. Corria para c\u00e1, corria para l\u00e1, atendia a todos os pedidos com at\u00e9 certa [&hellip;]\" \/>\n<meta property=\"og:url\" content=\"https:\/\/www.notibras.com\/site\/briga-na-cozinha-de-barco-acaba-em-fuga-no-metro\/\" \/>\n<meta property=\"og:site_name\" content=\"Notibras\" \/>\n<meta property=\"article:publisher\" content=\"https:\/\/www.facebook.com\/notibras\/\" \/>\n<meta property=\"article:published_time\" content=\"2023-11-05T11:02:17+00:00\" \/>\n<meta property=\"og:image\" content=\"https:\/\/www.notibras.com\/site\/wp-content\/uploads\/2023\/11\/metro.londres.webp\" \/>\n\t<meta property=\"og:image:width\" content=\"650\" \/>\n\t<meta property=\"og:image:height\" content=\"442\" \/>\n\t<meta property=\"og:image:type\" content=\"image\/webp\" \/>\n<meta name=\"author\" content=\"Reda\u00e7\u00e3o\" \/>\n<meta name=\"twitter:card\" content=\"summary_large_image\" \/>\n<meta name=\"twitter:creator\" content=\"@Notibras\" \/>\n<meta name=\"twitter:site\" content=\"@Notibras\" \/>\n<meta name=\"twitter:label1\" content=\"Escrito por\" \/>\n\t<meta name=\"twitter:data1\" content=\"Reda\u00e7\u00e3o\" \/>\n\t<meta name=\"twitter:label2\" content=\"Est. tempo de leitura\" \/>\n\t<meta name=\"twitter:data2\" content=\"4 minutos\" \/>\n<script type=\"application\/ld+json\" class=\"yoast-schema-graph\">{\"@context\":\"https:\/\/schema.org\",\"@graph\":[{\"@type\":\"Article\",\"@id\":\"https:\/\/www.notibras.com\/site\/briga-na-cozinha-de-barco-acaba-em-fuga-no-metro\/#article\",\"isPartOf\":{\"@id\":\"https:\/\/www.notibras.com\/site\/briga-na-cozinha-de-barco-acaba-em-fuga-no-metro\/\"},\"author\":{\"name\":\"Reda\u00e7\u00e3o\",\"@id\":\"https:\/\/www.notibras.com\/site\/#\/schema\/person\/36ab0979449956132d3e5b517ea76ac8\"},\"headline\":\"Briga na cozinha de barco acaba em fuga no metr\u00f4\",\"datePublished\":\"2023-11-05T11:02:17+00:00\",\"mainEntityOfPage\":{\"@id\":\"https:\/\/www.notibras.com\/site\/briga-na-cozinha-de-barco-acaba-em-fuga-no-metro\/\"},\"wordCount\":630,\"publisher\":{\"@id\":\"https:\/\/www.notibras.com\/site\/#organization\"},\"image\":{\"@id\":\"https:\/\/www.notibras.com\/site\/briga-na-cozinha-de-barco-acaba-em-fuga-no-metro\/#primaryimage\"},\"thumbnailUrl\":\"https:\/\/www.notibras.com\/site\/wp-content\/uploads\/2023\/11\/metro.londres.webp\",\"articleSection\":[\"Quadradinho em Foco\"],\"inLanguage\":\"pt-BR\"},{\"@type\":\"WebPage\",\"@id\":\"https:\/\/www.notibras.com\/site\/briga-na-cozinha-de-barco-acaba-em-fuga-no-metro\/\",\"url\":\"https:\/\/www.notibras.com\/site\/briga-na-cozinha-de-barco-acaba-em-fuga-no-metro\/\",\"name\":\"Briga na cozinha de barco acaba em fuga no metr\u00f4 - Notibras\",\"isPartOf\":{\"@id\":\"https:\/\/www.notibras.com\/site\/#website\"},\"primaryImageOfPage\":{\"@id\":\"https:\/\/www.notibras.com\/site\/briga-na-cozinha-de-barco-acaba-em-fuga-no-metro\/#primaryimage\"},\"image\":{\"@id\":\"https:\/\/www.notibras.com\/site\/briga-na-cozinha-de-barco-acaba-em-fuga-no-metro\/#primaryimage\"},\"thumbnailUrl\":\"https:\/\/www.notibras.com\/site\/wp-content\/uploads\/2023\/11\/metro.londres.webp\",\"datePublished\":\"2023-11-05T11:02:17+00:00\",\"breadcrumb\":{\"@id\":\"https:\/\/www.notibras.com\/site\/briga-na-cozinha-de-barco-acaba-em-fuga-no-metro\/#breadcrumb\"},\"inLanguage\":\"pt-BR\",\"potentialAction\":[{\"@type\":\"ReadAction\",\"target\":[\"https:\/\/www.notibras.com\/site\/briga-na-cozinha-de-barco-acaba-em-fuga-no-metro\/\"]}]},{\"@type\":\"ImageObject\",\"inLanguage\":\"pt-BR\",\"@id\":\"https:\/\/www.notibras.com\/site\/briga-na-cozinha-de-barco-acaba-em-fuga-no-metro\/#primaryimage\",\"url\":\"https:\/\/www.notibras.com\/site\/wp-content\/uploads\/2023\/11\/metro.londres.webp\",\"contentUrl\":\"https:\/\/www.notibras.com\/site\/wp-content\/uploads\/2023\/11\/metro.londres.webp\",\"width\":650,\"height\":442},{\"@type\":\"BreadcrumbList\",\"@id\":\"https:\/\/www.notibras.com\/site\/briga-na-cozinha-de-barco-acaba-em-fuga-no-metro\/#breadcrumb\",\"itemListElement\":[{\"@type\":\"ListItem\",\"position\":1,\"name\":\"In\u00edcio\",\"item\":\"https:\/\/www.notibras.com\/site\/\"},{\"@type\":\"ListItem\",\"position\":2,\"name\":\"Briga na cozinha de barco acaba em fuga no metr\u00f4\"}]},{\"@type\":\"WebSite\",\"@id\":\"https:\/\/www.notibras.com\/site\/#website\",\"url\":\"https:\/\/www.notibras.com\/site\/\",\"name\":\"Notibras\",\"description\":\"Not\u00edcias de Bras\u00edlia, do Brasil e do Mundo\",\"publisher\":{\"@id\":\"https:\/\/www.notibras.com\/site\/#organization\"},\"potentialAction\":[{\"@type\":\"SearchAction\",\"target\":{\"@type\":\"EntryPoint\",\"urlTemplate\":\"https:\/\/www.notibras.com\/site\/?s={search_term_string}\"},\"query-input\":{\"@type\":\"PropertyValueSpecification\",\"valueRequired\":true,\"valueName\":\"search_term_string\"}}],\"inLanguage\":\"pt-BR\"},{\"@type\":\"Organization\",\"@id\":\"https:\/\/www.notibras.com\/site\/#organization\",\"name\":\"Grupo Notibras de Comunica\u00e7\u00e3o\",\"url\":\"https:\/\/www.notibras.com\/site\/\",\"logo\":{\"@type\":\"ImageObject\",\"inLanguage\":\"pt-BR\",\"@id\":\"https:\/\/www.notibras.com\/site\/#\/schema\/logo\/image\/\",\"url\":\"https:\/\/www.notibras.com\/site\/wp-content\/uploads\/2023\/01\/notibras23.png\",\"contentUrl\":\"https:\/\/www.notibras.com\/site\/wp-content\/uploads\/2023\/01\/notibras23.png\",\"width\":350,\"height\":87,\"caption\":\"Grupo Notibras de Comunica\u00e7\u00e3o\"},\"image\":{\"@id\":\"https:\/\/www.notibras.com\/site\/#\/schema\/logo\/image\/\"},\"sameAs\":[\"https:\/\/www.facebook.com\/notibras\/\",\"https:\/\/x.com\/Notibras\",\"https:\/\/www.instagram.com\/notibras\/\"]},{\"@type\":\"Person\",\"@id\":\"https:\/\/www.notibras.com\/site\/#\/schema\/person\/36ab0979449956132d3e5b517ea76ac8\",\"name\":\"Reda\u00e7\u00e3o\",\"image\":{\"@type\":\"ImageObject\",\"inLanguage\":\"pt-BR\",\"@id\":\"https:\/\/secure.gravatar.com\/avatar\/e0a867bdedb85fd243eadf09663511f96fc81e0720a4a42581f334ad4303aa6b?s=96&d=mm&r=g\",\"url\":\"https:\/\/secure.gravatar.com\/avatar\/e0a867bdedb85fd243eadf09663511f96fc81e0720a4a42581f334ad4303aa6b?s=96&d=mm&r=g\",\"contentUrl\":\"https:\/\/secure.gravatar.com\/avatar\/e0a867bdedb85fd243eadf09663511f96fc81e0720a4a42581f334ad4303aa6b?s=96&d=mm&r=g\",\"caption\":\"Reda\u00e7\u00e3o\"}}]}<\/script>\n<!-- \/ Yoast SEO plugin. -->","yoast_head_json":{"title":"Briga na cozinha de barco acaba em fuga no metr\u00f4 - Notibras","robots":{"index":"index","follow":"follow","max-snippet":"max-snippet:-1","max-image-preview":"max-image-preview:large","max-video-preview":"max-video-preview:-1"},"canonical":"https:\/\/www.notibras.com\/site\/briga-na-cozinha-de-barco-acaba-em-fuga-no-metro\/","og_locale":"pt_BR","og_type":"article","og_title":"Briga na cozinha de barco acaba em fuga no metr\u00f4 - Notibras","og_description":"N\u00e3o sei se voc\u00ea sabe, mas o meu grande amigo Almeidinha j\u00e1 passou um tempo em Londres, onde fazia parte da tripula\u00e7\u00e3o de um barco de turismo no famoso rio T\u00e2misa. Ele ajudava na cozinha e servia os clientes \u00e0 bordo. Corria para c\u00e1, corria para l\u00e1, atendia a todos os pedidos com at\u00e9 certa [&hellip;]","og_url":"https:\/\/www.notibras.com\/site\/briga-na-cozinha-de-barco-acaba-em-fuga-no-metro\/","og_site_name":"Notibras","article_publisher":"https:\/\/www.facebook.com\/notibras\/","article_published_time":"2023-11-05T11:02:17+00:00","og_image":[{"width":650,"height":442,"url":"https:\/\/www.notibras.com\/site\/wp-content\/uploads\/2023\/11\/metro.londres.webp","type":"image\/webp"}],"author":"Reda\u00e7\u00e3o","twitter_card":"summary_large_image","twitter_creator":"@Notibras","twitter_site":"@Notibras","twitter_misc":{"Escrito por":"Reda\u00e7\u00e3o","Est. tempo de leitura":"4 minutos"},"schema":{"@context":"https:\/\/schema.org","@graph":[{"@type":"Article","@id":"https:\/\/www.notibras.com\/site\/briga-na-cozinha-de-barco-acaba-em-fuga-no-metro\/#article","isPartOf":{"@id":"https:\/\/www.notibras.com\/site\/briga-na-cozinha-de-barco-acaba-em-fuga-no-metro\/"},"author":{"name":"Reda\u00e7\u00e3o","@id":"https:\/\/www.notibras.com\/site\/#\/schema\/person\/36ab0979449956132d3e5b517ea76ac8"},"headline":"Briga na cozinha de barco acaba em fuga no metr\u00f4","datePublished":"2023-11-05T11:02:17+00:00","mainEntityOfPage":{"@id":"https:\/\/www.notibras.com\/site\/briga-na-cozinha-de-barco-acaba-em-fuga-no-metro\/"},"wordCount":630,"publisher":{"@id":"https:\/\/www.notibras.com\/site\/#organization"},"image":{"@id":"https:\/\/www.notibras.com\/site\/briga-na-cozinha-de-barco-acaba-em-fuga-no-metro\/#primaryimage"},"thumbnailUrl":"https:\/\/www.notibras.com\/site\/wp-content\/uploads\/2023\/11\/metro.londres.webp","articleSection":["Quadradinho em Foco"],"inLanguage":"pt-BR"},{"@type":"WebPage","@id":"https:\/\/www.notibras.com\/site\/briga-na-cozinha-de-barco-acaba-em-fuga-no-metro\/","url":"https:\/\/www.notibras.com\/site\/briga-na-cozinha-de-barco-acaba-em-fuga-no-metro\/","name":"Briga na cozinha de barco acaba em fuga no metr\u00f4 - Notibras","isPartOf":{"@id":"https:\/\/www.notibras.com\/site\/#website"},"primaryImageOfPage":{"@id":"https:\/\/www.notibras.com\/site\/briga-na-cozinha-de-barco-acaba-em-fuga-no-metro\/#primaryimage"},"image":{"@id":"https:\/\/www.notibras.com\/site\/briga-na-cozinha-de-barco-acaba-em-fuga-no-metro\/#primaryimage"},"thumbnailUrl":"https:\/\/www.notibras.com\/site\/wp-content\/uploads\/2023\/11\/metro.londres.webp","datePublished":"2023-11-05T11:02:17+00:00","breadcrumb":{"@id":"https:\/\/www.notibras.com\/site\/briga-na-cozinha-de-barco-acaba-em-fuga-no-metro\/#breadcrumb"},"inLanguage":"pt-BR","potentialAction":[{"@type":"ReadAction","target":["https:\/\/www.notibras.com\/site\/briga-na-cozinha-de-barco-acaba-em-fuga-no-metro\/"]}]},{"@type":"ImageObject","inLanguage":"pt-BR","@id":"https:\/\/www.notibras.com\/site\/briga-na-cozinha-de-barco-acaba-em-fuga-no-metro\/#primaryimage","url":"https:\/\/www.notibras.com\/site\/wp-content\/uploads\/2023\/11\/metro.londres.webp","contentUrl":"https:\/\/www.notibras.com\/site\/wp-content\/uploads\/2023\/11\/metro.londres.webp","width":650,"height":442},{"@type":"BreadcrumbList","@id":"https:\/\/www.notibras.com\/site\/briga-na-cozinha-de-barco-acaba-em-fuga-no-metro\/#breadcrumb","itemListElement":[{"@type":"ListItem","position":1,"name":"In\u00edcio","item":"https:\/\/www.notibras.com\/site\/"},{"@type":"ListItem","position":2,"name":"Briga na cozinha de barco acaba em fuga no metr\u00f4"}]},{"@type":"WebSite","@id":"https:\/\/www.notibras.com\/site\/#website","url":"https:\/\/www.notibras.com\/site\/","name":"Notibras","description":"Not\u00edcias de Bras\u00edlia, do Brasil e do Mundo","publisher":{"@id":"https:\/\/www.notibras.com\/site\/#organization"},"potentialAction":[{"@type":"SearchAction","target":{"@type":"EntryPoint","urlTemplate":"https:\/\/www.notibras.com\/site\/?s={search_term_string}"},"query-input":{"@type":"PropertyValueSpecification","valueRequired":true,"valueName":"search_term_string"}}],"inLanguage":"pt-BR"},{"@type":"Organization","@id":"https:\/\/www.notibras.com\/site\/#organization","name":"Grupo Notibras de Comunica\u00e7\u00e3o","url":"https:\/\/www.notibras.com\/site\/","logo":{"@type":"ImageObject","inLanguage":"pt-BR","@id":"https:\/\/www.notibras.com\/site\/#\/schema\/logo\/image\/","url":"https:\/\/www.notibras.com\/site\/wp-content\/uploads\/2023\/01\/notibras23.png","contentUrl":"https:\/\/www.notibras.com\/site\/wp-content\/uploads\/2023\/01\/notibras23.png","width":350,"height":87,"caption":"Grupo Notibras de Comunica\u00e7\u00e3o"},"image":{"@id":"https:\/\/www.notibras.com\/site\/#\/schema\/logo\/image\/"},"sameAs":["https:\/\/www.facebook.com\/notibras\/","https:\/\/x.com\/Notibras","https:\/\/www.instagram.com\/notibras\/"]},{"@type":"Person","@id":"https:\/\/www.notibras.com\/site\/#\/schema\/person\/36ab0979449956132d3e5b517ea76ac8","name":"Reda\u00e7\u00e3o","image":{"@type":"ImageObject","inLanguage":"pt-BR","@id":"https:\/\/secure.gravatar.com\/avatar\/e0a867bdedb85fd243eadf09663511f96fc81e0720a4a42581f334ad4303aa6b?s=96&d=mm&r=g","url":"https:\/\/secure.gravatar.com\/avatar\/e0a867bdedb85fd243eadf09663511f96fc81e0720a4a42581f334ad4303aa6b?s=96&d=mm&r=g","contentUrl":"https:\/\/secure.gravatar.com\/avatar\/e0a867bdedb85fd243eadf09663511f96fc81e0720a4a42581f334ad4303aa6b?s=96&d=mm&r=g","caption":"Reda\u00e7\u00e3o"}}]}},"amp_enabled":true,"_links":{"self":[{"href":"https:\/\/www.notibras.com\/site\/wp-json\/wp\/v2\/posts\/316170","targetHints":{"allow":["GET"]}}],"collection":[{"href":"https:\/\/www.notibras.com\/site\/wp-json\/wp\/v2\/posts"}],"about":[{"href":"https:\/\/www.notibras.com\/site\/wp-json\/wp\/v2\/types\/post"}],"author":[{"embeddable":true,"href":"https:\/\/www.notibras.com\/site\/wp-json\/wp\/v2\/users\/2"}],"replies":[{"embeddable":true,"href":"https:\/\/www.notibras.com\/site\/wp-json\/wp\/v2\/comments?post=316170"}],"version-history":[{"count":1,"href":"https:\/\/www.notibras.com\/site\/wp-json\/wp\/v2\/posts\/316170\/revisions"}],"predecessor-version":[{"id":316172,"href":"https:\/\/www.notibras.com\/site\/wp-json\/wp\/v2\/posts\/316170\/revisions\/316172"}],"wp:featuredmedia":[{"embeddable":true,"href":"https:\/\/www.notibras.com\/site\/wp-json\/wp\/v2\/media\/316171"}],"wp:attachment":[{"href":"https:\/\/www.notibras.com\/site\/wp-json\/wp\/v2\/media?parent=316170"}],"wp:term":[{"taxonomy":"category","embeddable":true,"href":"https:\/\/www.notibras.com\/site\/wp-json\/wp\/v2\/categories?post=316170"},{"taxonomy":"post_tag","embeddable":true,"href":"https:\/\/www.notibras.com\/site\/wp-json\/wp\/v2\/tags?post=316170"}],"curies":[{"name":"wp","href":"https:\/\/api.w.org\/{rel}","templated":true}]}}